{"id":55790,"date":"2020-05-12T00:11:28","date_gmt":"2020-05-12T00:11:28","guid":{"rendered":"https:\/\/www.ucaldas.edu.co\/portal\/?p=55790"},"modified":"2020-05-12T00:11:28","modified_gmt":"2020-05-12T00:11:28","slug":"decisiones-acciones-propuestas-y-retos-de-la-administracion-de-cara-a-la-emergencia-sanitaria-derivada-del-covid-19","status":"publish","type":"post","link":"https:\/\/www.ucaldas.edu.co\/portal\/decisiones-acciones-propuestas-y-retos-de-la-administracion-de-cara-a-la-emergencia-sanitaria-derivada-del-covid-19\/","title":{"rendered":"Decisiones, \u00a0acciones, propuestas y retos de la administraci\u00f3n de cara a la emergencia sanitaria derivada del Covid- 19."},"content":{"rendered":"<p style=\"text-align: center;\">A TRAV\u00c9S DE YOUTUBE A LAS 4:00 P.M.<\/p>\n<p style=\"text-align: center;\"><strong><b>Decisiones, \u00a0acciones, propuestas y retos de la administraci\u00f3n de cara <\/b><\/strong><\/p>\n<p style=\"text-align: center;\"><strong><b>a la emergencia sanitaria derivada del Covid- 19.<\/b><\/strong><\/p>\n<p style=\"text-align: right;\">11\/05\/2020<\/p>\n<p><img loading=\"lazy\" decoding=\"async\" class=\"alignnone size-full wp-image-55791\" src=\"https:\/\/www.ucaldas.edu.co\/portal\/wp-content\/uploads\/2020\/05\/YouTubeMartes-1.jpg\" alt=\"\" width=\"1280\" height=\"732\" srcset=\"https:\/\/www.ucaldas.edu.co\/portal\/wp-content\/uploads\/2020\/05\/YouTubeMartes-1.jpg 1280w, https:\/\/www.ucaldas.edu.co\/portal\/wp-content\/uploads\/2020\/05\/YouTubeMartes-1-300x172.jpg 300w, https:\/\/www.ucaldas.edu.co\/portal\/wp-content\/uploads\/2020\/05\/YouTubeMartes-1-768x439.jpg 768w, https:\/\/www.ucaldas.edu.co\/portal\/wp-content\/uploads\/2020\/05\/YouTubeMartes-1-1024x586.jpg 1024w\" sizes=\"auto, (max-width: 1280px) 100vw, 1280px\" \/><\/p>\n<p>Este \u00a0martes 12 de mayo a partir de las 4:00 p.m. \u00a0el rector de la Universidad de Caldas Alejandro Ceballos M\u00e1rquez, presentar\u00e1 a los diferentes estamentos \u00a0de la instituci\u00f3n \u00a0y a la ciudadan\u00eda en \u00a0general, \u00a0un informe detallado de gesti\u00f3n frente a decisiones, \u00a0acciones, propuestas y retos de la administraci\u00f3n de cara a la emergencia sanitaria derivada del Covid- 19.<\/p>\n<p><!--more--><\/p>\n<p>La actividad que se desarrollar\u00e1 a trav\u00e9s del canal oficial de la Universidad de Caldas en el sitio web de Youtube contar\u00e1 con la participaci\u00f3n de los Vicerrectores Administrativo, Acad\u00e9mico, Investigaciones y de Proyecci\u00f3n adem\u00e1s del Secretario General, la Jefe de la Oficina Asesora de Planeaci\u00f3n y Sistemas, las jefes de las \u00e1reas de Bienestar Universitario, Gesti\u00f3n Humana y Registro Acad\u00e9mico.<\/p>\n<p>Durante la transmisi\u00f3n se podr\u00e1n resolver inquietudes, hacer preguntas e interactuar con los participantes \u00a0que se conecten a la plataforma.<\/p>\n<p>\u00danase a la transmisi\u00f3n <a href=\"https:\/\/www.youtube.com\/watch?v=hm31jviS8AE&amp;feature=youtu.be\"><strong><u><b>aqu\u00ed<\/b><\/u><\/strong><\/a><\/p>\n<p><strong><b>Anexo:<\/b><\/strong><\/p>\n<p><a href=\"https:\/\/co.ivoox.com\/es\/rector-u-caldas-presenta-informe-a-traves-audios-mp3_rf_50941759_1.html\"><strong><u><b>Audio rector \u00a0Universidad de Caldas Alejandro Ceballos M\u00e1rquez<\/b><\/u><\/strong><\/a><\/p>\n<p>&nbsp;<\/p>\n<p><strong><b>Informes:<\/b><\/strong>\u00a0Oficina de Prensa de la Universidad de Caldas<\/p>\n<p><strong><b>Redacci\u00f3n:<\/b><\/strong>\u00a0Adriana Salazar Villegas<\/p>\n<p>&nbsp;<\/p>\n","protected":false},"excerpt":{"rendered":"<p>A TRAV\u00c9S DE YOUTUBE A LAS 4:00 P.M. Decisiones, \u00a0acciones, propuestas y retos de la administraci\u00f3n de cara a la emergencia sanitaria derivada del Covid- 19. 11\/05\/2020 Este \u00a0martes 12 de mayo a partir de las 4:00 p.m. \u00a0el rector de la Universidad de Caldas Alejandro Ceballos M\u00e1rquez, presentar\u00e1 a los diferentes estamentos \u00a0de la [&hellip;]<\/p>\n","protected":false},"author":2,"featured_media":55791,"comment_status":"closed","ping_status":"open","sticky":false,"template":"","format":"standard","meta":{"footnotes":""},"categories":[53,48],"tags":[3237,4652,4750,1999],"class_list":["post-55790","post","type-post","status-publish","format-standard","has-post-thumbnail","hentry","category-universidad-al-dia","category-actualidad","tag-informacion-oficial","tag-covid-19","tag-youtube","tag-equipo-directivo"],"yoast_head":"<!-- This site is optimized with the Yoast SEO plugin v27.4 - https:\/\/yoast.com\/product\/yoast-seo-wordpress\/ -->\n<title>Decisiones, \u00a0acciones, propuestas y retos de la administraci\u00f3n de cara a la emergencia sanitaria derivada del Covid- 19. .<\/title>\n<meta name=\"robots\" content=\"index, follow, max-snippet:-1, max-image-preview:large, max-video-preview:-1\" \/>\n<link rel=\"canonical\" href=\"https:\/\/www.ucaldas.edu.co\/portal\/decisiones-acciones-propuestas-y-retos-de-la-administracion-de-cara-a-la-emergencia-sanitaria-derivada-del-covid-19\/\" \/>\n<script type=\"application\/ld+json\" class=\"yoast-schema-graph\">{\"@context\":\"https:\\\/\\\/schema.org\",\"@graph\":[{\"@type\":\"Article\",\"@id\":\"https:\\\/\\\/www.ucaldas.edu.co\\\/portal\\\/decisiones-acciones-propuestas-y-retos-de-la-administracion-de-cara-a-la-emergencia-sanitaria-derivada-del-covid-19\\\/#article\",\"isPartOf\":{\"@id\":\"https:\\\/\\\/www.ucaldas.edu.co\\\/portal\\\/decisiones-acciones-propuestas-y-retos-de-la-administracion-de-cara-a-la-emergencia-sanitaria-derivada-del-covid-19\\\/\"},\"author\":{\"name\":\"ofiprensa\",\"@id\":\"https:\\\/\\\/www.ucaldas.edu.co\\\/portal\\\/#\\\/schema\\\/person\\\/a1b482e23449158b4bc319926c074fdf\"},\"headline\":\"Decisiones, \u00a0acciones, propuestas y retos de la administraci\u00f3n de cara a la emergencia sanitaria derivada del Covid- 19.\",\"datePublished\":\"2020-05-12T00:11:28+00:00\",\"mainEntityOfPage\":{\"@id\":\"https:\\\/\\\/www.ucaldas.edu.co\\\/portal\\\/decisiones-acciones-propuestas-y-retos-de-la-administracion-de-cara-a-la-emergencia-sanitaria-derivada-del-covid-19\\\/\"},\"wordCount\":231,\"publisher\":{\"@id\":\"https:\\\/\\\/www.ucaldas.edu.co\\\/portal\\\/#organization\"},\"image\":{\"@id\":\"https:\\\/\\\/www.ucaldas.edu.co\\\/portal\\\/decisiones-acciones-propuestas-y-retos-de-la-administracion-de-cara-a-la-emergencia-sanitaria-derivada-del-covid-19\\\/#primaryimage\"},\"thumbnailUrl\":\"https:\\\/\\\/www.ucaldas.edu.co\\\/portal\\\/wp-content\\\/uploads\\\/2020\\\/05\\\/YouTubeMartes-1.jpg\",\"keywords\":[\"Informaci\u00f3n Oficial\",\"covid-19\",\"Youtube\",\"equipo directivo\"],\"articleSection\":[\"Universidad al D\u00eda\",\"Actualidad\"],\"inLanguage\":\"es\"},{\"@type\":\"WebPage\",\"@id\":\"https:\\\/\\\/www.ucaldas.edu.co\\\/portal\\\/decisiones-acciones-propuestas-y-retos-de-la-administracion-de-cara-a-la-emergencia-sanitaria-derivada-del-covid-19\\\/\",\"url\":\"https:\\\/\\\/www.ucaldas.edu.co\\\/portal\\\/decisiones-acciones-propuestas-y-retos-de-la-administracion-de-cara-a-la-emergencia-sanitaria-derivada-del-covid-19\\\/\",\"name\":\"Decisiones, \u00a0acciones, propuestas y retos de la administraci\u00f3n de cara a la emergencia sanitaria derivada del Covid- 19. .\",\"isPartOf\":{\"@id\":\"https:\\\/\\\/www.ucaldas.edu.co\\\/portal\\\/#website\"},\"primaryImageOfPage\":{\"@id\":\"https:\\\/\\\/www.ucaldas.edu.co\\\/portal\\\/decisiones-acciones-propuestas-y-retos-de-la-administracion-de-cara-a-la-emergencia-sanitaria-derivada-del-covid-19\\\/#primaryimage\"},\"image\":{\"@id\":\"https:\\\/\\\/www.ucaldas.edu.co\\\/portal\\\/decisiones-acciones-propuestas-y-retos-de-la-administracion-de-cara-a-la-emergencia-sanitaria-derivada-del-covid-19\\\/#primaryimage\"},\"thumbnailUrl\":\"https:\\\/\\\/www.ucaldas.edu.co\\\/portal\\\/wp-content\\\/uploads\\\/2020\\\/05\\\/YouTubeMartes-1.jpg\",\"datePublished\":\"2020-05-12T00:11:28+00:00\",\"breadcrumb\":{\"@id\":\"https:\\\/\\\/www.ucaldas.edu.co\\\/portal\\\/decisiones-acciones-propuestas-y-retos-de-la-administracion-de-cara-a-la-emergencia-sanitaria-derivada-del-covid-19\\\/#breadcrumb\"},\"inLanguage\":\"es\",\"potentialAction\":[{\"@type\":\"ReadAction\",\"target\":[\"https:\\\/\\\/www.ucaldas.edu.co\\\/portal\\\/decisiones-acciones-propuestas-y-retos-de-la-administracion-de-cara-a-la-emergencia-sanitaria-derivada-del-covid-19\\\/\"]}]},{\"@type\":\"ImageObject\",\"inLanguage\":\"es\",\"@id\":\"https:\\\/\\\/www.ucaldas.edu.co\\\/portal\\\/decisiones-acciones-propuestas-y-retos-de-la-administracion-de-cara-a-la-emergencia-sanitaria-derivada-del-covid-19\\\/#primaryimage\",\"url\":\"https:\\\/\\\/www.ucaldas.edu.co\\\/portal\\\/wp-content\\\/uploads\\\/2020\\\/05\\\/YouTubeMartes-1.jpg\",\"contentUrl\":\"https:\\\/\\\/www.ucaldas.edu.co\\\/portal\\\/wp-content\\\/uploads\\\/2020\\\/05\\\/YouTubeMartes-1.jpg\",\"width\":1280,\"height\":732},{\"@type\":\"BreadcrumbList\",\"@id\":\"https:\\\/\\\/www.ucaldas.edu.co\\\/portal\\\/decisiones-acciones-propuestas-y-retos-de-la-administracion-de-cara-a-la-emergencia-sanitaria-derivada-del-covid-19\\\/#breadcrumb\",\"itemListElement\":[{\"@type\":\"ListItem\",\"position\":1,\"name\":\"Portada\",\"item\":\"https:\\\/\\\/www.ucaldas.edu.co\\\/portal\\\/\"},{\"@type\":\"ListItem\",\"position\":2,\"name\":\"Decisiones, \u00a0acciones, propuestas y retos de la administraci\u00f3n de cara a la emergencia sanitaria derivada del Covid- 19.\"}]},{\"@type\":\"WebSite\",\"@id\":\"https:\\\/\\\/www.ucaldas.edu.co\\\/portal\\\/#website\",\"url\":\"https:\\\/\\\/www.ucaldas.edu.co\\\/portal\\\/\",\"name\":\"Universidad de Caldas\",\"description\":\"\",\"publisher\":{\"@id\":\"https:\\\/\\\/www.ucaldas.edu.co\\\/portal\\\/#organization\"},\"alternateName\":\"U. de Caldas\",\"potentialAction\":[{\"@type\":\"SearchAction\",\"target\":{\"@type\":\"EntryPoint\",\"urlTemplate\":\"https:\\\/\\\/www.ucaldas.edu.co\\\/portal\\\/?s={search_term_string}\"},\"query-input\":{\"@type\":\"PropertyValueSpecification\",\"valueRequired\":true,\"valueName\":\"search_term_string\"}}],\"inLanguage\":\"es\"},{\"@type\":\"Organization\",\"@id\":\"https:\\\/\\\/www.ucaldas.edu.co\\\/portal\\\/#organization\",\"name\":\"Universidad de Caldas\",\"alternateName\":\"U. de Caldas\",\"url\":\"https:\\\/\\\/www.ucaldas.edu.co\\\/portal\\\/\",\"logo\":{\"@type\":\"ImageObject\",\"inLanguage\":\"es\",\"@id\":\"https:\\\/\\\/www.ucaldas.edu.co\\\/portal\\\/#\\\/schema\\\/logo\\\/image\\\/\",\"url\":\"https:\\\/\\\/www.ucaldas.edu.co\\\/portal\\\/wp-content\\\/uploads\\\/2023\\\/11\\\/Logo_horizontal_oscuroU-2023.png\",\"contentUrl\":\"https:\\\/\\\/www.ucaldas.edu.co\\\/portal\\\/wp-content\\\/uploads\\\/2023\\\/11\\\/Logo_horizontal_oscuroU-2023.png\",\"width\":263,\"height\":101,\"caption\":\"Universidad de Caldas\"},\"image\":{\"@id\":\"https:\\\/\\\/www.ucaldas.edu.co\\\/portal\\\/#\\\/schema\\\/logo\\\/image\\\/\"},\"sameAs\":[\"https:\\\/\\\/www.facebook.com\\\/udecaldas\",\"https:\\\/\\\/x.com\\\/udecaldas\",\"https:\\\/\\\/www.youtube.com\\\/universidadcaldas\",\"https:\\\/\\\/www.instagram.com\\\/udecaldas\\\/\"]},{\"@type\":\"Person\",\"@id\":\"https:\\\/\\\/www.ucaldas.edu.co\\\/portal\\\/#\\\/schema\\\/person\\\/a1b482e23449158b4bc319926c074fdf\",\"name\":\"ofiprensa\",\"image\":{\"@type\":\"ImageObject\",\"inLanguage\":\"es\",\"@id\":\"https:\\\/\\\/www.ucaldas.edu.co\\\/portal\\\/wp-content\\\/litespeed\\\/avatar\\\/09ea5085e600095a7a811142c6944527.jpg?ver=1776892805\",\"url\":\"https:\\\/\\\/www.ucaldas.edu.co\\\/portal\\\/wp-content\\\/litespeed\\\/avatar\\\/09ea5085e600095a7a811142c6944527.jpg?ver=1776892805\",\"contentUrl\":\"https:\\\/\\\/www.ucaldas.edu.co\\\/portal\\\/wp-content\\\/litespeed\\\/avatar\\\/09ea5085e600095a7a811142c6944527.jpg?ver=1776892805\",\"caption\":\"ofiprensa\"},\"url\":\"https:\\\/\\\/www.ucaldas.edu.co\\\/portal\\\/author\\\/ofiprensa\\\/\"}]}<\/script>\n<!-- \/ Yoast SEO plugin. -->","yoast_head_json":{"title":"Decisiones, \u00a0acciones, propuestas y retos de la administraci\u00f3n de cara a la emergencia sanitaria derivada del Covid- 19. .","robots":{"index":"index","follow":"follow","max-snippet":"max-snippet:-1","max-image-preview":"max-image-preview:large","max-video-preview":"max-video-preview:-1"},"canonical":"https:\/\/www.ucaldas.edu.co\/portal\/decisiones-acciones-propuestas-y-retos-de-la-administracion-de-cara-a-la-emergencia-sanitaria-derivada-del-covid-19\/","schema":{"@context":"https:\/\/schema.org","@graph":[{"@type":"Article","@id":"https:\/\/www.ucaldas.edu.co\/portal\/decisiones-acciones-propuestas-y-retos-de-la-administracion-de-cara-a-la-emergencia-sanitaria-derivada-del-covid-19\/#article","isPartOf":{"@id":"https:\/\/www.ucaldas.edu.co\/portal\/decisiones-acciones-propuestas-y-retos-de-la-administracion-de-cara-a-la-emergencia-sanitaria-derivada-del-covid-19\/"},"author":{"name":"ofiprensa","@id":"https:\/\/www.ucaldas.edu.co\/portal\/#\/schema\/person\/a1b482e23449158b4bc319926c074fdf"},"headline":"Decisiones, \u00a0acciones, propuestas y retos de la administraci\u00f3n de cara a la emergencia sanitaria derivada del Covid- 19.","datePublished":"2020-05-12T00:11:28+00:00","mainEntityOfPage":{"@id":"https:\/\/www.ucaldas.edu.co\/portal\/decisiones-acciones-propuestas-y-retos-de-la-administracion-de-cara-a-la-emergencia-sanitaria-derivada-del-covid-19\/"},"wordCount":231,"publisher":{"@id":"https:\/\/www.ucaldas.edu.co\/portal\/#organization"},"image":{"@id":"https:\/\/www.ucaldas.edu.co\/portal\/decisiones-acciones-propuestas-y-retos-de-la-administracion-de-cara-a-la-emergencia-sanitaria-derivada-del-covid-19\/#primaryimage"},"thumbnailUrl":"https:\/\/www.ucaldas.edu.co\/portal\/wp-content\/uploads\/2020\/05\/YouTubeMartes-1.jpg","keywords":["Informaci\u00f3n Oficial","covid-19","Youtube","equipo directivo"],"articleSection":["Universidad al D\u00eda","Actualidad"],"inLanguage":"es"},{"@type":"WebPage","@id":"https:\/\/www.ucaldas.edu.co\/portal\/decisiones-acciones-propuestas-y-retos-de-la-administracion-de-cara-a-la-emergencia-sanitaria-derivada-del-covid-19\/","url":"https:\/\/www.ucaldas.edu.co\/portal\/decisiones-acciones-propuestas-y-retos-de-la-administracion-de-cara-a-la-emergencia-sanitaria-derivada-del-covid-19\/","name":"Decisiones, \u00a0acciones, propuestas y retos de la administraci\u00f3n de cara a la emergencia sanitaria derivada del Covid- 19. .","isPartOf":{"@id":"https:\/\/www.ucaldas.edu.co\/portal\/#website"},"primaryImageOfPage":{"@id":"https:\/\/www.ucaldas.edu.co\/portal\/decisiones-acciones-propuestas-y-retos-de-la-administracion-de-cara-a-la-emergencia-sanitaria-derivada-del-covid-19\/#primaryimage"},"image":{"@id":"https:\/\/www.ucaldas.edu.co\/portal\/decisiones-acciones-propuestas-y-retos-de-la-administracion-de-cara-a-la-emergencia-sanitaria-derivada-del-covid-19\/#primaryimage"},"thumbnailUrl":"https:\/\/www.ucaldas.edu.co\/portal\/wp-content\/uploads\/2020\/05\/YouTubeMartes-1.jpg","datePublished":"2020-05-12T00:11:28+00:00","breadcrumb":{"@id":"https:\/\/www.ucaldas.edu.co\/portal\/decisiones-acciones-propuestas-y-retos-de-la-administracion-de-cara-a-la-emergencia-sanitaria-derivada-del-covid-19\/#breadcrumb"},"inLanguage":"es","potentialAction":[{"@type":"ReadAction","target":["https:\/\/www.ucaldas.edu.co\/portal\/decisiones-acciones-propuestas-y-retos-de-la-administracion-de-cara-a-la-emergencia-sanitaria-derivada-del-covid-19\/"]}]},{"@type":"ImageObject","inLanguage":"es","@id":"https:\/\/www.ucaldas.edu.co\/portal\/decisiones-acciones-propuestas-y-retos-de-la-administracion-de-cara-a-la-emergencia-sanitaria-derivada-del-covid-19\/#primaryimage","url":"https:\/\/www.ucaldas.edu.co\/portal\/wp-content\/uploads\/2020\/05\/YouTubeMartes-1.jpg","contentUrl":"https:\/\/www.ucaldas.edu.co\/portal\/wp-content\/uploads\/2020\/05\/YouTubeMartes-1.jpg","width":1280,"height":732},{"@type":"BreadcrumbList","@id":"https:\/\/www.ucaldas.edu.co\/portal\/decisiones-acciones-propuestas-y-retos-de-la-administracion-de-cara-a-la-emergencia-sanitaria-derivada-del-covid-19\/#breadcrumb","itemListElement":[{"@type":"ListItem","position":1,"name":"Portada","item":"https:\/\/www.ucaldas.edu.co\/portal\/"},{"@type":"ListItem","position":2,"name":"Decisiones, \u00a0acciones, propuestas y retos de la administraci\u00f3n de cara a la emergencia sanitaria derivada del Covid- 19."}]},{"@type":"WebSite","@id":"https:\/\/www.ucaldas.edu.co\/portal\/#website","url":"https:\/\/www.ucaldas.edu.co\/portal\/","name":"Universidad de Caldas","description":"","publisher":{"@id":"https:\/\/www.ucaldas.edu.co\/portal\/#organization"},"alternateName":"U. de Caldas","potentialAction":[{"@type":"SearchAction","target":{"@type":"EntryPoint","urlTemplate":"https:\/\/www.ucaldas.edu.co\/portal\/?s={search_term_string}"},"query-input":{"@type":"PropertyValueSpecification","valueRequired":true,"valueName":"search_term_string"}}],"inLanguage":"es"},{"@type":"Organization","@id":"https:\/\/www.ucaldas.edu.co\/portal\/#organization","name":"Universidad de Caldas","alternateName":"U. de Caldas","url":"https:\/\/www.ucaldas.edu.co\/portal\/","logo":{"@type":"ImageObject","inLanguage":"es","@id":"https:\/\/www.ucaldas.edu.co\/portal\/#\/schema\/logo\/image\/","url":"https:\/\/www.ucaldas.edu.co\/portal\/wp-content\/uploads\/2023\/11\/Logo_horizontal_oscuroU-2023.png","contentUrl":"https:\/\/www.ucaldas.edu.co\/portal\/wp-content\/uploads\/2023\/11\/Logo_horizontal_oscuroU-2023.png","width":263,"height":101,"caption":"Universidad de Caldas"},"image":{"@id":"https:\/\/www.ucaldas.edu.co\/portal\/#\/schema\/logo\/image\/"},"sameAs":["https:\/\/www.facebook.com\/udecaldas","https:\/\/x.com\/udecaldas","https:\/\/www.youtube.com\/universidadcaldas","https:\/\/www.instagram.com\/udecaldas\/"]},{"@type":"Person","@id":"https:\/\/www.ucaldas.edu.co\/portal\/#\/schema\/person\/a1b482e23449158b4bc319926c074fdf","name":"ofiprensa","image":{"@type":"ImageObject","inLanguage":"es","@id":"https:\/\/www.ucaldas.edu.co\/portal\/wp-content\/litespeed\/avatar\/09ea5085e600095a7a811142c6944527.jpg?ver=1776892805","url":"https:\/\/www.ucaldas.edu.co\/portal\/wp-content\/litespeed\/avatar\/09ea5085e600095a7a811142c6944527.jpg?ver=1776892805","contentUrl":"https:\/\/www.ucaldas.edu.co\/portal\/wp-content\/litespeed\/avatar\/09ea5085e600095a7a811142c6944527.jpg?ver=1776892805","caption":"ofiprensa"},"url":"https:\/\/www.ucaldas.edu.co\/portal\/author\/ofiprensa\/"}]}},"_links":{"self":[{"href":"https:\/\/www.ucaldas.edu.co\/portal\/wp-json\/wp\/v2\/posts\/55790","targetHints":{"allow":["GET"]}}],"collection":[{"href":"https:\/\/www.ucaldas.edu.co\/portal\/wp-json\/wp\/v2\/posts"}],"about":[{"href":"https:\/\/www.ucaldas.edu.co\/portal\/wp-json\/wp\/v2\/types\/post"}],"author":[{"embeddable":true,"href":"https:\/\/www.ucaldas.edu.co\/portal\/wp-json\/wp\/v2\/users\/2"}],"replies":[{"embeddable":true,"href":"https:\/\/www.ucaldas.edu.co\/portal\/wp-json\/wp\/v2\/comments?post=55790"}],"version-history":[{"count":0,"href":"https:\/\/www.ucaldas.edu.co\/portal\/wp-json\/wp\/v2\/posts\/55790\/revisions"}],"wp:featuredmedia":[{"embeddable":true,"href":"https:\/\/www.ucaldas.edu.co\/portal\/wp-json\/wp\/v2\/media\/55791"}],"wp:attachment":[{"href":"https:\/\/www.ucaldas.edu.co\/portal\/wp-json\/wp\/v2\/media?parent=55790"}],"wp:term":[{"taxonomy":"category","embeddable":true,"href":"https:\/\/www.ucaldas.edu.co\/portal\/wp-json\/wp\/v2\/categories?post=55790"},{"taxonomy":"post_tag","embeddable":true,"href":"https:\/\/www.ucaldas.edu.co\/portal\/wp-json\/wp\/v2\/tags?post=55790"}],"curies":[{"name":"wp","href":"https:\/\/api.w.org\/{rel}","templated":true}]}}