{"id":55753,"date":"2020-05-08T23:47:14","date_gmt":"2020-05-08T23:47:14","guid":{"rendered":"https:\/\/www.ucaldas.edu.co\/portal\/?p=55753"},"modified":"2020-05-08T23:47:14","modified_gmt":"2020-05-08T23:47:14","slug":"rector-y-equipo-directivo-se-reuniran-con-la-comunidad-universitaria-a-traves-de","status":"publish","type":"post","link":"https:\/\/www.ucaldas.edu.co\/portal\/rector-y-equipo-directivo-se-reuniran-con-la-comunidad-universitaria-a-traves-de\/","title":{"rendered":"Rector y equipo directivo se reunir\u00e1n con la comunidad universitaria a trav\u00e9s de"},"content":{"rendered":"<p style=\"text-align: center;\">SER\u00c1 EL MARTES 12 DE MAYO A PARTIR DE LAS 4:00<\/p>\n<p style=\"text-align: center;\"><strong><b>Rector y equipo directivo se reunir\u00e1n con la comunidad universitaria a trav\u00e9s de Youtube<\/b><\/strong><\/p>\n<p style=\"text-align: right;\">08\/05\/2020<\/p>\n<p><img loading=\"lazy\" decoding=\"async\" class=\"alignnone size-full wp-image-55754 aligncenter\" src=\"https:\/\/www.ucaldas.edu.co\/portal\/wp-content\/uploads\/2020\/05\/YouTubeMartes.jpg\" alt=\"\" width=\"1280\" height=\"732\" srcset=\"https:\/\/www.ucaldas.edu.co\/portal\/wp-content\/uploads\/2020\/05\/YouTubeMartes.jpg 1280w, https:\/\/www.ucaldas.edu.co\/portal\/wp-content\/uploads\/2020\/05\/YouTubeMartes-300x172.jpg 300w, https:\/\/www.ucaldas.edu.co\/portal\/wp-content\/uploads\/2020\/05\/YouTubeMartes-768x439.jpg 768w, https:\/\/www.ucaldas.edu.co\/portal\/wp-content\/uploads\/2020\/05\/YouTubeMartes-1024x586.jpg 1024w\" sizes=\"auto, (max-width: 1280px) 100vw, 1280px\" \/><\/p>\n<p>El pr\u00f3ximo martes 12 de mayo a partir de las 4:00 p.m. el rector Alejandro Ceballos M\u00e1rquez y su equipo directivo presentar\u00e1n a la comunidad universitaria y a la ciudadan\u00eda en general un informe detallado \u00a0sobre las decisiones, \u00a0acciones, propuestas y retos de la administraci\u00f3n de cara a la emergencia sanitaria derivada del Covid- 19.<\/p>\n<p><!--more--><\/p>\n<p>El encuentro que ser\u00e1 transmitido a trav\u00e9s del canal oficial de Youtube @udecaldas tiene prevista la siguiente agenda:<\/p>\n<ol>\n<li>Informe del rector, equipo directivo y jefes de oficina<\/li>\n<li>Informe situaci\u00f3n financiera actual \u00a0de la Universidad \u00a0de Caldas.<\/li>\n<\/ol>\n<p>Durante este espacio adem\u00e1s se espera resolver las inquietudes de los participantes, aclarar dudas y establecer una comunicaci\u00f3n directa con la comunidad universitaria.<\/p>\n<p><strong><b>Informes:<\/b><\/strong>\u00a0Oficina de Prensa de la Universidad de Caldas<\/p>\n<p><strong><b>Redacci\u00f3n:<\/b><\/strong>\u00a0Adriana Salazar Villegas<\/p>\n<p>&nbsp;<\/p>\n","protected":false},"excerpt":{"rendered":"<p>SER\u00c1 EL MARTES 12 DE MAYO A PARTIR DE LAS 4:00 Rector y equipo directivo se reunir\u00e1n con la comunidad universitaria a trav\u00e9s de Youtube 08\/05\/2020 El pr\u00f3ximo martes 12 de mayo a partir de las 4:00 p.m. el rector Alejandro Ceballos M\u00e1rquez y su equipo directivo presentar\u00e1n a la comunidad universitaria y a la [&hellip;]<\/p>\n","protected":false},"author":2,"featured_media":55754,"comment_status":"closed","ping_status":"open","sticky":false,"template":"","format":"standard","meta":{"footnotes":""},"categories":[48,53],"tags":[1999,3237,4652,4750],"class_list":["post-55753","post","type-post","status-publish","format-standard","has-post-thumbnail","hentry","category-actualidad","category-universidad-al-dia","tag-equipo-directivo","tag-informacion-oficial","tag-covid-19","tag-youtube"],"yoast_head":"<!-- This site is optimized with the Yoast SEO plugin v27.4 - https:\/\/yoast.com\/product\/yoast-seo-wordpress\/ -->\n<title>Rector y equipo directivo se reunir\u00e1n con la comunidad universitaria a trav\u00e9s de .<\/title>\n<meta name=\"robots\" content=\"index, follow, max-snippet:-1, max-image-preview:large, max-video-preview:-1\" \/>\n<link rel=\"canonical\" href=\"https:\/\/www.ucaldas.edu.co\/portal\/rector-y-equipo-directivo-se-reuniran-con-la-comunidad-universitaria-a-traves-de\/\" \/>\n<script type=\"application\/ld+json\" class=\"yoast-schema-graph\">{\"@context\":\"https:\\\/\\\/schema.org\",\"@graph\":[{\"@type\":\"Article\",\"@id\":\"https:\\\/\\\/www.ucaldas.edu.co\\\/portal\\\/rector-y-equipo-directivo-se-reuniran-con-la-comunidad-universitaria-a-traves-de\\\/#article\",\"isPartOf\":{\"@id\":\"https:\\\/\\\/www.ucaldas.edu.co\\\/portal\\\/rector-y-equipo-directivo-se-reuniran-con-la-comunidad-universitaria-a-traves-de\\\/\"},\"author\":{\"name\":\"ofiprensa\",\"@id\":\"https:\\\/\\\/www.ucaldas.edu.co\\\/portal\\\/#\\\/schema\\\/person\\\/a1b482e23449158b4bc319926c074fdf\"},\"headline\":\"Rector y equipo directivo se reunir\u00e1n con la comunidad universitaria a trav\u00e9s de\",\"datePublished\":\"2020-05-08T23:47:14+00:00\",\"mainEntityOfPage\":{\"@id\":\"https:\\\/\\\/www.ucaldas.edu.co\\\/portal\\\/rector-y-equipo-directivo-se-reuniran-con-la-comunidad-universitaria-a-traves-de\\\/\"},\"wordCount\":176,\"publisher\":{\"@id\":\"https:\\\/\\\/www.ucaldas.edu.co\\\/portal\\\/#organization\"},\"image\":{\"@id\":\"https:\\\/\\\/www.ucaldas.edu.co\\\/portal\\\/rector-y-equipo-directivo-se-reuniran-con-la-comunidad-universitaria-a-traves-de\\\/#primaryimage\"},\"thumbnailUrl\":\"https:\\\/\\\/www.ucaldas.edu.co\\\/portal\\\/wp-content\\\/uploads\\\/2020\\\/05\\\/YouTubeMartes.jpg\",\"keywords\":[\"equipo directivo\",\"Informaci\u00f3n Oficial\",\"covid-19\",\"Youtube\"],\"articleSection\":[\"Actualidad\",\"Universidad al D\u00eda\"],\"inLanguage\":\"es\"},{\"@type\":\"WebPage\",\"@id\":\"https:\\\/\\\/www.ucaldas.edu.co\\\/portal\\\/rector-y-equipo-directivo-se-reuniran-con-la-comunidad-universitaria-a-traves-de\\\/\",\"url\":\"https:\\\/\\\/www.ucaldas.edu.co\\\/portal\\\/rector-y-equipo-directivo-se-reuniran-con-la-comunidad-universitaria-a-traves-de\\\/\",\"name\":\"Rector y equipo directivo se reunir\u00e1n con la comunidad universitaria a trav\u00e9s de .\",\"isPartOf\":{\"@id\":\"https:\\\/\\\/www.ucaldas.edu.co\\\/portal\\\/#website\"},\"primaryImageOfPage\":{\"@id\":\"https:\\\/\\\/www.ucaldas.edu.co\\\/portal\\\/rector-y-equipo-directivo-se-reuniran-con-la-comunidad-universitaria-a-traves-de\\\/#primaryimage\"},\"image\":{\"@id\":\"https:\\\/\\\/www.ucaldas.edu.co\\\/portal\\\/rector-y-equipo-directivo-se-reuniran-con-la-comunidad-universitaria-a-traves-de\\\/#primaryimage\"},\"thumbnailUrl\":\"https:\\\/\\\/www.ucaldas.edu.co\\\/portal\\\/wp-content\\\/uploads\\\/2020\\\/05\\\/YouTubeMartes.jpg\",\"datePublished\":\"2020-05-08T23:47:14+00:00\",\"breadcrumb\":{\"@id\":\"https:\\\/\\\/www.ucaldas.edu.co\\\/portal\\\/rector-y-equipo-directivo-se-reuniran-con-la-comunidad-universitaria-a-traves-de\\\/#breadcrumb\"},\"inLanguage\":\"es\",\"potentialAction\":[{\"@type\":\"ReadAction\",\"target\":[\"https:\\\/\\\/www.ucaldas.edu.co\\\/portal\\\/rector-y-equipo-directivo-se-reuniran-con-la-comunidad-universitaria-a-traves-de\\\/\"]}]},{\"@type\":\"ImageObject\",\"inLanguage\":\"es\",\"@id\":\"https:\\\/\\\/www.ucaldas.edu.co\\\/portal\\\/rector-y-equipo-directivo-se-reuniran-con-la-comunidad-universitaria-a-traves-de\\\/#primaryimage\",\"url\":\"https:\\\/\\\/www.ucaldas.edu.co\\\/portal\\\/wp-content\\\/uploads\\\/2020\\\/05\\\/YouTubeMartes.jpg\",\"contentUrl\":\"https:\\\/\\\/www.ucaldas.edu.co\\\/portal\\\/wp-content\\\/uploads\\\/2020\\\/05\\\/YouTubeMartes.jpg\",\"width\":1280,\"height\":732},{\"@type\":\"BreadcrumbList\",\"@id\":\"https:\\\/\\\/www.ucaldas.edu.co\\\/portal\\\/rector-y-equipo-directivo-se-reuniran-con-la-comunidad-universitaria-a-traves-de\\\/#breadcrumb\",\"itemListElement\":[{\"@type\":\"ListItem\",\"position\":1,\"name\":\"Portada\",\"item\":\"https:\\\/\\\/www.ucaldas.edu.co\\\/portal\\\/\"},{\"@type\":\"ListItem\",\"position\":2,\"name\":\"Rector y equipo directivo se reunir\u00e1n con la comunidad universitaria a trav\u00e9s de\"}]},{\"@type\":\"WebSite\",\"@id\":\"https:\\\/\\\/www.ucaldas.edu.co\\\/portal\\\/#website\",\"url\":\"https:\\\/\\\/www.ucaldas.edu.co\\\/portal\\\/\",\"name\":\"Universidad de Caldas\",\"description\":\"\",\"publisher\":{\"@id\":\"https:\\\/\\\/www.ucaldas.edu.co\\\/portal\\\/#organization\"},\"alternateName\":\"U. de Caldas\",\"potentialAction\":[{\"@type\":\"SearchAction\",\"target\":{\"@type\":\"EntryPoint\",\"urlTemplate\":\"https:\\\/\\\/www.ucaldas.edu.co\\\/portal\\\/?s={search_term_string}\"},\"query-input\":{\"@type\":\"PropertyValueSpecification\",\"valueRequired\":true,\"valueName\":\"search_term_string\"}}],\"inLanguage\":\"es\"},{\"@type\":\"Organization\",\"@id\":\"https:\\\/\\\/www.ucaldas.edu.co\\\/portal\\\/#organization\",\"name\":\"Universidad de Caldas\",\"alternateName\":\"U. de Caldas\",\"url\":\"https:\\\/\\\/www.ucaldas.edu.co\\\/portal\\\/\",\"logo\":{\"@type\":\"ImageObject\",\"inLanguage\":\"es\",\"@id\":\"https:\\\/\\\/www.ucaldas.edu.co\\\/portal\\\/#\\\/schema\\\/logo\\\/image\\\/\",\"url\":\"https:\\\/\\\/www.ucaldas.edu.co\\\/portal\\\/wp-content\\\/uploads\\\/2023\\\/11\\\/Logo_horizontal_oscuroU-2023.png\",\"contentUrl\":\"https:\\\/\\\/www.ucaldas.edu.co\\\/portal\\\/wp-content\\\/uploads\\\/2023\\\/11\\\/Logo_horizontal_oscuroU-2023.png\",\"width\":263,\"height\":101,\"caption\":\"Universidad de Caldas\"},\"image\":{\"@id\":\"https:\\\/\\\/www.ucaldas.edu.co\\\/portal\\\/#\\\/schema\\\/logo\\\/image\\\/\"},\"sameAs\":[\"https:\\\/\\\/www.facebook.com\\\/udecaldas\",\"https:\\\/\\\/x.com\\\/udecaldas\",\"https:\\\/\\\/www.youtube.com\\\/universidadcaldas\",\"https:\\\/\\\/www.instagram.com\\\/udecaldas\\\/\"]},{\"@type\":\"Person\",\"@id\":\"https:\\\/\\\/www.ucaldas.edu.co\\\/portal\\\/#\\\/schema\\\/person\\\/a1b482e23449158b4bc319926c074fdf\",\"name\":\"ofiprensa\",\"image\":{\"@type\":\"ImageObject\",\"inLanguage\":\"es\",\"@id\":\"https:\\\/\\\/www.ucaldas.edu.co\\\/portal\\\/wp-content\\\/litespeed\\\/avatar\\\/09ea5085e600095a7a811142c6944527.jpg?ver=1776892805\",\"url\":\"https:\\\/\\\/www.ucaldas.edu.co\\\/portal\\\/wp-content\\\/litespeed\\\/avatar\\\/09ea5085e600095a7a811142c6944527.jpg?ver=1776892805\",\"contentUrl\":\"https:\\\/\\\/www.ucaldas.edu.co\\\/portal\\\/wp-content\\\/litespeed\\\/avatar\\\/09ea5085e600095a7a811142c6944527.jpg?ver=1776892805\",\"caption\":\"ofiprensa\"},\"url\":\"https:\\\/\\\/www.ucaldas.edu.co\\\/portal\\\/author\\\/ofiprensa\\\/\"}]}<\/script>\n<!-- \/ Yoast SEO plugin. -->","yoast_head_json":{"title":"Rector y equipo directivo se reunir\u00e1n con la comunidad universitaria a trav\u00e9s de .","robots":{"index":"index","follow":"follow","max-snippet":"max-snippet:-1","max-image-preview":"max-image-preview:large","max-video-preview":"max-video-preview:-1"},"canonical":"https:\/\/www.ucaldas.edu.co\/portal\/rector-y-equipo-directivo-se-reuniran-con-la-comunidad-universitaria-a-traves-de\/","schema":{"@context":"https:\/\/schema.org","@graph":[{"@type":"Article","@id":"https:\/\/www.ucaldas.edu.co\/portal\/rector-y-equipo-directivo-se-reuniran-con-la-comunidad-universitaria-a-traves-de\/#article","isPartOf":{"@id":"https:\/\/www.ucaldas.edu.co\/portal\/rector-y-equipo-directivo-se-reuniran-con-la-comunidad-universitaria-a-traves-de\/"},"author":{"name":"ofiprensa","@id":"https:\/\/www.ucaldas.edu.co\/portal\/#\/schema\/person\/a1b482e23449158b4bc319926c074fdf"},"headline":"Rector y equipo directivo se reunir\u00e1n con la comunidad universitaria a trav\u00e9s de","datePublished":"2020-05-08T23:47:14+00:00","mainEntityOfPage":{"@id":"https:\/\/www.ucaldas.edu.co\/portal\/rector-y-equipo-directivo-se-reuniran-con-la-comunidad-universitaria-a-traves-de\/"},"wordCount":176,"publisher":{"@id":"https:\/\/www.ucaldas.edu.co\/portal\/#organization"},"image":{"@id":"https:\/\/www.ucaldas.edu.co\/portal\/rector-y-equipo-directivo-se-reuniran-con-la-comunidad-universitaria-a-traves-de\/#primaryimage"},"thumbnailUrl":"https:\/\/www.ucaldas.edu.co\/portal\/wp-content\/uploads\/2020\/05\/YouTubeMartes.jpg","keywords":["equipo directivo","Informaci\u00f3n Oficial","covid-19","Youtube"],"articleSection":["Actualidad","Universidad al D\u00eda"],"inLanguage":"es"},{"@type":"WebPage","@id":"https:\/\/www.ucaldas.edu.co\/portal\/rector-y-equipo-directivo-se-reuniran-con-la-comunidad-universitaria-a-traves-de\/","url":"https:\/\/www.ucaldas.edu.co\/portal\/rector-y-equipo-directivo-se-reuniran-con-la-comunidad-universitaria-a-traves-de\/","name":"Rector y equipo directivo se reunir\u00e1n con la comunidad universitaria a trav\u00e9s de .","isPartOf":{"@id":"https:\/\/www.ucaldas.edu.co\/portal\/#website"},"primaryImageOfPage":{"@id":"https:\/\/www.ucaldas.edu.co\/portal\/rector-y-equipo-directivo-se-reuniran-con-la-comunidad-universitaria-a-traves-de\/#primaryimage"},"image":{"@id":"https:\/\/www.ucaldas.edu.co\/portal\/rector-y-equipo-directivo-se-reuniran-con-la-comunidad-universitaria-a-traves-de\/#primaryimage"},"thumbnailUrl":"https:\/\/www.ucaldas.edu.co\/portal\/wp-content\/uploads\/2020\/05\/YouTubeMartes.jpg","datePublished":"2020-05-08T23:47:14+00:00","breadcrumb":{"@id":"https:\/\/www.ucaldas.edu.co\/portal\/rector-y-equipo-directivo-se-reuniran-con-la-comunidad-universitaria-a-traves-de\/#breadcrumb"},"inLanguage":"es","potentialAction":[{"@type":"ReadAction","target":["https:\/\/www.ucaldas.edu.co\/portal\/rector-y-equipo-directivo-se-reuniran-con-la-comunidad-universitaria-a-traves-de\/"]}]},{"@type":"ImageObject","inLanguage":"es","@id":"https:\/\/www.ucaldas.edu.co\/portal\/rector-y-equipo-directivo-se-reuniran-con-la-comunidad-universitaria-a-traves-de\/#primaryimage","url":"https:\/\/www.ucaldas.edu.co\/portal\/wp-content\/uploads\/2020\/05\/YouTubeMartes.jpg","contentUrl":"https:\/\/www.ucaldas.edu.co\/portal\/wp-content\/uploads\/2020\/05\/YouTubeMartes.jpg","width":1280,"height":732},{"@type":"BreadcrumbList","@id":"https:\/\/www.ucaldas.edu.co\/portal\/rector-y-equipo-directivo-se-reuniran-con-la-comunidad-universitaria-a-traves-de\/#breadcrumb","itemListElement":[{"@type":"ListItem","position":1,"name":"Portada","item":"https:\/\/www.ucaldas.edu.co\/portal\/"},{"@type":"ListItem","position":2,"name":"Rector y equipo directivo se reunir\u00e1n con la comunidad universitaria a trav\u00e9s de"}]},{"@type":"WebSite","@id":"https:\/\/www.ucaldas.edu.co\/portal\/#website","url":"https:\/\/www.ucaldas.edu.co\/portal\/","name":"Universidad de Caldas","description":"","publisher":{"@id":"https:\/\/www.ucaldas.edu.co\/portal\/#organization"},"alternateName":"U. de Caldas","potentialAction":[{"@type":"SearchAction","target":{"@type":"EntryPoint","urlTemplate":"https:\/\/www.ucaldas.edu.co\/portal\/?s={search_term_string}"},"query-input":{"@type":"PropertyValueSpecification","valueRequired":true,"valueName":"search_term_string"}}],"inLanguage":"es"},{"@type":"Organization","@id":"https:\/\/www.ucaldas.edu.co\/portal\/#organization","name":"Universidad de Caldas","alternateName":"U. de Caldas","url":"https:\/\/www.ucaldas.edu.co\/portal\/","logo":{"@type":"ImageObject","inLanguage":"es","@id":"https:\/\/www.ucaldas.edu.co\/portal\/#\/schema\/logo\/image\/","url":"https:\/\/www.ucaldas.edu.co\/portal\/wp-content\/uploads\/2023\/11\/Logo_horizontal_oscuroU-2023.png","contentUrl":"https:\/\/www.ucaldas.edu.co\/portal\/wp-content\/uploads\/2023\/11\/Logo_horizontal_oscuroU-2023.png","width":263,"height":101,"caption":"Universidad de Caldas"},"image":{"@id":"https:\/\/www.ucaldas.edu.co\/portal\/#\/schema\/logo\/image\/"},"sameAs":["https:\/\/www.facebook.com\/udecaldas","https:\/\/x.com\/udecaldas","https:\/\/www.youtube.com\/universidadcaldas","https:\/\/www.instagram.com\/udecaldas\/"]},{"@type":"Person","@id":"https:\/\/www.ucaldas.edu.co\/portal\/#\/schema\/person\/a1b482e23449158b4bc319926c074fdf","name":"ofiprensa","image":{"@type":"ImageObject","inLanguage":"es","@id":"https:\/\/www.ucaldas.edu.co\/portal\/wp-content\/litespeed\/avatar\/09ea5085e600095a7a811142c6944527.jpg?ver=1776892805","url":"https:\/\/www.ucaldas.edu.co\/portal\/wp-content\/litespeed\/avatar\/09ea5085e600095a7a811142c6944527.jpg?ver=1776892805","contentUrl":"https:\/\/www.ucaldas.edu.co\/portal\/wp-content\/litespeed\/avatar\/09ea5085e600095a7a811142c6944527.jpg?ver=1776892805","caption":"ofiprensa"},"url":"https:\/\/www.ucaldas.edu.co\/portal\/author\/ofiprensa\/"}]}},"_links":{"self":[{"href":"https:\/\/www.ucaldas.edu.co\/portal\/wp-json\/wp\/v2\/posts\/55753","targetHints":{"allow":["GET"]}}],"collection":[{"href":"https:\/\/www.ucaldas.edu.co\/portal\/wp-json\/wp\/v2\/posts"}],"about":[{"href":"https:\/\/www.ucaldas.edu.co\/portal\/wp-json\/wp\/v2\/types\/post"}],"author":[{"embeddable":true,"href":"https:\/\/www.ucaldas.edu.co\/portal\/wp-json\/wp\/v2\/users\/2"}],"replies":[{"embeddable":true,"href":"https:\/\/www.ucaldas.edu.co\/portal\/wp-json\/wp\/v2\/comments?post=55753"}],"version-history":[{"count":0,"href":"https:\/\/www.ucaldas.edu.co\/portal\/wp-json\/wp\/v2\/posts\/55753\/revisions"}],"wp:featuredmedia":[{"embeddable":true,"href":"https:\/\/www.ucaldas.edu.co\/portal\/wp-json\/wp\/v2\/media\/55754"}],"wp:attachment":[{"href":"https:\/\/www.ucaldas.edu.co\/portal\/wp-json\/wp\/v2\/media?parent=55753"}],"wp:term":[{"taxonomy":"category","embeddable":true,"href":"https:\/\/www.ucaldas.edu.co\/portal\/wp-json\/wp\/v2\/categories?post=55753"},{"taxonomy":"post_tag","embeddable":true,"href":"https:\/\/www.ucaldas.edu.co\/portal\/wp-json\/wp\/v2\/tags?post=55753"}],"curies":[{"name":"wp","href":"https:\/\/api.w.org\/{rel}","templated":true}]}}