{"id":55717,"date":"2020-05-08T03:44:03","date_gmt":"2020-05-08T03:44:03","guid":{"rendered":"https:\/\/www.ucaldas.edu.co\/portal\/?p=55717"},"modified":"2020-05-08T03:44:03","modified_gmt":"2020-05-08T03:44:03","slug":"vicerrectoria-de-investigaciones-socializara-proyectos-de-investigacion-creacion-en-el-aula","status":"publish","type":"post","link":"https:\/\/www.ucaldas.edu.co\/portal\/vicerrectoria-de-investigaciones-socializara-proyectos-de-investigacion-creacion-en-el-aula\/","title":{"rendered":"Vicerrector\u00eda de Investigaciones socializar\u00e1 proyectos de investigaci\u00f3n  &#8211; creaci\u00f3n en el aula &#8211;"},"content":{"rendered":"<p>&nbsp;<\/p>\n<p style=\"text-align: center;\">A PARTIR DEL 18 DE MAYO DE 2020<br \/>\n<span style=\"font-size: 14pt;\"><strong>Vicerrector\u00eda de Investigaciones socializar\u00e1 proyectos de investigaci\u00f3n <\/strong><\/span><\/p>\n<p style=\"text-align: center;\"><span style=\"font-size: 14pt;\"><strong>&#8211; creaci\u00f3n en el aula-<\/strong>\u00a0<\/span><br \/>\n07\/05\/2020<\/p>\n<p><img loading=\"lazy\" decoding=\"async\" class=\"alignnone size-full wp-image-55718\" src=\"https:\/\/www.ucaldas.edu.co\/portal\/wp-content\/uploads\/2020\/05\/Aula.jpeg\" alt=\"\" width=\"1025\" height=\"512\" srcset=\"https:\/\/www.ucaldas.edu.co\/portal\/wp-content\/uploads\/2020\/05\/Aula.jpeg 1025w, https:\/\/www.ucaldas.edu.co\/portal\/wp-content\/uploads\/2020\/05\/Aula-300x150.jpeg 300w, https:\/\/www.ucaldas.edu.co\/portal\/wp-content\/uploads\/2020\/05\/Aula-768x384.jpeg 768w, https:\/\/www.ucaldas.edu.co\/portal\/wp-content\/uploads\/2020\/05\/Aula-1024x512.jpeg 1024w\" sizes=\"auto, (max-width: 1025px) 100vw, 1025px\" \/><\/p>\n<p>&nbsp;<\/p>\n<p>La Vicerrector\u00eda de investigaciones y Posgrados, la Vicerrector\u00eda Acad\u00e9mica y las 6 Facultades de\u00a0la Universidad de Caldas, socializar\u00e1n los resultados de los proyectos\u00a0de investigaci\u00f3n- creaci\u00f3n en el aula,\u00a0presentados por los docentes de la instituci\u00f3n durante el segundo semestre del a\u00f1o 2019.<\/p>\n<p><!--more--><\/p>\n<p>Esta socializaci\u00f3n tiene como prop\u00f3sito fortalecer la investigaci\u00f3n formativa y propiciar una mejor relaci\u00f3n entre docencia e investigaci\u00f3n e investigaci\u00f3n- creaci\u00f3n, la cual se ha propuesto contribuir e incorporar la pr\u00e1ctica investigativa como estrategia pedag\u00f3gica en el Aula.<\/p>\n<p>La comunidad universitaria podr\u00e1 acceder estos resultados de manera virtual en el sitio web de la Vicerrector\u00eda de Investigaciones y Posgrados alojado en el portal <a href=\"http:\/\/www.ucaldas.edu.co\">http:\/\/www.ucaldas.edu.co<\/a>a partir del 18 de mayo de 2020.<\/p>\n<p>Informes: Oficina de Comunicaciones y Prensa Universidad de Caldas.<br \/>\nRedacci\u00f3n: Daniela S\u00e1nchez R\u00edos<\/p>\n","protected":false},"excerpt":{"rendered":"<p>&nbsp; A PARTIR DEL 18 DE MAYO DE 2020 Vicerrector\u00eda de Investigaciones socializar\u00e1 proyectos de investigaci\u00f3n &#8211; creaci\u00f3n en el aula-\u00a0 07\/05\/2020 &nbsp; La Vicerrector\u00eda de investigaciones y Posgrados, la Vicerrector\u00eda Acad\u00e9mica y las 6 Facultades de\u00a0la Universidad de Caldas, socializar\u00e1n los resultados de los proyectos\u00a0de investigaci\u00f3n- creaci\u00f3n en el aula,\u00a0presentados por los docentes de [&hellip;]<\/p>\n","protected":false},"author":2,"featured_media":55718,"comment_status":"closed","ping_status":"open","sticky":false,"template":"","format":"standard","meta":{"footnotes":""},"categories":[48,53,62],"tags":[302,308,4782],"class_list":["post-55717","post","type-post","status-publish","format-standard","has-post-thumbnail","hentry","category-actualidad","category-universidad-al-dia","category-eventos","tag-socializacion","tag-investigacion-en-el-aula","tag-investigacion-formativa"],"yoast_head":"<!-- This site is optimized with the Yoast SEO plugin v27.5 - https:\/\/yoast.com\/product\/yoast-seo-wordpress\/ -->\n<title>Vicerrector\u00eda de Investigaciones socializar\u00e1 proyectos de investigaci\u00f3n - creaci\u00f3n en el aula - .<\/title>\n<meta name=\"robots\" content=\"index, follow, max-snippet:-1, max-image-preview:large, max-video-preview:-1\" \/>\n<link rel=\"canonical\" href=\"https:\/\/www.ucaldas.edu.co\/portal\/vicerrectoria-de-investigaciones-socializara-proyectos-de-investigacion-creacion-en-el-aula\/\" \/>\n<script type=\"application\/ld+json\" class=\"yoast-schema-graph\">{\"@context\":\"https:\\\/\\\/schema.org\",\"@graph\":[{\"@type\":\"Article\",\"@id\":\"https:\\\/\\\/www.ucaldas.edu.co\\\/portal\\\/vicerrectoria-de-investigaciones-socializara-proyectos-de-investigacion-creacion-en-el-aula\\\/#article\",\"isPartOf\":{\"@id\":\"https:\\\/\\\/www.ucaldas.edu.co\\\/portal\\\/vicerrectoria-de-investigaciones-socializara-proyectos-de-investigacion-creacion-en-el-aula\\\/\"},\"author\":{\"name\":\"ofiprensa\",\"@id\":\"https:\\\/\\\/www.ucaldas.edu.co\\\/portal\\\/#\\\/schema\\\/person\\\/a1b482e23449158b4bc319926c074fdf\"},\"headline\":\"Vicerrector\u00eda de Investigaciones socializar\u00e1 proyectos de investigaci\u00f3n &#8211; creaci\u00f3n en el aula &#8211;\",\"datePublished\":\"2020-05-08T03:44:03+00:00\",\"mainEntityOfPage\":{\"@id\":\"https:\\\/\\\/www.ucaldas.edu.co\\\/portal\\\/vicerrectoria-de-investigaciones-socializara-proyectos-de-investigacion-creacion-en-el-aula\\\/\"},\"wordCount\":188,\"publisher\":{\"@id\":\"https:\\\/\\\/www.ucaldas.edu.co\\\/portal\\\/#organization\"},\"image\":{\"@id\":\"https:\\\/\\\/www.ucaldas.edu.co\\\/portal\\\/vicerrectoria-de-investigaciones-socializara-proyectos-de-investigacion-creacion-en-el-aula\\\/#primaryimage\"},\"thumbnailUrl\":\"https:\\\/\\\/www.ucaldas.edu.co\\\/portal\\\/wp-content\\\/uploads\\\/2020\\\/05\\\/Aula.jpeg\",\"keywords\":[\"socializaci\u00f3n\",\"investigaci\u00f3n en el aula\",\"investigaci\u00f3n formativa\"],\"articleSection\":[\"Actualidad\",\"Universidad al D\u00eda\",\"Eventos\"],\"inLanguage\":\"es\"},{\"@type\":\"WebPage\",\"@id\":\"https:\\\/\\\/www.ucaldas.edu.co\\\/portal\\\/vicerrectoria-de-investigaciones-socializara-proyectos-de-investigacion-creacion-en-el-aula\\\/\",\"url\":\"https:\\\/\\\/www.ucaldas.edu.co\\\/portal\\\/vicerrectoria-de-investigaciones-socializara-proyectos-de-investigacion-creacion-en-el-aula\\\/\",\"name\":\"Vicerrector\u00eda de Investigaciones socializar\u00e1 proyectos de investigaci\u00f3n - creaci\u00f3n en el aula - .\",\"isPartOf\":{\"@id\":\"https:\\\/\\\/www.ucaldas.edu.co\\\/portal\\\/#website\"},\"primaryImageOfPage\":{\"@id\":\"https:\\\/\\\/www.ucaldas.edu.co\\\/portal\\\/vicerrectoria-de-investigaciones-socializara-proyectos-de-investigacion-creacion-en-el-aula\\\/#primaryimage\"},\"image\":{\"@id\":\"https:\\\/\\\/www.ucaldas.edu.co\\\/portal\\\/vicerrectoria-de-investigaciones-socializara-proyectos-de-investigacion-creacion-en-el-aula\\\/#primaryimage\"},\"thumbnailUrl\":\"https:\\\/\\\/www.ucaldas.edu.co\\\/portal\\\/wp-content\\\/uploads\\\/2020\\\/05\\\/Aula.jpeg\",\"datePublished\":\"2020-05-08T03:44:03+00:00\",\"breadcrumb\":{\"@id\":\"https:\\\/\\\/www.ucaldas.edu.co\\\/portal\\\/vicerrectoria-de-investigaciones-socializara-proyectos-de-investigacion-creacion-en-el-aula\\\/#breadcrumb\"},\"inLanguage\":\"es\",\"potentialAction\":[{\"@type\":\"ReadAction\",\"target\":[\"https:\\\/\\\/www.ucaldas.edu.co\\\/portal\\\/vicerrectoria-de-investigaciones-socializara-proyectos-de-investigacion-creacion-en-el-aula\\\/\"]}]},{\"@type\":\"ImageObject\",\"inLanguage\":\"es\",\"@id\":\"https:\\\/\\\/www.ucaldas.edu.co\\\/portal\\\/vicerrectoria-de-investigaciones-socializara-proyectos-de-investigacion-creacion-en-el-aula\\\/#primaryimage\",\"url\":\"https:\\\/\\\/www.ucaldas.edu.co\\\/portal\\\/wp-content\\\/uploads\\\/2020\\\/05\\\/Aula.jpeg\",\"contentUrl\":\"https:\\\/\\\/www.ucaldas.edu.co\\\/portal\\\/wp-content\\\/uploads\\\/2020\\\/05\\\/Aula.jpeg\",\"width\":1025,\"height\":512},{\"@type\":\"BreadcrumbList\",\"@id\":\"https:\\\/\\\/www.ucaldas.edu.co\\\/portal\\\/vicerrectoria-de-investigaciones-socializara-proyectos-de-investigacion-creacion-en-el-aula\\\/#breadcrumb\",\"itemListElement\":[{\"@type\":\"ListItem\",\"position\":1,\"name\":\"Portada\",\"item\":\"https:\\\/\\\/www.ucaldas.edu.co\\\/portal\\\/\"},{\"@type\":\"ListItem\",\"position\":2,\"name\":\"Vicerrector\u00eda de Investigaciones socializar\u00e1 proyectos de investigaci\u00f3n &#8211; creaci\u00f3n en el aula &#8211;\"}]},{\"@type\":\"WebSite\",\"@id\":\"https:\\\/\\\/www.ucaldas.edu.co\\\/portal\\\/#website\",\"url\":\"https:\\\/\\\/www.ucaldas.edu.co\\\/portal\\\/\",\"name\":\"Universidad de Caldas\",\"description\":\"\",\"publisher\":{\"@id\":\"https:\\\/\\\/www.ucaldas.edu.co\\\/portal\\\/#organization\"},\"alternateName\":\"U. de Caldas\",\"potentialAction\":[{\"@type\":\"SearchAction\",\"target\":{\"@type\":\"EntryPoint\",\"urlTemplate\":\"https:\\\/\\\/www.ucaldas.edu.co\\\/portal\\\/?s={search_term_string}\"},\"query-input\":{\"@type\":\"PropertyValueSpecification\",\"valueRequired\":true,\"valueName\":\"search_term_string\"}}],\"inLanguage\":\"es\"},{\"@type\":\"Organization\",\"@id\":\"https:\\\/\\\/www.ucaldas.edu.co\\\/portal\\\/#organization\",\"name\":\"Universidad de Caldas\",\"alternateName\":\"U. de Caldas\",\"url\":\"https:\\\/\\\/www.ucaldas.edu.co\\\/portal\\\/\",\"logo\":{\"@type\":\"ImageObject\",\"inLanguage\":\"es\",\"@id\":\"https:\\\/\\\/www.ucaldas.edu.co\\\/portal\\\/#\\\/schema\\\/logo\\\/image\\\/\",\"url\":\"https:\\\/\\\/www.ucaldas.edu.co\\\/portal\\\/wp-content\\\/uploads\\\/2023\\\/11\\\/Logo_horizontal_oscuroU-2023.png\",\"contentUrl\":\"https:\\\/\\\/www.ucaldas.edu.co\\\/portal\\\/wp-content\\\/uploads\\\/2023\\\/11\\\/Logo_horizontal_oscuroU-2023.png\",\"width\":263,\"height\":101,\"caption\":\"Universidad de Caldas\"},\"image\":{\"@id\":\"https:\\\/\\\/www.ucaldas.edu.co\\\/portal\\\/#\\\/schema\\\/logo\\\/image\\\/\"},\"sameAs\":[\"https:\\\/\\\/www.facebook.com\\\/udecaldas\",\"https:\\\/\\\/x.com\\\/udecaldas\",\"https:\\\/\\\/www.youtube.com\\\/universidadcaldas\",\"https:\\\/\\\/www.instagram.com\\\/udecaldas\\\/\"]},{\"@type\":\"Person\",\"@id\":\"https:\\\/\\\/www.ucaldas.edu.co\\\/portal\\\/#\\\/schema\\\/person\\\/a1b482e23449158b4bc319926c074fdf\",\"name\":\"ofiprensa\",\"image\":{\"@type\":\"ImageObject\",\"inLanguage\":\"es\",\"@id\":\"https:\\\/\\\/www.ucaldas.edu.co\\\/portal\\\/wp-content\\\/litespeed\\\/avatar\\\/09ea5085e600095a7a811142c6944527.jpg?ver=1777497608\",\"url\":\"https:\\\/\\\/www.ucaldas.edu.co\\\/portal\\\/wp-content\\\/litespeed\\\/avatar\\\/09ea5085e600095a7a811142c6944527.jpg?ver=1777497608\",\"contentUrl\":\"https:\\\/\\\/www.ucaldas.edu.co\\\/portal\\\/wp-content\\\/litespeed\\\/avatar\\\/09ea5085e600095a7a811142c6944527.jpg?ver=1777497608\",\"caption\":\"ofiprensa\"},\"url\":\"https:\\\/\\\/www.ucaldas.edu.co\\\/portal\\\/author\\\/ofiprensa\\\/\"}]}<\/script>\n<!-- \/ Yoast SEO plugin. -->","yoast_head_json":{"title":"Vicerrector\u00eda de Investigaciones socializar\u00e1 proyectos de investigaci\u00f3n - creaci\u00f3n en el aula - .","robots":{"index":"index","follow":"follow","max-snippet":"max-snippet:-1","max-image-preview":"max-image-preview:large","max-video-preview":"max-video-preview:-1"},"canonical":"https:\/\/www.ucaldas.edu.co\/portal\/vicerrectoria-de-investigaciones-socializara-proyectos-de-investigacion-creacion-en-el-aula\/","schema":{"@context":"https:\/\/schema.org","@graph":[{"@type":"Article","@id":"https:\/\/www.ucaldas.edu.co\/portal\/vicerrectoria-de-investigaciones-socializara-proyectos-de-investigacion-creacion-en-el-aula\/#article","isPartOf":{"@id":"https:\/\/www.ucaldas.edu.co\/portal\/vicerrectoria-de-investigaciones-socializara-proyectos-de-investigacion-creacion-en-el-aula\/"},"author":{"name":"ofiprensa","@id":"https:\/\/www.ucaldas.edu.co\/portal\/#\/schema\/person\/a1b482e23449158b4bc319926c074fdf"},"headline":"Vicerrector\u00eda de Investigaciones socializar\u00e1 proyectos de investigaci\u00f3n &#8211; creaci\u00f3n en el aula &#8211;","datePublished":"2020-05-08T03:44:03+00:00","mainEntityOfPage":{"@id":"https:\/\/www.ucaldas.edu.co\/portal\/vicerrectoria-de-investigaciones-socializara-proyectos-de-investigacion-creacion-en-el-aula\/"},"wordCount":188,"publisher":{"@id":"https:\/\/www.ucaldas.edu.co\/portal\/#organization"},"image":{"@id":"https:\/\/www.ucaldas.edu.co\/portal\/vicerrectoria-de-investigaciones-socializara-proyectos-de-investigacion-creacion-en-el-aula\/#primaryimage"},"thumbnailUrl":"https:\/\/www.ucaldas.edu.co\/portal\/wp-content\/uploads\/2020\/05\/Aula.jpeg","keywords":["socializaci\u00f3n","investigaci\u00f3n en el aula","investigaci\u00f3n formativa"],"articleSection":["Actualidad","Universidad al D\u00eda","Eventos"],"inLanguage":"es"},{"@type":"WebPage","@id":"https:\/\/www.ucaldas.edu.co\/portal\/vicerrectoria-de-investigaciones-socializara-proyectos-de-investigacion-creacion-en-el-aula\/","url":"https:\/\/www.ucaldas.edu.co\/portal\/vicerrectoria-de-investigaciones-socializara-proyectos-de-investigacion-creacion-en-el-aula\/","name":"Vicerrector\u00eda de Investigaciones socializar\u00e1 proyectos de investigaci\u00f3n - creaci\u00f3n en el aula - .","isPartOf":{"@id":"https:\/\/www.ucaldas.edu.co\/portal\/#website"},"primaryImageOfPage":{"@id":"https:\/\/www.ucaldas.edu.co\/portal\/vicerrectoria-de-investigaciones-socializara-proyectos-de-investigacion-creacion-en-el-aula\/#primaryimage"},"image":{"@id":"https:\/\/www.ucaldas.edu.co\/portal\/vicerrectoria-de-investigaciones-socializara-proyectos-de-investigacion-creacion-en-el-aula\/#primaryimage"},"thumbnailUrl":"https:\/\/www.ucaldas.edu.co\/portal\/wp-content\/uploads\/2020\/05\/Aula.jpeg","datePublished":"2020-05-08T03:44:03+00:00","breadcrumb":{"@id":"https:\/\/www.ucaldas.edu.co\/portal\/vicerrectoria-de-investigaciones-socializara-proyectos-de-investigacion-creacion-en-el-aula\/#breadcrumb"},"inLanguage":"es","potentialAction":[{"@type":"ReadAction","target":["https:\/\/www.ucaldas.edu.co\/portal\/vicerrectoria-de-investigaciones-socializara-proyectos-de-investigacion-creacion-en-el-aula\/"]}]},{"@type":"ImageObject","inLanguage":"es","@id":"https:\/\/www.ucaldas.edu.co\/portal\/vicerrectoria-de-investigaciones-socializara-proyectos-de-investigacion-creacion-en-el-aula\/#primaryimage","url":"https:\/\/www.ucaldas.edu.co\/portal\/wp-content\/uploads\/2020\/05\/Aula.jpeg","contentUrl":"https:\/\/www.ucaldas.edu.co\/portal\/wp-content\/uploads\/2020\/05\/Aula.jpeg","width":1025,"height":512},{"@type":"BreadcrumbList","@id":"https:\/\/www.ucaldas.edu.co\/portal\/vicerrectoria-de-investigaciones-socializara-proyectos-de-investigacion-creacion-en-el-aula\/#breadcrumb","itemListElement":[{"@type":"ListItem","position":1,"name":"Portada","item":"https:\/\/www.ucaldas.edu.co\/portal\/"},{"@type":"ListItem","position":2,"name":"Vicerrector\u00eda de Investigaciones socializar\u00e1 proyectos de investigaci\u00f3n &#8211; creaci\u00f3n en el aula &#8211;"}]},{"@type":"WebSite","@id":"https:\/\/www.ucaldas.edu.co\/portal\/#website","url":"https:\/\/www.ucaldas.edu.co\/portal\/","name":"Universidad de Caldas","description":"","publisher":{"@id":"https:\/\/www.ucaldas.edu.co\/portal\/#organization"},"alternateName":"U. de Caldas","potentialAction":[{"@type":"SearchAction","target":{"@type":"EntryPoint","urlTemplate":"https:\/\/www.ucaldas.edu.co\/portal\/?s={search_term_string}"},"query-input":{"@type":"PropertyValueSpecification","valueRequired":true,"valueName":"search_term_string"}}],"inLanguage":"es"},{"@type":"Organization","@id":"https:\/\/www.ucaldas.edu.co\/portal\/#organization","name":"Universidad de Caldas","alternateName":"U. de Caldas","url":"https:\/\/www.ucaldas.edu.co\/portal\/","logo":{"@type":"ImageObject","inLanguage":"es","@id":"https:\/\/www.ucaldas.edu.co\/portal\/#\/schema\/logo\/image\/","url":"https:\/\/www.ucaldas.edu.co\/portal\/wp-content\/uploads\/2023\/11\/Logo_horizontal_oscuroU-2023.png","contentUrl":"https:\/\/www.ucaldas.edu.co\/portal\/wp-content\/uploads\/2023\/11\/Logo_horizontal_oscuroU-2023.png","width":263,"height":101,"caption":"Universidad de Caldas"},"image":{"@id":"https:\/\/www.ucaldas.edu.co\/portal\/#\/schema\/logo\/image\/"},"sameAs":["https:\/\/www.facebook.com\/udecaldas","https:\/\/x.com\/udecaldas","https:\/\/www.youtube.com\/universidadcaldas","https:\/\/www.instagram.com\/udecaldas\/"]},{"@type":"Person","@id":"https:\/\/www.ucaldas.edu.co\/portal\/#\/schema\/person\/a1b482e23449158b4bc319926c074fdf","name":"ofiprensa","image":{"@type":"ImageObject","inLanguage":"es","@id":"https:\/\/www.ucaldas.edu.co\/portal\/wp-content\/litespeed\/avatar\/09ea5085e600095a7a811142c6944527.jpg?ver=1777497608","url":"https:\/\/www.ucaldas.edu.co\/portal\/wp-content\/litespeed\/avatar\/09ea5085e600095a7a811142c6944527.jpg?ver=1777497608","contentUrl":"https:\/\/www.ucaldas.edu.co\/portal\/wp-content\/litespeed\/avatar\/09ea5085e600095a7a811142c6944527.jpg?ver=1777497608","caption":"ofiprensa"},"url":"https:\/\/www.ucaldas.edu.co\/portal\/author\/ofiprensa\/"}]}},"_links":{"self":[{"href":"https:\/\/www.ucaldas.edu.co\/portal\/wp-json\/wp\/v2\/posts\/55717","targetHints":{"allow":["GET"]}}],"collection":[{"href":"https:\/\/www.ucaldas.edu.co\/portal\/wp-json\/wp\/v2\/posts"}],"about":[{"href":"https:\/\/www.ucaldas.edu.co\/portal\/wp-json\/wp\/v2\/types\/post"}],"author":[{"embeddable":true,"href":"https:\/\/www.ucaldas.edu.co\/portal\/wp-json\/wp\/v2\/users\/2"}],"replies":[{"embeddable":true,"href":"https:\/\/www.ucaldas.edu.co\/portal\/wp-json\/wp\/v2\/comments?post=55717"}],"version-history":[{"count":0,"href":"https:\/\/www.ucaldas.edu.co\/portal\/wp-json\/wp\/v2\/posts\/55717\/revisions"}],"wp:featuredmedia":[{"embeddable":true,"href":"https:\/\/www.ucaldas.edu.co\/portal\/wp-json\/wp\/v2\/media\/55718"}],"wp:attachment":[{"href":"https:\/\/www.ucaldas.edu.co\/portal\/wp-json\/wp\/v2\/media?parent=55717"}],"wp:term":[{"taxonomy":"category","embeddable":true,"href":"https:\/\/www.ucaldas.edu.co\/portal\/wp-json\/wp\/v2\/categories?post=55717"},{"taxonomy":"post_tag","embeddable":true,"href":"https:\/\/www.ucaldas.edu.co\/portal\/wp-json\/wp\/v2\/tags?post=55717"}],"curies":[{"name":"wp","href":"https:\/\/api.w.org\/{rel}","templated":true}]}}