{"id":55578,"date":"2020-05-05T01:04:43","date_gmt":"2020-05-05T01:04:43","guid":{"rendered":"https:\/\/www.ucaldas.edu.co\/portal\/?p=55578"},"modified":"2020-05-05T17:07:58","modified_gmt":"2020-05-05T17:07:58","slug":"convocatoria-proceso-de-seleccion-como-asistente-juridico-secretaria-general-de-la-u-de-caldas","status":"publish","type":"post","link":"https:\/\/www.ucaldas.edu.co\/portal\/convocatoria-proceso-de-seleccion-como-asistente-juridico-secretaria-general-de-la-u-de-caldas\/","title":{"rendered":"Convocatoria proceso de selecci\u00f3n como asistente jur\u00eddico Secretaria General de la U. de Caldas"},"content":{"rendered":"<p style=\"text-align: center;\">SE BUSCA PROVEER CUATRO \u00a04 PLAZAS REMUNERADAS<\/p>\n<p style=\"text-align: center;\"><strong><b>Convocatoria proceso de selecci\u00f3n como asistente jur\u00eddico Secretaria General de la U. de Caldas<\/b><\/strong><\/p>\n<p style=\"text-align: right;\">04\/05\/2020<\/p>\n<p><img loading=\"lazy\" decoding=\"async\" class=\"alignnone size-full wp-image-55579\" src=\"https:\/\/www.ucaldas.edu.co\/portal\/wp-content\/uploads\/2020\/05\/Convocatoria-para-asistente-jur\u00eddico.png\" alt=\"\" width=\"1024\" height=\"512\" srcset=\"https:\/\/www.ucaldas.edu.co\/portal\/wp-content\/uploads\/2020\/05\/Convocatoria-para-asistente-jur\u00eddico.png 1024w, https:\/\/www.ucaldas.edu.co\/portal\/wp-content\/uploads\/2020\/05\/Convocatoria-para-asistente-jur\u00eddico-300x150.png 300w, https:\/\/www.ucaldas.edu.co\/portal\/wp-content\/uploads\/2020\/05\/Convocatoria-para-asistente-jur\u00eddico-768x384.png 768w\" sizes=\"auto, (max-width: 1024px) 100vw, 1024px\" \/><\/p>\n<p>La Secretaria General de la Universidad de Caldas, convoca \u00a0a los estudiantes del programa de derecho de la instituci\u00f3n\u00a0que hayan culminado su plan de estudios (egresados no graduados), al proceso de selecci\u00f3n para proveer cuatro (4) plazas remuneradas como asistentes jur\u00eddicos en la Secretar\u00eda General, cuya labor servir\u00e1 para acreditar el requisito de grado de judicatura, mediante una vinculaci\u00f3n legal y reglamentaria por el t\u00e9rmino de un (1) a\u00f1o.<\/p>\n<p><!--more--><\/p>\n<p>El proceso de selecci\u00f3n de los aspirantes a asistentes jur\u00eddicos de la Secretar\u00eda General est\u00e1 conformado por las siguientes etapas:<\/p>\n<ul>\n<li>Divulgaci\u00f3n del proceso de selecci\u00f3n.<\/li>\n<li>Inscripci\u00f3n y entrega de documentos.<\/li>\n<li>Publicaci\u00f3n de la lista de admitidos y no admitidos<\/li>\n<li>Reclamaciones a lista de admitidos y no admitidos<\/li>\n<li>Respuesta a las reclamaciones.<\/li>\n<li>Prueba oral.<\/li>\n<li>Publicaci\u00f3n listado aspirantes elegidos<\/li>\n<li>Nombramiento y posesi\u00f3n<\/li>\n<\/ul>\n<p>Podr\u00e1n participar en el presente proceso de selecci\u00f3n quienes cumplan con los requisitos m\u00ednimos\u00a0tales como : ser egresado no graduado del programa acad\u00e9mico de derecho de la Universidad de Caldas, contar con un promedio general de su carrera profesional igual o superior a tres punto cinco (3.5), no haber realizado m\u00e1s de la tercera parte de su judicatura en ninguna otra entidad y no encontrarse adelantando el trabajo de grado (monograf\u00eda-tesis).<\/p>\n<p>&nbsp;<\/p>\n<p>Para mayor informaci\u00f3n consulte la resoluci\u00f3n completa<\/p>\n<p><a href=\"https:\/\/www.ucaldas.edu.co\/portal\/convocatoria-de-judicantes-2020-2021-2\/\">https:\/\/www.ucaldas.edu.co\/portal\/convocatoria-de-judicantes-2020-2021-2\/<\/a><\/p>\n<p><strong><b>Informes<\/b><\/strong>: Oficina de Comunicaciones y Prensa Universidad de Caldas<\/p>\n<p><strong><b>Redacci\u00f3n:<\/b><\/strong>\u00a0Adriana Salazar Villegas<\/p>\n<p>&nbsp;<\/p>\n","protected":false},"excerpt":{"rendered":"<p>SE BUSCA PROVEER CUATRO \u00a04 PLAZAS REMUNERADAS Convocatoria proceso de selecci\u00f3n como asistente jur\u00eddico Secretaria General de la U. de Caldas 04\/05\/2020 La Secretaria General de la Universidad de Caldas, convoca \u00a0a los estudiantes del programa de derecho de la instituci\u00f3n\u00a0que hayan culminado su plan de estudios (egresados no graduados), al proceso de selecci\u00f3n para [&hellip;]<\/p>\n","protected":false},"author":2,"featured_media":55579,"comment_status":"closed","ping_status":"open","sticky":false,"template":"","format":"standard","meta":{"footnotes":""},"categories":[48,53],"tags":[77,141,149,3499,4639],"class_list":["post-55578","post","type-post","status-publish","format-standard","has-post-thumbnail","hentry","category-actualidad","category-universidad-al-dia","tag-administracion","tag-convocatoria","tag-derecho","tag-requisitos","tag-judicantes"],"yoast_head":"<!-- This site is optimized with the Yoast SEO plugin v27.5 - https:\/\/yoast.com\/product\/yoast-seo-wordpress\/ -->\n<title>Convocatoria proceso de selecci\u00f3n como asistente jur\u00eddico Secretaria General de la U. de Caldas .<\/title>\n<meta name=\"robots\" content=\"index, follow, max-snippet:-1, max-image-preview:large, max-video-preview:-1\" \/>\n<link rel=\"canonical\" href=\"https:\/\/www.ucaldas.edu.co\/portal\/convocatoria-proceso-de-seleccion-como-asistente-juridico-secretaria-general-de-la-u-de-caldas\/\" \/>\n<script type=\"application\/ld+json\" class=\"yoast-schema-graph\">{\"@context\":\"https:\\\/\\\/schema.org\",\"@graph\":[{\"@type\":\"Article\",\"@id\":\"https:\\\/\\\/www.ucaldas.edu.co\\\/portal\\\/convocatoria-proceso-de-seleccion-como-asistente-juridico-secretaria-general-de-la-u-de-caldas\\\/#article\",\"isPartOf\":{\"@id\":\"https:\\\/\\\/www.ucaldas.edu.co\\\/portal\\\/convocatoria-proceso-de-seleccion-como-asistente-juridico-secretaria-general-de-la-u-de-caldas\\\/\"},\"author\":{\"name\":\"ofiprensa\",\"@id\":\"https:\\\/\\\/www.ucaldas.edu.co\\\/portal\\\/#\\\/schema\\\/person\\\/a1b482e23449158b4bc319926c074fdf\"},\"headline\":\"Convocatoria proceso de selecci\u00f3n como asistente jur\u00eddico Secretaria General de la U. de Caldas\",\"datePublished\":\"2020-05-05T01:04:43+00:00\",\"dateModified\":\"2020-05-05T17:07:58+00:00\",\"mainEntityOfPage\":{\"@id\":\"https:\\\/\\\/www.ucaldas.edu.co\\\/portal\\\/convocatoria-proceso-de-seleccion-como-asistente-juridico-secretaria-general-de-la-u-de-caldas\\\/\"},\"wordCount\":292,\"publisher\":{\"@id\":\"https:\\\/\\\/www.ucaldas.edu.co\\\/portal\\\/#organization\"},\"image\":{\"@id\":\"https:\\\/\\\/www.ucaldas.edu.co\\\/portal\\\/convocatoria-proceso-de-seleccion-como-asistente-juridico-secretaria-general-de-la-u-de-caldas\\\/#primaryimage\"},\"thumbnailUrl\":\"https:\\\/\\\/www.ucaldas.edu.co\\\/portal\\\/wp-content\\\/uploads\\\/2020\\\/05\\\/Convocatoria-para-asistente-jur\u00eddico.png\",\"keywords\":[\"Administraci\u00f3n\",\"Convocatoria\",\"derecho\",\"requisitos\",\"judicantes\"],\"articleSection\":[\"Actualidad\",\"Universidad al D\u00eda\"],\"inLanguage\":\"es\"},{\"@type\":\"WebPage\",\"@id\":\"https:\\\/\\\/www.ucaldas.edu.co\\\/portal\\\/convocatoria-proceso-de-seleccion-como-asistente-juridico-secretaria-general-de-la-u-de-caldas\\\/\",\"url\":\"https:\\\/\\\/www.ucaldas.edu.co\\\/portal\\\/convocatoria-proceso-de-seleccion-como-asistente-juridico-secretaria-general-de-la-u-de-caldas\\\/\",\"name\":\"Convocatoria proceso de selecci\u00f3n como asistente jur\u00eddico Secretaria General de la U. de Caldas .\",\"isPartOf\":{\"@id\":\"https:\\\/\\\/www.ucaldas.edu.co\\\/portal\\\/#website\"},\"primaryImageOfPage\":{\"@id\":\"https:\\\/\\\/www.ucaldas.edu.co\\\/portal\\\/convocatoria-proceso-de-seleccion-como-asistente-juridico-secretaria-general-de-la-u-de-caldas\\\/#primaryimage\"},\"image\":{\"@id\":\"https:\\\/\\\/www.ucaldas.edu.co\\\/portal\\\/convocatoria-proceso-de-seleccion-como-asistente-juridico-secretaria-general-de-la-u-de-caldas\\\/#primaryimage\"},\"thumbnailUrl\":\"https:\\\/\\\/www.ucaldas.edu.co\\\/portal\\\/wp-content\\\/uploads\\\/2020\\\/05\\\/Convocatoria-para-asistente-jur\u00eddico.png\",\"datePublished\":\"2020-05-05T01:04:43+00:00\",\"dateModified\":\"2020-05-05T17:07:58+00:00\",\"breadcrumb\":{\"@id\":\"https:\\\/\\\/www.ucaldas.edu.co\\\/portal\\\/convocatoria-proceso-de-seleccion-como-asistente-juridico-secretaria-general-de-la-u-de-caldas\\\/#breadcrumb\"},\"inLanguage\":\"es\",\"potentialAction\":[{\"@type\":\"ReadAction\",\"target\":[\"https:\\\/\\\/www.ucaldas.edu.co\\\/portal\\\/convocatoria-proceso-de-seleccion-como-asistente-juridico-secretaria-general-de-la-u-de-caldas\\\/\"]}]},{\"@type\":\"ImageObject\",\"inLanguage\":\"es\",\"@id\":\"https:\\\/\\\/www.ucaldas.edu.co\\\/portal\\\/convocatoria-proceso-de-seleccion-como-asistente-juridico-secretaria-general-de-la-u-de-caldas\\\/#primaryimage\",\"url\":\"https:\\\/\\\/www.ucaldas.edu.co\\\/portal\\\/wp-content\\\/uploads\\\/2020\\\/05\\\/Convocatoria-para-asistente-jur\u00eddico.png\",\"contentUrl\":\"https:\\\/\\\/www.ucaldas.edu.co\\\/portal\\\/wp-content\\\/uploads\\\/2020\\\/05\\\/Convocatoria-para-asistente-jur\u00eddico.png\",\"width\":1024,\"height\":512},{\"@type\":\"BreadcrumbList\",\"@id\":\"https:\\\/\\\/www.ucaldas.edu.co\\\/portal\\\/convocatoria-proceso-de-seleccion-como-asistente-juridico-secretaria-general-de-la-u-de-caldas\\\/#breadcrumb\",\"itemListElement\":[{\"@type\":\"ListItem\",\"position\":1,\"name\":\"Portada\",\"item\":\"https:\\\/\\\/www.ucaldas.edu.co\\\/portal\\\/\"},{\"@type\":\"ListItem\",\"position\":2,\"name\":\"Convocatoria proceso de selecci\u00f3n como asistente jur\u00eddico Secretaria General de la U. de Caldas\"}]},{\"@type\":\"WebSite\",\"@id\":\"https:\\\/\\\/www.ucaldas.edu.co\\\/portal\\\/#website\",\"url\":\"https:\\\/\\\/www.ucaldas.edu.co\\\/portal\\\/\",\"name\":\"Universidad de Caldas\",\"description\":\"\",\"publisher\":{\"@id\":\"https:\\\/\\\/www.ucaldas.edu.co\\\/portal\\\/#organization\"},\"alternateName\":\"U. de Caldas\",\"potentialAction\":[{\"@type\":\"SearchAction\",\"target\":{\"@type\":\"EntryPoint\",\"urlTemplate\":\"https:\\\/\\\/www.ucaldas.edu.co\\\/portal\\\/?s={search_term_string}\"},\"query-input\":{\"@type\":\"PropertyValueSpecification\",\"valueRequired\":true,\"valueName\":\"search_term_string\"}}],\"inLanguage\":\"es\"},{\"@type\":\"Organization\",\"@id\":\"https:\\\/\\\/www.ucaldas.edu.co\\\/portal\\\/#organization\",\"name\":\"Universidad de Caldas\",\"alternateName\":\"U. de Caldas\",\"url\":\"https:\\\/\\\/www.ucaldas.edu.co\\\/portal\\\/\",\"logo\":{\"@type\":\"ImageObject\",\"inLanguage\":\"es\",\"@id\":\"https:\\\/\\\/www.ucaldas.edu.co\\\/portal\\\/#\\\/schema\\\/logo\\\/image\\\/\",\"url\":\"https:\\\/\\\/www.ucaldas.edu.co\\\/portal\\\/wp-content\\\/uploads\\\/2023\\\/11\\\/Logo_horizontal_oscuroU-2023.png\",\"contentUrl\":\"https:\\\/\\\/www.ucaldas.edu.co\\\/portal\\\/wp-content\\\/uploads\\\/2023\\\/11\\\/Logo_horizontal_oscuroU-2023.png\",\"width\":263,\"height\":101,\"caption\":\"Universidad de Caldas\"},\"image\":{\"@id\":\"https:\\\/\\\/www.ucaldas.edu.co\\\/portal\\\/#\\\/schema\\\/logo\\\/image\\\/\"},\"sameAs\":[\"https:\\\/\\\/www.facebook.com\\\/udecaldas\",\"https:\\\/\\\/x.com\\\/udecaldas\",\"https:\\\/\\\/www.youtube.com\\\/universidadcaldas\",\"https:\\\/\\\/www.instagram.com\\\/udecaldas\\\/\"]},{\"@type\":\"Person\",\"@id\":\"https:\\\/\\\/www.ucaldas.edu.co\\\/portal\\\/#\\\/schema\\\/person\\\/a1b482e23449158b4bc319926c074fdf\",\"name\":\"ofiprensa\",\"image\":{\"@type\":\"ImageObject\",\"inLanguage\":\"es\",\"@id\":\"https:\\\/\\\/www.ucaldas.edu.co\\\/portal\\\/wp-content\\\/litespeed\\\/avatar\\\/09ea5085e600095a7a811142c6944527.jpg?ver=1777497608\",\"url\":\"https:\\\/\\\/www.ucaldas.edu.co\\\/portal\\\/wp-content\\\/litespeed\\\/avatar\\\/09ea5085e600095a7a811142c6944527.jpg?ver=1777497608\",\"contentUrl\":\"https:\\\/\\\/www.ucaldas.edu.co\\\/portal\\\/wp-content\\\/litespeed\\\/avatar\\\/09ea5085e600095a7a811142c6944527.jpg?ver=1777497608\",\"caption\":\"ofiprensa\"},\"url\":\"https:\\\/\\\/www.ucaldas.edu.co\\\/portal\\\/author\\\/ofiprensa\\\/\"}]}<\/script>\n<!-- \/ Yoast SEO plugin. -->","yoast_head_json":{"title":"Convocatoria proceso de selecci\u00f3n como asistente jur\u00eddico Secretaria General de la U. de Caldas .","robots":{"index":"index","follow":"follow","max-snippet":"max-snippet:-1","max-image-preview":"max-image-preview:large","max-video-preview":"max-video-preview:-1"},"canonical":"https:\/\/www.ucaldas.edu.co\/portal\/convocatoria-proceso-de-seleccion-como-asistente-juridico-secretaria-general-de-la-u-de-caldas\/","schema":{"@context":"https:\/\/schema.org","@graph":[{"@type":"Article","@id":"https:\/\/www.ucaldas.edu.co\/portal\/convocatoria-proceso-de-seleccion-como-asistente-juridico-secretaria-general-de-la-u-de-caldas\/#article","isPartOf":{"@id":"https:\/\/www.ucaldas.edu.co\/portal\/convocatoria-proceso-de-seleccion-como-asistente-juridico-secretaria-general-de-la-u-de-caldas\/"},"author":{"name":"ofiprensa","@id":"https:\/\/www.ucaldas.edu.co\/portal\/#\/schema\/person\/a1b482e23449158b4bc319926c074fdf"},"headline":"Convocatoria proceso de selecci\u00f3n como asistente jur\u00eddico Secretaria General de la U. de Caldas","datePublished":"2020-05-05T01:04:43+00:00","dateModified":"2020-05-05T17:07:58+00:00","mainEntityOfPage":{"@id":"https:\/\/www.ucaldas.edu.co\/portal\/convocatoria-proceso-de-seleccion-como-asistente-juridico-secretaria-general-de-la-u-de-caldas\/"},"wordCount":292,"publisher":{"@id":"https:\/\/www.ucaldas.edu.co\/portal\/#organization"},"image":{"@id":"https:\/\/www.ucaldas.edu.co\/portal\/convocatoria-proceso-de-seleccion-como-asistente-juridico-secretaria-general-de-la-u-de-caldas\/#primaryimage"},"thumbnailUrl":"https:\/\/www.ucaldas.edu.co\/portal\/wp-content\/uploads\/2020\/05\/Convocatoria-para-asistente-jur\u00eddico.png","keywords":["Administraci\u00f3n","Convocatoria","derecho","requisitos","judicantes"],"articleSection":["Actualidad","Universidad al D\u00eda"],"inLanguage":"es"},{"@type":"WebPage","@id":"https:\/\/www.ucaldas.edu.co\/portal\/convocatoria-proceso-de-seleccion-como-asistente-juridico-secretaria-general-de-la-u-de-caldas\/","url":"https:\/\/www.ucaldas.edu.co\/portal\/convocatoria-proceso-de-seleccion-como-asistente-juridico-secretaria-general-de-la-u-de-caldas\/","name":"Convocatoria proceso de selecci\u00f3n como asistente jur\u00eddico Secretaria General de la U. de Caldas .","isPartOf":{"@id":"https:\/\/www.ucaldas.edu.co\/portal\/#website"},"primaryImageOfPage":{"@id":"https:\/\/www.ucaldas.edu.co\/portal\/convocatoria-proceso-de-seleccion-como-asistente-juridico-secretaria-general-de-la-u-de-caldas\/#primaryimage"},"image":{"@id":"https:\/\/www.ucaldas.edu.co\/portal\/convocatoria-proceso-de-seleccion-como-asistente-juridico-secretaria-general-de-la-u-de-caldas\/#primaryimage"},"thumbnailUrl":"https:\/\/www.ucaldas.edu.co\/portal\/wp-content\/uploads\/2020\/05\/Convocatoria-para-asistente-jur\u00eddico.png","datePublished":"2020-05-05T01:04:43+00:00","dateModified":"2020-05-05T17:07:58+00:00","breadcrumb":{"@id":"https:\/\/www.ucaldas.edu.co\/portal\/convocatoria-proceso-de-seleccion-como-asistente-juridico-secretaria-general-de-la-u-de-caldas\/#breadcrumb"},"inLanguage":"es","potentialAction":[{"@type":"ReadAction","target":["https:\/\/www.ucaldas.edu.co\/portal\/convocatoria-proceso-de-seleccion-como-asistente-juridico-secretaria-general-de-la-u-de-caldas\/"]}]},{"@type":"ImageObject","inLanguage":"es","@id":"https:\/\/www.ucaldas.edu.co\/portal\/convocatoria-proceso-de-seleccion-como-asistente-juridico-secretaria-general-de-la-u-de-caldas\/#primaryimage","url":"https:\/\/www.ucaldas.edu.co\/portal\/wp-content\/uploads\/2020\/05\/Convocatoria-para-asistente-jur\u00eddico.png","contentUrl":"https:\/\/www.ucaldas.edu.co\/portal\/wp-content\/uploads\/2020\/05\/Convocatoria-para-asistente-jur\u00eddico.png","width":1024,"height":512},{"@type":"BreadcrumbList","@id":"https:\/\/www.ucaldas.edu.co\/portal\/convocatoria-proceso-de-seleccion-como-asistente-juridico-secretaria-general-de-la-u-de-caldas\/#breadcrumb","itemListElement":[{"@type":"ListItem","position":1,"name":"Portada","item":"https:\/\/www.ucaldas.edu.co\/portal\/"},{"@type":"ListItem","position":2,"name":"Convocatoria proceso de selecci\u00f3n como asistente jur\u00eddico Secretaria General de la U. de Caldas"}]},{"@type":"WebSite","@id":"https:\/\/www.ucaldas.edu.co\/portal\/#website","url":"https:\/\/www.ucaldas.edu.co\/portal\/","name":"Universidad de Caldas","description":"","publisher":{"@id":"https:\/\/www.ucaldas.edu.co\/portal\/#organization"},"alternateName":"U. de Caldas","potentialAction":[{"@type":"SearchAction","target":{"@type":"EntryPoint","urlTemplate":"https:\/\/www.ucaldas.edu.co\/portal\/?s={search_term_string}"},"query-input":{"@type":"PropertyValueSpecification","valueRequired":true,"valueName":"search_term_string"}}],"inLanguage":"es"},{"@type":"Organization","@id":"https:\/\/www.ucaldas.edu.co\/portal\/#organization","name":"Universidad de Caldas","alternateName":"U. de Caldas","url":"https:\/\/www.ucaldas.edu.co\/portal\/","logo":{"@type":"ImageObject","inLanguage":"es","@id":"https:\/\/www.ucaldas.edu.co\/portal\/#\/schema\/logo\/image\/","url":"https:\/\/www.ucaldas.edu.co\/portal\/wp-content\/uploads\/2023\/11\/Logo_horizontal_oscuroU-2023.png","contentUrl":"https:\/\/www.ucaldas.edu.co\/portal\/wp-content\/uploads\/2023\/11\/Logo_horizontal_oscuroU-2023.png","width":263,"height":101,"caption":"Universidad de Caldas"},"image":{"@id":"https:\/\/www.ucaldas.edu.co\/portal\/#\/schema\/logo\/image\/"},"sameAs":["https:\/\/www.facebook.com\/udecaldas","https:\/\/x.com\/udecaldas","https:\/\/www.youtube.com\/universidadcaldas","https:\/\/www.instagram.com\/udecaldas\/"]},{"@type":"Person","@id":"https:\/\/www.ucaldas.edu.co\/portal\/#\/schema\/person\/a1b482e23449158b4bc319926c074fdf","name":"ofiprensa","image":{"@type":"ImageObject","inLanguage":"es","@id":"https:\/\/www.ucaldas.edu.co\/portal\/wp-content\/litespeed\/avatar\/09ea5085e600095a7a811142c6944527.jpg?ver=1777497608","url":"https:\/\/www.ucaldas.edu.co\/portal\/wp-content\/litespeed\/avatar\/09ea5085e600095a7a811142c6944527.jpg?ver=1777497608","contentUrl":"https:\/\/www.ucaldas.edu.co\/portal\/wp-content\/litespeed\/avatar\/09ea5085e600095a7a811142c6944527.jpg?ver=1777497608","caption":"ofiprensa"},"url":"https:\/\/www.ucaldas.edu.co\/portal\/author\/ofiprensa\/"}]}},"_links":{"self":[{"href":"https:\/\/www.ucaldas.edu.co\/portal\/wp-json\/wp\/v2\/posts\/55578","targetHints":{"allow":["GET"]}}],"collection":[{"href":"https:\/\/www.ucaldas.edu.co\/portal\/wp-json\/wp\/v2\/posts"}],"about":[{"href":"https:\/\/www.ucaldas.edu.co\/portal\/wp-json\/wp\/v2\/types\/post"}],"author":[{"embeddable":true,"href":"https:\/\/www.ucaldas.edu.co\/portal\/wp-json\/wp\/v2\/users\/2"}],"replies":[{"embeddable":true,"href":"https:\/\/www.ucaldas.edu.co\/portal\/wp-json\/wp\/v2\/comments?post=55578"}],"version-history":[{"count":0,"href":"https:\/\/www.ucaldas.edu.co\/portal\/wp-json\/wp\/v2\/posts\/55578\/revisions"}],"wp:featuredmedia":[{"embeddable":true,"href":"https:\/\/www.ucaldas.edu.co\/portal\/wp-json\/wp\/v2\/media\/55579"}],"wp:attachment":[{"href":"https:\/\/www.ucaldas.edu.co\/portal\/wp-json\/wp\/v2\/media?parent=55578"}],"wp:term":[{"taxonomy":"category","embeddable":true,"href":"https:\/\/www.ucaldas.edu.co\/portal\/wp-json\/wp\/v2\/categories?post=55578"},{"taxonomy":"post_tag","embeddable":true,"href":"https:\/\/www.ucaldas.edu.co\/portal\/wp-json\/wp\/v2\/tags?post=55578"}],"curies":[{"name":"wp","href":"https:\/\/api.w.org\/{rel}","templated":true}]}}