{"id":55496,"date":"2020-04-29T00:57:39","date_gmt":"2020-04-29T00:57:39","guid":{"rendered":"https:\/\/www.ucaldas.edu.co\/portal\/?p=55496"},"modified":"2020-04-29T00:57:39","modified_gmt":"2020-04-29T00:57:39","slug":"47-mil-caldenses-han-accedido-a-atenciones-y-orientaciones-en-salud-sin-costos-y-ni-desplazamientos","status":"publish","type":"post","link":"https:\/\/www.ucaldas.edu.co\/portal\/47-mil-caldenses-han-accedido-a-atenciones-y-orientaciones-en-salud-sin-costos-y-ni-desplazamientos\/","title":{"rendered":"47 mil caldenses han accedido a atenciones y orientaciones en salud,  sin costos y ni desplazamientos"},"content":{"rendered":"<p style=\"text-align: center;\">CON TELEMEDICINA Y TELEORIENTACI\u00d3N BRINDADOS POR TELESALUD<\/p>\n<p style=\"text-align: center;\"><strong><b>47 mil caldenses han accedido a atenciones y orientaciones en salud, <\/b><\/strong><\/p>\n<p style=\"text-align: center;\"><strong><b>sin costos y ni desplazamientos <\/b><\/strong><\/p>\n<p style=\"text-align: right;\">28\/04\/2020<\/p>\n<p><img loading=\"lazy\" decoding=\"async\" class=\"wp-image-55497 aligncenter\" src=\"https:\/\/www.ucaldas.edu.co\/portal\/wp-content\/uploads\/2020\/04\/estep-by.jpeg\" alt=\"\" width=\"604\" height=\"453\" srcset=\"https:\/\/www.ucaldas.edu.co\/portal\/wp-content\/uploads\/2020\/04\/estep-by.jpeg 1280w, https:\/\/www.ucaldas.edu.co\/portal\/wp-content\/uploads\/2020\/04\/estep-by-300x225.jpeg 300w, https:\/\/www.ucaldas.edu.co\/portal\/wp-content\/uploads\/2020\/04\/estep-by-768x576.jpeg 768w, https:\/\/www.ucaldas.edu.co\/portal\/wp-content\/uploads\/2020\/04\/estep-by-1024x768.jpeg 1024w\" sizes=\"auto, (max-width: 604px) 100vw, 604px\" \/><\/p>\n<p>&nbsp;<\/p>\n<p>En el departamento de Caldas, gracias al convenio entre la Territorial de Salud de Caldas, Gobernaci\u00f3n de Caldas, Telesalud y Universidad de Caldas, 47 mil \u00a0caldenses han accedido a atenciones de telemedicina y teleorientaci\u00f3n, sin costos, desplazamientos y evitando riesgos de contagio en centros de salud. En mesa t\u00e9cnica donde particip\u00f3 el Gobernador de Caldas, Luis Carlos Vel\u00e1squez Cardona y \u00a0personal de Telesalud, fueron analizados los servicios y las atenciones dadas durante la emergencia.<\/p>\n<p><!--more--><\/p>\n<p>El Director de Telesalud, Esteban Granada Aguirre\u00a0 indic\u00f3: \u201cEs de reconocer al Gobernador de Caldas el apoyo y voluntad para sacar adelante proyectos de innovaci\u00f3n y telemedicina, \u00a0los cuales han permitido que 47 mil personas hayan accedido a los servicios de Telesalud, lo que se convierte en importantes resultados para el departamento\u201d.<\/p>\n<p>Por su parte, el Gobernador de Caldas, Luis Carlos Vel\u00e1squez Cardona\u00a0 indic\u00f3 que la emergencia por el coronavirus que se vive es un llamado es a invertir en todas las tecnolog\u00edas de la informaci\u00f3n. \u00a0\u201cNos ha dado mucho gusto que familias del rural disperso caldense, nos \u00a0escriben v\u00eda whatsapp o mensaje de texto agradeciendo porque \u00a0han ahorrado \u00a0montos econ\u00f3micos y \u00a0evitado horas de desplazamiento a los centros poblados para recibir una consulta de manera personalizada\u201d puntualiz\u00f3.<\/p>\n<p>El mandatario agreg\u00f3: \u201cQueremos ser la Gobernaci\u00f3n que a trav\u00e9s del Internet\u00a0y alianza con los m\u00e9dicos de la Universidad de Caldas, llegue a los 27 municipios y a m\u00e1s hogares dando atenciones en salud\u201d.<\/p>\n<p>\u201cEl beneficio es inmenso para la poblaci\u00f3n y les evitar\u00e1 que se desplacen a centros de urgencia, con todas estas herramientas y servicios buscamos \u00a0derrotar el virus en el departamento\u201d expres\u00f3 el Director de Telesalud, qui\u00e9n resalt\u00f3 el compromiso de la Gobernaci\u00f3n de Caldas y Territorial de Salud \u00a0de continuar apost\u00e1ndole a la telemedicina en Caldas a trav\u00e9s del grupo de Telesalud de la Universidad de Caldas.<\/p>\n<p>Durante la emergencia se han puesto a disposici\u00f3n de todos los caldenses \u00a0servicios de telemedicina, teleorientaci\u00f3n, educaci\u00f3n virtual, telepsicolog\u00eda, entre otros, \u00a0que buscan aportar a la detecci\u00f3n, contenci\u00f3n y control de covid-19 en Caldas. \u00a0Las personas pueden acceder ingresando a <a href=\"http:\/\/www.coronavirustelesalud.com\"><u>www.coronavirustelesalud.com<\/u><\/a>\u00a0y para las atenciones con m\u00e9dicos en l\u00ednea \u00a0pueden escribir a trav\u00e9s \u00a0whatsapp al 323 473 6101.<\/p>\n<p>&nbsp;<\/p>\n<p><strong><b>Anexos:<\/b><\/strong><\/p>\n<p><a href=\"https:\/\/co.ivoox.com\/es\/47-mil-caldenses-han-accedido-a-atenciones-y-audios-mp3_rf_50527984_1.html\"><strong><u><b>Gobernador de Caldas, Luis Carlos <\/b><\/u><\/strong><strong><u><b>Vel\u00e1squez Cardona<\/b><\/u><\/strong><\/a><\/p>\n<p><a href=\"https:\/\/co.ivoox.com\/es\/gobernador-caldas-escucha-balance-sobre-telesalud-audios-mp3_rf_50528302_1.html\"><strong><u><b>Director de Telesalud, Esteban Granada <\/b><\/u><\/strong><strong><u><b>Aguirre<\/b><\/u><\/strong><\/a><\/p>\n<p><strong><b>\u00a0<\/b><\/strong><\/p>\n<p><strong><b>Informes:<\/b><\/strong>\u00a0Oficina de Prensa de la Universidad de Caldas<\/p>\n<p><strong><b>Redacci\u00f3n:<\/b><\/strong>\u00a0Julieth Osorio Torres<\/p>\n<p>&nbsp;<\/p>\n","protected":false},"excerpt":{"rendered":"<p>CON TELEMEDICINA Y TELEORIENTACI\u00d3N BRINDADOS POR TELESALUD 47 mil caldenses han accedido a atenciones y orientaciones en salud, sin costos y ni desplazamientos 28\/04\/2020 &nbsp; En el departamento de Caldas, gracias al convenio entre la Territorial de Salud de Caldas, Gobernaci\u00f3n de Caldas, Telesalud y Universidad de Caldas, 47 mil \u00a0caldenses han accedido a atenciones [&hellip;]<\/p>\n","protected":false},"author":2,"featured_media":55497,"comment_status":"closed","ping_status":"open","sticky":false,"template":"","format":"standard","meta":{"footnotes":""},"categories":[48,53],"tags":[73,275,560,4728,4762],"class_list":["post-55496","post","type-post","status-publish","format-standard","has-post-thumbnail","hentry","category-actualidad","category-universidad-al-dia","tag-proyeccion","tag-telesalud","tag-atencion","tag-pandemia","tag-gobernador"],"yoast_head":"<!-- This site is optimized with the Yoast SEO plugin v27.5 - https:\/\/yoast.com\/product\/yoast-seo-wordpress\/ -->\n<title>47 mil caldenses han accedido a atenciones y orientaciones en salud, sin costos y ni desplazamientos .<\/title>\n<meta name=\"robots\" content=\"index, follow, max-snippet:-1, max-image-preview:large, max-video-preview:-1\" \/>\n<link rel=\"canonical\" href=\"https:\/\/www.ucaldas.edu.co\/portal\/47-mil-caldenses-han-accedido-a-atenciones-y-orientaciones-en-salud-sin-costos-y-ni-desplazamientos\/\" \/>\n<script type=\"application\/ld+json\" class=\"yoast-schema-graph\">{\"@context\":\"https:\\\/\\\/schema.org\",\"@graph\":[{\"@type\":\"Article\",\"@id\":\"https:\\\/\\\/www.ucaldas.edu.co\\\/portal\\\/47-mil-caldenses-han-accedido-a-atenciones-y-orientaciones-en-salud-sin-costos-y-ni-desplazamientos\\\/#article\",\"isPartOf\":{\"@id\":\"https:\\\/\\\/www.ucaldas.edu.co\\\/portal\\\/47-mil-caldenses-han-accedido-a-atenciones-y-orientaciones-en-salud-sin-costos-y-ni-desplazamientos\\\/\"},\"author\":{\"name\":\"ofiprensa\",\"@id\":\"https:\\\/\\\/www.ucaldas.edu.co\\\/portal\\\/#\\\/schema\\\/person\\\/a1b482e23449158b4bc319926c074fdf\"},\"headline\":\"47 mil caldenses han accedido a atenciones y orientaciones en salud, sin costos y ni desplazamientos\",\"datePublished\":\"2020-04-29T00:57:39+00:00\",\"mainEntityOfPage\":{\"@id\":\"https:\\\/\\\/www.ucaldas.edu.co\\\/portal\\\/47-mil-caldenses-han-accedido-a-atenciones-y-orientaciones-en-salud-sin-costos-y-ni-desplazamientos\\\/\"},\"wordCount\":456,\"publisher\":{\"@id\":\"https:\\\/\\\/www.ucaldas.edu.co\\\/portal\\\/#organization\"},\"image\":{\"@id\":\"https:\\\/\\\/www.ucaldas.edu.co\\\/portal\\\/47-mil-caldenses-han-accedido-a-atenciones-y-orientaciones-en-salud-sin-costos-y-ni-desplazamientos\\\/#primaryimage\"},\"thumbnailUrl\":\"https:\\\/\\\/www.ucaldas.edu.co\\\/portal\\\/wp-content\\\/uploads\\\/2020\\\/04\\\/estep-by.jpeg\",\"keywords\":[\"Proyecci\u00f3n\",\"Telesalud\",\"atenci\u00f3n\",\"pandemia\",\"Gobernador\"],\"articleSection\":[\"Actualidad\",\"Universidad al D\u00eda\"],\"inLanguage\":\"es\"},{\"@type\":\"WebPage\",\"@id\":\"https:\\\/\\\/www.ucaldas.edu.co\\\/portal\\\/47-mil-caldenses-han-accedido-a-atenciones-y-orientaciones-en-salud-sin-costos-y-ni-desplazamientos\\\/\",\"url\":\"https:\\\/\\\/www.ucaldas.edu.co\\\/portal\\\/47-mil-caldenses-han-accedido-a-atenciones-y-orientaciones-en-salud-sin-costos-y-ni-desplazamientos\\\/\",\"name\":\"47 mil caldenses han accedido a atenciones y orientaciones en salud, sin costos y ni desplazamientos .\",\"isPartOf\":{\"@id\":\"https:\\\/\\\/www.ucaldas.edu.co\\\/portal\\\/#website\"},\"primaryImageOfPage\":{\"@id\":\"https:\\\/\\\/www.ucaldas.edu.co\\\/portal\\\/47-mil-caldenses-han-accedido-a-atenciones-y-orientaciones-en-salud-sin-costos-y-ni-desplazamientos\\\/#primaryimage\"},\"image\":{\"@id\":\"https:\\\/\\\/www.ucaldas.edu.co\\\/portal\\\/47-mil-caldenses-han-accedido-a-atenciones-y-orientaciones-en-salud-sin-costos-y-ni-desplazamientos\\\/#primaryimage\"},\"thumbnailUrl\":\"https:\\\/\\\/www.ucaldas.edu.co\\\/portal\\\/wp-content\\\/uploads\\\/2020\\\/04\\\/estep-by.jpeg\",\"datePublished\":\"2020-04-29T00:57:39+00:00\",\"breadcrumb\":{\"@id\":\"https:\\\/\\\/www.ucaldas.edu.co\\\/portal\\\/47-mil-caldenses-han-accedido-a-atenciones-y-orientaciones-en-salud-sin-costos-y-ni-desplazamientos\\\/#breadcrumb\"},\"inLanguage\":\"es\",\"potentialAction\":[{\"@type\":\"ReadAction\",\"target\":[\"https:\\\/\\\/www.ucaldas.edu.co\\\/portal\\\/47-mil-caldenses-han-accedido-a-atenciones-y-orientaciones-en-salud-sin-costos-y-ni-desplazamientos\\\/\"]}]},{\"@type\":\"ImageObject\",\"inLanguage\":\"es\",\"@id\":\"https:\\\/\\\/www.ucaldas.edu.co\\\/portal\\\/47-mil-caldenses-han-accedido-a-atenciones-y-orientaciones-en-salud-sin-costos-y-ni-desplazamientos\\\/#primaryimage\",\"url\":\"https:\\\/\\\/www.ucaldas.edu.co\\\/portal\\\/wp-content\\\/uploads\\\/2020\\\/04\\\/estep-by.jpeg\",\"contentUrl\":\"https:\\\/\\\/www.ucaldas.edu.co\\\/portal\\\/wp-content\\\/uploads\\\/2020\\\/04\\\/estep-by.jpeg\",\"width\":1280,\"height\":960},{\"@type\":\"BreadcrumbList\",\"@id\":\"https:\\\/\\\/www.ucaldas.edu.co\\\/portal\\\/47-mil-caldenses-han-accedido-a-atenciones-y-orientaciones-en-salud-sin-costos-y-ni-desplazamientos\\\/#breadcrumb\",\"itemListElement\":[{\"@type\":\"ListItem\",\"position\":1,\"name\":\"Portada\",\"item\":\"https:\\\/\\\/www.ucaldas.edu.co\\\/portal\\\/\"},{\"@type\":\"ListItem\",\"position\":2,\"name\":\"47 mil caldenses han accedido a atenciones y orientaciones en salud, sin costos y ni desplazamientos\"}]},{\"@type\":\"WebSite\",\"@id\":\"https:\\\/\\\/www.ucaldas.edu.co\\\/portal\\\/#website\",\"url\":\"https:\\\/\\\/www.ucaldas.edu.co\\\/portal\\\/\",\"name\":\"Universidad de Caldas\",\"description\":\"\",\"publisher\":{\"@id\":\"https:\\\/\\\/www.ucaldas.edu.co\\\/portal\\\/#organization\"},\"alternateName\":\"U. de Caldas\",\"potentialAction\":[{\"@type\":\"SearchAction\",\"target\":{\"@type\":\"EntryPoint\",\"urlTemplate\":\"https:\\\/\\\/www.ucaldas.edu.co\\\/portal\\\/?s={search_term_string}\"},\"query-input\":{\"@type\":\"PropertyValueSpecification\",\"valueRequired\":true,\"valueName\":\"search_term_string\"}}],\"inLanguage\":\"es\"},{\"@type\":\"Organization\",\"@id\":\"https:\\\/\\\/www.ucaldas.edu.co\\\/portal\\\/#organization\",\"name\":\"Universidad de Caldas\",\"alternateName\":\"U. de Caldas\",\"url\":\"https:\\\/\\\/www.ucaldas.edu.co\\\/portal\\\/\",\"logo\":{\"@type\":\"ImageObject\",\"inLanguage\":\"es\",\"@id\":\"https:\\\/\\\/www.ucaldas.edu.co\\\/portal\\\/#\\\/schema\\\/logo\\\/image\\\/\",\"url\":\"https:\\\/\\\/www.ucaldas.edu.co\\\/portal\\\/wp-content\\\/uploads\\\/2023\\\/11\\\/Logo_horizontal_oscuroU-2023.png\",\"contentUrl\":\"https:\\\/\\\/www.ucaldas.edu.co\\\/portal\\\/wp-content\\\/uploads\\\/2023\\\/11\\\/Logo_horizontal_oscuroU-2023.png\",\"width\":263,\"height\":101,\"caption\":\"Universidad de Caldas\"},\"image\":{\"@id\":\"https:\\\/\\\/www.ucaldas.edu.co\\\/portal\\\/#\\\/schema\\\/logo\\\/image\\\/\"},\"sameAs\":[\"https:\\\/\\\/www.facebook.com\\\/udecaldas\",\"https:\\\/\\\/x.com\\\/udecaldas\",\"https:\\\/\\\/www.youtube.com\\\/universidadcaldas\",\"https:\\\/\\\/www.instagram.com\\\/udecaldas\\\/\"]},{\"@type\":\"Person\",\"@id\":\"https:\\\/\\\/www.ucaldas.edu.co\\\/portal\\\/#\\\/schema\\\/person\\\/a1b482e23449158b4bc319926c074fdf\",\"name\":\"ofiprensa\",\"image\":{\"@type\":\"ImageObject\",\"inLanguage\":\"es\",\"@id\":\"https:\\\/\\\/www.ucaldas.edu.co\\\/portal\\\/wp-content\\\/litespeed\\\/avatar\\\/09ea5085e600095a7a811142c6944527.jpg?ver=1777497608\",\"url\":\"https:\\\/\\\/www.ucaldas.edu.co\\\/portal\\\/wp-content\\\/litespeed\\\/avatar\\\/09ea5085e600095a7a811142c6944527.jpg?ver=1777497608\",\"contentUrl\":\"https:\\\/\\\/www.ucaldas.edu.co\\\/portal\\\/wp-content\\\/litespeed\\\/avatar\\\/09ea5085e600095a7a811142c6944527.jpg?ver=1777497608\",\"caption\":\"ofiprensa\"},\"url\":\"https:\\\/\\\/www.ucaldas.edu.co\\\/portal\\\/author\\\/ofiprensa\\\/\"}]}<\/script>\n<!-- \/ Yoast SEO plugin. -->","yoast_head_json":{"title":"47 mil caldenses han accedido a atenciones y orientaciones en salud, sin costos y ni desplazamientos .","robots":{"index":"index","follow":"follow","max-snippet":"max-snippet:-1","max-image-preview":"max-image-preview:large","max-video-preview":"max-video-preview:-1"},"canonical":"https:\/\/www.ucaldas.edu.co\/portal\/47-mil-caldenses-han-accedido-a-atenciones-y-orientaciones-en-salud-sin-costos-y-ni-desplazamientos\/","schema":{"@context":"https:\/\/schema.org","@graph":[{"@type":"Article","@id":"https:\/\/www.ucaldas.edu.co\/portal\/47-mil-caldenses-han-accedido-a-atenciones-y-orientaciones-en-salud-sin-costos-y-ni-desplazamientos\/#article","isPartOf":{"@id":"https:\/\/www.ucaldas.edu.co\/portal\/47-mil-caldenses-han-accedido-a-atenciones-y-orientaciones-en-salud-sin-costos-y-ni-desplazamientos\/"},"author":{"name":"ofiprensa","@id":"https:\/\/www.ucaldas.edu.co\/portal\/#\/schema\/person\/a1b482e23449158b4bc319926c074fdf"},"headline":"47 mil caldenses han accedido a atenciones y orientaciones en salud, sin costos y ni desplazamientos","datePublished":"2020-04-29T00:57:39+00:00","mainEntityOfPage":{"@id":"https:\/\/www.ucaldas.edu.co\/portal\/47-mil-caldenses-han-accedido-a-atenciones-y-orientaciones-en-salud-sin-costos-y-ni-desplazamientos\/"},"wordCount":456,"publisher":{"@id":"https:\/\/www.ucaldas.edu.co\/portal\/#organization"},"image":{"@id":"https:\/\/www.ucaldas.edu.co\/portal\/47-mil-caldenses-han-accedido-a-atenciones-y-orientaciones-en-salud-sin-costos-y-ni-desplazamientos\/#primaryimage"},"thumbnailUrl":"https:\/\/www.ucaldas.edu.co\/portal\/wp-content\/uploads\/2020\/04\/estep-by.jpeg","keywords":["Proyecci\u00f3n","Telesalud","atenci\u00f3n","pandemia","Gobernador"],"articleSection":["Actualidad","Universidad al D\u00eda"],"inLanguage":"es"},{"@type":"WebPage","@id":"https:\/\/www.ucaldas.edu.co\/portal\/47-mil-caldenses-han-accedido-a-atenciones-y-orientaciones-en-salud-sin-costos-y-ni-desplazamientos\/","url":"https:\/\/www.ucaldas.edu.co\/portal\/47-mil-caldenses-han-accedido-a-atenciones-y-orientaciones-en-salud-sin-costos-y-ni-desplazamientos\/","name":"47 mil caldenses han accedido a atenciones y orientaciones en salud, sin costos y ni desplazamientos .","isPartOf":{"@id":"https:\/\/www.ucaldas.edu.co\/portal\/#website"},"primaryImageOfPage":{"@id":"https:\/\/www.ucaldas.edu.co\/portal\/47-mil-caldenses-han-accedido-a-atenciones-y-orientaciones-en-salud-sin-costos-y-ni-desplazamientos\/#primaryimage"},"image":{"@id":"https:\/\/www.ucaldas.edu.co\/portal\/47-mil-caldenses-han-accedido-a-atenciones-y-orientaciones-en-salud-sin-costos-y-ni-desplazamientos\/#primaryimage"},"thumbnailUrl":"https:\/\/www.ucaldas.edu.co\/portal\/wp-content\/uploads\/2020\/04\/estep-by.jpeg","datePublished":"2020-04-29T00:57:39+00:00","breadcrumb":{"@id":"https:\/\/www.ucaldas.edu.co\/portal\/47-mil-caldenses-han-accedido-a-atenciones-y-orientaciones-en-salud-sin-costos-y-ni-desplazamientos\/#breadcrumb"},"inLanguage":"es","potentialAction":[{"@type":"ReadAction","target":["https:\/\/www.ucaldas.edu.co\/portal\/47-mil-caldenses-han-accedido-a-atenciones-y-orientaciones-en-salud-sin-costos-y-ni-desplazamientos\/"]}]},{"@type":"ImageObject","inLanguage":"es","@id":"https:\/\/www.ucaldas.edu.co\/portal\/47-mil-caldenses-han-accedido-a-atenciones-y-orientaciones-en-salud-sin-costos-y-ni-desplazamientos\/#primaryimage","url":"https:\/\/www.ucaldas.edu.co\/portal\/wp-content\/uploads\/2020\/04\/estep-by.jpeg","contentUrl":"https:\/\/www.ucaldas.edu.co\/portal\/wp-content\/uploads\/2020\/04\/estep-by.jpeg","width":1280,"height":960},{"@type":"BreadcrumbList","@id":"https:\/\/www.ucaldas.edu.co\/portal\/47-mil-caldenses-han-accedido-a-atenciones-y-orientaciones-en-salud-sin-costos-y-ni-desplazamientos\/#breadcrumb","itemListElement":[{"@type":"ListItem","position":1,"name":"Portada","item":"https:\/\/www.ucaldas.edu.co\/portal\/"},{"@type":"ListItem","position":2,"name":"47 mil caldenses han accedido a atenciones y orientaciones en salud, sin costos y ni desplazamientos"}]},{"@type":"WebSite","@id":"https:\/\/www.ucaldas.edu.co\/portal\/#website","url":"https:\/\/www.ucaldas.edu.co\/portal\/","name":"Universidad de Caldas","description":"","publisher":{"@id":"https:\/\/www.ucaldas.edu.co\/portal\/#organization"},"alternateName":"U. de Caldas","potentialAction":[{"@type":"SearchAction","target":{"@type":"EntryPoint","urlTemplate":"https:\/\/www.ucaldas.edu.co\/portal\/?s={search_term_string}"},"query-input":{"@type":"PropertyValueSpecification","valueRequired":true,"valueName":"search_term_string"}}],"inLanguage":"es"},{"@type":"Organization","@id":"https:\/\/www.ucaldas.edu.co\/portal\/#organization","name":"Universidad de Caldas","alternateName":"U. de Caldas","url":"https:\/\/www.ucaldas.edu.co\/portal\/","logo":{"@type":"ImageObject","inLanguage":"es","@id":"https:\/\/www.ucaldas.edu.co\/portal\/#\/schema\/logo\/image\/","url":"https:\/\/www.ucaldas.edu.co\/portal\/wp-content\/uploads\/2023\/11\/Logo_horizontal_oscuroU-2023.png","contentUrl":"https:\/\/www.ucaldas.edu.co\/portal\/wp-content\/uploads\/2023\/11\/Logo_horizontal_oscuroU-2023.png","width":263,"height":101,"caption":"Universidad de Caldas"},"image":{"@id":"https:\/\/www.ucaldas.edu.co\/portal\/#\/schema\/logo\/image\/"},"sameAs":["https:\/\/www.facebook.com\/udecaldas","https:\/\/x.com\/udecaldas","https:\/\/www.youtube.com\/universidadcaldas","https:\/\/www.instagram.com\/udecaldas\/"]},{"@type":"Person","@id":"https:\/\/www.ucaldas.edu.co\/portal\/#\/schema\/person\/a1b482e23449158b4bc319926c074fdf","name":"ofiprensa","image":{"@type":"ImageObject","inLanguage":"es","@id":"https:\/\/www.ucaldas.edu.co\/portal\/wp-content\/litespeed\/avatar\/09ea5085e600095a7a811142c6944527.jpg?ver=1777497608","url":"https:\/\/www.ucaldas.edu.co\/portal\/wp-content\/litespeed\/avatar\/09ea5085e600095a7a811142c6944527.jpg?ver=1777497608","contentUrl":"https:\/\/www.ucaldas.edu.co\/portal\/wp-content\/litespeed\/avatar\/09ea5085e600095a7a811142c6944527.jpg?ver=1777497608","caption":"ofiprensa"},"url":"https:\/\/www.ucaldas.edu.co\/portal\/author\/ofiprensa\/"}]}},"_links":{"self":[{"href":"https:\/\/www.ucaldas.edu.co\/portal\/wp-json\/wp\/v2\/posts\/55496","targetHints":{"allow":["GET"]}}],"collection":[{"href":"https:\/\/www.ucaldas.edu.co\/portal\/wp-json\/wp\/v2\/posts"}],"about":[{"href":"https:\/\/www.ucaldas.edu.co\/portal\/wp-json\/wp\/v2\/types\/post"}],"author":[{"embeddable":true,"href":"https:\/\/www.ucaldas.edu.co\/portal\/wp-json\/wp\/v2\/users\/2"}],"replies":[{"embeddable":true,"href":"https:\/\/www.ucaldas.edu.co\/portal\/wp-json\/wp\/v2\/comments?post=55496"}],"version-history":[{"count":0,"href":"https:\/\/www.ucaldas.edu.co\/portal\/wp-json\/wp\/v2\/posts\/55496\/revisions"}],"wp:featuredmedia":[{"embeddable":true,"href":"https:\/\/www.ucaldas.edu.co\/portal\/wp-json\/wp\/v2\/media\/55497"}],"wp:attachment":[{"href":"https:\/\/www.ucaldas.edu.co\/portal\/wp-json\/wp\/v2\/media?parent=55496"}],"wp:term":[{"taxonomy":"category","embeddable":true,"href":"https:\/\/www.ucaldas.edu.co\/portal\/wp-json\/wp\/v2\/categories?post=55496"},{"taxonomy":"post_tag","embeddable":true,"href":"https:\/\/www.ucaldas.edu.co\/portal\/wp-json\/wp\/v2\/tags?post=55496"}],"curies":[{"name":"wp","href":"https:\/\/api.w.org\/{rel}","templated":true}]}}