{"id":55476,"date":"2020-04-28T01:05:51","date_gmt":"2020-04-28T01:05:51","guid":{"rendered":"https:\/\/www.ucaldas.edu.co\/portal\/?p=55476"},"modified":"2020-04-28T01:05:51","modified_gmt":"2020-04-28T01:05:51","slug":"este-martes-hablaremos-de-proyeccion-universitaria-facebook-live","status":"publish","type":"post","link":"https:\/\/www.ucaldas.edu.co\/portal\/este-martes-hablaremos-de-proyeccion-universitaria-facebook-live\/","title":{"rendered":"Este martes hablaremos de Proyecci\u00f3n Universitaria Facebook Live"},"content":{"rendered":"<p style=\"text-align: center;\">CON\u00c9CTESE A PARTIR DE LAS 5:00 P.M. A TRAV\u00c9S DE FACEBOOK INSTITUCIONAL<\/p>\n<p style=\"text-align: center;\"><strong><b>Este martes hablaremos de Proyecci\u00f3n Universitaria Facebook Live<\/b><\/strong><\/p>\n<p style=\"text-align: right;\">27\/04\/2020<\/p>\n<p><img loading=\"lazy\" decoding=\"async\" class=\"alignnone size-full wp-image-55477\" src=\"https:\/\/www.ucaldas.edu.co\/portal\/wp-content\/uploads\/2020\/04\/FaceLive.jpeg\" alt=\"\" width=\"1200\" height=\"720\" srcset=\"https:\/\/www.ucaldas.edu.co\/portal\/wp-content\/uploads\/2020\/04\/FaceLive.jpeg 1200w, https:\/\/www.ucaldas.edu.co\/portal\/wp-content\/uploads\/2020\/04\/FaceLive-300x180.jpeg 300w, https:\/\/www.ucaldas.edu.co\/portal\/wp-content\/uploads\/2020\/04\/FaceLive-768x461.jpeg 768w, https:\/\/www.ucaldas.edu.co\/portal\/wp-content\/uploads\/2020\/04\/FaceLive-1024x614.jpeg 1024w\" sizes=\"auto, (max-width: 1200px) 100vw, 1200px\" \/><\/p>\n<p>Con la participaci\u00f3n de el rector de la Universidad de Caldas, Alejandro Ceballos M\u00e1rquez, la vicerrectora de proyecci\u00f3n universitaria, Patricia Salazar Villegas, la\u00a0jefe de la oficina de \u00a0egresados, Paula L\u00f3pez Chica y la l\u00edder\u00a0de Cooperaci\u00f3n\u00a0Internacional, Valeria Gonz\u00e1lez Duque, se llevar\u00e1 a cabo una nueva sesi\u00f3n de Facebook Live este martes 28 de abril.<\/p>\n<p><!--more--><\/p>\n<p>El encuentro virtual tiene como prop\u00f3sito exponer la gesti\u00f3n de la Vicerrector\u00eda\u00a0de Proyecci\u00f3n ante los retos de innovaci\u00f3n y transferencia de conocimiento a la sociedad en tiempos del Covid-19, as\u00ed como temas de internacionalizaci\u00f3n, alianzas para contribuir a la equidad en acceso a conectividad y las alternativas para la transformaci\u00f3n\u00a0digital, entre otros.<\/p>\n<p>&nbsp;<\/p>\n<p>Los interesados en participar deben conectarse a partir de las 5:00 p.m. a trav\u00e9s de la p\u00e1gina de Facebook \u00a0<a href=\"@udecaldas\"><u>@udecaldas<\/u><\/a>\u00a0\u00a0y formular sus preguntas en vivo. En redes sociales podr\u00e1n participara a trav\u00e9s del hashtag<strong><b>\u00a0#UdeCaldasSigueAdelante <\/b><\/strong><\/p>\n<p>&nbsp;<\/p>\n<p><strong><b>Informes:<\/b><\/strong>\u00a0Oficina de Comunicaciones y Prensa Universidad de Caldas.<\/p>\n<p><strong><b>Redacci\u00f3n:<\/b><\/strong>\u00a0Daniela S\u00e1nchez R\u00edos<\/p>\n<p>&nbsp;<\/p>\n","protected":false},"excerpt":{"rendered":"<p>CON\u00c9CTESE A PARTIR DE LAS 5:00 P.M. A TRAV\u00c9S DE FACEBOOK INSTITUCIONAL Este martes hablaremos de Proyecci\u00f3n Universitaria Facebook Live 27\/04\/2020 Con la participaci\u00f3n de el rector de la Universidad de Caldas, Alejandro Ceballos M\u00e1rquez, la vicerrectora de proyecci\u00f3n universitaria, Patricia Salazar Villegas, la\u00a0jefe de la oficina de \u00a0egresados, Paula L\u00f3pez Chica y la l\u00edder\u00a0de [&hellip;]<\/p>\n","protected":false},"author":2,"featured_media":55477,"comment_status":"closed","ping_status":"open","sticky":false,"template":"","format":"standard","meta":{"footnotes":""},"categories":[48,53],"tags":[73,178,2890,4697],"class_list":["post-55476","post","type-post","status-publish","format-standard","has-post-thumbnail","hentry","category-actualidad","category-universidad-al-dia","tag-proyeccion","tag-encuentro","tag-virtual","tag-facebook-live"],"yoast_head":"<!-- This site is optimized with the Yoast SEO plugin v27.5 - https:\/\/yoast.com\/product\/yoast-seo-wordpress\/ -->\n<title>Este martes hablaremos de Proyecci\u00f3n Universitaria Facebook Live .<\/title>\n<meta name=\"robots\" content=\"index, follow, max-snippet:-1, max-image-preview:large, max-video-preview:-1\" \/>\n<link rel=\"canonical\" href=\"https:\/\/www.ucaldas.edu.co\/portal\/este-martes-hablaremos-de-proyeccion-universitaria-facebook-live\/\" \/>\n<script type=\"application\/ld+json\" class=\"yoast-schema-graph\">{\"@context\":\"https:\\\/\\\/schema.org\",\"@graph\":[{\"@type\":\"Article\",\"@id\":\"https:\\\/\\\/www.ucaldas.edu.co\\\/portal\\\/este-martes-hablaremos-de-proyeccion-universitaria-facebook-live\\\/#article\",\"isPartOf\":{\"@id\":\"https:\\\/\\\/www.ucaldas.edu.co\\\/portal\\\/este-martes-hablaremos-de-proyeccion-universitaria-facebook-live\\\/\"},\"author\":{\"name\":\"ofiprensa\",\"@id\":\"https:\\\/\\\/www.ucaldas.edu.co\\\/portal\\\/#\\\/schema\\\/person\\\/a1b482e23449158b4bc319926c074fdf\"},\"headline\":\"Este martes hablaremos de Proyecci\u00f3n Universitaria Facebook Live\",\"datePublished\":\"2020-04-28T01:05:51+00:00\",\"mainEntityOfPage\":{\"@id\":\"https:\\\/\\\/www.ucaldas.edu.co\\\/portal\\\/este-martes-hablaremos-de-proyeccion-universitaria-facebook-live\\\/\"},\"wordCount\":215,\"publisher\":{\"@id\":\"https:\\\/\\\/www.ucaldas.edu.co\\\/portal\\\/#organization\"},\"image\":{\"@id\":\"https:\\\/\\\/www.ucaldas.edu.co\\\/portal\\\/este-martes-hablaremos-de-proyeccion-universitaria-facebook-live\\\/#primaryimage\"},\"thumbnailUrl\":\"https:\\\/\\\/www.ucaldas.edu.co\\\/portal\\\/wp-content\\\/uploads\\\/2020\\\/04\\\/FaceLive.jpeg\",\"keywords\":[\"Proyecci\u00f3n\",\"encuentro\",\"virtual\",\"Facebook Live\"],\"articleSection\":[\"Actualidad\",\"Universidad al D\u00eda\"],\"inLanguage\":\"es\"},{\"@type\":\"WebPage\",\"@id\":\"https:\\\/\\\/www.ucaldas.edu.co\\\/portal\\\/este-martes-hablaremos-de-proyeccion-universitaria-facebook-live\\\/\",\"url\":\"https:\\\/\\\/www.ucaldas.edu.co\\\/portal\\\/este-martes-hablaremos-de-proyeccion-universitaria-facebook-live\\\/\",\"name\":\"Este martes hablaremos de Proyecci\u00f3n Universitaria Facebook Live .\",\"isPartOf\":{\"@id\":\"https:\\\/\\\/www.ucaldas.edu.co\\\/portal\\\/#website\"},\"primaryImageOfPage\":{\"@id\":\"https:\\\/\\\/www.ucaldas.edu.co\\\/portal\\\/este-martes-hablaremos-de-proyeccion-universitaria-facebook-live\\\/#primaryimage\"},\"image\":{\"@id\":\"https:\\\/\\\/www.ucaldas.edu.co\\\/portal\\\/este-martes-hablaremos-de-proyeccion-universitaria-facebook-live\\\/#primaryimage\"},\"thumbnailUrl\":\"https:\\\/\\\/www.ucaldas.edu.co\\\/portal\\\/wp-content\\\/uploads\\\/2020\\\/04\\\/FaceLive.jpeg\",\"datePublished\":\"2020-04-28T01:05:51+00:00\",\"breadcrumb\":{\"@id\":\"https:\\\/\\\/www.ucaldas.edu.co\\\/portal\\\/este-martes-hablaremos-de-proyeccion-universitaria-facebook-live\\\/#breadcrumb\"},\"inLanguage\":\"es\",\"potentialAction\":[{\"@type\":\"ReadAction\",\"target\":[\"https:\\\/\\\/www.ucaldas.edu.co\\\/portal\\\/este-martes-hablaremos-de-proyeccion-universitaria-facebook-live\\\/\"]}]},{\"@type\":\"ImageObject\",\"inLanguage\":\"es\",\"@id\":\"https:\\\/\\\/www.ucaldas.edu.co\\\/portal\\\/este-martes-hablaremos-de-proyeccion-universitaria-facebook-live\\\/#primaryimage\",\"url\":\"https:\\\/\\\/www.ucaldas.edu.co\\\/portal\\\/wp-content\\\/uploads\\\/2020\\\/04\\\/FaceLive.jpeg\",\"contentUrl\":\"https:\\\/\\\/www.ucaldas.edu.co\\\/portal\\\/wp-content\\\/uploads\\\/2020\\\/04\\\/FaceLive.jpeg\",\"width\":1200,\"height\":720},{\"@type\":\"BreadcrumbList\",\"@id\":\"https:\\\/\\\/www.ucaldas.edu.co\\\/portal\\\/este-martes-hablaremos-de-proyeccion-universitaria-facebook-live\\\/#breadcrumb\",\"itemListElement\":[{\"@type\":\"ListItem\",\"position\":1,\"name\":\"Portada\",\"item\":\"https:\\\/\\\/www.ucaldas.edu.co\\\/portal\\\/\"},{\"@type\":\"ListItem\",\"position\":2,\"name\":\"Este martes hablaremos de Proyecci\u00f3n Universitaria Facebook Live\"}]},{\"@type\":\"WebSite\",\"@id\":\"https:\\\/\\\/www.ucaldas.edu.co\\\/portal\\\/#website\",\"url\":\"https:\\\/\\\/www.ucaldas.edu.co\\\/portal\\\/\",\"name\":\"Universidad de Caldas\",\"description\":\"\",\"publisher\":{\"@id\":\"https:\\\/\\\/www.ucaldas.edu.co\\\/portal\\\/#organization\"},\"alternateName\":\"U. de Caldas\",\"potentialAction\":[{\"@type\":\"SearchAction\",\"target\":{\"@type\":\"EntryPoint\",\"urlTemplate\":\"https:\\\/\\\/www.ucaldas.edu.co\\\/portal\\\/?s={search_term_string}\"},\"query-input\":{\"@type\":\"PropertyValueSpecification\",\"valueRequired\":true,\"valueName\":\"search_term_string\"}}],\"inLanguage\":\"es\"},{\"@type\":\"Organization\",\"@id\":\"https:\\\/\\\/www.ucaldas.edu.co\\\/portal\\\/#organization\",\"name\":\"Universidad de Caldas\",\"alternateName\":\"U. de Caldas\",\"url\":\"https:\\\/\\\/www.ucaldas.edu.co\\\/portal\\\/\",\"logo\":{\"@type\":\"ImageObject\",\"inLanguage\":\"es\",\"@id\":\"https:\\\/\\\/www.ucaldas.edu.co\\\/portal\\\/#\\\/schema\\\/logo\\\/image\\\/\",\"url\":\"https:\\\/\\\/www.ucaldas.edu.co\\\/portal\\\/wp-content\\\/uploads\\\/2023\\\/11\\\/Logo_horizontal_oscuroU-2023.png\",\"contentUrl\":\"https:\\\/\\\/www.ucaldas.edu.co\\\/portal\\\/wp-content\\\/uploads\\\/2023\\\/11\\\/Logo_horizontal_oscuroU-2023.png\",\"width\":263,\"height\":101,\"caption\":\"Universidad de Caldas\"},\"image\":{\"@id\":\"https:\\\/\\\/www.ucaldas.edu.co\\\/portal\\\/#\\\/schema\\\/logo\\\/image\\\/\"},\"sameAs\":[\"https:\\\/\\\/www.facebook.com\\\/udecaldas\",\"https:\\\/\\\/x.com\\\/udecaldas\",\"https:\\\/\\\/www.youtube.com\\\/universidadcaldas\",\"https:\\\/\\\/www.instagram.com\\\/udecaldas\\\/\"]},{\"@type\":\"Person\",\"@id\":\"https:\\\/\\\/www.ucaldas.edu.co\\\/portal\\\/#\\\/schema\\\/person\\\/a1b482e23449158b4bc319926c074fdf\",\"name\":\"ofiprensa\",\"image\":{\"@type\":\"ImageObject\",\"inLanguage\":\"es\",\"@id\":\"https:\\\/\\\/www.ucaldas.edu.co\\\/portal\\\/wp-content\\\/litespeed\\\/avatar\\\/09ea5085e600095a7a811142c6944527.jpg?ver=1777497608\",\"url\":\"https:\\\/\\\/www.ucaldas.edu.co\\\/portal\\\/wp-content\\\/litespeed\\\/avatar\\\/09ea5085e600095a7a811142c6944527.jpg?ver=1777497608\",\"contentUrl\":\"https:\\\/\\\/www.ucaldas.edu.co\\\/portal\\\/wp-content\\\/litespeed\\\/avatar\\\/09ea5085e600095a7a811142c6944527.jpg?ver=1777497608\",\"caption\":\"ofiprensa\"},\"url\":\"https:\\\/\\\/www.ucaldas.edu.co\\\/portal\\\/author\\\/ofiprensa\\\/\"}]}<\/script>\n<!-- \/ Yoast SEO plugin. -->","yoast_head_json":{"title":"Este martes hablaremos de Proyecci\u00f3n Universitaria Facebook Live .","robots":{"index":"index","follow":"follow","max-snippet":"max-snippet:-1","max-image-preview":"max-image-preview:large","max-video-preview":"max-video-preview:-1"},"canonical":"https:\/\/www.ucaldas.edu.co\/portal\/este-martes-hablaremos-de-proyeccion-universitaria-facebook-live\/","schema":{"@context":"https:\/\/schema.org","@graph":[{"@type":"Article","@id":"https:\/\/www.ucaldas.edu.co\/portal\/este-martes-hablaremos-de-proyeccion-universitaria-facebook-live\/#article","isPartOf":{"@id":"https:\/\/www.ucaldas.edu.co\/portal\/este-martes-hablaremos-de-proyeccion-universitaria-facebook-live\/"},"author":{"name":"ofiprensa","@id":"https:\/\/www.ucaldas.edu.co\/portal\/#\/schema\/person\/a1b482e23449158b4bc319926c074fdf"},"headline":"Este martes hablaremos de Proyecci\u00f3n Universitaria Facebook Live","datePublished":"2020-04-28T01:05:51+00:00","mainEntityOfPage":{"@id":"https:\/\/www.ucaldas.edu.co\/portal\/este-martes-hablaremos-de-proyeccion-universitaria-facebook-live\/"},"wordCount":215,"publisher":{"@id":"https:\/\/www.ucaldas.edu.co\/portal\/#organization"},"image":{"@id":"https:\/\/www.ucaldas.edu.co\/portal\/este-martes-hablaremos-de-proyeccion-universitaria-facebook-live\/#primaryimage"},"thumbnailUrl":"https:\/\/www.ucaldas.edu.co\/portal\/wp-content\/uploads\/2020\/04\/FaceLive.jpeg","keywords":["Proyecci\u00f3n","encuentro","virtual","Facebook Live"],"articleSection":["Actualidad","Universidad al D\u00eda"],"inLanguage":"es"},{"@type":"WebPage","@id":"https:\/\/www.ucaldas.edu.co\/portal\/este-martes-hablaremos-de-proyeccion-universitaria-facebook-live\/","url":"https:\/\/www.ucaldas.edu.co\/portal\/este-martes-hablaremos-de-proyeccion-universitaria-facebook-live\/","name":"Este martes hablaremos de Proyecci\u00f3n Universitaria Facebook Live .","isPartOf":{"@id":"https:\/\/www.ucaldas.edu.co\/portal\/#website"},"primaryImageOfPage":{"@id":"https:\/\/www.ucaldas.edu.co\/portal\/este-martes-hablaremos-de-proyeccion-universitaria-facebook-live\/#primaryimage"},"image":{"@id":"https:\/\/www.ucaldas.edu.co\/portal\/este-martes-hablaremos-de-proyeccion-universitaria-facebook-live\/#primaryimage"},"thumbnailUrl":"https:\/\/www.ucaldas.edu.co\/portal\/wp-content\/uploads\/2020\/04\/FaceLive.jpeg","datePublished":"2020-04-28T01:05:51+00:00","breadcrumb":{"@id":"https:\/\/www.ucaldas.edu.co\/portal\/este-martes-hablaremos-de-proyeccion-universitaria-facebook-live\/#breadcrumb"},"inLanguage":"es","potentialAction":[{"@type":"ReadAction","target":["https:\/\/www.ucaldas.edu.co\/portal\/este-martes-hablaremos-de-proyeccion-universitaria-facebook-live\/"]}]},{"@type":"ImageObject","inLanguage":"es","@id":"https:\/\/www.ucaldas.edu.co\/portal\/este-martes-hablaremos-de-proyeccion-universitaria-facebook-live\/#primaryimage","url":"https:\/\/www.ucaldas.edu.co\/portal\/wp-content\/uploads\/2020\/04\/FaceLive.jpeg","contentUrl":"https:\/\/www.ucaldas.edu.co\/portal\/wp-content\/uploads\/2020\/04\/FaceLive.jpeg","width":1200,"height":720},{"@type":"BreadcrumbList","@id":"https:\/\/www.ucaldas.edu.co\/portal\/este-martes-hablaremos-de-proyeccion-universitaria-facebook-live\/#breadcrumb","itemListElement":[{"@type":"ListItem","position":1,"name":"Portada","item":"https:\/\/www.ucaldas.edu.co\/portal\/"},{"@type":"ListItem","position":2,"name":"Este martes hablaremos de Proyecci\u00f3n Universitaria Facebook Live"}]},{"@type":"WebSite","@id":"https:\/\/www.ucaldas.edu.co\/portal\/#website","url":"https:\/\/www.ucaldas.edu.co\/portal\/","name":"Universidad de Caldas","description":"","publisher":{"@id":"https:\/\/www.ucaldas.edu.co\/portal\/#organization"},"alternateName":"U. de Caldas","potentialAction":[{"@type":"SearchAction","target":{"@type":"EntryPoint","urlTemplate":"https:\/\/www.ucaldas.edu.co\/portal\/?s={search_term_string}"},"query-input":{"@type":"PropertyValueSpecification","valueRequired":true,"valueName":"search_term_string"}}],"inLanguage":"es"},{"@type":"Organization","@id":"https:\/\/www.ucaldas.edu.co\/portal\/#organization","name":"Universidad de Caldas","alternateName":"U. de Caldas","url":"https:\/\/www.ucaldas.edu.co\/portal\/","logo":{"@type":"ImageObject","inLanguage":"es","@id":"https:\/\/www.ucaldas.edu.co\/portal\/#\/schema\/logo\/image\/","url":"https:\/\/www.ucaldas.edu.co\/portal\/wp-content\/uploads\/2023\/11\/Logo_horizontal_oscuroU-2023.png","contentUrl":"https:\/\/www.ucaldas.edu.co\/portal\/wp-content\/uploads\/2023\/11\/Logo_horizontal_oscuroU-2023.png","width":263,"height":101,"caption":"Universidad de Caldas"},"image":{"@id":"https:\/\/www.ucaldas.edu.co\/portal\/#\/schema\/logo\/image\/"},"sameAs":["https:\/\/www.facebook.com\/udecaldas","https:\/\/x.com\/udecaldas","https:\/\/www.youtube.com\/universidadcaldas","https:\/\/www.instagram.com\/udecaldas\/"]},{"@type":"Person","@id":"https:\/\/www.ucaldas.edu.co\/portal\/#\/schema\/person\/a1b482e23449158b4bc319926c074fdf","name":"ofiprensa","image":{"@type":"ImageObject","inLanguage":"es","@id":"https:\/\/www.ucaldas.edu.co\/portal\/wp-content\/litespeed\/avatar\/09ea5085e600095a7a811142c6944527.jpg?ver=1777497608","url":"https:\/\/www.ucaldas.edu.co\/portal\/wp-content\/litespeed\/avatar\/09ea5085e600095a7a811142c6944527.jpg?ver=1777497608","contentUrl":"https:\/\/www.ucaldas.edu.co\/portal\/wp-content\/litespeed\/avatar\/09ea5085e600095a7a811142c6944527.jpg?ver=1777497608","caption":"ofiprensa"},"url":"https:\/\/www.ucaldas.edu.co\/portal\/author\/ofiprensa\/"}]}},"_links":{"self":[{"href":"https:\/\/www.ucaldas.edu.co\/portal\/wp-json\/wp\/v2\/posts\/55476","targetHints":{"allow":["GET"]}}],"collection":[{"href":"https:\/\/www.ucaldas.edu.co\/portal\/wp-json\/wp\/v2\/posts"}],"about":[{"href":"https:\/\/www.ucaldas.edu.co\/portal\/wp-json\/wp\/v2\/types\/post"}],"author":[{"embeddable":true,"href":"https:\/\/www.ucaldas.edu.co\/portal\/wp-json\/wp\/v2\/users\/2"}],"replies":[{"embeddable":true,"href":"https:\/\/www.ucaldas.edu.co\/portal\/wp-json\/wp\/v2\/comments?post=55476"}],"version-history":[{"count":0,"href":"https:\/\/www.ucaldas.edu.co\/portal\/wp-json\/wp\/v2\/posts\/55476\/revisions"}],"wp:featuredmedia":[{"embeddable":true,"href":"https:\/\/www.ucaldas.edu.co\/portal\/wp-json\/wp\/v2\/media\/55477"}],"wp:attachment":[{"href":"https:\/\/www.ucaldas.edu.co\/portal\/wp-json\/wp\/v2\/media?parent=55476"}],"wp:term":[{"taxonomy":"category","embeddable":true,"href":"https:\/\/www.ucaldas.edu.co\/portal\/wp-json\/wp\/v2\/categories?post=55476"},{"taxonomy":"post_tag","embeddable":true,"href":"https:\/\/www.ucaldas.edu.co\/portal\/wp-json\/wp\/v2\/tags?post=55476"}],"curies":[{"name":"wp","href":"https:\/\/api.w.org\/{rel}","templated":true}]}}