{"id":5545,"date":"2010-04-29T11:46:25","date_gmt":"2010-04-29T16:46:25","guid":{"rendered":"https:\/\/www.ucaldas.edu.co\/portal\/?p=5545"},"modified":"2010-04-29T11:46:25","modified_gmt":"2010-04-29T16:46:25","slug":"culmina-recepcion-de-articulos-para-la-revista-luna-azul","status":"publish","type":"post","link":"https:\/\/www.ucaldas.edu.co\/portal\/culmina-recepcion-de-articulos-para-la-revista-luna-azul\/","title":{"rendered":"Culmina recepci\u00f3n de art\u00edculos  para la Revista Luna Azul"},"content":{"rendered":"<p>Este viernes 30 de abril<\/p>\n<hr id=\"system-readmore\" \/>\n<table border=\"0\">\n<tbody>\n<tr>\n<td><img loading=\"lazy\" decoding=\"async\" style=\"border: 0px\" alt=\"Luna Azul\" src=\"http:\/\/www.ucaldas.edu.co\/images\/luna_azul.jpg\" width=\"160\" height=\"100\" border=\"0\" \/><\/td>\n<td>La Revista Luna Azul (categor\u00eda B) culmina este viernes 30 de abril la recepci\u00f3n de art\u00edculos para su publicaci\u00f3n n\u00famero 30, correspondiente al primer semestre del a\u00f1o en curso.<\/p>\n<p>&nbsp;<\/p>\n<p>Las instrucciones para los autores se encuentran en el enlace: <a href=\"http:\/\/lunazul.ucaldas.edu.co\/index.php?option=com_content&amp;task=view&amp;id=16&amp;Itemid=34\" target=\"_blank\">Instrucciones.<\/a><\/td>\n<\/tr>\n<\/tbody>\n<\/table>\n<p>&nbsp;<\/p>\n<p>Esta revista es un \u00f3rgano de difusi\u00f3n acad\u00e9mico y arbitrado que publica art\u00edculos sobre temas ambientales o ecol\u00f3gicos, sean de investigaci\u00f3n cient\u00edfica o desarrollo tecnol\u00f3gico, reflexiones originales, revisiones o rese\u00f1as bibliogr\u00e1ficas.<\/p>\n<p>&nbsp;<\/p>\n<p>Las producciones, reflexiones, an\u00e1lisis y revisiones pueden proceder de cualquier disciplina o \u00e1rea del saber.<\/p>\n<p>&nbsp;<\/p>\n<p>Los criterios de evaluaci\u00f3n y selecci\u00f3n de los art\u00edculos que se publicar\u00e1n son rigor conceptual y metodol\u00f3gico; profundidad, relevancia y pertinencia de los contenidos;\u00a0 y estructura, estilo y calidad gramatical del texto.<\/p>\n<p>&nbsp;<\/p>\n<p>Mayores informes, con la\u00a0 Directora Revista Luna Azul, Luz Elena Sep\u00falveda Gallego, al correo electr\u00f3nico: <a href=\"mailto:luz.sepulveda@ucaldas.edu.co\" target=\"_blank\">luz.sepulveda@ucaldas.edu.co<\/a><\/p>\n","protected":false},"excerpt":{"rendered":"<p>Este viernes 30 de abril La Revista Luna Azul (categor\u00eda B) culmina este viernes 30 de abril la recepci\u00f3n de art\u00edculos para su publicaci\u00f3n n\u00famero 30, correspondiente al primer semestre del a\u00f1o en curso. &nbsp; Las instrucciones para los autores se encuentran en el enlace: Instrucciones. &nbsp; Esta revista es un \u00f3rgano de difusi\u00f3n acad\u00e9mico [&hellip;]<\/p>\n","protected":false},"author":2,"featured_media":0,"comment_status":"closed","ping_status":"closed","sticky":false,"template":"","format":"standard","meta":{"footnotes":""},"categories":[48,53],"tags":[],"class_list":["post-5545","post","type-post","status-publish","format-standard","hentry","category-actualidad","category-universidad-al-dia"],"yoast_head":"<!-- This site is optimized with the Yoast SEO plugin v27.5 - https:\/\/yoast.com\/product\/yoast-seo-wordpress\/ -->\n<title>Culmina recepci\u00f3n de art\u00edculos para la Revista Luna Azul .<\/title>\n<meta name=\"robots\" content=\"index, follow, max-snippet:-1, max-image-preview:large, max-video-preview:-1\" \/>\n<link rel=\"canonical\" href=\"https:\/\/www.ucaldas.edu.co\/portal\/culmina-recepcion-de-articulos-para-la-revista-luna-azul\/\" \/>\n<script type=\"application\/ld+json\" class=\"yoast-schema-graph\">{\"@context\":\"https:\\\/\\\/schema.org\",\"@graph\":[{\"@type\":\"Article\",\"@id\":\"https:\\\/\\\/www.ucaldas.edu.co\\\/portal\\\/culmina-recepcion-de-articulos-para-la-revista-luna-azul\\\/#article\",\"isPartOf\":{\"@id\":\"https:\\\/\\\/www.ucaldas.edu.co\\\/portal\\\/culmina-recepcion-de-articulos-para-la-revista-luna-azul\\\/\"},\"author\":{\"name\":\"ofiprensa\",\"@id\":\"https:\\\/\\\/www.ucaldas.edu.co\\\/portal\\\/#\\\/schema\\\/person\\\/a1b482e23449158b4bc319926c074fdf\"},\"headline\":\"Culmina recepci\u00f3n de art\u00edculos para la Revista Luna Azul\",\"datePublished\":\"2010-04-29T16:46:25+00:00\",\"mainEntityOfPage\":{\"@id\":\"https:\\\/\\\/www.ucaldas.edu.co\\\/portal\\\/culmina-recepcion-de-articulos-para-la-revista-luna-azul\\\/\"},\"wordCount\":179,\"publisher\":{\"@id\":\"https:\\\/\\\/www.ucaldas.edu.co\\\/portal\\\/#organization\"},\"image\":{\"@id\":\"https:\\\/\\\/www.ucaldas.edu.co\\\/portal\\\/culmina-recepcion-de-articulos-para-la-revista-luna-azul\\\/#primaryimage\"},\"thumbnailUrl\":\"http:\\\/\\\/www.ucaldas.edu.co\\\/images\\\/luna_azul.jpg\",\"articleSection\":[\"Actualidad\",\"Universidad al D\u00eda\"],\"inLanguage\":\"es\"},{\"@type\":\"WebPage\",\"@id\":\"https:\\\/\\\/www.ucaldas.edu.co\\\/portal\\\/culmina-recepcion-de-articulos-para-la-revista-luna-azul\\\/\",\"url\":\"https:\\\/\\\/www.ucaldas.edu.co\\\/portal\\\/culmina-recepcion-de-articulos-para-la-revista-luna-azul\\\/\",\"name\":\"Culmina recepci\u00f3n de art\u00edculos para la Revista Luna Azul .\",\"isPartOf\":{\"@id\":\"https:\\\/\\\/www.ucaldas.edu.co\\\/portal\\\/#website\"},\"primaryImageOfPage\":{\"@id\":\"https:\\\/\\\/www.ucaldas.edu.co\\\/portal\\\/culmina-recepcion-de-articulos-para-la-revista-luna-azul\\\/#primaryimage\"},\"image\":{\"@id\":\"https:\\\/\\\/www.ucaldas.edu.co\\\/portal\\\/culmina-recepcion-de-articulos-para-la-revista-luna-azul\\\/#primaryimage\"},\"thumbnailUrl\":\"http:\\\/\\\/www.ucaldas.edu.co\\\/images\\\/luna_azul.jpg\",\"datePublished\":\"2010-04-29T16:46:25+00:00\",\"breadcrumb\":{\"@id\":\"https:\\\/\\\/www.ucaldas.edu.co\\\/portal\\\/culmina-recepcion-de-articulos-para-la-revista-luna-azul\\\/#breadcrumb\"},\"inLanguage\":\"es\",\"potentialAction\":[{\"@type\":\"ReadAction\",\"target\":[\"https:\\\/\\\/www.ucaldas.edu.co\\\/portal\\\/culmina-recepcion-de-articulos-para-la-revista-luna-azul\\\/\"]}]},{\"@type\":\"ImageObject\",\"inLanguage\":\"es\",\"@id\":\"https:\\\/\\\/www.ucaldas.edu.co\\\/portal\\\/culmina-recepcion-de-articulos-para-la-revista-luna-azul\\\/#primaryimage\",\"url\":\"http:\\\/\\\/www.ucaldas.edu.co\\\/images\\\/luna_azul.jpg\",\"contentUrl\":\"http:\\\/\\\/www.ucaldas.edu.co\\\/images\\\/luna_azul.jpg\"},{\"@type\":\"BreadcrumbList\",\"@id\":\"https:\\\/\\\/www.ucaldas.edu.co\\\/portal\\\/culmina-recepcion-de-articulos-para-la-revista-luna-azul\\\/#breadcrumb\",\"itemListElement\":[{\"@type\":\"ListItem\",\"position\":1,\"name\":\"Portada\",\"item\":\"https:\\\/\\\/www.ucaldas.edu.co\\\/portal\\\/\"},{\"@type\":\"ListItem\",\"position\":2,\"name\":\"Culmina recepci\u00f3n de art\u00edculos para la Revista Luna Azul\"}]},{\"@type\":\"WebSite\",\"@id\":\"https:\\\/\\\/www.ucaldas.edu.co\\\/portal\\\/#website\",\"url\":\"https:\\\/\\\/www.ucaldas.edu.co\\\/portal\\\/\",\"name\":\"Universidad de Caldas\",\"description\":\"\",\"publisher\":{\"@id\":\"https:\\\/\\\/www.ucaldas.edu.co\\\/portal\\\/#organization\"},\"alternateName\":\"U. de Caldas\",\"potentialAction\":[{\"@type\":\"SearchAction\",\"target\":{\"@type\":\"EntryPoint\",\"urlTemplate\":\"https:\\\/\\\/www.ucaldas.edu.co\\\/portal\\\/?s={search_term_string}\"},\"query-input\":{\"@type\":\"PropertyValueSpecification\",\"valueRequired\":true,\"valueName\":\"search_term_string\"}}],\"inLanguage\":\"es\"},{\"@type\":\"Organization\",\"@id\":\"https:\\\/\\\/www.ucaldas.edu.co\\\/portal\\\/#organization\",\"name\":\"Universidad de Caldas\",\"alternateName\":\"U. de Caldas\",\"url\":\"https:\\\/\\\/www.ucaldas.edu.co\\\/portal\\\/\",\"logo\":{\"@type\":\"ImageObject\",\"inLanguage\":\"es\",\"@id\":\"https:\\\/\\\/www.ucaldas.edu.co\\\/portal\\\/#\\\/schema\\\/logo\\\/image\\\/\",\"url\":\"https:\\\/\\\/www.ucaldas.edu.co\\\/portal\\\/wp-content\\\/uploads\\\/2023\\\/11\\\/Logo_horizontal_oscuroU-2023.png\",\"contentUrl\":\"https:\\\/\\\/www.ucaldas.edu.co\\\/portal\\\/wp-content\\\/uploads\\\/2023\\\/11\\\/Logo_horizontal_oscuroU-2023.png\",\"width\":263,\"height\":101,\"caption\":\"Universidad de Caldas\"},\"image\":{\"@id\":\"https:\\\/\\\/www.ucaldas.edu.co\\\/portal\\\/#\\\/schema\\\/logo\\\/image\\\/\"},\"sameAs\":[\"https:\\\/\\\/www.facebook.com\\\/udecaldas\",\"https:\\\/\\\/x.com\\\/udecaldas\",\"https:\\\/\\\/www.youtube.com\\\/universidadcaldas\",\"https:\\\/\\\/www.instagram.com\\\/udecaldas\\\/\"]},{\"@type\":\"Person\",\"@id\":\"https:\\\/\\\/www.ucaldas.edu.co\\\/portal\\\/#\\\/schema\\\/person\\\/a1b482e23449158b4bc319926c074fdf\",\"name\":\"ofiprensa\",\"image\":{\"@type\":\"ImageObject\",\"inLanguage\":\"es\",\"@id\":\"https:\\\/\\\/www.ucaldas.edu.co\\\/portal\\\/wp-content\\\/litespeed\\\/avatar\\\/09ea5085e600095a7a811142c6944527.jpg?ver=1777497608\",\"url\":\"https:\\\/\\\/www.ucaldas.edu.co\\\/portal\\\/wp-content\\\/litespeed\\\/avatar\\\/09ea5085e600095a7a811142c6944527.jpg?ver=1777497608\",\"contentUrl\":\"https:\\\/\\\/www.ucaldas.edu.co\\\/portal\\\/wp-content\\\/litespeed\\\/avatar\\\/09ea5085e600095a7a811142c6944527.jpg?ver=1777497608\",\"caption\":\"ofiprensa\"},\"url\":\"https:\\\/\\\/www.ucaldas.edu.co\\\/portal\\\/author\\\/ofiprensa\\\/\"}]}<\/script>\n<!-- \/ Yoast SEO plugin. -->","yoast_head_json":{"title":"Culmina recepci\u00f3n de art\u00edculos para la Revista Luna Azul .","robots":{"index":"index","follow":"follow","max-snippet":"max-snippet:-1","max-image-preview":"max-image-preview:large","max-video-preview":"max-video-preview:-1"},"canonical":"https:\/\/www.ucaldas.edu.co\/portal\/culmina-recepcion-de-articulos-para-la-revista-luna-azul\/","schema":{"@context":"https:\/\/schema.org","@graph":[{"@type":"Article","@id":"https:\/\/www.ucaldas.edu.co\/portal\/culmina-recepcion-de-articulos-para-la-revista-luna-azul\/#article","isPartOf":{"@id":"https:\/\/www.ucaldas.edu.co\/portal\/culmina-recepcion-de-articulos-para-la-revista-luna-azul\/"},"author":{"name":"ofiprensa","@id":"https:\/\/www.ucaldas.edu.co\/portal\/#\/schema\/person\/a1b482e23449158b4bc319926c074fdf"},"headline":"Culmina recepci\u00f3n de art\u00edculos para la Revista Luna Azul","datePublished":"2010-04-29T16:46:25+00:00","mainEntityOfPage":{"@id":"https:\/\/www.ucaldas.edu.co\/portal\/culmina-recepcion-de-articulos-para-la-revista-luna-azul\/"},"wordCount":179,"publisher":{"@id":"https:\/\/www.ucaldas.edu.co\/portal\/#organization"},"image":{"@id":"https:\/\/www.ucaldas.edu.co\/portal\/culmina-recepcion-de-articulos-para-la-revista-luna-azul\/#primaryimage"},"thumbnailUrl":"http:\/\/www.ucaldas.edu.co\/images\/luna_azul.jpg","articleSection":["Actualidad","Universidad al D\u00eda"],"inLanguage":"es"},{"@type":"WebPage","@id":"https:\/\/www.ucaldas.edu.co\/portal\/culmina-recepcion-de-articulos-para-la-revista-luna-azul\/","url":"https:\/\/www.ucaldas.edu.co\/portal\/culmina-recepcion-de-articulos-para-la-revista-luna-azul\/","name":"Culmina recepci\u00f3n de art\u00edculos para la Revista Luna Azul .","isPartOf":{"@id":"https:\/\/www.ucaldas.edu.co\/portal\/#website"},"primaryImageOfPage":{"@id":"https:\/\/www.ucaldas.edu.co\/portal\/culmina-recepcion-de-articulos-para-la-revista-luna-azul\/#primaryimage"},"image":{"@id":"https:\/\/www.ucaldas.edu.co\/portal\/culmina-recepcion-de-articulos-para-la-revista-luna-azul\/#primaryimage"},"thumbnailUrl":"http:\/\/www.ucaldas.edu.co\/images\/luna_azul.jpg","datePublished":"2010-04-29T16:46:25+00:00","breadcrumb":{"@id":"https:\/\/www.ucaldas.edu.co\/portal\/culmina-recepcion-de-articulos-para-la-revista-luna-azul\/#breadcrumb"},"inLanguage":"es","potentialAction":[{"@type":"ReadAction","target":["https:\/\/www.ucaldas.edu.co\/portal\/culmina-recepcion-de-articulos-para-la-revista-luna-azul\/"]}]},{"@type":"ImageObject","inLanguage":"es","@id":"https:\/\/www.ucaldas.edu.co\/portal\/culmina-recepcion-de-articulos-para-la-revista-luna-azul\/#primaryimage","url":"http:\/\/www.ucaldas.edu.co\/images\/luna_azul.jpg","contentUrl":"http:\/\/www.ucaldas.edu.co\/images\/luna_azul.jpg"},{"@type":"BreadcrumbList","@id":"https:\/\/www.ucaldas.edu.co\/portal\/culmina-recepcion-de-articulos-para-la-revista-luna-azul\/#breadcrumb","itemListElement":[{"@type":"ListItem","position":1,"name":"Portada","item":"https:\/\/www.ucaldas.edu.co\/portal\/"},{"@type":"ListItem","position":2,"name":"Culmina recepci\u00f3n de art\u00edculos para la Revista Luna Azul"}]},{"@type":"WebSite","@id":"https:\/\/www.ucaldas.edu.co\/portal\/#website","url":"https:\/\/www.ucaldas.edu.co\/portal\/","name":"Universidad de Caldas","description":"","publisher":{"@id":"https:\/\/www.ucaldas.edu.co\/portal\/#organization"},"alternateName":"U. de Caldas","potentialAction":[{"@type":"SearchAction","target":{"@type":"EntryPoint","urlTemplate":"https:\/\/www.ucaldas.edu.co\/portal\/?s={search_term_string}"},"query-input":{"@type":"PropertyValueSpecification","valueRequired":true,"valueName":"search_term_string"}}],"inLanguage":"es"},{"@type":"Organization","@id":"https:\/\/www.ucaldas.edu.co\/portal\/#organization","name":"Universidad de Caldas","alternateName":"U. de Caldas","url":"https:\/\/www.ucaldas.edu.co\/portal\/","logo":{"@type":"ImageObject","inLanguage":"es","@id":"https:\/\/www.ucaldas.edu.co\/portal\/#\/schema\/logo\/image\/","url":"https:\/\/www.ucaldas.edu.co\/portal\/wp-content\/uploads\/2023\/11\/Logo_horizontal_oscuroU-2023.png","contentUrl":"https:\/\/www.ucaldas.edu.co\/portal\/wp-content\/uploads\/2023\/11\/Logo_horizontal_oscuroU-2023.png","width":263,"height":101,"caption":"Universidad de Caldas"},"image":{"@id":"https:\/\/www.ucaldas.edu.co\/portal\/#\/schema\/logo\/image\/"},"sameAs":["https:\/\/www.facebook.com\/udecaldas","https:\/\/x.com\/udecaldas","https:\/\/www.youtube.com\/universidadcaldas","https:\/\/www.instagram.com\/udecaldas\/"]},{"@type":"Person","@id":"https:\/\/www.ucaldas.edu.co\/portal\/#\/schema\/person\/a1b482e23449158b4bc319926c074fdf","name":"ofiprensa","image":{"@type":"ImageObject","inLanguage":"es","@id":"https:\/\/www.ucaldas.edu.co\/portal\/wp-content\/litespeed\/avatar\/09ea5085e600095a7a811142c6944527.jpg?ver=1777497608","url":"https:\/\/www.ucaldas.edu.co\/portal\/wp-content\/litespeed\/avatar\/09ea5085e600095a7a811142c6944527.jpg?ver=1777497608","contentUrl":"https:\/\/www.ucaldas.edu.co\/portal\/wp-content\/litespeed\/avatar\/09ea5085e600095a7a811142c6944527.jpg?ver=1777497608","caption":"ofiprensa"},"url":"https:\/\/www.ucaldas.edu.co\/portal\/author\/ofiprensa\/"}]}},"_links":{"self":[{"href":"https:\/\/www.ucaldas.edu.co\/portal\/wp-json\/wp\/v2\/posts\/5545","targetHints":{"allow":["GET"]}}],"collection":[{"href":"https:\/\/www.ucaldas.edu.co\/portal\/wp-json\/wp\/v2\/posts"}],"about":[{"href":"https:\/\/www.ucaldas.edu.co\/portal\/wp-json\/wp\/v2\/types\/post"}],"author":[{"embeddable":true,"href":"https:\/\/www.ucaldas.edu.co\/portal\/wp-json\/wp\/v2\/users\/2"}],"replies":[{"embeddable":true,"href":"https:\/\/www.ucaldas.edu.co\/portal\/wp-json\/wp\/v2\/comments?post=5545"}],"version-history":[{"count":0,"href":"https:\/\/www.ucaldas.edu.co\/portal\/wp-json\/wp\/v2\/posts\/5545\/revisions"}],"wp:attachment":[{"href":"https:\/\/www.ucaldas.edu.co\/portal\/wp-json\/wp\/v2\/media?parent=5545"}],"wp:term":[{"taxonomy":"category","embeddable":true,"href":"https:\/\/www.ucaldas.edu.co\/portal\/wp-json\/wp\/v2\/categories?post=5545"},{"taxonomy":"post_tag","embeddable":true,"href":"https:\/\/www.ucaldas.edu.co\/portal\/wp-json\/wp\/v2\/tags?post=5545"}],"curies":[{"name":"wp","href":"https:\/\/api.w.org\/{rel}","templated":true}]}}