{"id":55446,"date":"2020-04-25T00:04:33","date_gmt":"2020-04-25T00:04:33","guid":{"rendered":"https:\/\/www.ucaldas.edu.co\/portal\/?p=55446"},"modified":"2020-04-25T00:04:33","modified_gmt":"2020-04-25T00:04:33","slug":"fulbright-colombia-amplia-la-fecha-de-cierre-de-convocatoria-de-becas-de-posgrados-2020","status":"publish","type":"post","link":"https:\/\/www.ucaldas.edu.co\/portal\/fulbright-colombia-amplia-la-fecha-de-cierre-de-convocatoria-de-becas-de-posgrados-2020\/","title":{"rendered":"Fulbright Colombia ampl\u00eda la fecha de cierre de convocatoria de\u00a0becas de posgrados 2020"},"content":{"rendered":"<p style=\"text-align: center;\">HASTA EL 1 DE JUNIO DE 2020<\/p>\n<p style=\"text-align: center;\"><strong><b>Fulbright Colombia ampl\u00eda la fecha de cierre de convocatoria de\u00a0becas de posgrados 2020<\/b><\/strong><\/p>\n<p style=\"text-align: right;\">24\/04\/2020<\/p>\n<p><img loading=\"lazy\" decoding=\"async\" class=\"alignnone size-full wp-image-55447 aligncenter\" src=\"https:\/\/www.ucaldas.edu.co\/portal\/wp-content\/uploads\/2020\/04\/Fullbright.png\" alt=\"\" width=\"599\" height=\"296\" srcset=\"https:\/\/www.ucaldas.edu.co\/portal\/wp-content\/uploads\/2020\/04\/Fullbright.png 599w, https:\/\/www.ucaldas.edu.co\/portal\/wp-content\/uploads\/2020\/04\/Fullbright-300x148.png 300w\" sizes=\"auto, (max-width: 599px) 100vw, 599px\" \/><\/p>\n<p>Hasta el 1 de junio del 2020, est\u00e1 abierta la convocatoria para los profesionales colombianos interesados en cursar estudios de doctorados y maestr\u00edas en Estados Unidos \u00a0a trav\u00e9s de Fulbright Colombia.<\/p>\n<p><!--more--><\/p>\n<p>Para este a\u00f1o 2020, el portafolio de becas comprende cinco programas:\u00a0Fulbright \u2013 MinCiencias, Fulbright \u2013 Pasaporte a la Ciencia, Fulbright \u2013 MinCultura para artistas, Fulbright para L\u00edderes Afrodescendientes y Fulbright para L\u00edderes Ind\u00edgenas.<\/p>\n<p>&nbsp;<\/p>\n<p>Seg\u00fan la directora ejecutiva de la Comisi\u00f3n Fulbright Colombia, Adriana Gaviria Duque, \u201cHemos decidido hacer una revisi\u00f3n de los requisitos m\u00ednimos necesarios y aplazado la entrega de varios de estos documentos, de tal manera que los interesados solamente tengan que entregar los elementos b\u00e1sicos de manera on-line y antes del primero de junio, y m\u00e1s adelante puedan adjuntar el resto de documentos que se requieran para la aplicaci\u00f3n a la universidades de Estados Unidos\u201d.<\/p>\n<p>&nbsp;<\/p>\n<p>Para ampliar la informaci\u00f3n, se recomienda revisar en detalle los t\u00e9rminos de referencia de cada una de las cinco becas, que se encuentran disponibles en\u00a0<a href=\"http:\/\/www.fulbright.edu.co\/postgrado\/\"><u>www.fulbright.edu.co\/posgrados<\/u><\/a><\/p>\n<p>&nbsp;<\/p>\n<p><strong><b>Informes<\/b><\/strong>: Oficina de Comunicaciones y Prensa Universidad de Caldas.<\/p>\n<p><strong><b>Redacci\u00f3n:<\/b><\/strong>\u00a0Daniela S\u00e1nchez R\u00edos<\/p>\n<p>&nbsp;<\/p>\n","protected":false},"excerpt":{"rendered":"<p>HASTA EL 1 DE JUNIO DE 2020 Fulbright Colombia ampl\u00eda la fecha de cierre de convocatoria de\u00a0becas de posgrados 2020 24\/04\/2020 Hasta el 1 de junio del 2020, est\u00e1 abierta la convocatoria para los profesionales colombianos interesados en cursar estudios de doctorados y maestr\u00edas en Estados Unidos \u00a0a trav\u00e9s de Fulbright Colombia.<\/p>\n","protected":false},"author":2,"featured_media":55447,"comment_status":"closed","ping_status":"open","sticky":false,"template":"","format":"standard","meta":{"footnotes":""},"categories":[48,53],"tags":[819,984,2602],"class_list":["post-55446","post","type-post","status-publish","format-standard","has-post-thumbnail","hentry","category-actualidad","category-universidad-al-dia","tag-posgrados","tag-fulbright","tag-portafolio"],"yoast_head":"<!-- This site is optimized with the Yoast SEO plugin v27.5 - https:\/\/yoast.com\/product\/yoast-seo-wordpress\/ -->\n<title>Fulbright Colombia ampl\u00eda la fecha de cierre de convocatoria de\u00a0becas de posgrados 2020 .<\/title>\n<meta name=\"robots\" content=\"index, follow, max-snippet:-1, max-image-preview:large, max-video-preview:-1\" \/>\n<link rel=\"canonical\" href=\"https:\/\/www.ucaldas.edu.co\/portal\/fulbright-colombia-amplia-la-fecha-de-cierre-de-convocatoria-de-becas-de-posgrados-2020\/\" \/>\n<script type=\"application\/ld+json\" class=\"yoast-schema-graph\">{\"@context\":\"https:\\\/\\\/schema.org\",\"@graph\":[{\"@type\":\"Article\",\"@id\":\"https:\\\/\\\/www.ucaldas.edu.co\\\/portal\\\/fulbright-colombia-amplia-la-fecha-de-cierre-de-convocatoria-de-becas-de-posgrados-2020\\\/#article\",\"isPartOf\":{\"@id\":\"https:\\\/\\\/www.ucaldas.edu.co\\\/portal\\\/fulbright-colombia-amplia-la-fecha-de-cierre-de-convocatoria-de-becas-de-posgrados-2020\\\/\"},\"author\":{\"name\":\"ofiprensa\",\"@id\":\"https:\\\/\\\/www.ucaldas.edu.co\\\/portal\\\/#\\\/schema\\\/person\\\/a1b482e23449158b4bc319926c074fdf\"},\"headline\":\"Fulbright Colombia ampl\u00eda la fecha de cierre de convocatoria de\u00a0becas de posgrados 2020\",\"datePublished\":\"2020-04-25T00:04:33+00:00\",\"mainEntityOfPage\":{\"@id\":\"https:\\\/\\\/www.ucaldas.edu.co\\\/portal\\\/fulbright-colombia-amplia-la-fecha-de-cierre-de-convocatoria-de-becas-de-posgrados-2020\\\/\"},\"wordCount\":231,\"publisher\":{\"@id\":\"https:\\\/\\\/www.ucaldas.edu.co\\\/portal\\\/#organization\"},\"image\":{\"@id\":\"https:\\\/\\\/www.ucaldas.edu.co\\\/portal\\\/fulbright-colombia-amplia-la-fecha-de-cierre-de-convocatoria-de-becas-de-posgrados-2020\\\/#primaryimage\"},\"thumbnailUrl\":\"https:\\\/\\\/www.ucaldas.edu.co\\\/portal\\\/wp-content\\\/uploads\\\/2020\\\/04\\\/Fullbright.png\",\"keywords\":[\"posgrados\",\"Fulbright\",\"portafolio\"],\"articleSection\":[\"Actualidad\",\"Universidad al D\u00eda\"],\"inLanguage\":\"es\"},{\"@type\":\"WebPage\",\"@id\":\"https:\\\/\\\/www.ucaldas.edu.co\\\/portal\\\/fulbright-colombia-amplia-la-fecha-de-cierre-de-convocatoria-de-becas-de-posgrados-2020\\\/\",\"url\":\"https:\\\/\\\/www.ucaldas.edu.co\\\/portal\\\/fulbright-colombia-amplia-la-fecha-de-cierre-de-convocatoria-de-becas-de-posgrados-2020\\\/\",\"name\":\"Fulbright Colombia ampl\u00eda la fecha de cierre de convocatoria de\u00a0becas de posgrados 2020 .\",\"isPartOf\":{\"@id\":\"https:\\\/\\\/www.ucaldas.edu.co\\\/portal\\\/#website\"},\"primaryImageOfPage\":{\"@id\":\"https:\\\/\\\/www.ucaldas.edu.co\\\/portal\\\/fulbright-colombia-amplia-la-fecha-de-cierre-de-convocatoria-de-becas-de-posgrados-2020\\\/#primaryimage\"},\"image\":{\"@id\":\"https:\\\/\\\/www.ucaldas.edu.co\\\/portal\\\/fulbright-colombia-amplia-la-fecha-de-cierre-de-convocatoria-de-becas-de-posgrados-2020\\\/#primaryimage\"},\"thumbnailUrl\":\"https:\\\/\\\/www.ucaldas.edu.co\\\/portal\\\/wp-content\\\/uploads\\\/2020\\\/04\\\/Fullbright.png\",\"datePublished\":\"2020-04-25T00:04:33+00:00\",\"breadcrumb\":{\"@id\":\"https:\\\/\\\/www.ucaldas.edu.co\\\/portal\\\/fulbright-colombia-amplia-la-fecha-de-cierre-de-convocatoria-de-becas-de-posgrados-2020\\\/#breadcrumb\"},\"inLanguage\":\"es\",\"potentialAction\":[{\"@type\":\"ReadAction\",\"target\":[\"https:\\\/\\\/www.ucaldas.edu.co\\\/portal\\\/fulbright-colombia-amplia-la-fecha-de-cierre-de-convocatoria-de-becas-de-posgrados-2020\\\/\"]}]},{\"@type\":\"ImageObject\",\"inLanguage\":\"es\",\"@id\":\"https:\\\/\\\/www.ucaldas.edu.co\\\/portal\\\/fulbright-colombia-amplia-la-fecha-de-cierre-de-convocatoria-de-becas-de-posgrados-2020\\\/#primaryimage\",\"url\":\"https:\\\/\\\/www.ucaldas.edu.co\\\/portal\\\/wp-content\\\/uploads\\\/2020\\\/04\\\/Fullbright.png\",\"contentUrl\":\"https:\\\/\\\/www.ucaldas.edu.co\\\/portal\\\/wp-content\\\/uploads\\\/2020\\\/04\\\/Fullbright.png\",\"width\":599,\"height\":296},{\"@type\":\"BreadcrumbList\",\"@id\":\"https:\\\/\\\/www.ucaldas.edu.co\\\/portal\\\/fulbright-colombia-amplia-la-fecha-de-cierre-de-convocatoria-de-becas-de-posgrados-2020\\\/#breadcrumb\",\"itemListElement\":[{\"@type\":\"ListItem\",\"position\":1,\"name\":\"Portada\",\"item\":\"https:\\\/\\\/www.ucaldas.edu.co\\\/portal\\\/\"},{\"@type\":\"ListItem\",\"position\":2,\"name\":\"Fulbright Colombia ampl\u00eda la fecha de cierre de convocatoria de\u00a0becas de posgrados 2020\"}]},{\"@type\":\"WebSite\",\"@id\":\"https:\\\/\\\/www.ucaldas.edu.co\\\/portal\\\/#website\",\"url\":\"https:\\\/\\\/www.ucaldas.edu.co\\\/portal\\\/\",\"name\":\"Universidad de Caldas\",\"description\":\"\",\"publisher\":{\"@id\":\"https:\\\/\\\/www.ucaldas.edu.co\\\/portal\\\/#organization\"},\"alternateName\":\"U. de Caldas\",\"potentialAction\":[{\"@type\":\"SearchAction\",\"target\":{\"@type\":\"EntryPoint\",\"urlTemplate\":\"https:\\\/\\\/www.ucaldas.edu.co\\\/portal\\\/?s={search_term_string}\"},\"query-input\":{\"@type\":\"PropertyValueSpecification\",\"valueRequired\":true,\"valueName\":\"search_term_string\"}}],\"inLanguage\":\"es\"},{\"@type\":\"Organization\",\"@id\":\"https:\\\/\\\/www.ucaldas.edu.co\\\/portal\\\/#organization\",\"name\":\"Universidad de Caldas\",\"alternateName\":\"U. de Caldas\",\"url\":\"https:\\\/\\\/www.ucaldas.edu.co\\\/portal\\\/\",\"logo\":{\"@type\":\"ImageObject\",\"inLanguage\":\"es\",\"@id\":\"https:\\\/\\\/www.ucaldas.edu.co\\\/portal\\\/#\\\/schema\\\/logo\\\/image\\\/\",\"url\":\"https:\\\/\\\/www.ucaldas.edu.co\\\/portal\\\/wp-content\\\/uploads\\\/2023\\\/11\\\/Logo_horizontal_oscuroU-2023.png\",\"contentUrl\":\"https:\\\/\\\/www.ucaldas.edu.co\\\/portal\\\/wp-content\\\/uploads\\\/2023\\\/11\\\/Logo_horizontal_oscuroU-2023.png\",\"width\":263,\"height\":101,\"caption\":\"Universidad de Caldas\"},\"image\":{\"@id\":\"https:\\\/\\\/www.ucaldas.edu.co\\\/portal\\\/#\\\/schema\\\/logo\\\/image\\\/\"},\"sameAs\":[\"https:\\\/\\\/www.facebook.com\\\/udecaldas\",\"https:\\\/\\\/x.com\\\/udecaldas\",\"https:\\\/\\\/www.youtube.com\\\/universidadcaldas\",\"https:\\\/\\\/www.instagram.com\\\/udecaldas\\\/\"]},{\"@type\":\"Person\",\"@id\":\"https:\\\/\\\/www.ucaldas.edu.co\\\/portal\\\/#\\\/schema\\\/person\\\/a1b482e23449158b4bc319926c074fdf\",\"name\":\"ofiprensa\",\"image\":{\"@type\":\"ImageObject\",\"inLanguage\":\"es\",\"@id\":\"https:\\\/\\\/www.ucaldas.edu.co\\\/portal\\\/wp-content\\\/litespeed\\\/avatar\\\/09ea5085e600095a7a811142c6944527.jpg?ver=1777497608\",\"url\":\"https:\\\/\\\/www.ucaldas.edu.co\\\/portal\\\/wp-content\\\/litespeed\\\/avatar\\\/09ea5085e600095a7a811142c6944527.jpg?ver=1777497608\",\"contentUrl\":\"https:\\\/\\\/www.ucaldas.edu.co\\\/portal\\\/wp-content\\\/litespeed\\\/avatar\\\/09ea5085e600095a7a811142c6944527.jpg?ver=1777497608\",\"caption\":\"ofiprensa\"},\"url\":\"https:\\\/\\\/www.ucaldas.edu.co\\\/portal\\\/author\\\/ofiprensa\\\/\"}]}<\/script>\n<!-- \/ Yoast SEO plugin. -->","yoast_head_json":{"title":"Fulbright Colombia ampl\u00eda la fecha de cierre de convocatoria de\u00a0becas de posgrados 2020 .","robots":{"index":"index","follow":"follow","max-snippet":"max-snippet:-1","max-image-preview":"max-image-preview:large","max-video-preview":"max-video-preview:-1"},"canonical":"https:\/\/www.ucaldas.edu.co\/portal\/fulbright-colombia-amplia-la-fecha-de-cierre-de-convocatoria-de-becas-de-posgrados-2020\/","schema":{"@context":"https:\/\/schema.org","@graph":[{"@type":"Article","@id":"https:\/\/www.ucaldas.edu.co\/portal\/fulbright-colombia-amplia-la-fecha-de-cierre-de-convocatoria-de-becas-de-posgrados-2020\/#article","isPartOf":{"@id":"https:\/\/www.ucaldas.edu.co\/portal\/fulbright-colombia-amplia-la-fecha-de-cierre-de-convocatoria-de-becas-de-posgrados-2020\/"},"author":{"name":"ofiprensa","@id":"https:\/\/www.ucaldas.edu.co\/portal\/#\/schema\/person\/a1b482e23449158b4bc319926c074fdf"},"headline":"Fulbright Colombia ampl\u00eda la fecha de cierre de convocatoria de\u00a0becas de posgrados 2020","datePublished":"2020-04-25T00:04:33+00:00","mainEntityOfPage":{"@id":"https:\/\/www.ucaldas.edu.co\/portal\/fulbright-colombia-amplia-la-fecha-de-cierre-de-convocatoria-de-becas-de-posgrados-2020\/"},"wordCount":231,"publisher":{"@id":"https:\/\/www.ucaldas.edu.co\/portal\/#organization"},"image":{"@id":"https:\/\/www.ucaldas.edu.co\/portal\/fulbright-colombia-amplia-la-fecha-de-cierre-de-convocatoria-de-becas-de-posgrados-2020\/#primaryimage"},"thumbnailUrl":"https:\/\/www.ucaldas.edu.co\/portal\/wp-content\/uploads\/2020\/04\/Fullbright.png","keywords":["posgrados","Fulbright","portafolio"],"articleSection":["Actualidad","Universidad al D\u00eda"],"inLanguage":"es"},{"@type":"WebPage","@id":"https:\/\/www.ucaldas.edu.co\/portal\/fulbright-colombia-amplia-la-fecha-de-cierre-de-convocatoria-de-becas-de-posgrados-2020\/","url":"https:\/\/www.ucaldas.edu.co\/portal\/fulbright-colombia-amplia-la-fecha-de-cierre-de-convocatoria-de-becas-de-posgrados-2020\/","name":"Fulbright Colombia ampl\u00eda la fecha de cierre de convocatoria de\u00a0becas de posgrados 2020 .","isPartOf":{"@id":"https:\/\/www.ucaldas.edu.co\/portal\/#website"},"primaryImageOfPage":{"@id":"https:\/\/www.ucaldas.edu.co\/portal\/fulbright-colombia-amplia-la-fecha-de-cierre-de-convocatoria-de-becas-de-posgrados-2020\/#primaryimage"},"image":{"@id":"https:\/\/www.ucaldas.edu.co\/portal\/fulbright-colombia-amplia-la-fecha-de-cierre-de-convocatoria-de-becas-de-posgrados-2020\/#primaryimage"},"thumbnailUrl":"https:\/\/www.ucaldas.edu.co\/portal\/wp-content\/uploads\/2020\/04\/Fullbright.png","datePublished":"2020-04-25T00:04:33+00:00","breadcrumb":{"@id":"https:\/\/www.ucaldas.edu.co\/portal\/fulbright-colombia-amplia-la-fecha-de-cierre-de-convocatoria-de-becas-de-posgrados-2020\/#breadcrumb"},"inLanguage":"es","potentialAction":[{"@type":"ReadAction","target":["https:\/\/www.ucaldas.edu.co\/portal\/fulbright-colombia-amplia-la-fecha-de-cierre-de-convocatoria-de-becas-de-posgrados-2020\/"]}]},{"@type":"ImageObject","inLanguage":"es","@id":"https:\/\/www.ucaldas.edu.co\/portal\/fulbright-colombia-amplia-la-fecha-de-cierre-de-convocatoria-de-becas-de-posgrados-2020\/#primaryimage","url":"https:\/\/www.ucaldas.edu.co\/portal\/wp-content\/uploads\/2020\/04\/Fullbright.png","contentUrl":"https:\/\/www.ucaldas.edu.co\/portal\/wp-content\/uploads\/2020\/04\/Fullbright.png","width":599,"height":296},{"@type":"BreadcrumbList","@id":"https:\/\/www.ucaldas.edu.co\/portal\/fulbright-colombia-amplia-la-fecha-de-cierre-de-convocatoria-de-becas-de-posgrados-2020\/#breadcrumb","itemListElement":[{"@type":"ListItem","position":1,"name":"Portada","item":"https:\/\/www.ucaldas.edu.co\/portal\/"},{"@type":"ListItem","position":2,"name":"Fulbright Colombia ampl\u00eda la fecha de cierre de convocatoria de\u00a0becas de posgrados 2020"}]},{"@type":"WebSite","@id":"https:\/\/www.ucaldas.edu.co\/portal\/#website","url":"https:\/\/www.ucaldas.edu.co\/portal\/","name":"Universidad de Caldas","description":"","publisher":{"@id":"https:\/\/www.ucaldas.edu.co\/portal\/#organization"},"alternateName":"U. de Caldas","potentialAction":[{"@type":"SearchAction","target":{"@type":"EntryPoint","urlTemplate":"https:\/\/www.ucaldas.edu.co\/portal\/?s={search_term_string}"},"query-input":{"@type":"PropertyValueSpecification","valueRequired":true,"valueName":"search_term_string"}}],"inLanguage":"es"},{"@type":"Organization","@id":"https:\/\/www.ucaldas.edu.co\/portal\/#organization","name":"Universidad de Caldas","alternateName":"U. de Caldas","url":"https:\/\/www.ucaldas.edu.co\/portal\/","logo":{"@type":"ImageObject","inLanguage":"es","@id":"https:\/\/www.ucaldas.edu.co\/portal\/#\/schema\/logo\/image\/","url":"https:\/\/www.ucaldas.edu.co\/portal\/wp-content\/uploads\/2023\/11\/Logo_horizontal_oscuroU-2023.png","contentUrl":"https:\/\/www.ucaldas.edu.co\/portal\/wp-content\/uploads\/2023\/11\/Logo_horizontal_oscuroU-2023.png","width":263,"height":101,"caption":"Universidad de Caldas"},"image":{"@id":"https:\/\/www.ucaldas.edu.co\/portal\/#\/schema\/logo\/image\/"},"sameAs":["https:\/\/www.facebook.com\/udecaldas","https:\/\/x.com\/udecaldas","https:\/\/www.youtube.com\/universidadcaldas","https:\/\/www.instagram.com\/udecaldas\/"]},{"@type":"Person","@id":"https:\/\/www.ucaldas.edu.co\/portal\/#\/schema\/person\/a1b482e23449158b4bc319926c074fdf","name":"ofiprensa","image":{"@type":"ImageObject","inLanguage":"es","@id":"https:\/\/www.ucaldas.edu.co\/portal\/wp-content\/litespeed\/avatar\/09ea5085e600095a7a811142c6944527.jpg?ver=1777497608","url":"https:\/\/www.ucaldas.edu.co\/portal\/wp-content\/litespeed\/avatar\/09ea5085e600095a7a811142c6944527.jpg?ver=1777497608","contentUrl":"https:\/\/www.ucaldas.edu.co\/portal\/wp-content\/litespeed\/avatar\/09ea5085e600095a7a811142c6944527.jpg?ver=1777497608","caption":"ofiprensa"},"url":"https:\/\/www.ucaldas.edu.co\/portal\/author\/ofiprensa\/"}]}},"_links":{"self":[{"href":"https:\/\/www.ucaldas.edu.co\/portal\/wp-json\/wp\/v2\/posts\/55446","targetHints":{"allow":["GET"]}}],"collection":[{"href":"https:\/\/www.ucaldas.edu.co\/portal\/wp-json\/wp\/v2\/posts"}],"about":[{"href":"https:\/\/www.ucaldas.edu.co\/portal\/wp-json\/wp\/v2\/types\/post"}],"author":[{"embeddable":true,"href":"https:\/\/www.ucaldas.edu.co\/portal\/wp-json\/wp\/v2\/users\/2"}],"replies":[{"embeddable":true,"href":"https:\/\/www.ucaldas.edu.co\/portal\/wp-json\/wp\/v2\/comments?post=55446"}],"version-history":[{"count":0,"href":"https:\/\/www.ucaldas.edu.co\/portal\/wp-json\/wp\/v2\/posts\/55446\/revisions"}],"wp:featuredmedia":[{"embeddable":true,"href":"https:\/\/www.ucaldas.edu.co\/portal\/wp-json\/wp\/v2\/media\/55447"}],"wp:attachment":[{"href":"https:\/\/www.ucaldas.edu.co\/portal\/wp-json\/wp\/v2\/media?parent=55446"}],"wp:term":[{"taxonomy":"category","embeddable":true,"href":"https:\/\/www.ucaldas.edu.co\/portal\/wp-json\/wp\/v2\/categories?post=55446"},{"taxonomy":"post_tag","embeddable":true,"href":"https:\/\/www.ucaldas.edu.co\/portal\/wp-json\/wp\/v2\/tags?post=55446"}],"curies":[{"name":"wp","href":"https:\/\/api.w.org\/{rel}","templated":true}]}}