{"id":55243,"date":"2020-04-17T00:18:19","date_gmt":"2020-04-17T00:18:19","guid":{"rendered":"https:\/\/www.ucaldas.edu.co\/portal\/?p=55243"},"modified":"2020-04-17T00:19:10","modified_gmt":"2020-04-17T00:19:10","slug":"55243-2","status":"publish","type":"post","link":"https:\/\/www.ucaldas.edu.co\/portal\/55243-2\/","title":{"rendered":"Universidad de Caldas sigue adelante con las capacitaciones a docentes en educaci\u00f3n virtual"},"content":{"rendered":"<p style=\"text-align: center;\">SESI\u00d3N 17 DE ABRIL: RECURSOS ACAD\u00c9MICOS Y LENGUAJES DE COMUNICACI\u00d3N VIRTUAL<\/p>\n<p style=\"text-align: center;\"><strong><b>Universidad de Caldas sigue adelante con las capacitaciones a docentes en educaci\u00f3n virtual<\/b><\/strong><\/p>\n<p style=\"text-align: right;\">16 \/04\/2020<\/p>\n<p><img loading=\"lazy\" decoding=\"async\" class=\"alignnone size-full wp-image-55244 aligncenter\" src=\"https:\/\/www.ucaldas.edu.co\/portal\/wp-content\/uploads\/2020\/04\/uvirtual.jpg\" alt=\"\" width=\"700\" height=\"400\" srcset=\"https:\/\/www.ucaldas.edu.co\/portal\/wp-content\/uploads\/2020\/04\/uvirtual.jpg 700w, https:\/\/www.ucaldas.edu.co\/portal\/wp-content\/uploads\/2020\/04\/uvirtual-300x171.jpg 300w\" sizes=\"auto, (max-width: 700px) 100vw, 700px\" \/><\/p>\n<p>Se llev\u00f3 a cabo la cuarta sesi\u00f3n de capacitaci\u00f3n para la educaci\u00f3n no presencial que lleva a cabo la Universidad de Caldas, la cual busca seguir adelante con sus actividades acad\u00e9micas para este a\u00f1o.<\/p>\n<p style=\"text-align: center;\"><!--more--><\/p>\n<p>La sesi\u00f3n de hoy estuvo enfocada en las herramientas colaborativas institucionales para la educaci\u00f3n no presencial, donde se trataron temas como el manejo del correo electr\u00f3nico, Google Calendar y la funcionalidad de Google Drive como plataforma para la administraci\u00f3n de archivos educativos.<\/p>\n<p>Recordamos que el proceso para ingresar a las capacitaciones es el siguiente:<\/p>\n<p>1 &#8211; Seguir el link que llega un d\u00eda antes en el correo electr\u00f3nico institucional.<\/p>\n<p>2 &#8211; Este link lo llevar\u00e1 al canal oficial de Youtube de la Universidad de Caldas.<\/p>\n<p>3 &#8211; Suscribirse al canal.<\/p>\n<p>4 &#8211; Hacer click en el primer video que encuentre, el cual ser\u00e1 una transmisi\u00f3n en vivo<\/p>\n<p>5 &#8211; Cuando ingrese encontrar\u00e1 la transmisi\u00f3n y un chat donde podr\u00e1 realizar las preguntas sobre la sesi\u00f3n.<\/p>\n<p>&nbsp;<\/p>\n<p>Ingrese a nuestro canal oficial de Youtube<a href=\"https:\/\/www.youtube.com\/user\/universidadcaldas\"><u>\u00a0aqu\u00ed<\/u><\/a><\/p>\n<p>La sesi\u00f3n de ma\u00f1ana viernes 17 de abril tratar\u00e1 sobre los recursos de apoyo acad\u00e9mico que ofrecer\u00e1 la universidad a los docentes como bibliotecas digitales y bases de datos. Tambi\u00e9n se profundizar\u00e1 en canales y lenguajes de comunicaci\u00f3n en educaci\u00f3n virtual y no presencial. Esta sesi\u00f3n estar\u00e1 a cargo de Nicol\u00e1s Duque del Equipo de Bibliotecas, y Eder Pe\u00f1a Quimbaya del Departamento de Acci\u00f3n F\u00edsica Humana<\/p>\n<p>Resaltamos adem\u00e1s que en la web <a href=\"uvirtual.ucaldas.edu.co\"><u>uvirtual.ucaldas.edu.co<\/u><\/a>\u00a0los docentes podr\u00e1n encontrar diferentes recursos de apoyo como webinar, que les ayudar\u00e1n en la preparaci\u00f3n de cada sesi\u00f3n virtual. En esta web estar\u00e1n albergadas tambi\u00e9n las sesiones diarias y los documentos expuestos por los docentes tutores.<\/p>\n<p>Este ser\u00e1 el cronograma de la \u00a0pr\u00f3xima \u00a0semana.<\/p>\n<p><strong><b>\u00a0<\/b><\/strong><\/p>\n<table>\n<tbody>\n<tr>\n<td width=\"82\"><strong><b>FECHA<\/b><\/strong><\/td>\n<td width=\"131\"><strong><b>HORA<\/b><\/strong><\/td>\n<td width=\"389\"><strong><b>TEMA<\/b><\/strong><\/td>\n<\/tr>\n<tr>\n<td width=\"82\">Abril 20<\/td>\n<td width=\"131\">9:00 &#8211; 11:00 a.m.<\/td>\n<td width=\"389\">Aplicaciones para Videoconferencias: Meet &#8211; Zoom y Renata<\/td>\n<\/tr>\n<tr>\n<td width=\"82\">Abril 21<\/td>\n<td width=\"131\">9:00 &#8211; 11:00 a.m.<\/td>\n<td width=\"389\">Introducci\u00f3n a plataforma U. de Caldas Virtual.<\/p>\n<p>Preparaci\u00f3n de aula virtual en Moodle.<\/td>\n<\/tr>\n<tr>\n<td width=\"82\">Abril 22<\/td>\n<td width=\"131\">9:00 -11:00 a.m.<\/td>\n<td width=\"389\">Aspectos b\u00e1sicos para la administraci\u00f3n<\/p>\n<p>y publicaci\u00f3n del aula virtual.<\/td>\n<\/tr>\n<tr>\n<td width=\"82\">Abril 23<\/td>\n<td width=\"131\">9:00 -11:00 a.m.<\/td>\n<td width=\"389\">Administraci\u00f3n de aulas: Migraci\u00f3n de contenidos plataforma anterior a la actual (campus virtual a \u00a0U. de Caldas virtual)<\/td>\n<\/tr>\n<tr>\n<td width=\"82\">Abril 24<\/td>\n<td width=\"131\">9:00 -11:00 a.m<\/td>\n<td width=\"389\">Herramientas complementarias de Moodle y evaluaci\u00f3n<\/td>\n<\/tr>\n<\/tbody>\n<\/table>\n<p>&nbsp;<\/p>\n<p><strong><b>Informes: <\/b><\/strong>Oficina de Comunicaciones y Prensa Universidad de Caldas.<\/p>\n<p><strong><b>Redacci\u00f3n:<\/b><\/strong>\u00a0Mateo Buritic\u00e1 Giraldo<\/p>\n<p>&nbsp;<\/p>\n","protected":false},"excerpt":{"rendered":"<p>SESI\u00d3N 17 DE ABRIL: RECURSOS ACAD\u00c9MICOS Y LENGUAJES DE COMUNICACI\u00d3N VIRTUAL Universidad de Caldas sigue adelante con las capacitaciones a docentes en educaci\u00f3n virtual 16 \/04\/2020 Se llev\u00f3 a cabo la cuarta sesi\u00f3n de capacitaci\u00f3n para la educaci\u00f3n no presencial que lleva a cabo la Universidad de Caldas, la cual busca seguir adelante con sus [&hellip;]<\/p>\n","protected":false},"author":2,"featured_media":55244,"comment_status":"closed","ping_status":"open","sticky":false,"template":"","format":"standard","meta":{"footnotes":""},"categories":[48,53],"tags":[333,350,1112,4653],"class_list":["post-55243","post","type-post","status-publish","format-standard","has-post-thumbnail","hentry","category-actualidad","category-universidad-al-dia","tag-docentes","tag-formacion","tag-virtualidad","tag-herramientas"],"yoast_head":"<!-- This site is optimized with the Yoast SEO plugin v27.5 - https:\/\/yoast.com\/product\/yoast-seo-wordpress\/ -->\n<title>Universidad de Caldas sigue adelante con las capacitaciones a docentes en educaci\u00f3n virtual .<\/title>\n<meta name=\"robots\" content=\"index, follow, max-snippet:-1, max-image-preview:large, max-video-preview:-1\" \/>\n<link rel=\"canonical\" href=\"https:\/\/www.ucaldas.edu.co\/portal\/55243-2\/\" \/>\n<script type=\"application\/ld+json\" class=\"yoast-schema-graph\">{\"@context\":\"https:\\\/\\\/schema.org\",\"@graph\":[{\"@type\":\"Article\",\"@id\":\"https:\\\/\\\/www.ucaldas.edu.co\\\/portal\\\/55243-2\\\/#article\",\"isPartOf\":{\"@id\":\"https:\\\/\\\/www.ucaldas.edu.co\\\/portal\\\/55243-2\\\/\"},\"author\":{\"name\":\"ofiprensa\",\"@id\":\"https:\\\/\\\/www.ucaldas.edu.co\\\/portal\\\/#\\\/schema\\\/person\\\/a1b482e23449158b4bc319926c074fdf\"},\"headline\":\"Universidad de Caldas sigue adelante con las capacitaciones a docentes en educaci\u00f3n virtual\",\"datePublished\":\"2020-04-17T00:18:19+00:00\",\"dateModified\":\"2020-04-17T00:19:10+00:00\",\"mainEntityOfPage\":{\"@id\":\"https:\\\/\\\/www.ucaldas.edu.co\\\/portal\\\/55243-2\\\/\"},\"wordCount\":459,\"publisher\":{\"@id\":\"https:\\\/\\\/www.ucaldas.edu.co\\\/portal\\\/#organization\"},\"image\":{\"@id\":\"https:\\\/\\\/www.ucaldas.edu.co\\\/portal\\\/55243-2\\\/#primaryimage\"},\"thumbnailUrl\":\"https:\\\/\\\/www.ucaldas.edu.co\\\/portal\\\/wp-content\\\/uploads\\\/2020\\\/04\\\/uvirtual.jpg\",\"keywords\":[\"docentes\",\"formaci\u00f3n\",\"Virtualidad\",\"herramientas\"],\"articleSection\":[\"Actualidad\",\"Universidad al D\u00eda\"],\"inLanguage\":\"es\"},{\"@type\":\"WebPage\",\"@id\":\"https:\\\/\\\/www.ucaldas.edu.co\\\/portal\\\/55243-2\\\/\",\"url\":\"https:\\\/\\\/www.ucaldas.edu.co\\\/portal\\\/55243-2\\\/\",\"name\":\"Universidad de Caldas sigue adelante con las capacitaciones a docentes en educaci\u00f3n virtual .\",\"isPartOf\":{\"@id\":\"https:\\\/\\\/www.ucaldas.edu.co\\\/portal\\\/#website\"},\"primaryImageOfPage\":{\"@id\":\"https:\\\/\\\/www.ucaldas.edu.co\\\/portal\\\/55243-2\\\/#primaryimage\"},\"image\":{\"@id\":\"https:\\\/\\\/www.ucaldas.edu.co\\\/portal\\\/55243-2\\\/#primaryimage\"},\"thumbnailUrl\":\"https:\\\/\\\/www.ucaldas.edu.co\\\/portal\\\/wp-content\\\/uploads\\\/2020\\\/04\\\/uvirtual.jpg\",\"datePublished\":\"2020-04-17T00:18:19+00:00\",\"dateModified\":\"2020-04-17T00:19:10+00:00\",\"breadcrumb\":{\"@id\":\"https:\\\/\\\/www.ucaldas.edu.co\\\/portal\\\/55243-2\\\/#breadcrumb\"},\"inLanguage\":\"es\",\"potentialAction\":[{\"@type\":\"ReadAction\",\"target\":[\"https:\\\/\\\/www.ucaldas.edu.co\\\/portal\\\/55243-2\\\/\"]}]},{\"@type\":\"ImageObject\",\"inLanguage\":\"es\",\"@id\":\"https:\\\/\\\/www.ucaldas.edu.co\\\/portal\\\/55243-2\\\/#primaryimage\",\"url\":\"https:\\\/\\\/www.ucaldas.edu.co\\\/portal\\\/wp-content\\\/uploads\\\/2020\\\/04\\\/uvirtual.jpg\",\"contentUrl\":\"https:\\\/\\\/www.ucaldas.edu.co\\\/portal\\\/wp-content\\\/uploads\\\/2020\\\/04\\\/uvirtual.jpg\",\"width\":700,\"height\":400},{\"@type\":\"BreadcrumbList\",\"@id\":\"https:\\\/\\\/www.ucaldas.edu.co\\\/portal\\\/55243-2\\\/#breadcrumb\",\"itemListElement\":[{\"@type\":\"ListItem\",\"position\":1,\"name\":\"Portada\",\"item\":\"https:\\\/\\\/www.ucaldas.edu.co\\\/portal\\\/\"},{\"@type\":\"ListItem\",\"position\":2,\"name\":\"Universidad de Caldas sigue adelante con las capacitaciones a docentes en educaci\u00f3n virtual\"}]},{\"@type\":\"WebSite\",\"@id\":\"https:\\\/\\\/www.ucaldas.edu.co\\\/portal\\\/#website\",\"url\":\"https:\\\/\\\/www.ucaldas.edu.co\\\/portal\\\/\",\"name\":\"Universidad de Caldas\",\"description\":\"\",\"publisher\":{\"@id\":\"https:\\\/\\\/www.ucaldas.edu.co\\\/portal\\\/#organization\"},\"alternateName\":\"U. de Caldas\",\"potentialAction\":[{\"@type\":\"SearchAction\",\"target\":{\"@type\":\"EntryPoint\",\"urlTemplate\":\"https:\\\/\\\/www.ucaldas.edu.co\\\/portal\\\/?s={search_term_string}\"},\"query-input\":{\"@type\":\"PropertyValueSpecification\",\"valueRequired\":true,\"valueName\":\"search_term_string\"}}],\"inLanguage\":\"es\"},{\"@type\":\"Organization\",\"@id\":\"https:\\\/\\\/www.ucaldas.edu.co\\\/portal\\\/#organization\",\"name\":\"Universidad de Caldas\",\"alternateName\":\"U. de Caldas\",\"url\":\"https:\\\/\\\/www.ucaldas.edu.co\\\/portal\\\/\",\"logo\":{\"@type\":\"ImageObject\",\"inLanguage\":\"es\",\"@id\":\"https:\\\/\\\/www.ucaldas.edu.co\\\/portal\\\/#\\\/schema\\\/logo\\\/image\\\/\",\"url\":\"https:\\\/\\\/www.ucaldas.edu.co\\\/portal\\\/wp-content\\\/uploads\\\/2023\\\/11\\\/Logo_horizontal_oscuroU-2023.png\",\"contentUrl\":\"https:\\\/\\\/www.ucaldas.edu.co\\\/portal\\\/wp-content\\\/uploads\\\/2023\\\/11\\\/Logo_horizontal_oscuroU-2023.png\",\"width\":263,\"height\":101,\"caption\":\"Universidad de Caldas\"},\"image\":{\"@id\":\"https:\\\/\\\/www.ucaldas.edu.co\\\/portal\\\/#\\\/schema\\\/logo\\\/image\\\/\"},\"sameAs\":[\"https:\\\/\\\/www.facebook.com\\\/udecaldas\",\"https:\\\/\\\/x.com\\\/udecaldas\",\"https:\\\/\\\/www.youtube.com\\\/universidadcaldas\",\"https:\\\/\\\/www.instagram.com\\\/udecaldas\\\/\"]},{\"@type\":\"Person\",\"@id\":\"https:\\\/\\\/www.ucaldas.edu.co\\\/portal\\\/#\\\/schema\\\/person\\\/a1b482e23449158b4bc319926c074fdf\",\"name\":\"ofiprensa\",\"image\":{\"@type\":\"ImageObject\",\"inLanguage\":\"es\",\"@id\":\"https:\\\/\\\/www.ucaldas.edu.co\\\/portal\\\/wp-content\\\/litespeed\\\/avatar\\\/09ea5085e600095a7a811142c6944527.jpg?ver=1777497608\",\"url\":\"https:\\\/\\\/www.ucaldas.edu.co\\\/portal\\\/wp-content\\\/litespeed\\\/avatar\\\/09ea5085e600095a7a811142c6944527.jpg?ver=1777497608\",\"contentUrl\":\"https:\\\/\\\/www.ucaldas.edu.co\\\/portal\\\/wp-content\\\/litespeed\\\/avatar\\\/09ea5085e600095a7a811142c6944527.jpg?ver=1777497608\",\"caption\":\"ofiprensa\"},\"url\":\"https:\\\/\\\/www.ucaldas.edu.co\\\/portal\\\/author\\\/ofiprensa\\\/\"}]}<\/script>\n<!-- \/ Yoast SEO plugin. -->","yoast_head_json":{"title":"Universidad de Caldas sigue adelante con las capacitaciones a docentes en educaci\u00f3n virtual .","robots":{"index":"index","follow":"follow","max-snippet":"max-snippet:-1","max-image-preview":"max-image-preview:large","max-video-preview":"max-video-preview:-1"},"canonical":"https:\/\/www.ucaldas.edu.co\/portal\/55243-2\/","schema":{"@context":"https:\/\/schema.org","@graph":[{"@type":"Article","@id":"https:\/\/www.ucaldas.edu.co\/portal\/55243-2\/#article","isPartOf":{"@id":"https:\/\/www.ucaldas.edu.co\/portal\/55243-2\/"},"author":{"name":"ofiprensa","@id":"https:\/\/www.ucaldas.edu.co\/portal\/#\/schema\/person\/a1b482e23449158b4bc319926c074fdf"},"headline":"Universidad de Caldas sigue adelante con las capacitaciones a docentes en educaci\u00f3n virtual","datePublished":"2020-04-17T00:18:19+00:00","dateModified":"2020-04-17T00:19:10+00:00","mainEntityOfPage":{"@id":"https:\/\/www.ucaldas.edu.co\/portal\/55243-2\/"},"wordCount":459,"publisher":{"@id":"https:\/\/www.ucaldas.edu.co\/portal\/#organization"},"image":{"@id":"https:\/\/www.ucaldas.edu.co\/portal\/55243-2\/#primaryimage"},"thumbnailUrl":"https:\/\/www.ucaldas.edu.co\/portal\/wp-content\/uploads\/2020\/04\/uvirtual.jpg","keywords":["docentes","formaci\u00f3n","Virtualidad","herramientas"],"articleSection":["Actualidad","Universidad al D\u00eda"],"inLanguage":"es"},{"@type":"WebPage","@id":"https:\/\/www.ucaldas.edu.co\/portal\/55243-2\/","url":"https:\/\/www.ucaldas.edu.co\/portal\/55243-2\/","name":"Universidad de Caldas sigue adelante con las capacitaciones a docentes en educaci\u00f3n virtual .","isPartOf":{"@id":"https:\/\/www.ucaldas.edu.co\/portal\/#website"},"primaryImageOfPage":{"@id":"https:\/\/www.ucaldas.edu.co\/portal\/55243-2\/#primaryimage"},"image":{"@id":"https:\/\/www.ucaldas.edu.co\/portal\/55243-2\/#primaryimage"},"thumbnailUrl":"https:\/\/www.ucaldas.edu.co\/portal\/wp-content\/uploads\/2020\/04\/uvirtual.jpg","datePublished":"2020-04-17T00:18:19+00:00","dateModified":"2020-04-17T00:19:10+00:00","breadcrumb":{"@id":"https:\/\/www.ucaldas.edu.co\/portal\/55243-2\/#breadcrumb"},"inLanguage":"es","potentialAction":[{"@type":"ReadAction","target":["https:\/\/www.ucaldas.edu.co\/portal\/55243-2\/"]}]},{"@type":"ImageObject","inLanguage":"es","@id":"https:\/\/www.ucaldas.edu.co\/portal\/55243-2\/#primaryimage","url":"https:\/\/www.ucaldas.edu.co\/portal\/wp-content\/uploads\/2020\/04\/uvirtual.jpg","contentUrl":"https:\/\/www.ucaldas.edu.co\/portal\/wp-content\/uploads\/2020\/04\/uvirtual.jpg","width":700,"height":400},{"@type":"BreadcrumbList","@id":"https:\/\/www.ucaldas.edu.co\/portal\/55243-2\/#breadcrumb","itemListElement":[{"@type":"ListItem","position":1,"name":"Portada","item":"https:\/\/www.ucaldas.edu.co\/portal\/"},{"@type":"ListItem","position":2,"name":"Universidad de Caldas sigue adelante con las capacitaciones a docentes en educaci\u00f3n virtual"}]},{"@type":"WebSite","@id":"https:\/\/www.ucaldas.edu.co\/portal\/#website","url":"https:\/\/www.ucaldas.edu.co\/portal\/","name":"Universidad de Caldas","description":"","publisher":{"@id":"https:\/\/www.ucaldas.edu.co\/portal\/#organization"},"alternateName":"U. de Caldas","potentialAction":[{"@type":"SearchAction","target":{"@type":"EntryPoint","urlTemplate":"https:\/\/www.ucaldas.edu.co\/portal\/?s={search_term_string}"},"query-input":{"@type":"PropertyValueSpecification","valueRequired":true,"valueName":"search_term_string"}}],"inLanguage":"es"},{"@type":"Organization","@id":"https:\/\/www.ucaldas.edu.co\/portal\/#organization","name":"Universidad de Caldas","alternateName":"U. de Caldas","url":"https:\/\/www.ucaldas.edu.co\/portal\/","logo":{"@type":"ImageObject","inLanguage":"es","@id":"https:\/\/www.ucaldas.edu.co\/portal\/#\/schema\/logo\/image\/","url":"https:\/\/www.ucaldas.edu.co\/portal\/wp-content\/uploads\/2023\/11\/Logo_horizontal_oscuroU-2023.png","contentUrl":"https:\/\/www.ucaldas.edu.co\/portal\/wp-content\/uploads\/2023\/11\/Logo_horizontal_oscuroU-2023.png","width":263,"height":101,"caption":"Universidad de Caldas"},"image":{"@id":"https:\/\/www.ucaldas.edu.co\/portal\/#\/schema\/logo\/image\/"},"sameAs":["https:\/\/www.facebook.com\/udecaldas","https:\/\/x.com\/udecaldas","https:\/\/www.youtube.com\/universidadcaldas","https:\/\/www.instagram.com\/udecaldas\/"]},{"@type":"Person","@id":"https:\/\/www.ucaldas.edu.co\/portal\/#\/schema\/person\/a1b482e23449158b4bc319926c074fdf","name":"ofiprensa","image":{"@type":"ImageObject","inLanguage":"es","@id":"https:\/\/www.ucaldas.edu.co\/portal\/wp-content\/litespeed\/avatar\/09ea5085e600095a7a811142c6944527.jpg?ver=1777497608","url":"https:\/\/www.ucaldas.edu.co\/portal\/wp-content\/litespeed\/avatar\/09ea5085e600095a7a811142c6944527.jpg?ver=1777497608","contentUrl":"https:\/\/www.ucaldas.edu.co\/portal\/wp-content\/litespeed\/avatar\/09ea5085e600095a7a811142c6944527.jpg?ver=1777497608","caption":"ofiprensa"},"url":"https:\/\/www.ucaldas.edu.co\/portal\/author\/ofiprensa\/"}]}},"_links":{"self":[{"href":"https:\/\/www.ucaldas.edu.co\/portal\/wp-json\/wp\/v2\/posts\/55243","targetHints":{"allow":["GET"]}}],"collection":[{"href":"https:\/\/www.ucaldas.edu.co\/portal\/wp-json\/wp\/v2\/posts"}],"about":[{"href":"https:\/\/www.ucaldas.edu.co\/portal\/wp-json\/wp\/v2\/types\/post"}],"author":[{"embeddable":true,"href":"https:\/\/www.ucaldas.edu.co\/portal\/wp-json\/wp\/v2\/users\/2"}],"replies":[{"embeddable":true,"href":"https:\/\/www.ucaldas.edu.co\/portal\/wp-json\/wp\/v2\/comments?post=55243"}],"version-history":[{"count":0,"href":"https:\/\/www.ucaldas.edu.co\/portal\/wp-json\/wp\/v2\/posts\/55243\/revisions"}],"wp:featuredmedia":[{"embeddable":true,"href":"https:\/\/www.ucaldas.edu.co\/portal\/wp-json\/wp\/v2\/media\/55244"}],"wp:attachment":[{"href":"https:\/\/www.ucaldas.edu.co\/portal\/wp-json\/wp\/v2\/media?parent=55243"}],"wp:term":[{"taxonomy":"category","embeddable":true,"href":"https:\/\/www.ucaldas.edu.co\/portal\/wp-json\/wp\/v2\/categories?post=55243"},{"taxonomy":"post_tag","embeddable":true,"href":"https:\/\/www.ucaldas.edu.co\/portal\/wp-json\/wp\/v2\/tags?post=55243"}],"curies":[{"name":"wp","href":"https:\/\/api.w.org\/{rel}","templated":true}]}}