{"id":5521,"date":"2010-04-28T11:40:49","date_gmt":"2010-04-28T16:40:49","guid":{"rendered":"https:\/\/www.ucaldas.edu.co\/portal\/?p=5521"},"modified":"2010-04-28T11:40:49","modified_gmt":"2010-04-28T16:40:49","slug":"asamblea-de-caldas-se-anticipo-a-la-celebracion-de-los-60-anos-de-derecho","status":"publish","type":"post","link":"https:\/\/www.ucaldas.edu.co\/portal\/asamblea-de-caldas-se-anticipo-a-la-celebracion-de-los-60-anos-de-derecho\/","title":{"rendered":"Asamblea de Caldas se anticip\u00f3 a la celebraci\u00f3n de los 60 a\u00f1os de Derecho"},"content":{"rendered":"<p>Hizo homenaje a este programa de la u. de caldas<\/p>\n<hr id=\"system-readmore\" \/>\n<p>&nbsp;<\/p>\n<table border=\"0\">\n<tbody>\n<tr>\n<td><img loading=\"lazy\" decoding=\"async\" style=\"border: 0px\" alt=\"Asamblea de Caldas\" src=\"http:\/\/www.ucaldas.edu.co\/images\/asamblea_caldas_derecho.jpg\" width=\"210\" height=\"150\" border=\"0\" \/><\/td>\n<td>Con el fin de destacar la labor educativa de la Universidad de Caldas con su programa de Derecho, la Asamblea de Caldas le entreg\u00f3 al rector Ricardo G\u00f3mez Giraldo una resoluci\u00f3n en nota de estilo.<\/p>\n<p>&nbsp;<\/p>\n<p>La entrega se hizo en sesi\u00f3n especial de este mi\u00e9rcoles 28 de abril, como antesala a la celebraci\u00f3n de 6 d\u00e9cadas del programa de Derecho, de la Instituci\u00f3n.<\/td>\n<\/tr>\n<\/tbody>\n<\/table>\n<p>La resoluci\u00f3n tambi\u00e9n resalta el legado de varias\u00a0 generaciones que ha dejado este programa mediante \u201cuna educaci\u00f3n digna y adecuada, formando profesionales que son orgullo para nuestra regi\u00f3n y pa\u00eds\u201d, seg\u00fan se\u00f1ala el documento.<\/p>\n<p>&nbsp;<\/p>\n<p>El pr\u00f3ximo 12 de mayo ser\u00e1 la celebraci\u00f3n oficial de los 60 a\u00f1os de Derecho, con la presencia de varios personajes de importancia nacional, relacionados con la Asamblea Constituyente de los a\u00f1os 90.<\/p>\n<p>&nbsp;<\/p>\n<p>Consultar <a href=\"http:\/\/desarrollo.ucaldas.edu.co\/archivo\/images\/resolucion_asamblea_caldas.pdf\">resoluci\u00f3n <img loading=\"lazy\" decoding=\"async\" alt=\"Pdf\" src=\"http:\/\/ucaldas.edu.co\/images\/icono_pdf.gif\" width=\"16\" height=\"17\" border=\"0\" \/><\/a><\/p>\n<p>&nbsp;<\/p>\n<p>Informes, en la Oficina de Prensa de la Universidad de Caldas. Tel\u00e9fono 878 15 00 extensi\u00f3n 11 167 y 878 15 03.<\/p>\n","protected":false},"excerpt":{"rendered":"<p>Hizo homenaje a este programa de la u. de caldas &nbsp; Con el fin de destacar la labor educativa de la Universidad de Caldas con su programa de Derecho, la Asamblea de Caldas le entreg\u00f3 al rector Ricardo G\u00f3mez Giraldo una resoluci\u00f3n en nota de estilo. &nbsp; La entrega se hizo en sesi\u00f3n especial de [&hellip;]<\/p>\n","protected":false},"author":2,"featured_media":0,"comment_status":"closed","ping_status":"closed","sticky":false,"template":"","format":"standard","meta":{"footnotes":""},"categories":[48,53],"tags":[],"class_list":["post-5521","post","type-post","status-publish","format-standard","hentry","category-actualidad","category-universidad-al-dia"],"yoast_head":"<!-- This site is optimized with the Yoast SEO plugin v27.5 - https:\/\/yoast.com\/product\/yoast-seo-wordpress\/ -->\n<title>Asamblea de Caldas se anticip\u00f3 a la celebraci\u00f3n de los 60 a\u00f1os de Derecho .<\/title>\n<meta name=\"robots\" content=\"index, follow, max-snippet:-1, max-image-preview:large, max-video-preview:-1\" \/>\n<link rel=\"canonical\" href=\"https:\/\/www.ucaldas.edu.co\/portal\/asamblea-de-caldas-se-anticipo-a-la-celebracion-de-los-60-anos-de-derecho\/\" \/>\n<script type=\"application\/ld+json\" class=\"yoast-schema-graph\">{\"@context\":\"https:\\\/\\\/schema.org\",\"@graph\":[{\"@type\":\"Article\",\"@id\":\"https:\\\/\\\/www.ucaldas.edu.co\\\/portal\\\/asamblea-de-caldas-se-anticipo-a-la-celebracion-de-los-60-anos-de-derecho\\\/#article\",\"isPartOf\":{\"@id\":\"https:\\\/\\\/www.ucaldas.edu.co\\\/portal\\\/asamblea-de-caldas-se-anticipo-a-la-celebracion-de-los-60-anos-de-derecho\\\/\"},\"author\":{\"name\":\"ofiprensa\",\"@id\":\"https:\\\/\\\/www.ucaldas.edu.co\\\/portal\\\/#\\\/schema\\\/person\\\/a1b482e23449158b4bc319926c074fdf\"},\"headline\":\"Asamblea de Caldas se anticip\u00f3 a la celebraci\u00f3n de los 60 a\u00f1os de Derecho\",\"datePublished\":\"2010-04-28T16:40:49+00:00\",\"mainEntityOfPage\":{\"@id\":\"https:\\\/\\\/www.ucaldas.edu.co\\\/portal\\\/asamblea-de-caldas-se-anticipo-a-la-celebracion-de-los-60-anos-de-derecho\\\/\"},\"wordCount\":192,\"publisher\":{\"@id\":\"https:\\\/\\\/www.ucaldas.edu.co\\\/portal\\\/#organization\"},\"image\":{\"@id\":\"https:\\\/\\\/www.ucaldas.edu.co\\\/portal\\\/asamblea-de-caldas-se-anticipo-a-la-celebracion-de-los-60-anos-de-derecho\\\/#primaryimage\"},\"thumbnailUrl\":\"http:\\\/\\\/www.ucaldas.edu.co\\\/images\\\/asamblea_caldas_derecho.jpg\",\"articleSection\":[\"Actualidad\",\"Universidad al D\u00eda\"],\"inLanguage\":\"es\"},{\"@type\":\"WebPage\",\"@id\":\"https:\\\/\\\/www.ucaldas.edu.co\\\/portal\\\/asamblea-de-caldas-se-anticipo-a-la-celebracion-de-los-60-anos-de-derecho\\\/\",\"url\":\"https:\\\/\\\/www.ucaldas.edu.co\\\/portal\\\/asamblea-de-caldas-se-anticipo-a-la-celebracion-de-los-60-anos-de-derecho\\\/\",\"name\":\"Asamblea de Caldas se anticip\u00f3 a la celebraci\u00f3n de los 60 a\u00f1os de Derecho .\",\"isPartOf\":{\"@id\":\"https:\\\/\\\/www.ucaldas.edu.co\\\/portal\\\/#website\"},\"primaryImageOfPage\":{\"@id\":\"https:\\\/\\\/www.ucaldas.edu.co\\\/portal\\\/asamblea-de-caldas-se-anticipo-a-la-celebracion-de-los-60-anos-de-derecho\\\/#primaryimage\"},\"image\":{\"@id\":\"https:\\\/\\\/www.ucaldas.edu.co\\\/portal\\\/asamblea-de-caldas-se-anticipo-a-la-celebracion-de-los-60-anos-de-derecho\\\/#primaryimage\"},\"thumbnailUrl\":\"http:\\\/\\\/www.ucaldas.edu.co\\\/images\\\/asamblea_caldas_derecho.jpg\",\"datePublished\":\"2010-04-28T16:40:49+00:00\",\"breadcrumb\":{\"@id\":\"https:\\\/\\\/www.ucaldas.edu.co\\\/portal\\\/asamblea-de-caldas-se-anticipo-a-la-celebracion-de-los-60-anos-de-derecho\\\/#breadcrumb\"},\"inLanguage\":\"es\",\"potentialAction\":[{\"@type\":\"ReadAction\",\"target\":[\"https:\\\/\\\/www.ucaldas.edu.co\\\/portal\\\/asamblea-de-caldas-se-anticipo-a-la-celebracion-de-los-60-anos-de-derecho\\\/\"]}]},{\"@type\":\"ImageObject\",\"inLanguage\":\"es\",\"@id\":\"https:\\\/\\\/www.ucaldas.edu.co\\\/portal\\\/asamblea-de-caldas-se-anticipo-a-la-celebracion-de-los-60-anos-de-derecho\\\/#primaryimage\",\"url\":\"http:\\\/\\\/www.ucaldas.edu.co\\\/images\\\/asamblea_caldas_derecho.jpg\",\"contentUrl\":\"http:\\\/\\\/www.ucaldas.edu.co\\\/images\\\/asamblea_caldas_derecho.jpg\"},{\"@type\":\"BreadcrumbList\",\"@id\":\"https:\\\/\\\/www.ucaldas.edu.co\\\/portal\\\/asamblea-de-caldas-se-anticipo-a-la-celebracion-de-los-60-anos-de-derecho\\\/#breadcrumb\",\"itemListElement\":[{\"@type\":\"ListItem\",\"position\":1,\"name\":\"Portada\",\"item\":\"https:\\\/\\\/www.ucaldas.edu.co\\\/portal\\\/\"},{\"@type\":\"ListItem\",\"position\":2,\"name\":\"Asamblea de Caldas se anticip\u00f3 a la celebraci\u00f3n de los 60 a\u00f1os de Derecho\"}]},{\"@type\":\"WebSite\",\"@id\":\"https:\\\/\\\/www.ucaldas.edu.co\\\/portal\\\/#website\",\"url\":\"https:\\\/\\\/www.ucaldas.edu.co\\\/portal\\\/\",\"name\":\"Universidad de Caldas\",\"description\":\"\",\"publisher\":{\"@id\":\"https:\\\/\\\/www.ucaldas.edu.co\\\/portal\\\/#organization\"},\"alternateName\":\"U. de Caldas\",\"potentialAction\":[{\"@type\":\"SearchAction\",\"target\":{\"@type\":\"EntryPoint\",\"urlTemplate\":\"https:\\\/\\\/www.ucaldas.edu.co\\\/portal\\\/?s={search_term_string}\"},\"query-input\":{\"@type\":\"PropertyValueSpecification\",\"valueRequired\":true,\"valueName\":\"search_term_string\"}}],\"inLanguage\":\"es\"},{\"@type\":\"Organization\",\"@id\":\"https:\\\/\\\/www.ucaldas.edu.co\\\/portal\\\/#organization\",\"name\":\"Universidad de Caldas\",\"alternateName\":\"U. de Caldas\",\"url\":\"https:\\\/\\\/www.ucaldas.edu.co\\\/portal\\\/\",\"logo\":{\"@type\":\"ImageObject\",\"inLanguage\":\"es\",\"@id\":\"https:\\\/\\\/www.ucaldas.edu.co\\\/portal\\\/#\\\/schema\\\/logo\\\/image\\\/\",\"url\":\"https:\\\/\\\/www.ucaldas.edu.co\\\/portal\\\/wp-content\\\/uploads\\\/2023\\\/11\\\/Logo_horizontal_oscuroU-2023.png\",\"contentUrl\":\"https:\\\/\\\/www.ucaldas.edu.co\\\/portal\\\/wp-content\\\/uploads\\\/2023\\\/11\\\/Logo_horizontal_oscuroU-2023.png\",\"width\":263,\"height\":101,\"caption\":\"Universidad de Caldas\"},\"image\":{\"@id\":\"https:\\\/\\\/www.ucaldas.edu.co\\\/portal\\\/#\\\/schema\\\/logo\\\/image\\\/\"},\"sameAs\":[\"https:\\\/\\\/www.facebook.com\\\/udecaldas\",\"https:\\\/\\\/x.com\\\/udecaldas\",\"https:\\\/\\\/www.youtube.com\\\/universidadcaldas\",\"https:\\\/\\\/www.instagram.com\\\/udecaldas\\\/\"]},{\"@type\":\"Person\",\"@id\":\"https:\\\/\\\/www.ucaldas.edu.co\\\/portal\\\/#\\\/schema\\\/person\\\/a1b482e23449158b4bc319926c074fdf\",\"name\":\"ofiprensa\",\"image\":{\"@type\":\"ImageObject\",\"inLanguage\":\"es\",\"@id\":\"https:\\\/\\\/www.ucaldas.edu.co\\\/portal\\\/wp-content\\\/litespeed\\\/avatar\\\/09ea5085e600095a7a811142c6944527.jpg?ver=1777497608\",\"url\":\"https:\\\/\\\/www.ucaldas.edu.co\\\/portal\\\/wp-content\\\/litespeed\\\/avatar\\\/09ea5085e600095a7a811142c6944527.jpg?ver=1777497608\",\"contentUrl\":\"https:\\\/\\\/www.ucaldas.edu.co\\\/portal\\\/wp-content\\\/litespeed\\\/avatar\\\/09ea5085e600095a7a811142c6944527.jpg?ver=1777497608\",\"caption\":\"ofiprensa\"},\"url\":\"https:\\\/\\\/www.ucaldas.edu.co\\\/portal\\\/author\\\/ofiprensa\\\/\"}]}<\/script>\n<!-- \/ Yoast SEO plugin. -->","yoast_head_json":{"title":"Asamblea de Caldas se anticip\u00f3 a la celebraci\u00f3n de los 60 a\u00f1os de Derecho .","robots":{"index":"index","follow":"follow","max-snippet":"max-snippet:-1","max-image-preview":"max-image-preview:large","max-video-preview":"max-video-preview:-1"},"canonical":"https:\/\/www.ucaldas.edu.co\/portal\/asamblea-de-caldas-se-anticipo-a-la-celebracion-de-los-60-anos-de-derecho\/","schema":{"@context":"https:\/\/schema.org","@graph":[{"@type":"Article","@id":"https:\/\/www.ucaldas.edu.co\/portal\/asamblea-de-caldas-se-anticipo-a-la-celebracion-de-los-60-anos-de-derecho\/#article","isPartOf":{"@id":"https:\/\/www.ucaldas.edu.co\/portal\/asamblea-de-caldas-se-anticipo-a-la-celebracion-de-los-60-anos-de-derecho\/"},"author":{"name":"ofiprensa","@id":"https:\/\/www.ucaldas.edu.co\/portal\/#\/schema\/person\/a1b482e23449158b4bc319926c074fdf"},"headline":"Asamblea de Caldas se anticip\u00f3 a la celebraci\u00f3n de los 60 a\u00f1os de Derecho","datePublished":"2010-04-28T16:40:49+00:00","mainEntityOfPage":{"@id":"https:\/\/www.ucaldas.edu.co\/portal\/asamblea-de-caldas-se-anticipo-a-la-celebracion-de-los-60-anos-de-derecho\/"},"wordCount":192,"publisher":{"@id":"https:\/\/www.ucaldas.edu.co\/portal\/#organization"},"image":{"@id":"https:\/\/www.ucaldas.edu.co\/portal\/asamblea-de-caldas-se-anticipo-a-la-celebracion-de-los-60-anos-de-derecho\/#primaryimage"},"thumbnailUrl":"http:\/\/www.ucaldas.edu.co\/images\/asamblea_caldas_derecho.jpg","articleSection":["Actualidad","Universidad al D\u00eda"],"inLanguage":"es"},{"@type":"WebPage","@id":"https:\/\/www.ucaldas.edu.co\/portal\/asamblea-de-caldas-se-anticipo-a-la-celebracion-de-los-60-anos-de-derecho\/","url":"https:\/\/www.ucaldas.edu.co\/portal\/asamblea-de-caldas-se-anticipo-a-la-celebracion-de-los-60-anos-de-derecho\/","name":"Asamblea de Caldas se anticip\u00f3 a la celebraci\u00f3n de los 60 a\u00f1os de Derecho .","isPartOf":{"@id":"https:\/\/www.ucaldas.edu.co\/portal\/#website"},"primaryImageOfPage":{"@id":"https:\/\/www.ucaldas.edu.co\/portal\/asamblea-de-caldas-se-anticipo-a-la-celebracion-de-los-60-anos-de-derecho\/#primaryimage"},"image":{"@id":"https:\/\/www.ucaldas.edu.co\/portal\/asamblea-de-caldas-se-anticipo-a-la-celebracion-de-los-60-anos-de-derecho\/#primaryimage"},"thumbnailUrl":"http:\/\/www.ucaldas.edu.co\/images\/asamblea_caldas_derecho.jpg","datePublished":"2010-04-28T16:40:49+00:00","breadcrumb":{"@id":"https:\/\/www.ucaldas.edu.co\/portal\/asamblea-de-caldas-se-anticipo-a-la-celebracion-de-los-60-anos-de-derecho\/#breadcrumb"},"inLanguage":"es","potentialAction":[{"@type":"ReadAction","target":["https:\/\/www.ucaldas.edu.co\/portal\/asamblea-de-caldas-se-anticipo-a-la-celebracion-de-los-60-anos-de-derecho\/"]}]},{"@type":"ImageObject","inLanguage":"es","@id":"https:\/\/www.ucaldas.edu.co\/portal\/asamblea-de-caldas-se-anticipo-a-la-celebracion-de-los-60-anos-de-derecho\/#primaryimage","url":"http:\/\/www.ucaldas.edu.co\/images\/asamblea_caldas_derecho.jpg","contentUrl":"http:\/\/www.ucaldas.edu.co\/images\/asamblea_caldas_derecho.jpg"},{"@type":"BreadcrumbList","@id":"https:\/\/www.ucaldas.edu.co\/portal\/asamblea-de-caldas-se-anticipo-a-la-celebracion-de-los-60-anos-de-derecho\/#breadcrumb","itemListElement":[{"@type":"ListItem","position":1,"name":"Portada","item":"https:\/\/www.ucaldas.edu.co\/portal\/"},{"@type":"ListItem","position":2,"name":"Asamblea de Caldas se anticip\u00f3 a la celebraci\u00f3n de los 60 a\u00f1os de Derecho"}]},{"@type":"WebSite","@id":"https:\/\/www.ucaldas.edu.co\/portal\/#website","url":"https:\/\/www.ucaldas.edu.co\/portal\/","name":"Universidad de Caldas","description":"","publisher":{"@id":"https:\/\/www.ucaldas.edu.co\/portal\/#organization"},"alternateName":"U. de Caldas","potentialAction":[{"@type":"SearchAction","target":{"@type":"EntryPoint","urlTemplate":"https:\/\/www.ucaldas.edu.co\/portal\/?s={search_term_string}"},"query-input":{"@type":"PropertyValueSpecification","valueRequired":true,"valueName":"search_term_string"}}],"inLanguage":"es"},{"@type":"Organization","@id":"https:\/\/www.ucaldas.edu.co\/portal\/#organization","name":"Universidad de Caldas","alternateName":"U. de Caldas","url":"https:\/\/www.ucaldas.edu.co\/portal\/","logo":{"@type":"ImageObject","inLanguage":"es","@id":"https:\/\/www.ucaldas.edu.co\/portal\/#\/schema\/logo\/image\/","url":"https:\/\/www.ucaldas.edu.co\/portal\/wp-content\/uploads\/2023\/11\/Logo_horizontal_oscuroU-2023.png","contentUrl":"https:\/\/www.ucaldas.edu.co\/portal\/wp-content\/uploads\/2023\/11\/Logo_horizontal_oscuroU-2023.png","width":263,"height":101,"caption":"Universidad de Caldas"},"image":{"@id":"https:\/\/www.ucaldas.edu.co\/portal\/#\/schema\/logo\/image\/"},"sameAs":["https:\/\/www.facebook.com\/udecaldas","https:\/\/x.com\/udecaldas","https:\/\/www.youtube.com\/universidadcaldas","https:\/\/www.instagram.com\/udecaldas\/"]},{"@type":"Person","@id":"https:\/\/www.ucaldas.edu.co\/portal\/#\/schema\/person\/a1b482e23449158b4bc319926c074fdf","name":"ofiprensa","image":{"@type":"ImageObject","inLanguage":"es","@id":"https:\/\/www.ucaldas.edu.co\/portal\/wp-content\/litespeed\/avatar\/09ea5085e600095a7a811142c6944527.jpg?ver=1777497608","url":"https:\/\/www.ucaldas.edu.co\/portal\/wp-content\/litespeed\/avatar\/09ea5085e600095a7a811142c6944527.jpg?ver=1777497608","contentUrl":"https:\/\/www.ucaldas.edu.co\/portal\/wp-content\/litespeed\/avatar\/09ea5085e600095a7a811142c6944527.jpg?ver=1777497608","caption":"ofiprensa"},"url":"https:\/\/www.ucaldas.edu.co\/portal\/author\/ofiprensa\/"}]}},"_links":{"self":[{"href":"https:\/\/www.ucaldas.edu.co\/portal\/wp-json\/wp\/v2\/posts\/5521","targetHints":{"allow":["GET"]}}],"collection":[{"href":"https:\/\/www.ucaldas.edu.co\/portal\/wp-json\/wp\/v2\/posts"}],"about":[{"href":"https:\/\/www.ucaldas.edu.co\/portal\/wp-json\/wp\/v2\/types\/post"}],"author":[{"embeddable":true,"href":"https:\/\/www.ucaldas.edu.co\/portal\/wp-json\/wp\/v2\/users\/2"}],"replies":[{"embeddable":true,"href":"https:\/\/www.ucaldas.edu.co\/portal\/wp-json\/wp\/v2\/comments?post=5521"}],"version-history":[{"count":0,"href":"https:\/\/www.ucaldas.edu.co\/portal\/wp-json\/wp\/v2\/posts\/5521\/revisions"}],"wp:attachment":[{"href":"https:\/\/www.ucaldas.edu.co\/portal\/wp-json\/wp\/v2\/media?parent=5521"}],"wp:term":[{"taxonomy":"category","embeddable":true,"href":"https:\/\/www.ucaldas.edu.co\/portal\/wp-json\/wp\/v2\/categories?post=5521"},{"taxonomy":"post_tag","embeddable":true,"href":"https:\/\/www.ucaldas.edu.co\/portal\/wp-json\/wp\/v2\/tags?post=5521"}],"curies":[{"name":"wp","href":"https:\/\/api.w.org\/{rel}","templated":true}]}}