{"id":55186,"date":"2020-04-15T01:32:51","date_gmt":"2020-04-15T01:32:51","guid":{"rendered":"https:\/\/www.ucaldas.edu.co\/portal\/?p=55186"},"modified":"2020-04-15T01:32:51","modified_gmt":"2020-04-15T01:32:51","slug":"plan-de-donaciones-para-la-comunidad-universitaria","status":"publish","type":"post","link":"https:\/\/www.ucaldas.edu.co\/portal\/plan-de-donaciones-para-la-comunidad-universitaria\/","title":{"rendered":"Plan de donaciones para la comunidad universitaria"},"content":{"rendered":"<p style=\"text-align: center;\">FUNCIONARIOS Y DOCENTES PODR\u00c1N AUTORIZAR SU DESCUENTO POR N\u00d3MINA<\/p>\n<p style=\"text-align: center;\"><strong><b>Plan de d<\/b><\/strong><strong><b>onaciones <\/b><\/strong><strong><b>para la comunidad universitaria<\/b><\/strong><\/p>\n<p style=\"text-align: right;\">14\/04\/2020<\/p>\n<p><img loading=\"lazy\" decoding=\"async\" class=\"alignnone size-full wp-image-55187 aligncenter\" src=\"https:\/\/www.ucaldas.edu.co\/portal\/wp-content\/uploads\/2020\/04\/WhatsApp-Image-2020-04-02-at-12.14.59-PM-2.jpeg\" alt=\"\" width=\"1280\" height=\"731\" srcset=\"https:\/\/www.ucaldas.edu.co\/portal\/wp-content\/uploads\/2020\/04\/WhatsApp-Image-2020-04-02-at-12.14.59-PM-2.jpeg 1280w, https:\/\/www.ucaldas.edu.co\/portal\/wp-content\/uploads\/2020\/04\/WhatsApp-Image-2020-04-02-at-12.14.59-PM-2-300x171.jpeg 300w, https:\/\/www.ucaldas.edu.co\/portal\/wp-content\/uploads\/2020\/04\/WhatsApp-Image-2020-04-02-at-12.14.59-PM-2-768x439.jpeg 768w, https:\/\/www.ucaldas.edu.co\/portal\/wp-content\/uploads\/2020\/04\/WhatsApp-Image-2020-04-02-at-12.14.59-PM-2-1024x585.jpeg 1024w\" sizes=\"auto, (max-width: 1280px) 100vw, 1280px\" \/><\/p>\n<p>La Vicerrector\u00eda \u00a0Administrativa destin\u00f3 la cuenta de ahorros del Banco Davivienda N\u00famero 0861- 0018- 5221\u00a0para que los distintos estamentos universitarios y la ciudadan\u00eda \u00a0hagan sus donaciones en dinero para apoyar a miembros de nuestra comunidad universitaria que se encuentren atravesando situaciones econ\u00f3micas dif\u00edciles durante la emergencia sanitaria con ocasi\u00f3n del covid-19.<\/p>\n<p><!--more--><\/p>\n<p>\u201cEstos recursos se har\u00e1n a t\u00edtulo de donaci\u00f3n, para que sean destinados a las personas que se encuentren en situaciones dif\u00edciles, a partir de las necesidades m\u00e1s apremiantes identificadas en los miembros de la comunidad universitaria por parte de la Oficina de Bienestar\u201d.indic\u00f3 Paula Andrea Chica Cort\u00e9s, vicerrectora administrativa.<\/p>\n<p>Los funcionarios administrativos y el estamento profesoral, podr\u00e1n realizar su aporte voluntario a trav\u00e9s del descuento de n\u00f3mina, hasta el jueves 16 de abril. Para esto, la Oficina de Gesti\u00f3n Humana pondr\u00e1 a disposici\u00f3n un formato de autorizaci\u00f3n en el cual deben especificar el monto que desean donar.<\/p>\n<p>La Vicerrectora Administrativa, enfatiz\u00f3 en la importancia de materializar todas las manifestaciones que la comunidad universitaria ha hecho sobre la voluntad de apoyar a las poblaciones m\u00e1s vulnerables, con el fin de contribuir a la mitigaci\u00f3n de los efectos del confinamiento obligatorio para estudiantes y otros miembros de la comunidad universitaria.<\/p>\n<p><strong><b>Anexo:<\/b><\/strong><\/p>\n<p><a href=\"https:\/\/co.ivoox.com\/es\/campana-solidaridad-universidad-caldas-audios-mp3_rf_50028568_1.html\"><strong><u><b>Audio Vicerrectora Administrativa Paula Andrea Chica Cort\u00e9s<\/b><\/u><\/strong><\/a><\/p>\n<p><strong><b>Informes: <\/b><\/strong>Oficina de Comunicaciones y Prensa Universidad de Caldas.<\/p>\n<p><strong><b>Redacci\u00f3n:<\/b><\/strong>\u00a0Daniela S\u00e1nchez R\u00edos<\/p>\n<p><strong><b>Etiquetas:<\/b><\/strong>\u00a0donaciones, aporte, solidaridad.<\/p>\n","protected":false},"excerpt":{"rendered":"<p>FUNCIONARIOS Y DOCENTES PODR\u00c1N AUTORIZAR SU DESCUENTO POR N\u00d3MINA Plan de donaciones para la comunidad universitaria 14\/04\/2020 La Vicerrector\u00eda \u00a0Administrativa destin\u00f3 la cuenta de ahorros del Banco Davivienda N\u00famero 0861- 0018- 5221\u00a0para que los distintos estamentos universitarios y la ciudadan\u00eda \u00a0hagan sus donaciones en dinero para apoyar a miembros de nuestra comunidad universitaria que se [&hellip;]<\/p>\n","protected":false},"author":2,"featured_media":55187,"comment_status":"closed","ping_status":"open","sticky":false,"template":"","format":"standard","meta":{"footnotes":""},"categories":[48,53,617],"tags":[1358,2433,4719],"class_list":["post-55186","post","type-post","status-publish","format-standard","has-post-thumbnail","hentry","category-actualidad","category-universidad-al-dia","category-ucaldas-colaborativa","tag-aporte","tag-donaciones","tag-solidaridad-vicerrectoria-administrativa"],"yoast_head":"<!-- This site is optimized with the Yoast SEO plugin v27.5 - https:\/\/yoast.com\/product\/yoast-seo-wordpress\/ -->\n<title>Plan de donaciones para la comunidad universitaria .<\/title>\n<meta name=\"robots\" content=\"index, follow, max-snippet:-1, max-image-preview:large, max-video-preview:-1\" \/>\n<link rel=\"canonical\" href=\"https:\/\/www.ucaldas.edu.co\/portal\/plan-de-donaciones-para-la-comunidad-universitaria\/\" \/>\n<script type=\"application\/ld+json\" class=\"yoast-schema-graph\">{\"@context\":\"https:\\\/\\\/schema.org\",\"@graph\":[{\"@type\":\"Article\",\"@id\":\"https:\\\/\\\/www.ucaldas.edu.co\\\/portal\\\/plan-de-donaciones-para-la-comunidad-universitaria\\\/#article\",\"isPartOf\":{\"@id\":\"https:\\\/\\\/www.ucaldas.edu.co\\\/portal\\\/plan-de-donaciones-para-la-comunidad-universitaria\\\/\"},\"author\":{\"name\":\"ofiprensa\",\"@id\":\"https:\\\/\\\/www.ucaldas.edu.co\\\/portal\\\/#\\\/schema\\\/person\\\/a1b482e23449158b4bc319926c074fdf\"},\"headline\":\"Plan de donaciones para la comunidad universitaria\",\"datePublished\":\"2020-04-15T01:32:51+00:00\",\"mainEntityOfPage\":{\"@id\":\"https:\\\/\\\/www.ucaldas.edu.co\\\/portal\\\/plan-de-donaciones-para-la-comunidad-universitaria\\\/\"},\"wordCount\":274,\"publisher\":{\"@id\":\"https:\\\/\\\/www.ucaldas.edu.co\\\/portal\\\/#organization\"},\"image\":{\"@id\":\"https:\\\/\\\/www.ucaldas.edu.co\\\/portal\\\/plan-de-donaciones-para-la-comunidad-universitaria\\\/#primaryimage\"},\"thumbnailUrl\":\"https:\\\/\\\/www.ucaldas.edu.co\\\/portal\\\/wp-content\\\/uploads\\\/2020\\\/04\\\/WhatsApp-Image-2020-04-02-at-12.14.59-PM-2.jpeg\",\"keywords\":[\"aporte\",\"donaciones\",\"solidaridad. Vicerrectoria Administrativa\"],\"articleSection\":[\"Actualidad\",\"Universidad al D\u00eda\",\"UCaldas Colaborativa\"],\"inLanguage\":\"es\"},{\"@type\":\"WebPage\",\"@id\":\"https:\\\/\\\/www.ucaldas.edu.co\\\/portal\\\/plan-de-donaciones-para-la-comunidad-universitaria\\\/\",\"url\":\"https:\\\/\\\/www.ucaldas.edu.co\\\/portal\\\/plan-de-donaciones-para-la-comunidad-universitaria\\\/\",\"name\":\"Plan de donaciones para la comunidad universitaria .\",\"isPartOf\":{\"@id\":\"https:\\\/\\\/www.ucaldas.edu.co\\\/portal\\\/#website\"},\"primaryImageOfPage\":{\"@id\":\"https:\\\/\\\/www.ucaldas.edu.co\\\/portal\\\/plan-de-donaciones-para-la-comunidad-universitaria\\\/#primaryimage\"},\"image\":{\"@id\":\"https:\\\/\\\/www.ucaldas.edu.co\\\/portal\\\/plan-de-donaciones-para-la-comunidad-universitaria\\\/#primaryimage\"},\"thumbnailUrl\":\"https:\\\/\\\/www.ucaldas.edu.co\\\/portal\\\/wp-content\\\/uploads\\\/2020\\\/04\\\/WhatsApp-Image-2020-04-02-at-12.14.59-PM-2.jpeg\",\"datePublished\":\"2020-04-15T01:32:51+00:00\",\"breadcrumb\":{\"@id\":\"https:\\\/\\\/www.ucaldas.edu.co\\\/portal\\\/plan-de-donaciones-para-la-comunidad-universitaria\\\/#breadcrumb\"},\"inLanguage\":\"es\",\"potentialAction\":[{\"@type\":\"ReadAction\",\"target\":[\"https:\\\/\\\/www.ucaldas.edu.co\\\/portal\\\/plan-de-donaciones-para-la-comunidad-universitaria\\\/\"]}]},{\"@type\":\"ImageObject\",\"inLanguage\":\"es\",\"@id\":\"https:\\\/\\\/www.ucaldas.edu.co\\\/portal\\\/plan-de-donaciones-para-la-comunidad-universitaria\\\/#primaryimage\",\"url\":\"https:\\\/\\\/www.ucaldas.edu.co\\\/portal\\\/wp-content\\\/uploads\\\/2020\\\/04\\\/WhatsApp-Image-2020-04-02-at-12.14.59-PM-2.jpeg\",\"contentUrl\":\"https:\\\/\\\/www.ucaldas.edu.co\\\/portal\\\/wp-content\\\/uploads\\\/2020\\\/04\\\/WhatsApp-Image-2020-04-02-at-12.14.59-PM-2.jpeg\",\"width\":1280,\"height\":731},{\"@type\":\"BreadcrumbList\",\"@id\":\"https:\\\/\\\/www.ucaldas.edu.co\\\/portal\\\/plan-de-donaciones-para-la-comunidad-universitaria\\\/#breadcrumb\",\"itemListElement\":[{\"@type\":\"ListItem\",\"position\":1,\"name\":\"Portada\",\"item\":\"https:\\\/\\\/www.ucaldas.edu.co\\\/portal\\\/\"},{\"@type\":\"ListItem\",\"position\":2,\"name\":\"Plan de donaciones para la comunidad universitaria\"}]},{\"@type\":\"WebSite\",\"@id\":\"https:\\\/\\\/www.ucaldas.edu.co\\\/portal\\\/#website\",\"url\":\"https:\\\/\\\/www.ucaldas.edu.co\\\/portal\\\/\",\"name\":\"Universidad de Caldas\",\"description\":\"\",\"publisher\":{\"@id\":\"https:\\\/\\\/www.ucaldas.edu.co\\\/portal\\\/#organization\"},\"alternateName\":\"U. de Caldas\",\"potentialAction\":[{\"@type\":\"SearchAction\",\"target\":{\"@type\":\"EntryPoint\",\"urlTemplate\":\"https:\\\/\\\/www.ucaldas.edu.co\\\/portal\\\/?s={search_term_string}\"},\"query-input\":{\"@type\":\"PropertyValueSpecification\",\"valueRequired\":true,\"valueName\":\"search_term_string\"}}],\"inLanguage\":\"es\"},{\"@type\":\"Organization\",\"@id\":\"https:\\\/\\\/www.ucaldas.edu.co\\\/portal\\\/#organization\",\"name\":\"Universidad de Caldas\",\"alternateName\":\"U. de Caldas\",\"url\":\"https:\\\/\\\/www.ucaldas.edu.co\\\/portal\\\/\",\"logo\":{\"@type\":\"ImageObject\",\"inLanguage\":\"es\",\"@id\":\"https:\\\/\\\/www.ucaldas.edu.co\\\/portal\\\/#\\\/schema\\\/logo\\\/image\\\/\",\"url\":\"https:\\\/\\\/www.ucaldas.edu.co\\\/portal\\\/wp-content\\\/uploads\\\/2023\\\/11\\\/Logo_horizontal_oscuroU-2023.png\",\"contentUrl\":\"https:\\\/\\\/www.ucaldas.edu.co\\\/portal\\\/wp-content\\\/uploads\\\/2023\\\/11\\\/Logo_horizontal_oscuroU-2023.png\",\"width\":263,\"height\":101,\"caption\":\"Universidad de Caldas\"},\"image\":{\"@id\":\"https:\\\/\\\/www.ucaldas.edu.co\\\/portal\\\/#\\\/schema\\\/logo\\\/image\\\/\"},\"sameAs\":[\"https:\\\/\\\/www.facebook.com\\\/udecaldas\",\"https:\\\/\\\/x.com\\\/udecaldas\",\"https:\\\/\\\/www.youtube.com\\\/universidadcaldas\",\"https:\\\/\\\/www.instagram.com\\\/udecaldas\\\/\"]},{\"@type\":\"Person\",\"@id\":\"https:\\\/\\\/www.ucaldas.edu.co\\\/portal\\\/#\\\/schema\\\/person\\\/a1b482e23449158b4bc319926c074fdf\",\"name\":\"ofiprensa\",\"image\":{\"@type\":\"ImageObject\",\"inLanguage\":\"es\",\"@id\":\"https:\\\/\\\/www.ucaldas.edu.co\\\/portal\\\/wp-content\\\/litespeed\\\/avatar\\\/09ea5085e600095a7a811142c6944527.jpg?ver=1777497608\",\"url\":\"https:\\\/\\\/www.ucaldas.edu.co\\\/portal\\\/wp-content\\\/litespeed\\\/avatar\\\/09ea5085e600095a7a811142c6944527.jpg?ver=1777497608\",\"contentUrl\":\"https:\\\/\\\/www.ucaldas.edu.co\\\/portal\\\/wp-content\\\/litespeed\\\/avatar\\\/09ea5085e600095a7a811142c6944527.jpg?ver=1777497608\",\"caption\":\"ofiprensa\"},\"url\":\"https:\\\/\\\/www.ucaldas.edu.co\\\/portal\\\/author\\\/ofiprensa\\\/\"}]}<\/script>\n<!-- \/ Yoast SEO plugin. -->","yoast_head_json":{"title":"Plan de donaciones para la comunidad universitaria .","robots":{"index":"index","follow":"follow","max-snippet":"max-snippet:-1","max-image-preview":"max-image-preview:large","max-video-preview":"max-video-preview:-1"},"canonical":"https:\/\/www.ucaldas.edu.co\/portal\/plan-de-donaciones-para-la-comunidad-universitaria\/","schema":{"@context":"https:\/\/schema.org","@graph":[{"@type":"Article","@id":"https:\/\/www.ucaldas.edu.co\/portal\/plan-de-donaciones-para-la-comunidad-universitaria\/#article","isPartOf":{"@id":"https:\/\/www.ucaldas.edu.co\/portal\/plan-de-donaciones-para-la-comunidad-universitaria\/"},"author":{"name":"ofiprensa","@id":"https:\/\/www.ucaldas.edu.co\/portal\/#\/schema\/person\/a1b482e23449158b4bc319926c074fdf"},"headline":"Plan de donaciones para la comunidad universitaria","datePublished":"2020-04-15T01:32:51+00:00","mainEntityOfPage":{"@id":"https:\/\/www.ucaldas.edu.co\/portal\/plan-de-donaciones-para-la-comunidad-universitaria\/"},"wordCount":274,"publisher":{"@id":"https:\/\/www.ucaldas.edu.co\/portal\/#organization"},"image":{"@id":"https:\/\/www.ucaldas.edu.co\/portal\/plan-de-donaciones-para-la-comunidad-universitaria\/#primaryimage"},"thumbnailUrl":"https:\/\/www.ucaldas.edu.co\/portal\/wp-content\/uploads\/2020\/04\/WhatsApp-Image-2020-04-02-at-12.14.59-PM-2.jpeg","keywords":["aporte","donaciones","solidaridad. Vicerrectoria Administrativa"],"articleSection":["Actualidad","Universidad al D\u00eda","UCaldas Colaborativa"],"inLanguage":"es"},{"@type":"WebPage","@id":"https:\/\/www.ucaldas.edu.co\/portal\/plan-de-donaciones-para-la-comunidad-universitaria\/","url":"https:\/\/www.ucaldas.edu.co\/portal\/plan-de-donaciones-para-la-comunidad-universitaria\/","name":"Plan de donaciones para la comunidad universitaria .","isPartOf":{"@id":"https:\/\/www.ucaldas.edu.co\/portal\/#website"},"primaryImageOfPage":{"@id":"https:\/\/www.ucaldas.edu.co\/portal\/plan-de-donaciones-para-la-comunidad-universitaria\/#primaryimage"},"image":{"@id":"https:\/\/www.ucaldas.edu.co\/portal\/plan-de-donaciones-para-la-comunidad-universitaria\/#primaryimage"},"thumbnailUrl":"https:\/\/www.ucaldas.edu.co\/portal\/wp-content\/uploads\/2020\/04\/WhatsApp-Image-2020-04-02-at-12.14.59-PM-2.jpeg","datePublished":"2020-04-15T01:32:51+00:00","breadcrumb":{"@id":"https:\/\/www.ucaldas.edu.co\/portal\/plan-de-donaciones-para-la-comunidad-universitaria\/#breadcrumb"},"inLanguage":"es","potentialAction":[{"@type":"ReadAction","target":["https:\/\/www.ucaldas.edu.co\/portal\/plan-de-donaciones-para-la-comunidad-universitaria\/"]}]},{"@type":"ImageObject","inLanguage":"es","@id":"https:\/\/www.ucaldas.edu.co\/portal\/plan-de-donaciones-para-la-comunidad-universitaria\/#primaryimage","url":"https:\/\/www.ucaldas.edu.co\/portal\/wp-content\/uploads\/2020\/04\/WhatsApp-Image-2020-04-02-at-12.14.59-PM-2.jpeg","contentUrl":"https:\/\/www.ucaldas.edu.co\/portal\/wp-content\/uploads\/2020\/04\/WhatsApp-Image-2020-04-02-at-12.14.59-PM-2.jpeg","width":1280,"height":731},{"@type":"BreadcrumbList","@id":"https:\/\/www.ucaldas.edu.co\/portal\/plan-de-donaciones-para-la-comunidad-universitaria\/#breadcrumb","itemListElement":[{"@type":"ListItem","position":1,"name":"Portada","item":"https:\/\/www.ucaldas.edu.co\/portal\/"},{"@type":"ListItem","position":2,"name":"Plan de donaciones para la comunidad universitaria"}]},{"@type":"WebSite","@id":"https:\/\/www.ucaldas.edu.co\/portal\/#website","url":"https:\/\/www.ucaldas.edu.co\/portal\/","name":"Universidad de Caldas","description":"","publisher":{"@id":"https:\/\/www.ucaldas.edu.co\/portal\/#organization"},"alternateName":"U. de Caldas","potentialAction":[{"@type":"SearchAction","target":{"@type":"EntryPoint","urlTemplate":"https:\/\/www.ucaldas.edu.co\/portal\/?s={search_term_string}"},"query-input":{"@type":"PropertyValueSpecification","valueRequired":true,"valueName":"search_term_string"}}],"inLanguage":"es"},{"@type":"Organization","@id":"https:\/\/www.ucaldas.edu.co\/portal\/#organization","name":"Universidad de Caldas","alternateName":"U. de Caldas","url":"https:\/\/www.ucaldas.edu.co\/portal\/","logo":{"@type":"ImageObject","inLanguage":"es","@id":"https:\/\/www.ucaldas.edu.co\/portal\/#\/schema\/logo\/image\/","url":"https:\/\/www.ucaldas.edu.co\/portal\/wp-content\/uploads\/2023\/11\/Logo_horizontal_oscuroU-2023.png","contentUrl":"https:\/\/www.ucaldas.edu.co\/portal\/wp-content\/uploads\/2023\/11\/Logo_horizontal_oscuroU-2023.png","width":263,"height":101,"caption":"Universidad de Caldas"},"image":{"@id":"https:\/\/www.ucaldas.edu.co\/portal\/#\/schema\/logo\/image\/"},"sameAs":["https:\/\/www.facebook.com\/udecaldas","https:\/\/x.com\/udecaldas","https:\/\/www.youtube.com\/universidadcaldas","https:\/\/www.instagram.com\/udecaldas\/"]},{"@type":"Person","@id":"https:\/\/www.ucaldas.edu.co\/portal\/#\/schema\/person\/a1b482e23449158b4bc319926c074fdf","name":"ofiprensa","image":{"@type":"ImageObject","inLanguage":"es","@id":"https:\/\/www.ucaldas.edu.co\/portal\/wp-content\/litespeed\/avatar\/09ea5085e600095a7a811142c6944527.jpg?ver=1777497608","url":"https:\/\/www.ucaldas.edu.co\/portal\/wp-content\/litespeed\/avatar\/09ea5085e600095a7a811142c6944527.jpg?ver=1777497608","contentUrl":"https:\/\/www.ucaldas.edu.co\/portal\/wp-content\/litespeed\/avatar\/09ea5085e600095a7a811142c6944527.jpg?ver=1777497608","caption":"ofiprensa"},"url":"https:\/\/www.ucaldas.edu.co\/portal\/author\/ofiprensa\/"}]}},"_links":{"self":[{"href":"https:\/\/www.ucaldas.edu.co\/portal\/wp-json\/wp\/v2\/posts\/55186","targetHints":{"allow":["GET"]}}],"collection":[{"href":"https:\/\/www.ucaldas.edu.co\/portal\/wp-json\/wp\/v2\/posts"}],"about":[{"href":"https:\/\/www.ucaldas.edu.co\/portal\/wp-json\/wp\/v2\/types\/post"}],"author":[{"embeddable":true,"href":"https:\/\/www.ucaldas.edu.co\/portal\/wp-json\/wp\/v2\/users\/2"}],"replies":[{"embeddable":true,"href":"https:\/\/www.ucaldas.edu.co\/portal\/wp-json\/wp\/v2\/comments?post=55186"}],"version-history":[{"count":0,"href":"https:\/\/www.ucaldas.edu.co\/portal\/wp-json\/wp\/v2\/posts\/55186\/revisions"}],"wp:featuredmedia":[{"embeddable":true,"href":"https:\/\/www.ucaldas.edu.co\/portal\/wp-json\/wp\/v2\/media\/55187"}],"wp:attachment":[{"href":"https:\/\/www.ucaldas.edu.co\/portal\/wp-json\/wp\/v2\/media?parent=55186"}],"wp:term":[{"taxonomy":"category","embeddable":true,"href":"https:\/\/www.ucaldas.edu.co\/portal\/wp-json\/wp\/v2\/categories?post=55186"},{"taxonomy":"post_tag","embeddable":true,"href":"https:\/\/www.ucaldas.edu.co\/portal\/wp-json\/wp\/v2\/tags?post=55186"}],"curies":[{"name":"wp","href":"https:\/\/api.w.org\/{rel}","templated":true}]}}