{"id":55070,"date":"2020-04-02T22:09:15","date_gmt":"2020-04-02T22:09:15","guid":{"rendered":"https:\/\/www.ucaldas.edu.co\/portal\/?p=55070"},"modified":"2020-04-03T00:30:07","modified_gmt":"2020-04-03T00:30:07","slug":"funcionarios-de-la-universidad-de-caldas-pueden-hacer-uso-de-admiarchi","status":"publish","type":"post","link":"https:\/\/www.ucaldas.edu.co\/portal\/funcionarios-de-la-universidad-de-caldas-pueden-hacer-uso-de-admiarchi\/","title":{"rendered":"Funcionarios de la \u00a0Universidad de Caldas pueden hacer uso de Admiarchi"},"content":{"rendered":"<p style=\"text-align: center;\">INFORMACI\u00d3N SOBRE EL SISTEMA DE GESTI\u00d3N DOCUMENTAL<\/p>\n<p style=\"text-align: center;\"><strong><b>Funcionarios de la \u00a0Universidad de Caldas pueden hacer uso de Admiarchi<\/b><\/strong><\/p>\n<p style=\"text-align: right;\">02\/04\/2020<\/p>\n<p><img loading=\"lazy\" decoding=\"async\" class=\"size-full wp-image-55088 aligncenter\" src=\"https:\/\/www.ucaldas.edu.co\/portal\/wp-content\/uploads\/2020\/04\/Dise\u00f1o-sin-t\u00edtulo-3.png\" alt=\"\" width=\"700\" height=\"400\" srcset=\"https:\/\/www.ucaldas.edu.co\/portal\/wp-content\/uploads\/2020\/04\/Dise\u00f1o-sin-t\u00edtulo-3.png 700w, https:\/\/www.ucaldas.edu.co\/portal\/wp-content\/uploads\/2020\/04\/Dise\u00f1o-sin-t\u00edtulo-3-300x171.png 300w\" sizes=\"auto, (max-width: 700px) 100vw, 700px\" \/><\/p>\n<p>La oficina de Administraci\u00f3n de Documentos informa a todos los usuarios del Sistema de Gesti\u00f3n Documental Admiarchi que\u00a0se puede acceder al sistema a trav\u00e9s de Internet por medio del siguiente enlace: <a href=\"https:\/\/admiarchi.ucaldas.edu.co\"><u>https:\/\/admiarchi.ucaldas.edu.co<\/u><\/a><\/p>\n<p><!--more--><\/p>\n<p>Le recordamos a los usuarias que una vez\u00a0ingresen deben digitar\u00a0su \u00a0usuario y contrase\u00f1a que asignados adem\u00e1s de verificar su cuenta en el bot\u00f3n captcha que el sistema solicita.<\/p>\n<p>La plataforma\u00a0funciona muy similar a la\u00a0que se tiene en nuestras dependencias en la Universidad, pero hay cambios m\u00ednimos que no afectan el desarrollo, sin embargo \u00a0de requerir asesor\u00eda en el momento de la elaboraci\u00f3n documental,\u00a0los usuarios podr\u00e1n \u00a0comunicarse con el funcionario Jorge Enrique Rodr\u00edguez Arango quien atender\u00e1 v\u00eda correo electr\u00f3nico: <span style=\"color: #0000ff;\">jorge.rodriguez_a@ucaldas.edu.co<\/span> , \u00a0v\u00eda whatsapp: \u00a03154843993 o al chat del correo.<\/p>\n<p><strong><b>Informes:<\/b><\/strong>\u00a0Oficina de Comunicaciones y Prensa Universidad de Caldas<\/p>\n<p><strong><b>Redacci\u00f3n:<\/b><\/strong>\u00a0Adriana Salazar Villegas<\/p>\n<p>&nbsp;<\/p>\n","protected":false},"excerpt":{"rendered":"<p>INFORMACI\u00d3N SOBRE EL SISTEMA DE GESTI\u00d3N DOCUMENTAL Funcionarios de la \u00a0Universidad de Caldas pueden hacer uso de Admiarchi 02\/04\/2020 La oficina de Administraci\u00f3n de Documentos informa a todos los usuarios del Sistema de Gesti\u00f3n Documental Admiarchi que\u00a0se puede acceder al sistema a trav\u00e9s de Internet por medio del siguiente enlace: https:\/\/admiarchi.ucaldas.edu.co<\/p>\n","protected":false},"author":2,"featured_media":55088,"comment_status":"closed","ping_status":"open","sticky":false,"template":"","format":"standard","meta":{"footnotes":""},"categories":[48,53,624],"tags":[4375,4700,4701],"class_list":["post-55070","post","type-post","status-publish","format-standard","has-post-thumbnail","hentry","category-actualidad","category-universidad-al-dia","category-ucaldas-activa","tag-sistema","tag-accesibilidad","tag-admiarchi"],"yoast_head":"<!-- This site is optimized with the Yoast SEO plugin v27.5 - https:\/\/yoast.com\/product\/yoast-seo-wordpress\/ -->\n<title>Funcionarios de la \u00a0Universidad de Caldas pueden hacer uso de Admiarchi .<\/title>\n<meta name=\"robots\" content=\"index, follow, max-snippet:-1, max-image-preview:large, max-video-preview:-1\" \/>\n<link rel=\"canonical\" href=\"https:\/\/www.ucaldas.edu.co\/portal\/funcionarios-de-la-universidad-de-caldas-pueden-hacer-uso-de-admiarchi\/\" \/>\n<script type=\"application\/ld+json\" class=\"yoast-schema-graph\">{\"@context\":\"https:\\\/\\\/schema.org\",\"@graph\":[{\"@type\":\"Article\",\"@id\":\"https:\\\/\\\/www.ucaldas.edu.co\\\/portal\\\/funcionarios-de-la-universidad-de-caldas-pueden-hacer-uso-de-admiarchi\\\/#article\",\"isPartOf\":{\"@id\":\"https:\\\/\\\/www.ucaldas.edu.co\\\/portal\\\/funcionarios-de-la-universidad-de-caldas-pueden-hacer-uso-de-admiarchi\\\/\"},\"author\":{\"name\":\"ofiprensa\",\"@id\":\"https:\\\/\\\/www.ucaldas.edu.co\\\/portal\\\/#\\\/schema\\\/person\\\/a1b482e23449158b4bc319926c074fdf\"},\"headline\":\"Funcionarios de la \u00a0Universidad de Caldas pueden hacer uso de Admiarchi\",\"datePublished\":\"2020-04-02T22:09:15+00:00\",\"dateModified\":\"2020-04-03T00:30:07+00:00\",\"mainEntityOfPage\":{\"@id\":\"https:\\\/\\\/www.ucaldas.edu.co\\\/portal\\\/funcionarios-de-la-universidad-de-caldas-pueden-hacer-uso-de-admiarchi\\\/\"},\"wordCount\":193,\"publisher\":{\"@id\":\"https:\\\/\\\/www.ucaldas.edu.co\\\/portal\\\/#organization\"},\"image\":{\"@id\":\"https:\\\/\\\/www.ucaldas.edu.co\\\/portal\\\/funcionarios-de-la-universidad-de-caldas-pueden-hacer-uso-de-admiarchi\\\/#primaryimage\"},\"thumbnailUrl\":\"https:\\\/\\\/www.ucaldas.edu.co\\\/portal\\\/wp-content\\\/uploads\\\/2020\\\/04\\\/Dise\u00f1o-sin-t\u00edtulo-3.png\",\"keywords\":[\"sistema\",\"accesibilidad\",\"admiarchi\"],\"articleSection\":[\"Actualidad\",\"Universidad al D\u00eda\",\"UCaldas Activa\"],\"inLanguage\":\"es\"},{\"@type\":\"WebPage\",\"@id\":\"https:\\\/\\\/www.ucaldas.edu.co\\\/portal\\\/funcionarios-de-la-universidad-de-caldas-pueden-hacer-uso-de-admiarchi\\\/\",\"url\":\"https:\\\/\\\/www.ucaldas.edu.co\\\/portal\\\/funcionarios-de-la-universidad-de-caldas-pueden-hacer-uso-de-admiarchi\\\/\",\"name\":\"Funcionarios de la \u00a0Universidad de Caldas pueden hacer uso de Admiarchi .\",\"isPartOf\":{\"@id\":\"https:\\\/\\\/www.ucaldas.edu.co\\\/portal\\\/#website\"},\"primaryImageOfPage\":{\"@id\":\"https:\\\/\\\/www.ucaldas.edu.co\\\/portal\\\/funcionarios-de-la-universidad-de-caldas-pueden-hacer-uso-de-admiarchi\\\/#primaryimage\"},\"image\":{\"@id\":\"https:\\\/\\\/www.ucaldas.edu.co\\\/portal\\\/funcionarios-de-la-universidad-de-caldas-pueden-hacer-uso-de-admiarchi\\\/#primaryimage\"},\"thumbnailUrl\":\"https:\\\/\\\/www.ucaldas.edu.co\\\/portal\\\/wp-content\\\/uploads\\\/2020\\\/04\\\/Dise\u00f1o-sin-t\u00edtulo-3.png\",\"datePublished\":\"2020-04-02T22:09:15+00:00\",\"dateModified\":\"2020-04-03T00:30:07+00:00\",\"breadcrumb\":{\"@id\":\"https:\\\/\\\/www.ucaldas.edu.co\\\/portal\\\/funcionarios-de-la-universidad-de-caldas-pueden-hacer-uso-de-admiarchi\\\/#breadcrumb\"},\"inLanguage\":\"es\",\"potentialAction\":[{\"@type\":\"ReadAction\",\"target\":[\"https:\\\/\\\/www.ucaldas.edu.co\\\/portal\\\/funcionarios-de-la-universidad-de-caldas-pueden-hacer-uso-de-admiarchi\\\/\"]}]},{\"@type\":\"ImageObject\",\"inLanguage\":\"es\",\"@id\":\"https:\\\/\\\/www.ucaldas.edu.co\\\/portal\\\/funcionarios-de-la-universidad-de-caldas-pueden-hacer-uso-de-admiarchi\\\/#primaryimage\",\"url\":\"https:\\\/\\\/www.ucaldas.edu.co\\\/portal\\\/wp-content\\\/uploads\\\/2020\\\/04\\\/Dise\u00f1o-sin-t\u00edtulo-3.png\",\"contentUrl\":\"https:\\\/\\\/www.ucaldas.edu.co\\\/portal\\\/wp-content\\\/uploads\\\/2020\\\/04\\\/Dise\u00f1o-sin-t\u00edtulo-3.png\",\"width\":700,\"height\":400},{\"@type\":\"BreadcrumbList\",\"@id\":\"https:\\\/\\\/www.ucaldas.edu.co\\\/portal\\\/funcionarios-de-la-universidad-de-caldas-pueden-hacer-uso-de-admiarchi\\\/#breadcrumb\",\"itemListElement\":[{\"@type\":\"ListItem\",\"position\":1,\"name\":\"Portada\",\"item\":\"https:\\\/\\\/www.ucaldas.edu.co\\\/portal\\\/\"},{\"@type\":\"ListItem\",\"position\":2,\"name\":\"Funcionarios de la \u00a0Universidad de Caldas pueden hacer uso de Admiarchi\"}]},{\"@type\":\"WebSite\",\"@id\":\"https:\\\/\\\/www.ucaldas.edu.co\\\/portal\\\/#website\",\"url\":\"https:\\\/\\\/www.ucaldas.edu.co\\\/portal\\\/\",\"name\":\"Universidad de Caldas\",\"description\":\"\",\"publisher\":{\"@id\":\"https:\\\/\\\/www.ucaldas.edu.co\\\/portal\\\/#organization\"},\"alternateName\":\"U. de Caldas\",\"potentialAction\":[{\"@type\":\"SearchAction\",\"target\":{\"@type\":\"EntryPoint\",\"urlTemplate\":\"https:\\\/\\\/www.ucaldas.edu.co\\\/portal\\\/?s={search_term_string}\"},\"query-input\":{\"@type\":\"PropertyValueSpecification\",\"valueRequired\":true,\"valueName\":\"search_term_string\"}}],\"inLanguage\":\"es\"},{\"@type\":\"Organization\",\"@id\":\"https:\\\/\\\/www.ucaldas.edu.co\\\/portal\\\/#organization\",\"name\":\"Universidad de Caldas\",\"alternateName\":\"U. de Caldas\",\"url\":\"https:\\\/\\\/www.ucaldas.edu.co\\\/portal\\\/\",\"logo\":{\"@type\":\"ImageObject\",\"inLanguage\":\"es\",\"@id\":\"https:\\\/\\\/www.ucaldas.edu.co\\\/portal\\\/#\\\/schema\\\/logo\\\/image\\\/\",\"url\":\"https:\\\/\\\/www.ucaldas.edu.co\\\/portal\\\/wp-content\\\/uploads\\\/2023\\\/11\\\/Logo_horizontal_oscuroU-2023.png\",\"contentUrl\":\"https:\\\/\\\/www.ucaldas.edu.co\\\/portal\\\/wp-content\\\/uploads\\\/2023\\\/11\\\/Logo_horizontal_oscuroU-2023.png\",\"width\":263,\"height\":101,\"caption\":\"Universidad de Caldas\"},\"image\":{\"@id\":\"https:\\\/\\\/www.ucaldas.edu.co\\\/portal\\\/#\\\/schema\\\/logo\\\/image\\\/\"},\"sameAs\":[\"https:\\\/\\\/www.facebook.com\\\/udecaldas\",\"https:\\\/\\\/x.com\\\/udecaldas\",\"https:\\\/\\\/www.youtube.com\\\/universidadcaldas\",\"https:\\\/\\\/www.instagram.com\\\/udecaldas\\\/\"]},{\"@type\":\"Person\",\"@id\":\"https:\\\/\\\/www.ucaldas.edu.co\\\/portal\\\/#\\\/schema\\\/person\\\/a1b482e23449158b4bc319926c074fdf\",\"name\":\"ofiprensa\",\"image\":{\"@type\":\"ImageObject\",\"inLanguage\":\"es\",\"@id\":\"https:\\\/\\\/www.ucaldas.edu.co\\\/portal\\\/wp-content\\\/litespeed\\\/avatar\\\/09ea5085e600095a7a811142c6944527.jpg?ver=1777497608\",\"url\":\"https:\\\/\\\/www.ucaldas.edu.co\\\/portal\\\/wp-content\\\/litespeed\\\/avatar\\\/09ea5085e600095a7a811142c6944527.jpg?ver=1777497608\",\"contentUrl\":\"https:\\\/\\\/www.ucaldas.edu.co\\\/portal\\\/wp-content\\\/litespeed\\\/avatar\\\/09ea5085e600095a7a811142c6944527.jpg?ver=1777497608\",\"caption\":\"ofiprensa\"},\"url\":\"https:\\\/\\\/www.ucaldas.edu.co\\\/portal\\\/author\\\/ofiprensa\\\/\"}]}<\/script>\n<!-- \/ Yoast SEO plugin. -->","yoast_head_json":{"title":"Funcionarios de la \u00a0Universidad de Caldas pueden hacer uso de Admiarchi .","robots":{"index":"index","follow":"follow","max-snippet":"max-snippet:-1","max-image-preview":"max-image-preview:large","max-video-preview":"max-video-preview:-1"},"canonical":"https:\/\/www.ucaldas.edu.co\/portal\/funcionarios-de-la-universidad-de-caldas-pueden-hacer-uso-de-admiarchi\/","schema":{"@context":"https:\/\/schema.org","@graph":[{"@type":"Article","@id":"https:\/\/www.ucaldas.edu.co\/portal\/funcionarios-de-la-universidad-de-caldas-pueden-hacer-uso-de-admiarchi\/#article","isPartOf":{"@id":"https:\/\/www.ucaldas.edu.co\/portal\/funcionarios-de-la-universidad-de-caldas-pueden-hacer-uso-de-admiarchi\/"},"author":{"name":"ofiprensa","@id":"https:\/\/www.ucaldas.edu.co\/portal\/#\/schema\/person\/a1b482e23449158b4bc319926c074fdf"},"headline":"Funcionarios de la \u00a0Universidad de Caldas pueden hacer uso de Admiarchi","datePublished":"2020-04-02T22:09:15+00:00","dateModified":"2020-04-03T00:30:07+00:00","mainEntityOfPage":{"@id":"https:\/\/www.ucaldas.edu.co\/portal\/funcionarios-de-la-universidad-de-caldas-pueden-hacer-uso-de-admiarchi\/"},"wordCount":193,"publisher":{"@id":"https:\/\/www.ucaldas.edu.co\/portal\/#organization"},"image":{"@id":"https:\/\/www.ucaldas.edu.co\/portal\/funcionarios-de-la-universidad-de-caldas-pueden-hacer-uso-de-admiarchi\/#primaryimage"},"thumbnailUrl":"https:\/\/www.ucaldas.edu.co\/portal\/wp-content\/uploads\/2020\/04\/Dise\u00f1o-sin-t\u00edtulo-3.png","keywords":["sistema","accesibilidad","admiarchi"],"articleSection":["Actualidad","Universidad al D\u00eda","UCaldas Activa"],"inLanguage":"es"},{"@type":"WebPage","@id":"https:\/\/www.ucaldas.edu.co\/portal\/funcionarios-de-la-universidad-de-caldas-pueden-hacer-uso-de-admiarchi\/","url":"https:\/\/www.ucaldas.edu.co\/portal\/funcionarios-de-la-universidad-de-caldas-pueden-hacer-uso-de-admiarchi\/","name":"Funcionarios de la \u00a0Universidad de Caldas pueden hacer uso de Admiarchi .","isPartOf":{"@id":"https:\/\/www.ucaldas.edu.co\/portal\/#website"},"primaryImageOfPage":{"@id":"https:\/\/www.ucaldas.edu.co\/portal\/funcionarios-de-la-universidad-de-caldas-pueden-hacer-uso-de-admiarchi\/#primaryimage"},"image":{"@id":"https:\/\/www.ucaldas.edu.co\/portal\/funcionarios-de-la-universidad-de-caldas-pueden-hacer-uso-de-admiarchi\/#primaryimage"},"thumbnailUrl":"https:\/\/www.ucaldas.edu.co\/portal\/wp-content\/uploads\/2020\/04\/Dise\u00f1o-sin-t\u00edtulo-3.png","datePublished":"2020-04-02T22:09:15+00:00","dateModified":"2020-04-03T00:30:07+00:00","breadcrumb":{"@id":"https:\/\/www.ucaldas.edu.co\/portal\/funcionarios-de-la-universidad-de-caldas-pueden-hacer-uso-de-admiarchi\/#breadcrumb"},"inLanguage":"es","potentialAction":[{"@type":"ReadAction","target":["https:\/\/www.ucaldas.edu.co\/portal\/funcionarios-de-la-universidad-de-caldas-pueden-hacer-uso-de-admiarchi\/"]}]},{"@type":"ImageObject","inLanguage":"es","@id":"https:\/\/www.ucaldas.edu.co\/portal\/funcionarios-de-la-universidad-de-caldas-pueden-hacer-uso-de-admiarchi\/#primaryimage","url":"https:\/\/www.ucaldas.edu.co\/portal\/wp-content\/uploads\/2020\/04\/Dise\u00f1o-sin-t\u00edtulo-3.png","contentUrl":"https:\/\/www.ucaldas.edu.co\/portal\/wp-content\/uploads\/2020\/04\/Dise\u00f1o-sin-t\u00edtulo-3.png","width":700,"height":400},{"@type":"BreadcrumbList","@id":"https:\/\/www.ucaldas.edu.co\/portal\/funcionarios-de-la-universidad-de-caldas-pueden-hacer-uso-de-admiarchi\/#breadcrumb","itemListElement":[{"@type":"ListItem","position":1,"name":"Portada","item":"https:\/\/www.ucaldas.edu.co\/portal\/"},{"@type":"ListItem","position":2,"name":"Funcionarios de la \u00a0Universidad de Caldas pueden hacer uso de Admiarchi"}]},{"@type":"WebSite","@id":"https:\/\/www.ucaldas.edu.co\/portal\/#website","url":"https:\/\/www.ucaldas.edu.co\/portal\/","name":"Universidad de Caldas","description":"","publisher":{"@id":"https:\/\/www.ucaldas.edu.co\/portal\/#organization"},"alternateName":"U. de Caldas","potentialAction":[{"@type":"SearchAction","target":{"@type":"EntryPoint","urlTemplate":"https:\/\/www.ucaldas.edu.co\/portal\/?s={search_term_string}"},"query-input":{"@type":"PropertyValueSpecification","valueRequired":true,"valueName":"search_term_string"}}],"inLanguage":"es"},{"@type":"Organization","@id":"https:\/\/www.ucaldas.edu.co\/portal\/#organization","name":"Universidad de Caldas","alternateName":"U. de Caldas","url":"https:\/\/www.ucaldas.edu.co\/portal\/","logo":{"@type":"ImageObject","inLanguage":"es","@id":"https:\/\/www.ucaldas.edu.co\/portal\/#\/schema\/logo\/image\/","url":"https:\/\/www.ucaldas.edu.co\/portal\/wp-content\/uploads\/2023\/11\/Logo_horizontal_oscuroU-2023.png","contentUrl":"https:\/\/www.ucaldas.edu.co\/portal\/wp-content\/uploads\/2023\/11\/Logo_horizontal_oscuroU-2023.png","width":263,"height":101,"caption":"Universidad de Caldas"},"image":{"@id":"https:\/\/www.ucaldas.edu.co\/portal\/#\/schema\/logo\/image\/"},"sameAs":["https:\/\/www.facebook.com\/udecaldas","https:\/\/x.com\/udecaldas","https:\/\/www.youtube.com\/universidadcaldas","https:\/\/www.instagram.com\/udecaldas\/"]},{"@type":"Person","@id":"https:\/\/www.ucaldas.edu.co\/portal\/#\/schema\/person\/a1b482e23449158b4bc319926c074fdf","name":"ofiprensa","image":{"@type":"ImageObject","inLanguage":"es","@id":"https:\/\/www.ucaldas.edu.co\/portal\/wp-content\/litespeed\/avatar\/09ea5085e600095a7a811142c6944527.jpg?ver=1777497608","url":"https:\/\/www.ucaldas.edu.co\/portal\/wp-content\/litespeed\/avatar\/09ea5085e600095a7a811142c6944527.jpg?ver=1777497608","contentUrl":"https:\/\/www.ucaldas.edu.co\/portal\/wp-content\/litespeed\/avatar\/09ea5085e600095a7a811142c6944527.jpg?ver=1777497608","caption":"ofiprensa"},"url":"https:\/\/www.ucaldas.edu.co\/portal\/author\/ofiprensa\/"}]}},"_links":{"self":[{"href":"https:\/\/www.ucaldas.edu.co\/portal\/wp-json\/wp\/v2\/posts\/55070","targetHints":{"allow":["GET"]}}],"collection":[{"href":"https:\/\/www.ucaldas.edu.co\/portal\/wp-json\/wp\/v2\/posts"}],"about":[{"href":"https:\/\/www.ucaldas.edu.co\/portal\/wp-json\/wp\/v2\/types\/post"}],"author":[{"embeddable":true,"href":"https:\/\/www.ucaldas.edu.co\/portal\/wp-json\/wp\/v2\/users\/2"}],"replies":[{"embeddable":true,"href":"https:\/\/www.ucaldas.edu.co\/portal\/wp-json\/wp\/v2\/comments?post=55070"}],"version-history":[{"count":0,"href":"https:\/\/www.ucaldas.edu.co\/portal\/wp-json\/wp\/v2\/posts\/55070\/revisions"}],"wp:featuredmedia":[{"embeddable":true,"href":"https:\/\/www.ucaldas.edu.co\/portal\/wp-json\/wp\/v2\/media\/55088"}],"wp:attachment":[{"href":"https:\/\/www.ucaldas.edu.co\/portal\/wp-json\/wp\/v2\/media?parent=55070"}],"wp:term":[{"taxonomy":"category","embeddable":true,"href":"https:\/\/www.ucaldas.edu.co\/portal\/wp-json\/wp\/v2\/categories?post=55070"},{"taxonomy":"post_tag","embeddable":true,"href":"https:\/\/www.ucaldas.edu.co\/portal\/wp-json\/wp\/v2\/tags?post=55070"}],"curies":[{"name":"wp","href":"https:\/\/api.w.org\/{rel}","templated":true}]}}