{"id":5506,"date":"2010-04-27T11:31:31","date_gmt":"2010-04-27T16:31:31","guid":{"rendered":"https:\/\/www.ucaldas.edu.co\/portal\/?p=5506"},"modified":"2010-04-27T11:31:31","modified_gmt":"2010-04-27T16:31:31","slug":"universidades-deben-seguir-atentas-a-la-reforma-a-la-ley-3092","status":"publish","type":"post","link":"https:\/\/www.ucaldas.edu.co\/portal\/universidades-deben-seguir-atentas-a-la-reforma-a-la-ley-3092\/","title":{"rendered":"Universidades deben seguir atentas a la reforma a la Ley 30\/92"},"content":{"rendered":"<p>Hay que evitar modificaciones que no se consulten<\/p>\n<hr id=\"system-readmore\" \/>\n<p>&nbsp;<\/p>\n<table border=\"0\">\n<tbody>\n<tr>\n<td><img loading=\"lazy\" decoding=\"async\" style=\"border: 0px\" alt=\"Foro Reforma Ley 30\" src=\"http:\/\/www.ucaldas.edu.co\/images\/foro_reforma_ley30.jpg\" width=\"210\" height=\"150\" border=\"0\" \/><\/td>\n<td>El respeto y los argumentos caracterizaron el Foro sobre la Reforma de la Ley 30 de 1992, que se realiz\u00f3 este martes 27 de abril en la Universidad de Caldas. Unas 150 personas asistieron a la discusi\u00f3n en el Teatro 8 de Junio de la Instituci\u00f3n.<\/p>\n<p align=\"justify\">\n<p>Javier Botero \u00c1lvarez, Asesor del Ministerio de Educaci\u00f3n Nacional; V\u00edctor Manuel Moncayo Cruz, ex rector de la U. Nacional; y Gloria Cecilia Arboleda, Vicepresidenta Nacional de la Asociaci\u00f3n Sindical de Profesores Universitarios (ASPU) presentaron sus perspectivas sobre dicho proyecto legislativo.<\/td>\n<\/tr>\n<\/tbody>\n<\/table>\n<p align=\"justify\">Durante el debate, tanto los expertos como los estudiantes plantearon sus posiciones. Unas fueron de apoyo total o parcial a la iniciativa, otras de oposici\u00f3n y algunos se\u00f1alaron que este proyecto ten\u00eda sus pro y sus contra.<\/p>\n<p align=\"justify\">\n<p align=\"justify\">Seg\u00fan el Vicerrector Acad\u00e9mico de la U. de Caldas, Germ\u00e1n G\u00f3mez Londo\u00f1o, m\u00e1s all\u00e1\u00a0 de estas posturas, qued\u00f3 claro que las comunidades universitarias deben estar atentas para que el proyecto surta tr\u00e1mites sin que se le hagan modificaciones no consultadas.<\/p>\n<p align=\"justify\">\n<p align=\"justify\">De igual forma se anunci\u00f3\u00a0 que la Asociaci\u00f3n Colombiana de Universidades (Ascun) lidera actualmente una propuesta de modificaci\u00f3n integral a la Ley 30\/92.<\/p>\n<p>&nbsp;<\/p>\n<p>Mayores informes, en la Secretar\u00eda General. Tel\u00e9fono 878 15 00, extensi\u00f3n 11104.<\/p>\n","protected":false},"excerpt":{"rendered":"<p>Hay que evitar modificaciones que no se consulten &nbsp; El respeto y los argumentos caracterizaron el Foro sobre la Reforma de la Ley 30 de 1992, que se realiz\u00f3 este martes 27 de abril en la Universidad de Caldas. Unas 150 personas asistieron a la discusi\u00f3n en el Teatro 8 de Junio de la Instituci\u00f3n. [&hellip;]<\/p>\n","protected":false},"author":2,"featured_media":0,"comment_status":"closed","ping_status":"closed","sticky":false,"template":"","format":"standard","meta":{"footnotes":""},"categories":[53,48],"tags":[],"class_list":["post-5506","post","type-post","status-publish","format-standard","hentry","category-universidad-al-dia","category-actualidad"],"yoast_head":"<!-- This site is optimized with the Yoast SEO plugin v27.5 - https:\/\/yoast.com\/product\/yoast-seo-wordpress\/ -->\n<title>Universidades deben seguir atentas a la reforma a la Ley 30\/92 .<\/title>\n<meta name=\"robots\" content=\"index, follow, max-snippet:-1, max-image-preview:large, max-video-preview:-1\" \/>\n<link rel=\"canonical\" href=\"https:\/\/www.ucaldas.edu.co\/portal\/universidades-deben-seguir-atentas-a-la-reforma-a-la-ley-3092\/\" \/>\n<script type=\"application\/ld+json\" class=\"yoast-schema-graph\">{\"@context\":\"https:\\\/\\\/schema.org\",\"@graph\":[{\"@type\":\"Article\",\"@id\":\"https:\\\/\\\/www.ucaldas.edu.co\\\/portal\\\/universidades-deben-seguir-atentas-a-la-reforma-a-la-ley-3092\\\/#article\",\"isPartOf\":{\"@id\":\"https:\\\/\\\/www.ucaldas.edu.co\\\/portal\\\/universidades-deben-seguir-atentas-a-la-reforma-a-la-ley-3092\\\/\"},\"author\":{\"name\":\"ofiprensa\",\"@id\":\"https:\\\/\\\/www.ucaldas.edu.co\\\/portal\\\/#\\\/schema\\\/person\\\/a1b482e23449158b4bc319926c074fdf\"},\"headline\":\"Universidades deben seguir atentas a la reforma a la Ley 30\\\/92\",\"datePublished\":\"2010-04-27T16:31:31+00:00\",\"mainEntityOfPage\":{\"@id\":\"https:\\\/\\\/www.ucaldas.edu.co\\\/portal\\\/universidades-deben-seguir-atentas-a-la-reforma-a-la-ley-3092\\\/\"},\"wordCount\":228,\"publisher\":{\"@id\":\"https:\\\/\\\/www.ucaldas.edu.co\\\/portal\\\/#organization\"},\"image\":{\"@id\":\"https:\\\/\\\/www.ucaldas.edu.co\\\/portal\\\/universidades-deben-seguir-atentas-a-la-reforma-a-la-ley-3092\\\/#primaryimage\"},\"thumbnailUrl\":\"http:\\\/\\\/www.ucaldas.edu.co\\\/images\\\/foro_reforma_ley30.jpg\",\"articleSection\":[\"Universidad al D\u00eda\",\"Actualidad\"],\"inLanguage\":\"es\"},{\"@type\":\"WebPage\",\"@id\":\"https:\\\/\\\/www.ucaldas.edu.co\\\/portal\\\/universidades-deben-seguir-atentas-a-la-reforma-a-la-ley-3092\\\/\",\"url\":\"https:\\\/\\\/www.ucaldas.edu.co\\\/portal\\\/universidades-deben-seguir-atentas-a-la-reforma-a-la-ley-3092\\\/\",\"name\":\"Universidades deben seguir atentas a la reforma a la Ley 30\\\/92 .\",\"isPartOf\":{\"@id\":\"https:\\\/\\\/www.ucaldas.edu.co\\\/portal\\\/#website\"},\"primaryImageOfPage\":{\"@id\":\"https:\\\/\\\/www.ucaldas.edu.co\\\/portal\\\/universidades-deben-seguir-atentas-a-la-reforma-a-la-ley-3092\\\/#primaryimage\"},\"image\":{\"@id\":\"https:\\\/\\\/www.ucaldas.edu.co\\\/portal\\\/universidades-deben-seguir-atentas-a-la-reforma-a-la-ley-3092\\\/#primaryimage\"},\"thumbnailUrl\":\"http:\\\/\\\/www.ucaldas.edu.co\\\/images\\\/foro_reforma_ley30.jpg\",\"datePublished\":\"2010-04-27T16:31:31+00:00\",\"breadcrumb\":{\"@id\":\"https:\\\/\\\/www.ucaldas.edu.co\\\/portal\\\/universidades-deben-seguir-atentas-a-la-reforma-a-la-ley-3092\\\/#breadcrumb\"},\"inLanguage\":\"es\",\"potentialAction\":[{\"@type\":\"ReadAction\",\"target\":[\"https:\\\/\\\/www.ucaldas.edu.co\\\/portal\\\/universidades-deben-seguir-atentas-a-la-reforma-a-la-ley-3092\\\/\"]}]},{\"@type\":\"ImageObject\",\"inLanguage\":\"es\",\"@id\":\"https:\\\/\\\/www.ucaldas.edu.co\\\/portal\\\/universidades-deben-seguir-atentas-a-la-reforma-a-la-ley-3092\\\/#primaryimage\",\"url\":\"http:\\\/\\\/www.ucaldas.edu.co\\\/images\\\/foro_reforma_ley30.jpg\",\"contentUrl\":\"http:\\\/\\\/www.ucaldas.edu.co\\\/images\\\/foro_reforma_ley30.jpg\"},{\"@type\":\"BreadcrumbList\",\"@id\":\"https:\\\/\\\/www.ucaldas.edu.co\\\/portal\\\/universidades-deben-seguir-atentas-a-la-reforma-a-la-ley-3092\\\/#breadcrumb\",\"itemListElement\":[{\"@type\":\"ListItem\",\"position\":1,\"name\":\"Portada\",\"item\":\"https:\\\/\\\/www.ucaldas.edu.co\\\/portal\\\/\"},{\"@type\":\"ListItem\",\"position\":2,\"name\":\"Universidades deben seguir atentas a la reforma a la Ley 30\\\/92\"}]},{\"@type\":\"WebSite\",\"@id\":\"https:\\\/\\\/www.ucaldas.edu.co\\\/portal\\\/#website\",\"url\":\"https:\\\/\\\/www.ucaldas.edu.co\\\/portal\\\/\",\"name\":\"Universidad de Caldas\",\"description\":\"\",\"publisher\":{\"@id\":\"https:\\\/\\\/www.ucaldas.edu.co\\\/portal\\\/#organization\"},\"alternateName\":\"U. de Caldas\",\"potentialAction\":[{\"@type\":\"SearchAction\",\"target\":{\"@type\":\"EntryPoint\",\"urlTemplate\":\"https:\\\/\\\/www.ucaldas.edu.co\\\/portal\\\/?s={search_term_string}\"},\"query-input\":{\"@type\":\"PropertyValueSpecification\",\"valueRequired\":true,\"valueName\":\"search_term_string\"}}],\"inLanguage\":\"es\"},{\"@type\":\"Organization\",\"@id\":\"https:\\\/\\\/www.ucaldas.edu.co\\\/portal\\\/#organization\",\"name\":\"Universidad de Caldas\",\"alternateName\":\"U. de Caldas\",\"url\":\"https:\\\/\\\/www.ucaldas.edu.co\\\/portal\\\/\",\"logo\":{\"@type\":\"ImageObject\",\"inLanguage\":\"es\",\"@id\":\"https:\\\/\\\/www.ucaldas.edu.co\\\/portal\\\/#\\\/schema\\\/logo\\\/image\\\/\",\"url\":\"https:\\\/\\\/www.ucaldas.edu.co\\\/portal\\\/wp-content\\\/uploads\\\/2023\\\/11\\\/Logo_horizontal_oscuroU-2023.png\",\"contentUrl\":\"https:\\\/\\\/www.ucaldas.edu.co\\\/portal\\\/wp-content\\\/uploads\\\/2023\\\/11\\\/Logo_horizontal_oscuroU-2023.png\",\"width\":263,\"height\":101,\"caption\":\"Universidad de Caldas\"},\"image\":{\"@id\":\"https:\\\/\\\/www.ucaldas.edu.co\\\/portal\\\/#\\\/schema\\\/logo\\\/image\\\/\"},\"sameAs\":[\"https:\\\/\\\/www.facebook.com\\\/udecaldas\",\"https:\\\/\\\/x.com\\\/udecaldas\",\"https:\\\/\\\/www.youtube.com\\\/universidadcaldas\",\"https:\\\/\\\/www.instagram.com\\\/udecaldas\\\/\"]},{\"@type\":\"Person\",\"@id\":\"https:\\\/\\\/www.ucaldas.edu.co\\\/portal\\\/#\\\/schema\\\/person\\\/a1b482e23449158b4bc319926c074fdf\",\"name\":\"ofiprensa\",\"image\":{\"@type\":\"ImageObject\",\"inLanguage\":\"es\",\"@id\":\"https:\\\/\\\/www.ucaldas.edu.co\\\/portal\\\/wp-content\\\/litespeed\\\/avatar\\\/09ea5085e600095a7a811142c6944527.jpg?ver=1777497608\",\"url\":\"https:\\\/\\\/www.ucaldas.edu.co\\\/portal\\\/wp-content\\\/litespeed\\\/avatar\\\/09ea5085e600095a7a811142c6944527.jpg?ver=1777497608\",\"contentUrl\":\"https:\\\/\\\/www.ucaldas.edu.co\\\/portal\\\/wp-content\\\/litespeed\\\/avatar\\\/09ea5085e600095a7a811142c6944527.jpg?ver=1777497608\",\"caption\":\"ofiprensa\"},\"url\":\"https:\\\/\\\/www.ucaldas.edu.co\\\/portal\\\/author\\\/ofiprensa\\\/\"}]}<\/script>\n<!-- \/ Yoast SEO plugin. -->","yoast_head_json":{"title":"Universidades deben seguir atentas a la reforma a la Ley 30\/92 .","robots":{"index":"index","follow":"follow","max-snippet":"max-snippet:-1","max-image-preview":"max-image-preview:large","max-video-preview":"max-video-preview:-1"},"canonical":"https:\/\/www.ucaldas.edu.co\/portal\/universidades-deben-seguir-atentas-a-la-reforma-a-la-ley-3092\/","schema":{"@context":"https:\/\/schema.org","@graph":[{"@type":"Article","@id":"https:\/\/www.ucaldas.edu.co\/portal\/universidades-deben-seguir-atentas-a-la-reforma-a-la-ley-3092\/#article","isPartOf":{"@id":"https:\/\/www.ucaldas.edu.co\/portal\/universidades-deben-seguir-atentas-a-la-reforma-a-la-ley-3092\/"},"author":{"name":"ofiprensa","@id":"https:\/\/www.ucaldas.edu.co\/portal\/#\/schema\/person\/a1b482e23449158b4bc319926c074fdf"},"headline":"Universidades deben seguir atentas a la reforma a la Ley 30\/92","datePublished":"2010-04-27T16:31:31+00:00","mainEntityOfPage":{"@id":"https:\/\/www.ucaldas.edu.co\/portal\/universidades-deben-seguir-atentas-a-la-reforma-a-la-ley-3092\/"},"wordCount":228,"publisher":{"@id":"https:\/\/www.ucaldas.edu.co\/portal\/#organization"},"image":{"@id":"https:\/\/www.ucaldas.edu.co\/portal\/universidades-deben-seguir-atentas-a-la-reforma-a-la-ley-3092\/#primaryimage"},"thumbnailUrl":"http:\/\/www.ucaldas.edu.co\/images\/foro_reforma_ley30.jpg","articleSection":["Universidad al D\u00eda","Actualidad"],"inLanguage":"es"},{"@type":"WebPage","@id":"https:\/\/www.ucaldas.edu.co\/portal\/universidades-deben-seguir-atentas-a-la-reforma-a-la-ley-3092\/","url":"https:\/\/www.ucaldas.edu.co\/portal\/universidades-deben-seguir-atentas-a-la-reforma-a-la-ley-3092\/","name":"Universidades deben seguir atentas a la reforma a la Ley 30\/92 .","isPartOf":{"@id":"https:\/\/www.ucaldas.edu.co\/portal\/#website"},"primaryImageOfPage":{"@id":"https:\/\/www.ucaldas.edu.co\/portal\/universidades-deben-seguir-atentas-a-la-reforma-a-la-ley-3092\/#primaryimage"},"image":{"@id":"https:\/\/www.ucaldas.edu.co\/portal\/universidades-deben-seguir-atentas-a-la-reforma-a-la-ley-3092\/#primaryimage"},"thumbnailUrl":"http:\/\/www.ucaldas.edu.co\/images\/foro_reforma_ley30.jpg","datePublished":"2010-04-27T16:31:31+00:00","breadcrumb":{"@id":"https:\/\/www.ucaldas.edu.co\/portal\/universidades-deben-seguir-atentas-a-la-reforma-a-la-ley-3092\/#breadcrumb"},"inLanguage":"es","potentialAction":[{"@type":"ReadAction","target":["https:\/\/www.ucaldas.edu.co\/portal\/universidades-deben-seguir-atentas-a-la-reforma-a-la-ley-3092\/"]}]},{"@type":"ImageObject","inLanguage":"es","@id":"https:\/\/www.ucaldas.edu.co\/portal\/universidades-deben-seguir-atentas-a-la-reforma-a-la-ley-3092\/#primaryimage","url":"http:\/\/www.ucaldas.edu.co\/images\/foro_reforma_ley30.jpg","contentUrl":"http:\/\/www.ucaldas.edu.co\/images\/foro_reforma_ley30.jpg"},{"@type":"BreadcrumbList","@id":"https:\/\/www.ucaldas.edu.co\/portal\/universidades-deben-seguir-atentas-a-la-reforma-a-la-ley-3092\/#breadcrumb","itemListElement":[{"@type":"ListItem","position":1,"name":"Portada","item":"https:\/\/www.ucaldas.edu.co\/portal\/"},{"@type":"ListItem","position":2,"name":"Universidades deben seguir atentas a la reforma a la Ley 30\/92"}]},{"@type":"WebSite","@id":"https:\/\/www.ucaldas.edu.co\/portal\/#website","url":"https:\/\/www.ucaldas.edu.co\/portal\/","name":"Universidad de Caldas","description":"","publisher":{"@id":"https:\/\/www.ucaldas.edu.co\/portal\/#organization"},"alternateName":"U. de Caldas","potentialAction":[{"@type":"SearchAction","target":{"@type":"EntryPoint","urlTemplate":"https:\/\/www.ucaldas.edu.co\/portal\/?s={search_term_string}"},"query-input":{"@type":"PropertyValueSpecification","valueRequired":true,"valueName":"search_term_string"}}],"inLanguage":"es"},{"@type":"Organization","@id":"https:\/\/www.ucaldas.edu.co\/portal\/#organization","name":"Universidad de Caldas","alternateName":"U. de Caldas","url":"https:\/\/www.ucaldas.edu.co\/portal\/","logo":{"@type":"ImageObject","inLanguage":"es","@id":"https:\/\/www.ucaldas.edu.co\/portal\/#\/schema\/logo\/image\/","url":"https:\/\/www.ucaldas.edu.co\/portal\/wp-content\/uploads\/2023\/11\/Logo_horizontal_oscuroU-2023.png","contentUrl":"https:\/\/www.ucaldas.edu.co\/portal\/wp-content\/uploads\/2023\/11\/Logo_horizontal_oscuroU-2023.png","width":263,"height":101,"caption":"Universidad de Caldas"},"image":{"@id":"https:\/\/www.ucaldas.edu.co\/portal\/#\/schema\/logo\/image\/"},"sameAs":["https:\/\/www.facebook.com\/udecaldas","https:\/\/x.com\/udecaldas","https:\/\/www.youtube.com\/universidadcaldas","https:\/\/www.instagram.com\/udecaldas\/"]},{"@type":"Person","@id":"https:\/\/www.ucaldas.edu.co\/portal\/#\/schema\/person\/a1b482e23449158b4bc319926c074fdf","name":"ofiprensa","image":{"@type":"ImageObject","inLanguage":"es","@id":"https:\/\/www.ucaldas.edu.co\/portal\/wp-content\/litespeed\/avatar\/09ea5085e600095a7a811142c6944527.jpg?ver=1777497608","url":"https:\/\/www.ucaldas.edu.co\/portal\/wp-content\/litespeed\/avatar\/09ea5085e600095a7a811142c6944527.jpg?ver=1777497608","contentUrl":"https:\/\/www.ucaldas.edu.co\/portal\/wp-content\/litespeed\/avatar\/09ea5085e600095a7a811142c6944527.jpg?ver=1777497608","caption":"ofiprensa"},"url":"https:\/\/www.ucaldas.edu.co\/portal\/author\/ofiprensa\/"}]}},"_links":{"self":[{"href":"https:\/\/www.ucaldas.edu.co\/portal\/wp-json\/wp\/v2\/posts\/5506","targetHints":{"allow":["GET"]}}],"collection":[{"href":"https:\/\/www.ucaldas.edu.co\/portal\/wp-json\/wp\/v2\/posts"}],"about":[{"href":"https:\/\/www.ucaldas.edu.co\/portal\/wp-json\/wp\/v2\/types\/post"}],"author":[{"embeddable":true,"href":"https:\/\/www.ucaldas.edu.co\/portal\/wp-json\/wp\/v2\/users\/2"}],"replies":[{"embeddable":true,"href":"https:\/\/www.ucaldas.edu.co\/portal\/wp-json\/wp\/v2\/comments?post=5506"}],"version-history":[{"count":0,"href":"https:\/\/www.ucaldas.edu.co\/portal\/wp-json\/wp\/v2\/posts\/5506\/revisions"}],"wp:attachment":[{"href":"https:\/\/www.ucaldas.edu.co\/portal\/wp-json\/wp\/v2\/media?parent=5506"}],"wp:term":[{"taxonomy":"category","embeddable":true,"href":"https:\/\/www.ucaldas.edu.co\/portal\/wp-json\/wp\/v2\/categories?post=5506"},{"taxonomy":"post_tag","embeddable":true,"href":"https:\/\/www.ucaldas.edu.co\/portal\/wp-json\/wp\/v2\/tags?post=5506"}],"curies":[{"name":"wp","href":"https:\/\/api.w.org\/{rel}","templated":true}]}}