{"id":54965,"date":"2020-03-27T00:22:19","date_gmt":"2020-03-27T00:22:19","guid":{"rendered":"https:\/\/www.ucaldas.edu.co\/portal\/?p=54965"},"modified":"2020-03-27T00:22:36","modified_gmt":"2020-03-27T00:22:36","slug":"medidas-academicas-con-ocasion-de-las-disposiciones-de-contencion-y-prevencion-del-covid-19","status":"publish","type":"post","link":"https:\/\/www.ucaldas.edu.co\/portal\/medidas-academicas-con-ocasion-de-las-disposiciones-de-contencion-y-prevencion-del-covid-19\/","title":{"rendered":"Medidas acad\u00e9micas con ocasi\u00f3n de las disposiciones de contenci\u00f3n y prevenci\u00f3n del COVID-19"},"content":{"rendered":"<p style=\"text-align: center;\">ACUERDO DEL CONSEJO ACAD\u00c9MICO<\/p>\n<p style=\"text-align: center;\"><strong>Medidas acad\u00e9micas con ocasi\u00f3n de las disposiciones de contenci\u00f3n y prevenci\u00f3n del COVID-19<\/strong><\/p>\n<p style=\"text-align: right;\">26\/03\/2020<\/p>\n<p><img loading=\"lazy\" decoding=\"async\" class=\"alignnone size-full wp-image-54966 aligncenter\" src=\"https:\/\/www.ucaldas.edu.co\/portal\/wp-content\/uploads\/2020\/03\/CONSEJO-ACADEMICO-min.png\" alt=\"\" width=\"700\" height=\"400\" srcset=\"https:\/\/www.ucaldas.edu.co\/portal\/wp-content\/uploads\/2020\/03\/CONSEJO-ACADEMICO-min.png 700w, https:\/\/www.ucaldas.edu.co\/portal\/wp-content\/uploads\/2020\/03\/CONSEJO-ACADEMICO-min-300x171.png 300w\" sizes=\"auto, (max-width: 700px) 100vw, 700px\" \/><\/p>\n<p style=\"text-align: left;\">Mediante el acuerdo 011 del 25 de marzo de 2020 el Consejo Acad\u00e9mico de la Universidad de Caldas adopta\u00a0 una serie de medidas acad\u00e9micas Con ocasi\u00f3n de las disposiciones de contenci\u00f3n y prevenci\u00f3n del COVID-19.<!--more--><\/p>\n<p style=\"text-align: left;\">Entre las disposiciones se cuentan:<\/p>\n<p style=\"text-align: left;\">Modificar el art\u00edculo 1 del Acuerdo N\u00famero. 38 de 2020, respecto a la fecha del reporte de notas del periodo 2019-2 y del pago de derechos acad\u00e9micos del primer semestre de 2020, as\u00ed:<\/p>\n<table width=\"604\">\n<tbody>\n<tr>\n<td colspan=\"3\" width=\"604\"><strong>CALENDARIO DE RECUPERACI\u00d3N SEGUNDO PERIODO DE 2019<\/strong><\/td>\n<\/tr>\n<tr>\n<td width=\"274\"><strong>\u00a0ACTIVIDADES<\/strong><\/td>\n<td colspan=\"2\" width=\"329\"><strong>\u00a0Segundo semestre 2019 <\/strong><\/td>\n<\/tr>\n<tr>\n<td width=\"274\">INICIO Y FINALIZACI\u00d3N DE CLASES<\/td>\n<td width=\"175\">Terminaci\u00f3n de clases con cierre de notas<\/td>\n<td width=\"154\">\u00a03 de abril de 2020<\/td>\n<\/tr>\n<\/tbody>\n<\/table>\n<p>&nbsp;<\/p>\n<table width=\"604\">\n<tbody>\n<tr>\n<td colspan=\"3\" width=\"604\"><strong>CALENDARIO 2020 PROGRAMAS DE PREGRADO PRESENCIAL<\/strong><\/td>\n<\/tr>\n<tr>\n<td colspan=\"2\" width=\"416\">ACTIVIDADES<\/td>\n<td width=\"187\">Primer semestre 2020<\/p>\n<p>(17 semanas)<\/td>\n<\/tr>\n<tr>\n<td width=\"22\">1<\/td>\n<td width=\"394\">\u00a0PAGO DE DERECHOS ACAD\u00c9MICOS\u00a0\u00a0\u00a0\u00a0\u00a0 Pago oportuno<\/td>\n<td width=\"187\">SUSPENDIDO<\/td>\n<\/tr>\n<tr>\n<td width=\"22\"><\/td>\n<td width=\"394\"><\/td>\n<td width=\"187\"><\/td>\n<\/tr>\n<\/tbody>\n<\/table>\n<p>Una vez sea superada la emergencia sanitaria el Consejo Acad\u00e9mico se reunir\u00e1 y fijar\u00e1 la fecha para el pago de derechos acad\u00e9micos del periodo 2020-1.<\/p>\n<p>Se autoriza la realizaci\u00f3n de habilitaciones sin la presentaci\u00f3n del recibo de consignaci\u00f3n, no obstante el valor correspondiente deber\u00e1 ser cancelado con la matr\u00edcula del periodo 2020-1 o con los derechos de grado, de ser el caso.<\/p>\n<p>Descargue el acuerdo\u00a0 completo <a href=\"https:\/\/www.ucaldas.edu.co\/portal\/11-medidas-academicas-covid-19\/\">aqu\u00ed<\/a><\/p>\n<p>&nbsp;<\/p>\n<p><strong>Informes:<\/strong> Oficina de Comunicaciones y Prensa Universidad de Caldas. Tel\u00e9fono: 8781500 Extensi\u00f3n: 12167<\/p>\n<p><strong>Redacci\u00f3n<\/strong>: Adriana Salazar Villegas<\/p>\n","protected":false},"excerpt":{"rendered":"<p>ACUERDO DEL CONSEJO ACAD\u00c9MICO Medidas acad\u00e9micas con ocasi\u00f3n de las disposiciones de contenci\u00f3n y prevenci\u00f3n del COVID-19 26\/03\/2020 Mediante el acuerdo 011 del 25 de marzo de 2020 el Consejo Acad\u00e9mico de la Universidad de Caldas adopta\u00a0 una serie de medidas acad\u00e9micas Con ocasi\u00f3n de las disposiciones de contenci\u00f3n y prevenci\u00f3n del COVID-19.<\/p>\n","protected":false},"author":2,"featured_media":54966,"comment_status":"closed","ping_status":"open","sticky":false,"template":"","format":"standard","meta":{"footnotes":""},"categories":[48,53,620],"tags":[250,1117,1211,3237],"class_list":["post-54965","post","type-post","status-publish","format-standard","has-post-thumbnail","hentry","category-actualidad","category-universidad-al-dia","category-ucaldas-transparente","tag-calendario","tag-consejo-academico","tag-acuerdo","tag-informacion-oficial"],"yoast_head":"<!-- This site is optimized with the Yoast SEO plugin v27.5 - https:\/\/yoast.com\/product\/yoast-seo-wordpress\/ -->\n<title>Medidas acad\u00e9micas con ocasi\u00f3n de las disposiciones de contenci\u00f3n y prevenci\u00f3n del COVID-19 .<\/title>\n<meta name=\"robots\" content=\"index, follow, max-snippet:-1, max-image-preview:large, max-video-preview:-1\" \/>\n<link rel=\"canonical\" href=\"https:\/\/www.ucaldas.edu.co\/portal\/medidas-academicas-con-ocasion-de-las-disposiciones-de-contencion-y-prevencion-del-covid-19\/\" \/>\n<script type=\"application\/ld+json\" class=\"yoast-schema-graph\">{\"@context\":\"https:\\\/\\\/schema.org\",\"@graph\":[{\"@type\":\"Article\",\"@id\":\"https:\\\/\\\/www.ucaldas.edu.co\\\/portal\\\/medidas-academicas-con-ocasion-de-las-disposiciones-de-contencion-y-prevencion-del-covid-19\\\/#article\",\"isPartOf\":{\"@id\":\"https:\\\/\\\/www.ucaldas.edu.co\\\/portal\\\/medidas-academicas-con-ocasion-de-las-disposiciones-de-contencion-y-prevencion-del-covid-19\\\/\"},\"author\":{\"name\":\"ofiprensa\",\"@id\":\"https:\\\/\\\/www.ucaldas.edu.co\\\/portal\\\/#\\\/schema\\\/person\\\/a1b482e23449158b4bc319926c074fdf\"},\"headline\":\"Medidas acad\u00e9micas con ocasi\u00f3n de las disposiciones de contenci\u00f3n y prevenci\u00f3n del COVID-19\",\"datePublished\":\"2020-03-27T00:22:19+00:00\",\"dateModified\":\"2020-03-27T00:22:36+00:00\",\"mainEntityOfPage\":{\"@id\":\"https:\\\/\\\/www.ucaldas.edu.co\\\/portal\\\/medidas-academicas-con-ocasion-de-las-disposiciones-de-contencion-y-prevencion-del-covid-19\\\/\"},\"wordCount\":250,\"publisher\":{\"@id\":\"https:\\\/\\\/www.ucaldas.edu.co\\\/portal\\\/#organization\"},\"image\":{\"@id\":\"https:\\\/\\\/www.ucaldas.edu.co\\\/portal\\\/medidas-academicas-con-ocasion-de-las-disposiciones-de-contencion-y-prevencion-del-covid-19\\\/#primaryimage\"},\"thumbnailUrl\":\"https:\\\/\\\/www.ucaldas.edu.co\\\/portal\\\/wp-content\\\/uploads\\\/2020\\\/03\\\/CONSEJO-ACADEMICO-min.png\",\"keywords\":[\"calendario\",\"Consejo Acad\u00e9mico\",\"Acuerdo\",\"Informaci\u00f3n Oficial\"],\"articleSection\":[\"Actualidad\",\"Universidad al D\u00eda\",\"UCaldas Transparente\"],\"inLanguage\":\"es\"},{\"@type\":\"WebPage\",\"@id\":\"https:\\\/\\\/www.ucaldas.edu.co\\\/portal\\\/medidas-academicas-con-ocasion-de-las-disposiciones-de-contencion-y-prevencion-del-covid-19\\\/\",\"url\":\"https:\\\/\\\/www.ucaldas.edu.co\\\/portal\\\/medidas-academicas-con-ocasion-de-las-disposiciones-de-contencion-y-prevencion-del-covid-19\\\/\",\"name\":\"Medidas acad\u00e9micas con ocasi\u00f3n de las disposiciones de contenci\u00f3n y prevenci\u00f3n del COVID-19 .\",\"isPartOf\":{\"@id\":\"https:\\\/\\\/www.ucaldas.edu.co\\\/portal\\\/#website\"},\"primaryImageOfPage\":{\"@id\":\"https:\\\/\\\/www.ucaldas.edu.co\\\/portal\\\/medidas-academicas-con-ocasion-de-las-disposiciones-de-contencion-y-prevencion-del-covid-19\\\/#primaryimage\"},\"image\":{\"@id\":\"https:\\\/\\\/www.ucaldas.edu.co\\\/portal\\\/medidas-academicas-con-ocasion-de-las-disposiciones-de-contencion-y-prevencion-del-covid-19\\\/#primaryimage\"},\"thumbnailUrl\":\"https:\\\/\\\/www.ucaldas.edu.co\\\/portal\\\/wp-content\\\/uploads\\\/2020\\\/03\\\/CONSEJO-ACADEMICO-min.png\",\"datePublished\":\"2020-03-27T00:22:19+00:00\",\"dateModified\":\"2020-03-27T00:22:36+00:00\",\"breadcrumb\":{\"@id\":\"https:\\\/\\\/www.ucaldas.edu.co\\\/portal\\\/medidas-academicas-con-ocasion-de-las-disposiciones-de-contencion-y-prevencion-del-covid-19\\\/#breadcrumb\"},\"inLanguage\":\"es\",\"potentialAction\":[{\"@type\":\"ReadAction\",\"target\":[\"https:\\\/\\\/www.ucaldas.edu.co\\\/portal\\\/medidas-academicas-con-ocasion-de-las-disposiciones-de-contencion-y-prevencion-del-covid-19\\\/\"]}]},{\"@type\":\"ImageObject\",\"inLanguage\":\"es\",\"@id\":\"https:\\\/\\\/www.ucaldas.edu.co\\\/portal\\\/medidas-academicas-con-ocasion-de-las-disposiciones-de-contencion-y-prevencion-del-covid-19\\\/#primaryimage\",\"url\":\"https:\\\/\\\/www.ucaldas.edu.co\\\/portal\\\/wp-content\\\/uploads\\\/2020\\\/03\\\/CONSEJO-ACADEMICO-min.png\",\"contentUrl\":\"https:\\\/\\\/www.ucaldas.edu.co\\\/portal\\\/wp-content\\\/uploads\\\/2020\\\/03\\\/CONSEJO-ACADEMICO-min.png\",\"width\":700,\"height\":400},{\"@type\":\"BreadcrumbList\",\"@id\":\"https:\\\/\\\/www.ucaldas.edu.co\\\/portal\\\/medidas-academicas-con-ocasion-de-las-disposiciones-de-contencion-y-prevencion-del-covid-19\\\/#breadcrumb\",\"itemListElement\":[{\"@type\":\"ListItem\",\"position\":1,\"name\":\"Portada\",\"item\":\"https:\\\/\\\/www.ucaldas.edu.co\\\/portal\\\/\"},{\"@type\":\"ListItem\",\"position\":2,\"name\":\"Medidas acad\u00e9micas con ocasi\u00f3n de las disposiciones de contenci\u00f3n y prevenci\u00f3n del COVID-19\"}]},{\"@type\":\"WebSite\",\"@id\":\"https:\\\/\\\/www.ucaldas.edu.co\\\/portal\\\/#website\",\"url\":\"https:\\\/\\\/www.ucaldas.edu.co\\\/portal\\\/\",\"name\":\"Universidad de Caldas\",\"description\":\"\",\"publisher\":{\"@id\":\"https:\\\/\\\/www.ucaldas.edu.co\\\/portal\\\/#organization\"},\"alternateName\":\"U. de Caldas\",\"potentialAction\":[{\"@type\":\"SearchAction\",\"target\":{\"@type\":\"EntryPoint\",\"urlTemplate\":\"https:\\\/\\\/www.ucaldas.edu.co\\\/portal\\\/?s={search_term_string}\"},\"query-input\":{\"@type\":\"PropertyValueSpecification\",\"valueRequired\":true,\"valueName\":\"search_term_string\"}}],\"inLanguage\":\"es\"},{\"@type\":\"Organization\",\"@id\":\"https:\\\/\\\/www.ucaldas.edu.co\\\/portal\\\/#organization\",\"name\":\"Universidad de Caldas\",\"alternateName\":\"U. de Caldas\",\"url\":\"https:\\\/\\\/www.ucaldas.edu.co\\\/portal\\\/\",\"logo\":{\"@type\":\"ImageObject\",\"inLanguage\":\"es\",\"@id\":\"https:\\\/\\\/www.ucaldas.edu.co\\\/portal\\\/#\\\/schema\\\/logo\\\/image\\\/\",\"url\":\"https:\\\/\\\/www.ucaldas.edu.co\\\/portal\\\/wp-content\\\/uploads\\\/2023\\\/11\\\/Logo_horizontal_oscuroU-2023.png\",\"contentUrl\":\"https:\\\/\\\/www.ucaldas.edu.co\\\/portal\\\/wp-content\\\/uploads\\\/2023\\\/11\\\/Logo_horizontal_oscuroU-2023.png\",\"width\":263,\"height\":101,\"caption\":\"Universidad de Caldas\"},\"image\":{\"@id\":\"https:\\\/\\\/www.ucaldas.edu.co\\\/portal\\\/#\\\/schema\\\/logo\\\/image\\\/\"},\"sameAs\":[\"https:\\\/\\\/www.facebook.com\\\/udecaldas\",\"https:\\\/\\\/x.com\\\/udecaldas\",\"https:\\\/\\\/www.youtube.com\\\/universidadcaldas\",\"https:\\\/\\\/www.instagram.com\\\/udecaldas\\\/\"]},{\"@type\":\"Person\",\"@id\":\"https:\\\/\\\/www.ucaldas.edu.co\\\/portal\\\/#\\\/schema\\\/person\\\/a1b482e23449158b4bc319926c074fdf\",\"name\":\"ofiprensa\",\"image\":{\"@type\":\"ImageObject\",\"inLanguage\":\"es\",\"@id\":\"https:\\\/\\\/www.ucaldas.edu.co\\\/portal\\\/wp-content\\\/litespeed\\\/avatar\\\/09ea5085e600095a7a811142c6944527.jpg?ver=1777497608\",\"url\":\"https:\\\/\\\/www.ucaldas.edu.co\\\/portal\\\/wp-content\\\/litespeed\\\/avatar\\\/09ea5085e600095a7a811142c6944527.jpg?ver=1777497608\",\"contentUrl\":\"https:\\\/\\\/www.ucaldas.edu.co\\\/portal\\\/wp-content\\\/litespeed\\\/avatar\\\/09ea5085e600095a7a811142c6944527.jpg?ver=1777497608\",\"caption\":\"ofiprensa\"},\"url\":\"https:\\\/\\\/www.ucaldas.edu.co\\\/portal\\\/author\\\/ofiprensa\\\/\"}]}<\/script>\n<!-- \/ Yoast SEO plugin. -->","yoast_head_json":{"title":"Medidas acad\u00e9micas con ocasi\u00f3n de las disposiciones de contenci\u00f3n y prevenci\u00f3n del COVID-19 .","robots":{"index":"index","follow":"follow","max-snippet":"max-snippet:-1","max-image-preview":"max-image-preview:large","max-video-preview":"max-video-preview:-1"},"canonical":"https:\/\/www.ucaldas.edu.co\/portal\/medidas-academicas-con-ocasion-de-las-disposiciones-de-contencion-y-prevencion-del-covid-19\/","schema":{"@context":"https:\/\/schema.org","@graph":[{"@type":"Article","@id":"https:\/\/www.ucaldas.edu.co\/portal\/medidas-academicas-con-ocasion-de-las-disposiciones-de-contencion-y-prevencion-del-covid-19\/#article","isPartOf":{"@id":"https:\/\/www.ucaldas.edu.co\/portal\/medidas-academicas-con-ocasion-de-las-disposiciones-de-contencion-y-prevencion-del-covid-19\/"},"author":{"name":"ofiprensa","@id":"https:\/\/www.ucaldas.edu.co\/portal\/#\/schema\/person\/a1b482e23449158b4bc319926c074fdf"},"headline":"Medidas acad\u00e9micas con ocasi\u00f3n de las disposiciones de contenci\u00f3n y prevenci\u00f3n del COVID-19","datePublished":"2020-03-27T00:22:19+00:00","dateModified":"2020-03-27T00:22:36+00:00","mainEntityOfPage":{"@id":"https:\/\/www.ucaldas.edu.co\/portal\/medidas-academicas-con-ocasion-de-las-disposiciones-de-contencion-y-prevencion-del-covid-19\/"},"wordCount":250,"publisher":{"@id":"https:\/\/www.ucaldas.edu.co\/portal\/#organization"},"image":{"@id":"https:\/\/www.ucaldas.edu.co\/portal\/medidas-academicas-con-ocasion-de-las-disposiciones-de-contencion-y-prevencion-del-covid-19\/#primaryimage"},"thumbnailUrl":"https:\/\/www.ucaldas.edu.co\/portal\/wp-content\/uploads\/2020\/03\/CONSEJO-ACADEMICO-min.png","keywords":["calendario","Consejo Acad\u00e9mico","Acuerdo","Informaci\u00f3n Oficial"],"articleSection":["Actualidad","Universidad al D\u00eda","UCaldas Transparente"],"inLanguage":"es"},{"@type":"WebPage","@id":"https:\/\/www.ucaldas.edu.co\/portal\/medidas-academicas-con-ocasion-de-las-disposiciones-de-contencion-y-prevencion-del-covid-19\/","url":"https:\/\/www.ucaldas.edu.co\/portal\/medidas-academicas-con-ocasion-de-las-disposiciones-de-contencion-y-prevencion-del-covid-19\/","name":"Medidas acad\u00e9micas con ocasi\u00f3n de las disposiciones de contenci\u00f3n y prevenci\u00f3n del COVID-19 .","isPartOf":{"@id":"https:\/\/www.ucaldas.edu.co\/portal\/#website"},"primaryImageOfPage":{"@id":"https:\/\/www.ucaldas.edu.co\/portal\/medidas-academicas-con-ocasion-de-las-disposiciones-de-contencion-y-prevencion-del-covid-19\/#primaryimage"},"image":{"@id":"https:\/\/www.ucaldas.edu.co\/portal\/medidas-academicas-con-ocasion-de-las-disposiciones-de-contencion-y-prevencion-del-covid-19\/#primaryimage"},"thumbnailUrl":"https:\/\/www.ucaldas.edu.co\/portal\/wp-content\/uploads\/2020\/03\/CONSEJO-ACADEMICO-min.png","datePublished":"2020-03-27T00:22:19+00:00","dateModified":"2020-03-27T00:22:36+00:00","breadcrumb":{"@id":"https:\/\/www.ucaldas.edu.co\/portal\/medidas-academicas-con-ocasion-de-las-disposiciones-de-contencion-y-prevencion-del-covid-19\/#breadcrumb"},"inLanguage":"es","potentialAction":[{"@type":"ReadAction","target":["https:\/\/www.ucaldas.edu.co\/portal\/medidas-academicas-con-ocasion-de-las-disposiciones-de-contencion-y-prevencion-del-covid-19\/"]}]},{"@type":"ImageObject","inLanguage":"es","@id":"https:\/\/www.ucaldas.edu.co\/portal\/medidas-academicas-con-ocasion-de-las-disposiciones-de-contencion-y-prevencion-del-covid-19\/#primaryimage","url":"https:\/\/www.ucaldas.edu.co\/portal\/wp-content\/uploads\/2020\/03\/CONSEJO-ACADEMICO-min.png","contentUrl":"https:\/\/www.ucaldas.edu.co\/portal\/wp-content\/uploads\/2020\/03\/CONSEJO-ACADEMICO-min.png","width":700,"height":400},{"@type":"BreadcrumbList","@id":"https:\/\/www.ucaldas.edu.co\/portal\/medidas-academicas-con-ocasion-de-las-disposiciones-de-contencion-y-prevencion-del-covid-19\/#breadcrumb","itemListElement":[{"@type":"ListItem","position":1,"name":"Portada","item":"https:\/\/www.ucaldas.edu.co\/portal\/"},{"@type":"ListItem","position":2,"name":"Medidas acad\u00e9micas con ocasi\u00f3n de las disposiciones de contenci\u00f3n y prevenci\u00f3n del COVID-19"}]},{"@type":"WebSite","@id":"https:\/\/www.ucaldas.edu.co\/portal\/#website","url":"https:\/\/www.ucaldas.edu.co\/portal\/","name":"Universidad de Caldas","description":"","publisher":{"@id":"https:\/\/www.ucaldas.edu.co\/portal\/#organization"},"alternateName":"U. de Caldas","potentialAction":[{"@type":"SearchAction","target":{"@type":"EntryPoint","urlTemplate":"https:\/\/www.ucaldas.edu.co\/portal\/?s={search_term_string}"},"query-input":{"@type":"PropertyValueSpecification","valueRequired":true,"valueName":"search_term_string"}}],"inLanguage":"es"},{"@type":"Organization","@id":"https:\/\/www.ucaldas.edu.co\/portal\/#organization","name":"Universidad de Caldas","alternateName":"U. de Caldas","url":"https:\/\/www.ucaldas.edu.co\/portal\/","logo":{"@type":"ImageObject","inLanguage":"es","@id":"https:\/\/www.ucaldas.edu.co\/portal\/#\/schema\/logo\/image\/","url":"https:\/\/www.ucaldas.edu.co\/portal\/wp-content\/uploads\/2023\/11\/Logo_horizontal_oscuroU-2023.png","contentUrl":"https:\/\/www.ucaldas.edu.co\/portal\/wp-content\/uploads\/2023\/11\/Logo_horizontal_oscuroU-2023.png","width":263,"height":101,"caption":"Universidad de Caldas"},"image":{"@id":"https:\/\/www.ucaldas.edu.co\/portal\/#\/schema\/logo\/image\/"},"sameAs":["https:\/\/www.facebook.com\/udecaldas","https:\/\/x.com\/udecaldas","https:\/\/www.youtube.com\/universidadcaldas","https:\/\/www.instagram.com\/udecaldas\/"]},{"@type":"Person","@id":"https:\/\/www.ucaldas.edu.co\/portal\/#\/schema\/person\/a1b482e23449158b4bc319926c074fdf","name":"ofiprensa","image":{"@type":"ImageObject","inLanguage":"es","@id":"https:\/\/www.ucaldas.edu.co\/portal\/wp-content\/litespeed\/avatar\/09ea5085e600095a7a811142c6944527.jpg?ver=1777497608","url":"https:\/\/www.ucaldas.edu.co\/portal\/wp-content\/litespeed\/avatar\/09ea5085e600095a7a811142c6944527.jpg?ver=1777497608","contentUrl":"https:\/\/www.ucaldas.edu.co\/portal\/wp-content\/litespeed\/avatar\/09ea5085e600095a7a811142c6944527.jpg?ver=1777497608","caption":"ofiprensa"},"url":"https:\/\/www.ucaldas.edu.co\/portal\/author\/ofiprensa\/"}]}},"_links":{"self":[{"href":"https:\/\/www.ucaldas.edu.co\/portal\/wp-json\/wp\/v2\/posts\/54965","targetHints":{"allow":["GET"]}}],"collection":[{"href":"https:\/\/www.ucaldas.edu.co\/portal\/wp-json\/wp\/v2\/posts"}],"about":[{"href":"https:\/\/www.ucaldas.edu.co\/portal\/wp-json\/wp\/v2\/types\/post"}],"author":[{"embeddable":true,"href":"https:\/\/www.ucaldas.edu.co\/portal\/wp-json\/wp\/v2\/users\/2"}],"replies":[{"embeddable":true,"href":"https:\/\/www.ucaldas.edu.co\/portal\/wp-json\/wp\/v2\/comments?post=54965"}],"version-history":[{"count":0,"href":"https:\/\/www.ucaldas.edu.co\/portal\/wp-json\/wp\/v2\/posts\/54965\/revisions"}],"wp:featuredmedia":[{"embeddable":true,"href":"https:\/\/www.ucaldas.edu.co\/portal\/wp-json\/wp\/v2\/media\/54966"}],"wp:attachment":[{"href":"https:\/\/www.ucaldas.edu.co\/portal\/wp-json\/wp\/v2\/media?parent=54965"}],"wp:term":[{"taxonomy":"category","embeddable":true,"href":"https:\/\/www.ucaldas.edu.co\/portal\/wp-json\/wp\/v2\/categories?post=54965"},{"taxonomy":"post_tag","embeddable":true,"href":"https:\/\/www.ucaldas.edu.co\/portal\/wp-json\/wp\/v2\/tags?post=54965"}],"curies":[{"name":"wp","href":"https:\/\/api.w.org\/{rel}","templated":true}]}}