{"id":54576,"date":"2020-03-06T22:35:04","date_gmt":"2020-03-06T22:35:04","guid":{"rendered":"https:\/\/www.ucaldas.edu.co\/portal\/?p=54576"},"modified":"2020-03-06T22:48:56","modified_gmt":"2020-03-06T22:48:56","slug":"en-stickers-estudiantes-de-artes-plasticas-promocionan-sus-trabajos-del-semestre","status":"publish","type":"post","link":"https:\/\/www.ucaldas.edu.co\/portal\/en-stickers-estudiantes-de-artes-plasticas-promocionan-sus-trabajos-del-semestre\/","title":{"rendered":"Con stickers, estudiantes de Artes Pl\u00e1sticas promocionan sus trabajos del semestre"},"content":{"rendered":"<p style=\"text-align: center;\">LA IDEA LA APORT\u00d3 LA ESTUDIANTE MAR\u00cdA JOS\u00c9 GIRALDO<\/p>\n<p style=\"text-align: center;\"><strong>Con stickers, estudiantes de Artes Pl\u00e1sticas promocionan sus trabajos del semestre<\/strong><\/p>\n<p style=\"text-align: right;\">06\/03\/2020<\/p>\n<p><strong><img loading=\"lazy\" decoding=\"async\" class=\"aligncenter wp-image-54577 size-full\" src=\"https:\/\/www.ucaldas.edu.co\/portal\/wp-content\/uploads\/2020\/03\/EXPOSICI\u00d3N-ARTES-compressor.png\" alt=\"\" width=\"700\" height=\"400\" srcset=\"https:\/\/www.ucaldas.edu.co\/portal\/wp-content\/uploads\/2020\/03\/EXPOSICI\u00d3N-ARTES-compressor.png 700w, https:\/\/www.ucaldas.edu.co\/portal\/wp-content\/uploads\/2020\/03\/EXPOSICI\u00d3N-ARTES-compressor-300x171.png 300w\" sizes=\"auto, (max-width: 700px) 100vw, 700px\" \/>\u00a0<\/strong><\/p>\n<p>Adem\u00e1s de exponer sus trabajos de este semestre, los estudiantes de Artes Pl\u00e1sticas de la U. de Caldas le apuestan a emprender y transformaron sus obras en stickers para venderlos durante la muestra y galer\u00eda art\u00edstica que realizan desde ayer en el Centro Cultural Universitario Rogelio Salmona.<!--more--><\/p>\n<p>Mar\u00eda Jos\u00e9 Giraldo, estudiante de segundo semestre del programa de Artes Pl\u00e1sticas, aport\u00f3 esta idea, con el fin de que las obras de sus compa\u00f1eros y de ella misma no se queden solo en la exposici\u00f3n, sino que se den a conocer de manera atractiva y generar algunos recursos.<\/p>\n<p>\u201cSe me ocurri\u00f3 hacer stickers y les gust\u00f3 la idea, entonces les ped\u00ed a todos que eligieran los cuatro mejores trabajos de cada uno, ya sean los que est\u00e1n expuestos u otros realizados durante el semestre\u201d, explic\u00f3 la universitaria.<\/p>\n<p>Agreg\u00f3 que el objetivo es continuar con la comercializaci\u00f3n de los trabajos de los estudiantes. \u201cAlgunos s\u00ed ya han emprendido con separadores de libros. A la gente le ha gustado mucho la idea, entonces podemos pensar en continuarla y son recursos para nosotros mismos\u201d, agreg\u00f3.<\/p>\n<p>La Muestra y galer\u00eda art\u00edstica, que est\u00e1 ubicada en el tercer piso del Centro Cultural Universitario Rogelio Salmona, naci\u00f3 con el objetivo de reconocer los trabajos de los estudiantes de todos los semestres de Artes Pl\u00e1sticas y que ellos aprendan a promocionar sus obras, dijo la docente Ayda Nidia Ocampo Serna. Se espera tener abierta la exposici\u00f3n durante algunos d\u00edas m\u00e1s.<\/p>\n<p><strong>\u00a0<\/strong><\/p>\n<p><strong>Informes:<\/strong> Oficina de Comunicaciones y Prensa Universidad de Caldas. Tel\u00e9fono: 8781500 Extensi\u00f3n: 12167<\/p>\n<p><strong>Redacci\u00f3n:<\/strong> Adriana Osorio Garc\u00eda<\/p>\n","protected":false},"excerpt":{"rendered":"<p>LA IDEA LA APORT\u00d3 LA ESTUDIANTE MAR\u00cdA JOS\u00c9 GIRALDO Con stickers, estudiantes de Artes Pl\u00e1sticas promocionan sus trabajos del semestre 06\/03\/2020 \u00a0 Adem\u00e1s de exponer sus trabajos de este semestre, los estudiantes de Artes Pl\u00e1sticas de la U. de Caldas le apuestan a emprender y transformaron sus obras en stickers para venderlos durante la muestra [&hellip;]<\/p>\n","protected":false},"author":2,"featured_media":54577,"comment_status":"closed","ping_status":"open","sticky":false,"template":"","format":"standard","meta":{"footnotes":"","_members_access_role":[],"_members_access_error":""},"categories":[1,48,53,664],"tags":[188,229,429,1101,4634],"class_list":["post-54576","post","type-post","status-publish","format-standard","has-post-thumbnail","hentry","category-sin-categoria","category-actualidad","category-universidad-al-dia","category-ucaldas-cultural","tag-artes","tag-exposicion","tag-emprendimiento","tag-muestra","tag-galeria"],"yoast_head":"<!-- This site is optimized with the Yoast SEO plugin v28.3 - https:\/\/yoast.com\/product\/yoast-seo-wordpress\/ -->\n<title>Con stickers, estudiantes de Artes Pl\u00e1sticas promocionan sus trabajos del semestre .<\/title>\n<meta name=\"robots\" content=\"index, follow, max-snippet:-1, max-image-preview:large, max-video-preview:-1\" \/>\n<link rel=\"canonical\" href=\"https:\/\/www.ucaldas.edu.co\/portal\/en-stickers-estudiantes-de-artes-plasticas-promocionan-sus-trabajos-del-semestre\/\" \/>\n<script type=\"application\/ld+json\" class=\"yoast-schema-graph\">{\"@context\":\"https:\\\/\\\/schema.org\",\"@graph\":[{\"@type\":\"Article\",\"@id\":\"https:\\\/\\\/www.ucaldas.edu.co\\\/portal\\\/en-stickers-estudiantes-de-artes-plasticas-promocionan-sus-trabajos-del-semestre\\\/#article\",\"isPartOf\":{\"@id\":\"https:\\\/\\\/www.ucaldas.edu.co\\\/portal\\\/en-stickers-estudiantes-de-artes-plasticas-promocionan-sus-trabajos-del-semestre\\\/\"},\"author\":{\"name\":\"ofiprensa\",\"@id\":\"https:\\\/\\\/www.ucaldas.edu.co\\\/portal\\\/#\\\/schema\\\/person\\\/a1b482e23449158b4bc319926c074fdf\"},\"headline\":\"Con stickers, estudiantes de Artes Pl\u00e1sticas promocionan sus trabajos del semestre\",\"datePublished\":\"2020-03-06T22:35:04+00:00\",\"dateModified\":\"2020-03-06T22:48:56+00:00\",\"mainEntityOfPage\":{\"@id\":\"https:\\\/\\\/www.ucaldas.edu.co\\\/portal\\\/en-stickers-estudiantes-de-artes-plasticas-promocionan-sus-trabajos-del-semestre\\\/\"},\"wordCount\":310,\"publisher\":{\"@id\":\"https:\\\/\\\/www.ucaldas.edu.co\\\/portal\\\/#organization\"},\"image\":{\"@id\":\"https:\\\/\\\/www.ucaldas.edu.co\\\/portal\\\/en-stickers-estudiantes-de-artes-plasticas-promocionan-sus-trabajos-del-semestre\\\/#primaryimage\"},\"thumbnailUrl\":\"https:\\\/\\\/www.ucaldas.edu.co\\\/portal\\\/wp-content\\\/uploads\\\/2020\\\/03\\\/EXPOSICI\u00d3N-ARTES-compressor.png\",\"keywords\":[\"artes\",\"exposici\u00f3n\",\"Emprendimiento\",\"Muestra\",\"galer\u00eda\"],\"articleSection\":{\"1\":\"Actualidad\",\"2\":\"Universidad al D\u00eda\",\"3\":\"UCaldas Cultural\"},\"inLanguage\":\"es\"},{\"@type\":\"WebPage\",\"@id\":\"https:\\\/\\\/www.ucaldas.edu.co\\\/portal\\\/en-stickers-estudiantes-de-artes-plasticas-promocionan-sus-trabajos-del-semestre\\\/\",\"url\":\"https:\\\/\\\/www.ucaldas.edu.co\\\/portal\\\/en-stickers-estudiantes-de-artes-plasticas-promocionan-sus-trabajos-del-semestre\\\/\",\"name\":\"Con stickers, estudiantes de Artes Pl\u00e1sticas promocionan sus trabajos del semestre .\",\"isPartOf\":{\"@id\":\"https:\\\/\\\/www.ucaldas.edu.co\\\/portal\\\/#website\"},\"primaryImageOfPage\":{\"@id\":\"https:\\\/\\\/www.ucaldas.edu.co\\\/portal\\\/en-stickers-estudiantes-de-artes-plasticas-promocionan-sus-trabajos-del-semestre\\\/#primaryimage\"},\"image\":{\"@id\":\"https:\\\/\\\/www.ucaldas.edu.co\\\/portal\\\/en-stickers-estudiantes-de-artes-plasticas-promocionan-sus-trabajos-del-semestre\\\/#primaryimage\"},\"thumbnailUrl\":\"https:\\\/\\\/www.ucaldas.edu.co\\\/portal\\\/wp-content\\\/uploads\\\/2020\\\/03\\\/EXPOSICI\u00d3N-ARTES-compressor.png\",\"datePublished\":\"2020-03-06T22:35:04+00:00\",\"dateModified\":\"2020-03-06T22:48:56+00:00\",\"breadcrumb\":{\"@id\":\"https:\\\/\\\/www.ucaldas.edu.co\\\/portal\\\/en-stickers-estudiantes-de-artes-plasticas-promocionan-sus-trabajos-del-semestre\\\/#breadcrumb\"},\"inLanguage\":\"es\",\"potentialAction\":[{\"@type\":\"ReadAction\",\"target\":[\"https:\\\/\\\/www.ucaldas.edu.co\\\/portal\\\/en-stickers-estudiantes-de-artes-plasticas-promocionan-sus-trabajos-del-semestre\\\/\"]}]},{\"@type\":\"ImageObject\",\"inLanguage\":\"es\",\"@id\":\"https:\\\/\\\/www.ucaldas.edu.co\\\/portal\\\/en-stickers-estudiantes-de-artes-plasticas-promocionan-sus-trabajos-del-semestre\\\/#primaryimage\",\"url\":\"https:\\\/\\\/www.ucaldas.edu.co\\\/portal\\\/wp-content\\\/uploads\\\/2020\\\/03\\\/EXPOSICI\u00d3N-ARTES-compressor.png\",\"contentUrl\":\"https:\\\/\\\/www.ucaldas.edu.co\\\/portal\\\/wp-content\\\/uploads\\\/2020\\\/03\\\/EXPOSICI\u00d3N-ARTES-compressor.png\",\"width\":700,\"height\":400},{\"@type\":\"BreadcrumbList\",\"@id\":\"https:\\\/\\\/www.ucaldas.edu.co\\\/portal\\\/en-stickers-estudiantes-de-artes-plasticas-promocionan-sus-trabajos-del-semestre\\\/#breadcrumb\",\"itemListElement\":[{\"@type\":\"ListItem\",\"position\":1,\"name\":\"Portada\",\"item\":\"https:\\\/\\\/www.ucaldas.edu.co\\\/portal\\\/\"},{\"@type\":\"ListItem\",\"position\":2,\"name\":\"Con stickers, estudiantes de Artes Pl\u00e1sticas promocionan sus trabajos del semestre\"}]},{\"@type\":\"WebSite\",\"@id\":\"https:\\\/\\\/www.ucaldas.edu.co\\\/portal\\\/#website\",\"url\":\"https:\\\/\\\/www.ucaldas.edu.co\\\/portal\\\/\",\"name\":\"Universidad de Caldas\",\"description\":\"\",\"publisher\":{\"@id\":\"https:\\\/\\\/www.ucaldas.edu.co\\\/portal\\\/#organization\"},\"alternateName\":\"U. de Caldas\",\"potentialAction\":[{\"@type\":\"SearchAction\",\"target\":{\"@type\":\"EntryPoint\",\"urlTemplate\":\"https:\\\/\\\/www.ucaldas.edu.co\\\/portal\\\/?s={search_term_string}\"},\"query-input\":{\"@type\":\"PropertyValueSpecification\",\"valueRequired\":true,\"valueName\":\"search_term_string\"}}],\"inLanguage\":\"es\"},{\"@type\":\"Organization\",\"@id\":\"https:\\\/\\\/www.ucaldas.edu.co\\\/portal\\\/#organization\",\"name\":\"Universidad de Caldas\",\"alternateName\":\"U. de Caldas\",\"url\":\"https:\\\/\\\/www.ucaldas.edu.co\\\/portal\\\/\",\"logo\":{\"@type\":\"ImageObject\",\"inLanguage\":\"es\",\"@id\":\"https:\\\/\\\/www.ucaldas.edu.co\\\/portal\\\/#\\\/schema\\\/logo\\\/image\\\/\",\"url\":\"https:\\\/\\\/www.ucaldas.edu.co\\\/portal\\\/wp-content\\\/uploads\\\/2023\\\/11\\\/Logo_horizontal_oscuroU-2023.png\",\"contentUrl\":\"https:\\\/\\\/www.ucaldas.edu.co\\\/portal\\\/wp-content\\\/uploads\\\/2023\\\/11\\\/Logo_horizontal_oscuroU-2023.png\",\"width\":263,\"height\":101,\"caption\":\"Universidad de Caldas\"},\"image\":{\"@id\":\"https:\\\/\\\/www.ucaldas.edu.co\\\/portal\\\/#\\\/schema\\\/logo\\\/image\\\/\"},\"sameAs\":[\"https:\\\/\\\/www.facebook.com\\\/udecaldas\",\"https:\\\/\\\/x.com\\\/udecaldas\",\"https:\\\/\\\/www.youtube.com\\\/universidadcaldas\",\"https:\\\/\\\/www.instagram.com\\\/udecaldas\\\/\"]},{\"@type\":\"Person\",\"@id\":\"https:\\\/\\\/www.ucaldas.edu.co\\\/portal\\\/#\\\/schema\\\/person\\\/a1b482e23449158b4bc319926c074fdf\",\"name\":\"ofiprensa\",\"image\":{\"@type\":\"ImageObject\",\"inLanguage\":\"es\",\"@id\":\"https:\\\/\\\/www.ucaldas.edu.co\\\/portal\\\/wp-content\\\/litespeed\\\/avatar\\\/09ea5085e600095a7a811142c6944527.jpg?ver=1787779368\",\"url\":\"https:\\\/\\\/www.ucaldas.edu.co\\\/portal\\\/wp-content\\\/litespeed\\\/avatar\\\/09ea5085e600095a7a811142c6944527.jpg?ver=1787779368\",\"contentUrl\":\"https:\\\/\\\/www.ucaldas.edu.co\\\/portal\\\/wp-content\\\/litespeed\\\/avatar\\\/09ea5085e600095a7a811142c6944527.jpg?ver=1787779368\",\"caption\":\"ofiprensa\"},\"url\":\"https:\\\/\\\/www.ucaldas.edu.co\\\/portal\\\/author\\\/ofiprensa\\\/\"}]}<\/script>\n<!-- \/ Yoast SEO plugin. -->","yoast_head_json":{"title":"Con stickers, estudiantes de Artes Pl\u00e1sticas promocionan sus trabajos del semestre .","robots":{"index":"index","follow":"follow","max-snippet":"max-snippet:-1","max-image-preview":"max-image-preview:large","max-video-preview":"max-video-preview:-1"},"canonical":"https:\/\/www.ucaldas.edu.co\/portal\/en-stickers-estudiantes-de-artes-plasticas-promocionan-sus-trabajos-del-semestre\/","schema":{"@context":"https:\/\/schema.org","@graph":[{"@type":"Article","@id":"https:\/\/www.ucaldas.edu.co\/portal\/en-stickers-estudiantes-de-artes-plasticas-promocionan-sus-trabajos-del-semestre\/#article","isPartOf":{"@id":"https:\/\/www.ucaldas.edu.co\/portal\/en-stickers-estudiantes-de-artes-plasticas-promocionan-sus-trabajos-del-semestre\/"},"author":{"name":"ofiprensa","@id":"https:\/\/www.ucaldas.edu.co\/portal\/#\/schema\/person\/a1b482e23449158b4bc319926c074fdf"},"headline":"Con stickers, estudiantes de Artes Pl\u00e1sticas promocionan sus trabajos del semestre","datePublished":"2020-03-06T22:35:04+00:00","dateModified":"2020-03-06T22:48:56+00:00","mainEntityOfPage":{"@id":"https:\/\/www.ucaldas.edu.co\/portal\/en-stickers-estudiantes-de-artes-plasticas-promocionan-sus-trabajos-del-semestre\/"},"wordCount":310,"publisher":{"@id":"https:\/\/www.ucaldas.edu.co\/portal\/#organization"},"image":{"@id":"https:\/\/www.ucaldas.edu.co\/portal\/en-stickers-estudiantes-de-artes-plasticas-promocionan-sus-trabajos-del-semestre\/#primaryimage"},"thumbnailUrl":"https:\/\/www.ucaldas.edu.co\/portal\/wp-content\/uploads\/2020\/03\/EXPOSICI\u00d3N-ARTES-compressor.png","keywords":["artes","exposici\u00f3n","Emprendimiento","Muestra","galer\u00eda"],"articleSection":{"1":"Actualidad","2":"Universidad al D\u00eda","3":"UCaldas Cultural"},"inLanguage":"es"},{"@type":"WebPage","@id":"https:\/\/www.ucaldas.edu.co\/portal\/en-stickers-estudiantes-de-artes-plasticas-promocionan-sus-trabajos-del-semestre\/","url":"https:\/\/www.ucaldas.edu.co\/portal\/en-stickers-estudiantes-de-artes-plasticas-promocionan-sus-trabajos-del-semestre\/","name":"Con stickers, estudiantes de Artes Pl\u00e1sticas promocionan sus trabajos del semestre .","isPartOf":{"@id":"https:\/\/www.ucaldas.edu.co\/portal\/#website"},"primaryImageOfPage":{"@id":"https:\/\/www.ucaldas.edu.co\/portal\/en-stickers-estudiantes-de-artes-plasticas-promocionan-sus-trabajos-del-semestre\/#primaryimage"},"image":{"@id":"https:\/\/www.ucaldas.edu.co\/portal\/en-stickers-estudiantes-de-artes-plasticas-promocionan-sus-trabajos-del-semestre\/#primaryimage"},"thumbnailUrl":"https:\/\/www.ucaldas.edu.co\/portal\/wp-content\/uploads\/2020\/03\/EXPOSICI\u00d3N-ARTES-compressor.png","datePublished":"2020-03-06T22:35:04+00:00","dateModified":"2020-03-06T22:48:56+00:00","breadcrumb":{"@id":"https:\/\/www.ucaldas.edu.co\/portal\/en-stickers-estudiantes-de-artes-plasticas-promocionan-sus-trabajos-del-semestre\/#breadcrumb"},"inLanguage":"es","potentialAction":[{"@type":"ReadAction","target":["https:\/\/www.ucaldas.edu.co\/portal\/en-stickers-estudiantes-de-artes-plasticas-promocionan-sus-trabajos-del-semestre\/"]}]},{"@type":"ImageObject","inLanguage":"es","@id":"https:\/\/www.ucaldas.edu.co\/portal\/en-stickers-estudiantes-de-artes-plasticas-promocionan-sus-trabajos-del-semestre\/#primaryimage","url":"https:\/\/www.ucaldas.edu.co\/portal\/wp-content\/uploads\/2020\/03\/EXPOSICI\u00d3N-ARTES-compressor.png","contentUrl":"https:\/\/www.ucaldas.edu.co\/portal\/wp-content\/uploads\/2020\/03\/EXPOSICI\u00d3N-ARTES-compressor.png","width":700,"height":400},{"@type":"BreadcrumbList","@id":"https:\/\/www.ucaldas.edu.co\/portal\/en-stickers-estudiantes-de-artes-plasticas-promocionan-sus-trabajos-del-semestre\/#breadcrumb","itemListElement":[{"@type":"ListItem","position":1,"name":"Portada","item":"https:\/\/www.ucaldas.edu.co\/portal\/"},{"@type":"ListItem","position":2,"name":"Con stickers, estudiantes de Artes Pl\u00e1sticas promocionan sus trabajos del semestre"}]},{"@type":"WebSite","@id":"https:\/\/www.ucaldas.edu.co\/portal\/#website","url":"https:\/\/www.ucaldas.edu.co\/portal\/","name":"Universidad de Caldas","description":"","publisher":{"@id":"https:\/\/www.ucaldas.edu.co\/portal\/#organization"},"alternateName":"U. de Caldas","potentialAction":[{"@type":"SearchAction","target":{"@type":"EntryPoint","urlTemplate":"https:\/\/www.ucaldas.edu.co\/portal\/?s={search_term_string}"},"query-input":{"@type":"PropertyValueSpecification","valueRequired":true,"valueName":"search_term_string"}}],"inLanguage":"es"},{"@type":"Organization","@id":"https:\/\/www.ucaldas.edu.co\/portal\/#organization","name":"Universidad de Caldas","alternateName":"U. de Caldas","url":"https:\/\/www.ucaldas.edu.co\/portal\/","logo":{"@type":"ImageObject","inLanguage":"es","@id":"https:\/\/www.ucaldas.edu.co\/portal\/#\/schema\/logo\/image\/","url":"https:\/\/www.ucaldas.edu.co\/portal\/wp-content\/uploads\/2023\/11\/Logo_horizontal_oscuroU-2023.png","contentUrl":"https:\/\/www.ucaldas.edu.co\/portal\/wp-content\/uploads\/2023\/11\/Logo_horizontal_oscuroU-2023.png","width":263,"height":101,"caption":"Universidad de Caldas"},"image":{"@id":"https:\/\/www.ucaldas.edu.co\/portal\/#\/schema\/logo\/image\/"},"sameAs":["https:\/\/www.facebook.com\/udecaldas","https:\/\/x.com\/udecaldas","https:\/\/www.youtube.com\/universidadcaldas","https:\/\/www.instagram.com\/udecaldas\/"]},{"@type":"Person","@id":"https:\/\/www.ucaldas.edu.co\/portal\/#\/schema\/person\/a1b482e23449158b4bc319926c074fdf","name":"ofiprensa","image":{"@type":"ImageObject","inLanguage":"es","@id":"https:\/\/www.ucaldas.edu.co\/portal\/wp-content\/litespeed\/avatar\/09ea5085e600095a7a811142c6944527.jpg?ver=1787779368","url":"https:\/\/www.ucaldas.edu.co\/portal\/wp-content\/litespeed\/avatar\/09ea5085e600095a7a811142c6944527.jpg?ver=1787779368","contentUrl":"https:\/\/www.ucaldas.edu.co\/portal\/wp-content\/litespeed\/avatar\/09ea5085e600095a7a811142c6944527.jpg?ver=1787779368","caption":"ofiprensa"},"url":"https:\/\/www.ucaldas.edu.co\/portal\/author\/ofiprensa\/"}]}},"_links":{"self":[{"href":"https:\/\/www.ucaldas.edu.co\/portal\/wp-json\/wp\/v2\/posts\/54576","targetHints":{"allow":["GET"]}}],"collection":[{"href":"https:\/\/www.ucaldas.edu.co\/portal\/wp-json\/wp\/v2\/posts"}],"about":[{"href":"https:\/\/www.ucaldas.edu.co\/portal\/wp-json\/wp\/v2\/types\/post"}],"author":[{"embeddable":true,"href":"https:\/\/www.ucaldas.edu.co\/portal\/wp-json\/wp\/v2\/users\/2"}],"replies":[{"embeddable":true,"href":"https:\/\/www.ucaldas.edu.co\/portal\/wp-json\/wp\/v2\/comments?post=54576"}],"version-history":[{"count":0,"href":"https:\/\/www.ucaldas.edu.co\/portal\/wp-json\/wp\/v2\/posts\/54576\/revisions"}],"wp:featuredmedia":[{"embeddable":true,"href":"https:\/\/www.ucaldas.edu.co\/portal\/wp-json\/wp\/v2\/media\/54577"}],"wp:attachment":[{"href":"https:\/\/www.ucaldas.edu.co\/portal\/wp-json\/wp\/v2\/media?parent=54576"}],"wp:term":[{"taxonomy":"category","embeddable":true,"href":"https:\/\/www.ucaldas.edu.co\/portal\/wp-json\/wp\/v2\/categories?post=54576"},{"taxonomy":"post_tag","embeddable":true,"href":"https:\/\/www.ucaldas.edu.co\/portal\/wp-json\/wp\/v2\/tags?post=54576"}],"curies":[{"name":"wp","href":"https:\/\/api.w.org\/{rel}","templated":true}]}}