{"id":54560,"date":"2020-03-05T22:50:47","date_gmt":"2020-03-05T22:50:47","guid":{"rendered":"https:\/\/www.ucaldas.edu.co\/portal\/?p=54560"},"modified":"2020-03-05T22:51:33","modified_gmt":"2020-03-05T22:51:33","slug":"el-consultorio-juridico-de-la-u-de-caldas-abre-convocatoria-para-elegir-asistentes-docentes-en-dos-areas","status":"publish","type":"post","link":"https:\/\/www.ucaldas.edu.co\/portal\/el-consultorio-juridico-de-la-u-de-caldas-abre-convocatoria-para-elegir-asistentes-docentes-en-dos-areas\/","title":{"rendered":"El Consultorio Jur\u00eddico de la U. de Caldas abre convocatoria para elegir asistentes docentes en dos \u00e1reas"},"content":{"rendered":"<p style=\"text-align: center;\">LAS INSCRIPCIONES SON EL VIERNES 6 DE MARZO Y EL LUNES 9 DE MARZO<\/p>\n<p style=\"text-align: center;\"><strong>El Consultorio Jur\u00eddico de la U. de Caldas abre convocatoria para elegir asistentes docentes en dos \u00e1reas<\/strong><\/p>\n<p style=\"text-align: right;\">05\/03\/2020<\/p>\n<p><img loading=\"lazy\" decoding=\"async\" class=\"aligncenter wp-image-54561 size-full\" src=\"https:\/\/www.ucaldas.edu.co\/portal\/wp-content\/uploads\/2020\/03\/CONSULTORIO-JURIDICO-compressor.png\" alt=\"\" width=\"700\" height=\"400\" srcset=\"https:\/\/www.ucaldas.edu.co\/portal\/wp-content\/uploads\/2020\/03\/CONSULTORIO-JURIDICO-compressor.png 700w, https:\/\/www.ucaldas.edu.co\/portal\/wp-content\/uploads\/2020\/03\/CONSULTORIO-JURIDICO-compressor-300x171.png 300w\" sizes=\"auto, (max-width: 700px) 100vw, 700px\" \/><\/p>\n<p>Desde este viernes 6 de marzo hasta el lunes 9 de marzo se deben inscribir los aspirantes para ser asistentes de docentes de las \u00e1reas de Derecho Penal y Privado.<!--more--><\/p>\n<p>La convocatoria est\u00e1 dirigida a los egresados no graduados del programa de Derecho de la Facultad de Ciencias jur\u00eddicas y Sociales, para realizar la pr\u00e1ctica jur\u00eddica en el Consultorio y en el Centro de Conciliaci\u00f3n Fanny Gonz\u00e1lez Franco, con el fin de cumplir con el requisito de la judicatura por el tiempo y durante el horario que determine la ley o los reglamentos de la Universidad.<\/p>\n<p>Adem\u00e1s de ser egresado no graduado, los aspirantes deben cumplir con los siguientes requisitos:<\/p>\n<ul>\n<li>Tener licencia temporal de abogado vigente durante la permanencia en el cargo.<\/li>\n<li>Acreditar la calidad de Conciliador.<\/li>\n<li>Haber participado en el proceso de selecci\u00f3n o concurso, de conformidad con las normas legales establecidas por la Universidad.<\/li>\n<li>No haber sido sancionado por faltas disciplinarias dentro de la Universidad o fuera de ella.<\/li>\n<li>Los dem\u00e1s requisitos que establezcan la ley, los estatutos y los reglamentos de la Universidad.<\/li>\n<\/ul>\n<p><strong>Proceso de selecci\u00f3n<\/strong><strong>\u00a0<\/strong><\/p>\n<p>El acuerdo establece que los asistentes docentes del Consultorio Jur\u00eddico de la Universidad de Caldas ser\u00e1n designados mediante concurso de m\u00e9ritos, conforme al siguiente procedimiento:<\/p>\n<p>Los documentos deben ser entregados de manera personal o con escrito de autorizaci\u00f3n a tercera persona o por correo certificado en sobre cerrado. Se rechazar\u00e1n las solicitudes que no respondan correctamente a los requerimientos.<\/p>\n<ul>\n<li>Inscripciones: Del 6 al 9 de marzo del 2020, de 8:00 a 11:00 a.m. y de 2:00 a 5:00 p.m.<\/li>\n<li>Publicaci\u00f3n de listado de admitidos y no admitidos: 10 de marzo, a las 2:00 p.m. en la Recepci\u00f3n y en la entrada del Consultorio Jur\u00eddico.<\/li>\n<li>Reclamaciones a lista de admitidos y no admitidos: 11 de marzo hasta las 5:00 p.m. en la secretar\u00eda del Consultorio Jur\u00eddico.<\/li>\n<li>Respuesta a las reclamaciones: 12 de marzo, a las 5:00 p.m. en la Direcci\u00f3n del Consultorio Jur\u00eddico<\/li>\n<li>Pruebas de Conocimiento: 13 de marzo, a las 9:00 a.m. en el Consultorio Jur\u00eddico<\/li>\n<li>Sustentaci\u00f3n plan de trabajo: 13 de marzo, a las 10:00 a.m.<\/li>\n<li>Publicaci\u00f3n de resultados de pruebas: 17 de marzo, a las 5:00 p.m. en la Recepci\u00f3n del Consultorio Jur\u00eddico<\/li>\n<li>Presentaci\u00f3n de reclamaciones: 18 de marzo, de 8:00 a 11:00 a.m. y de 2:00 a 5:00 p.m. en la Secretar\u00eda del Consultorio Jur\u00eddico.<\/li>\n<li>Respuesta a reclamaciones: 19 de marzo, a las 11:00 a.m. en la Direcci\u00f3n del Consultorio Jur\u00eddico.<\/li>\n<\/ul>\n<p><a href=\"https:\/\/www.ucaldas.edu.co\/portal\/wp-content\/uploads\/2020\/03\/CONVOCATORIA-PENAL-Y-PRIVADO-2020.pdf\">Consulte aqu\u00ed el documento completo de la convocatoria<\/a><\/p>\n<p>&nbsp;<\/p>\n<p><strong>Informes:<\/strong> Oficina de Comunicaciones y Prensa Universidad de Caldas. Tel\u00e9fono: 8781500 Extensi\u00f3n: 12167<\/p>\n<p><strong>Redacci\u00f3n:<\/strong> Adriana Osorio Garc\u00eda<\/p>\n","protected":false},"excerpt":{"rendered":"<p>LAS INSCRIPCIONES SON EL VIERNES 6 DE MARZO Y EL LUNES 9 DE MARZO El Consultorio Jur\u00eddico de la U. de Caldas abre convocatoria para elegir asistentes docentes en dos \u00e1reas 05\/03\/2020 Desde este viernes 6 de marzo hasta el lunes 9 de marzo se deben inscribir los aspirantes para ser asistentes de docentes de [&hellip;]<\/p>\n","protected":false},"author":2,"featured_media":54561,"comment_status":"closed","ping_status":"open","sticky":false,"template":"","format":"standard","meta":{"footnotes":""},"categories":[48,53,624],"tags":[149,1322,4377,4639],"class_list":["post-54560","post","type-post","status-publish","format-standard","has-post-thumbnail","hentry","category-actualidad","category-universidad-al-dia","category-ucaldas-activa","tag-derecho","tag-practica","tag-consultorio","tag-judicantes"],"yoast_head":"<!-- This site is optimized with the Yoast SEO plugin v27.5 - https:\/\/yoast.com\/product\/yoast-seo-wordpress\/ -->\n<title>El Consultorio Jur\u00eddico de la U. de Caldas abre convocatoria para elegir asistentes docentes en dos \u00e1reas .<\/title>\n<meta name=\"robots\" content=\"index, follow, max-snippet:-1, max-image-preview:large, max-video-preview:-1\" \/>\n<link rel=\"canonical\" href=\"https:\/\/www.ucaldas.edu.co\/portal\/el-consultorio-juridico-de-la-u-de-caldas-abre-convocatoria-para-elegir-asistentes-docentes-en-dos-areas\/\" \/>\n<script type=\"application\/ld+json\" class=\"yoast-schema-graph\">{\"@context\":\"https:\\\/\\\/schema.org\",\"@graph\":[{\"@type\":\"Article\",\"@id\":\"https:\\\/\\\/www.ucaldas.edu.co\\\/portal\\\/el-consultorio-juridico-de-la-u-de-caldas-abre-convocatoria-para-elegir-asistentes-docentes-en-dos-areas\\\/#article\",\"isPartOf\":{\"@id\":\"https:\\\/\\\/www.ucaldas.edu.co\\\/portal\\\/el-consultorio-juridico-de-la-u-de-caldas-abre-convocatoria-para-elegir-asistentes-docentes-en-dos-areas\\\/\"},\"author\":{\"name\":\"ofiprensa\",\"@id\":\"https:\\\/\\\/www.ucaldas.edu.co\\\/portal\\\/#\\\/schema\\\/person\\\/a1b482e23449158b4bc319926c074fdf\"},\"headline\":\"El Consultorio Jur\u00eddico de la U. de Caldas abre convocatoria para elegir asistentes docentes en dos \u00e1reas\",\"datePublished\":\"2020-03-05T22:50:47+00:00\",\"dateModified\":\"2020-03-05T22:51:33+00:00\",\"mainEntityOfPage\":{\"@id\":\"https:\\\/\\\/www.ucaldas.edu.co\\\/portal\\\/el-consultorio-juridico-de-la-u-de-caldas-abre-convocatoria-para-elegir-asistentes-docentes-en-dos-areas\\\/\"},\"wordCount\":493,\"publisher\":{\"@id\":\"https:\\\/\\\/www.ucaldas.edu.co\\\/portal\\\/#organization\"},\"image\":{\"@id\":\"https:\\\/\\\/www.ucaldas.edu.co\\\/portal\\\/el-consultorio-juridico-de-la-u-de-caldas-abre-convocatoria-para-elegir-asistentes-docentes-en-dos-areas\\\/#primaryimage\"},\"thumbnailUrl\":\"https:\\\/\\\/www.ucaldas.edu.co\\\/portal\\\/wp-content\\\/uploads\\\/2020\\\/03\\\/CONSULTORIO-JURIDICO-compressor.png\",\"keywords\":[\"derecho\",\"pr\u00e1ctica\",\"consultorio\",\"judicantes\"],\"articleSection\":[\"Actualidad\",\"Universidad al D\u00eda\",\"UCaldas Activa\"],\"inLanguage\":\"es\"},{\"@type\":\"WebPage\",\"@id\":\"https:\\\/\\\/www.ucaldas.edu.co\\\/portal\\\/el-consultorio-juridico-de-la-u-de-caldas-abre-convocatoria-para-elegir-asistentes-docentes-en-dos-areas\\\/\",\"url\":\"https:\\\/\\\/www.ucaldas.edu.co\\\/portal\\\/el-consultorio-juridico-de-la-u-de-caldas-abre-convocatoria-para-elegir-asistentes-docentes-en-dos-areas\\\/\",\"name\":\"El Consultorio Jur\u00eddico de la U. de Caldas abre convocatoria para elegir asistentes docentes en dos \u00e1reas .\",\"isPartOf\":{\"@id\":\"https:\\\/\\\/www.ucaldas.edu.co\\\/portal\\\/#website\"},\"primaryImageOfPage\":{\"@id\":\"https:\\\/\\\/www.ucaldas.edu.co\\\/portal\\\/el-consultorio-juridico-de-la-u-de-caldas-abre-convocatoria-para-elegir-asistentes-docentes-en-dos-areas\\\/#primaryimage\"},\"image\":{\"@id\":\"https:\\\/\\\/www.ucaldas.edu.co\\\/portal\\\/el-consultorio-juridico-de-la-u-de-caldas-abre-convocatoria-para-elegir-asistentes-docentes-en-dos-areas\\\/#primaryimage\"},\"thumbnailUrl\":\"https:\\\/\\\/www.ucaldas.edu.co\\\/portal\\\/wp-content\\\/uploads\\\/2020\\\/03\\\/CONSULTORIO-JURIDICO-compressor.png\",\"datePublished\":\"2020-03-05T22:50:47+00:00\",\"dateModified\":\"2020-03-05T22:51:33+00:00\",\"breadcrumb\":{\"@id\":\"https:\\\/\\\/www.ucaldas.edu.co\\\/portal\\\/el-consultorio-juridico-de-la-u-de-caldas-abre-convocatoria-para-elegir-asistentes-docentes-en-dos-areas\\\/#breadcrumb\"},\"inLanguage\":\"es\",\"potentialAction\":[{\"@type\":\"ReadAction\",\"target\":[\"https:\\\/\\\/www.ucaldas.edu.co\\\/portal\\\/el-consultorio-juridico-de-la-u-de-caldas-abre-convocatoria-para-elegir-asistentes-docentes-en-dos-areas\\\/\"]}]},{\"@type\":\"ImageObject\",\"inLanguage\":\"es\",\"@id\":\"https:\\\/\\\/www.ucaldas.edu.co\\\/portal\\\/el-consultorio-juridico-de-la-u-de-caldas-abre-convocatoria-para-elegir-asistentes-docentes-en-dos-areas\\\/#primaryimage\",\"url\":\"https:\\\/\\\/www.ucaldas.edu.co\\\/portal\\\/wp-content\\\/uploads\\\/2020\\\/03\\\/CONSULTORIO-JURIDICO-compressor.png\",\"contentUrl\":\"https:\\\/\\\/www.ucaldas.edu.co\\\/portal\\\/wp-content\\\/uploads\\\/2020\\\/03\\\/CONSULTORIO-JURIDICO-compressor.png\",\"width\":700,\"height\":400},{\"@type\":\"BreadcrumbList\",\"@id\":\"https:\\\/\\\/www.ucaldas.edu.co\\\/portal\\\/el-consultorio-juridico-de-la-u-de-caldas-abre-convocatoria-para-elegir-asistentes-docentes-en-dos-areas\\\/#breadcrumb\",\"itemListElement\":[{\"@type\":\"ListItem\",\"position\":1,\"name\":\"Portada\",\"item\":\"https:\\\/\\\/www.ucaldas.edu.co\\\/portal\\\/\"},{\"@type\":\"ListItem\",\"position\":2,\"name\":\"El Consultorio Jur\u00eddico de la U. de Caldas abre convocatoria para elegir asistentes docentes en dos \u00e1reas\"}]},{\"@type\":\"WebSite\",\"@id\":\"https:\\\/\\\/www.ucaldas.edu.co\\\/portal\\\/#website\",\"url\":\"https:\\\/\\\/www.ucaldas.edu.co\\\/portal\\\/\",\"name\":\"Universidad de Caldas\",\"description\":\"\",\"publisher\":{\"@id\":\"https:\\\/\\\/www.ucaldas.edu.co\\\/portal\\\/#organization\"},\"alternateName\":\"U. de Caldas\",\"potentialAction\":[{\"@type\":\"SearchAction\",\"target\":{\"@type\":\"EntryPoint\",\"urlTemplate\":\"https:\\\/\\\/www.ucaldas.edu.co\\\/portal\\\/?s={search_term_string}\"},\"query-input\":{\"@type\":\"PropertyValueSpecification\",\"valueRequired\":true,\"valueName\":\"search_term_string\"}}],\"inLanguage\":\"es\"},{\"@type\":\"Organization\",\"@id\":\"https:\\\/\\\/www.ucaldas.edu.co\\\/portal\\\/#organization\",\"name\":\"Universidad de Caldas\",\"alternateName\":\"U. de Caldas\",\"url\":\"https:\\\/\\\/www.ucaldas.edu.co\\\/portal\\\/\",\"logo\":{\"@type\":\"ImageObject\",\"inLanguage\":\"es\",\"@id\":\"https:\\\/\\\/www.ucaldas.edu.co\\\/portal\\\/#\\\/schema\\\/logo\\\/image\\\/\",\"url\":\"https:\\\/\\\/www.ucaldas.edu.co\\\/portal\\\/wp-content\\\/uploads\\\/2023\\\/11\\\/Logo_horizontal_oscuroU-2023.png\",\"contentUrl\":\"https:\\\/\\\/www.ucaldas.edu.co\\\/portal\\\/wp-content\\\/uploads\\\/2023\\\/11\\\/Logo_horizontal_oscuroU-2023.png\",\"width\":263,\"height\":101,\"caption\":\"Universidad de Caldas\"},\"image\":{\"@id\":\"https:\\\/\\\/www.ucaldas.edu.co\\\/portal\\\/#\\\/schema\\\/logo\\\/image\\\/\"},\"sameAs\":[\"https:\\\/\\\/www.facebook.com\\\/udecaldas\",\"https:\\\/\\\/x.com\\\/udecaldas\",\"https:\\\/\\\/www.youtube.com\\\/universidadcaldas\",\"https:\\\/\\\/www.instagram.com\\\/udecaldas\\\/\"]},{\"@type\":\"Person\",\"@id\":\"https:\\\/\\\/www.ucaldas.edu.co\\\/portal\\\/#\\\/schema\\\/person\\\/a1b482e23449158b4bc319926c074fdf\",\"name\":\"ofiprensa\",\"image\":{\"@type\":\"ImageObject\",\"inLanguage\":\"es\",\"@id\":\"https:\\\/\\\/www.ucaldas.edu.co\\\/portal\\\/wp-content\\\/litespeed\\\/avatar\\\/09ea5085e600095a7a811142c6944527.jpg?ver=1777497608\",\"url\":\"https:\\\/\\\/www.ucaldas.edu.co\\\/portal\\\/wp-content\\\/litespeed\\\/avatar\\\/09ea5085e600095a7a811142c6944527.jpg?ver=1777497608\",\"contentUrl\":\"https:\\\/\\\/www.ucaldas.edu.co\\\/portal\\\/wp-content\\\/litespeed\\\/avatar\\\/09ea5085e600095a7a811142c6944527.jpg?ver=1777497608\",\"caption\":\"ofiprensa\"},\"url\":\"https:\\\/\\\/www.ucaldas.edu.co\\\/portal\\\/author\\\/ofiprensa\\\/\"}]}<\/script>\n<!-- \/ Yoast SEO plugin. -->","yoast_head_json":{"title":"El Consultorio Jur\u00eddico de la U. de Caldas abre convocatoria para elegir asistentes docentes en dos \u00e1reas .","robots":{"index":"index","follow":"follow","max-snippet":"max-snippet:-1","max-image-preview":"max-image-preview:large","max-video-preview":"max-video-preview:-1"},"canonical":"https:\/\/www.ucaldas.edu.co\/portal\/el-consultorio-juridico-de-la-u-de-caldas-abre-convocatoria-para-elegir-asistentes-docentes-en-dos-areas\/","schema":{"@context":"https:\/\/schema.org","@graph":[{"@type":"Article","@id":"https:\/\/www.ucaldas.edu.co\/portal\/el-consultorio-juridico-de-la-u-de-caldas-abre-convocatoria-para-elegir-asistentes-docentes-en-dos-areas\/#article","isPartOf":{"@id":"https:\/\/www.ucaldas.edu.co\/portal\/el-consultorio-juridico-de-la-u-de-caldas-abre-convocatoria-para-elegir-asistentes-docentes-en-dos-areas\/"},"author":{"name":"ofiprensa","@id":"https:\/\/www.ucaldas.edu.co\/portal\/#\/schema\/person\/a1b482e23449158b4bc319926c074fdf"},"headline":"El Consultorio Jur\u00eddico de la U. de Caldas abre convocatoria para elegir asistentes docentes en dos \u00e1reas","datePublished":"2020-03-05T22:50:47+00:00","dateModified":"2020-03-05T22:51:33+00:00","mainEntityOfPage":{"@id":"https:\/\/www.ucaldas.edu.co\/portal\/el-consultorio-juridico-de-la-u-de-caldas-abre-convocatoria-para-elegir-asistentes-docentes-en-dos-areas\/"},"wordCount":493,"publisher":{"@id":"https:\/\/www.ucaldas.edu.co\/portal\/#organization"},"image":{"@id":"https:\/\/www.ucaldas.edu.co\/portal\/el-consultorio-juridico-de-la-u-de-caldas-abre-convocatoria-para-elegir-asistentes-docentes-en-dos-areas\/#primaryimage"},"thumbnailUrl":"https:\/\/www.ucaldas.edu.co\/portal\/wp-content\/uploads\/2020\/03\/CONSULTORIO-JURIDICO-compressor.png","keywords":["derecho","pr\u00e1ctica","consultorio","judicantes"],"articleSection":["Actualidad","Universidad al D\u00eda","UCaldas Activa"],"inLanguage":"es"},{"@type":"WebPage","@id":"https:\/\/www.ucaldas.edu.co\/portal\/el-consultorio-juridico-de-la-u-de-caldas-abre-convocatoria-para-elegir-asistentes-docentes-en-dos-areas\/","url":"https:\/\/www.ucaldas.edu.co\/portal\/el-consultorio-juridico-de-la-u-de-caldas-abre-convocatoria-para-elegir-asistentes-docentes-en-dos-areas\/","name":"El Consultorio Jur\u00eddico de la U. de Caldas abre convocatoria para elegir asistentes docentes en dos \u00e1reas .","isPartOf":{"@id":"https:\/\/www.ucaldas.edu.co\/portal\/#website"},"primaryImageOfPage":{"@id":"https:\/\/www.ucaldas.edu.co\/portal\/el-consultorio-juridico-de-la-u-de-caldas-abre-convocatoria-para-elegir-asistentes-docentes-en-dos-areas\/#primaryimage"},"image":{"@id":"https:\/\/www.ucaldas.edu.co\/portal\/el-consultorio-juridico-de-la-u-de-caldas-abre-convocatoria-para-elegir-asistentes-docentes-en-dos-areas\/#primaryimage"},"thumbnailUrl":"https:\/\/www.ucaldas.edu.co\/portal\/wp-content\/uploads\/2020\/03\/CONSULTORIO-JURIDICO-compressor.png","datePublished":"2020-03-05T22:50:47+00:00","dateModified":"2020-03-05T22:51:33+00:00","breadcrumb":{"@id":"https:\/\/www.ucaldas.edu.co\/portal\/el-consultorio-juridico-de-la-u-de-caldas-abre-convocatoria-para-elegir-asistentes-docentes-en-dos-areas\/#breadcrumb"},"inLanguage":"es","potentialAction":[{"@type":"ReadAction","target":["https:\/\/www.ucaldas.edu.co\/portal\/el-consultorio-juridico-de-la-u-de-caldas-abre-convocatoria-para-elegir-asistentes-docentes-en-dos-areas\/"]}]},{"@type":"ImageObject","inLanguage":"es","@id":"https:\/\/www.ucaldas.edu.co\/portal\/el-consultorio-juridico-de-la-u-de-caldas-abre-convocatoria-para-elegir-asistentes-docentes-en-dos-areas\/#primaryimage","url":"https:\/\/www.ucaldas.edu.co\/portal\/wp-content\/uploads\/2020\/03\/CONSULTORIO-JURIDICO-compressor.png","contentUrl":"https:\/\/www.ucaldas.edu.co\/portal\/wp-content\/uploads\/2020\/03\/CONSULTORIO-JURIDICO-compressor.png","width":700,"height":400},{"@type":"BreadcrumbList","@id":"https:\/\/www.ucaldas.edu.co\/portal\/el-consultorio-juridico-de-la-u-de-caldas-abre-convocatoria-para-elegir-asistentes-docentes-en-dos-areas\/#breadcrumb","itemListElement":[{"@type":"ListItem","position":1,"name":"Portada","item":"https:\/\/www.ucaldas.edu.co\/portal\/"},{"@type":"ListItem","position":2,"name":"El Consultorio Jur\u00eddico de la U. de Caldas abre convocatoria para elegir asistentes docentes en dos \u00e1reas"}]},{"@type":"WebSite","@id":"https:\/\/www.ucaldas.edu.co\/portal\/#website","url":"https:\/\/www.ucaldas.edu.co\/portal\/","name":"Universidad de Caldas","description":"","publisher":{"@id":"https:\/\/www.ucaldas.edu.co\/portal\/#organization"},"alternateName":"U. de Caldas","potentialAction":[{"@type":"SearchAction","target":{"@type":"EntryPoint","urlTemplate":"https:\/\/www.ucaldas.edu.co\/portal\/?s={search_term_string}"},"query-input":{"@type":"PropertyValueSpecification","valueRequired":true,"valueName":"search_term_string"}}],"inLanguage":"es"},{"@type":"Organization","@id":"https:\/\/www.ucaldas.edu.co\/portal\/#organization","name":"Universidad de Caldas","alternateName":"U. de Caldas","url":"https:\/\/www.ucaldas.edu.co\/portal\/","logo":{"@type":"ImageObject","inLanguage":"es","@id":"https:\/\/www.ucaldas.edu.co\/portal\/#\/schema\/logo\/image\/","url":"https:\/\/www.ucaldas.edu.co\/portal\/wp-content\/uploads\/2023\/11\/Logo_horizontal_oscuroU-2023.png","contentUrl":"https:\/\/www.ucaldas.edu.co\/portal\/wp-content\/uploads\/2023\/11\/Logo_horizontal_oscuroU-2023.png","width":263,"height":101,"caption":"Universidad de Caldas"},"image":{"@id":"https:\/\/www.ucaldas.edu.co\/portal\/#\/schema\/logo\/image\/"},"sameAs":["https:\/\/www.facebook.com\/udecaldas","https:\/\/x.com\/udecaldas","https:\/\/www.youtube.com\/universidadcaldas","https:\/\/www.instagram.com\/udecaldas\/"]},{"@type":"Person","@id":"https:\/\/www.ucaldas.edu.co\/portal\/#\/schema\/person\/a1b482e23449158b4bc319926c074fdf","name":"ofiprensa","image":{"@type":"ImageObject","inLanguage":"es","@id":"https:\/\/www.ucaldas.edu.co\/portal\/wp-content\/litespeed\/avatar\/09ea5085e600095a7a811142c6944527.jpg?ver=1777497608","url":"https:\/\/www.ucaldas.edu.co\/portal\/wp-content\/litespeed\/avatar\/09ea5085e600095a7a811142c6944527.jpg?ver=1777497608","contentUrl":"https:\/\/www.ucaldas.edu.co\/portal\/wp-content\/litespeed\/avatar\/09ea5085e600095a7a811142c6944527.jpg?ver=1777497608","caption":"ofiprensa"},"url":"https:\/\/www.ucaldas.edu.co\/portal\/author\/ofiprensa\/"}]}},"_links":{"self":[{"href":"https:\/\/www.ucaldas.edu.co\/portal\/wp-json\/wp\/v2\/posts\/54560","targetHints":{"allow":["GET"]}}],"collection":[{"href":"https:\/\/www.ucaldas.edu.co\/portal\/wp-json\/wp\/v2\/posts"}],"about":[{"href":"https:\/\/www.ucaldas.edu.co\/portal\/wp-json\/wp\/v2\/types\/post"}],"author":[{"embeddable":true,"href":"https:\/\/www.ucaldas.edu.co\/portal\/wp-json\/wp\/v2\/users\/2"}],"replies":[{"embeddable":true,"href":"https:\/\/www.ucaldas.edu.co\/portal\/wp-json\/wp\/v2\/comments?post=54560"}],"version-history":[{"count":0,"href":"https:\/\/www.ucaldas.edu.co\/portal\/wp-json\/wp\/v2\/posts\/54560\/revisions"}],"wp:featuredmedia":[{"embeddable":true,"href":"https:\/\/www.ucaldas.edu.co\/portal\/wp-json\/wp\/v2\/media\/54561"}],"wp:attachment":[{"href":"https:\/\/www.ucaldas.edu.co\/portal\/wp-json\/wp\/v2\/media?parent=54560"}],"wp:term":[{"taxonomy":"category","embeddable":true,"href":"https:\/\/www.ucaldas.edu.co\/portal\/wp-json\/wp\/v2\/categories?post=54560"},{"taxonomy":"post_tag","embeddable":true,"href":"https:\/\/www.ucaldas.edu.co\/portal\/wp-json\/wp\/v2\/tags?post=54560"}],"curies":[{"name":"wp","href":"https:\/\/api.w.org\/{rel}","templated":true}]}}