{"id":54416,"date":"2020-02-28T22:30:51","date_gmt":"2020-02-28T22:30:51","guid":{"rendered":"https:\/\/www.ucaldas.edu.co\/portal\/?p=54416"},"modified":"2020-02-28T22:31:14","modified_gmt":"2020-02-28T22:31:14","slug":"catedra-virginia-gutierrez-de-pineda-realizara-su-primera-sesion-del-2020","status":"publish","type":"post","link":"https:\/\/www.ucaldas.edu.co\/portal\/catedra-virginia-gutierrez-de-pineda-realizara-su-primera-sesion-del-2020\/","title":{"rendered":"C\u00e1tedra Virginia Guti\u00e9rrez de Pineda realizar\u00e1 su primera sesi\u00f3n del 2020"},"content":{"rendered":"<p style=\"text-align: center;\">DE LA MAESTR\u00cdA EN CIENCIAS SOCIALES DE LA U. DE CALDAS<\/p>\n<p style=\"text-align: center;\"><strong>C\u00e1tedra Virginia Guti\u00e9rrez de Pineda realizar\u00e1 su primera sesi\u00f3n del 2020<\/strong><\/p>\n<p style=\"text-align: right;\">28\/02\/2020<\/p>\n<p><img loading=\"lazy\" decoding=\"async\" class=\"aligncenter wp-image-54417 size-full\" src=\"https:\/\/www.ucaldas.edu.co\/portal\/wp-content\/uploads\/2020\/02\/CATEDRA-CIENCIAS-SOCIALES-compressor.png\" alt=\"\" width=\"700\" height=\"400\" srcset=\"https:\/\/www.ucaldas.edu.co\/portal\/wp-content\/uploads\/2020\/02\/CATEDRA-CIENCIAS-SOCIALES-compressor.png 700w, https:\/\/www.ucaldas.edu.co\/portal\/wp-content\/uploads\/2020\/02\/CATEDRA-CIENCIAS-SOCIALES-compressor-300x171.png 300w\" sizes=\"auto, (max-width: 700px) 100vw, 700px\" \/><\/p>\n<p>\u201cLas guardias ind\u00edgenas\u201d ser\u00e1 el enfoque de la primera sesi\u00f3n de la C\u00e1tedra Virginia Guti\u00e9rrez de Pineda, de la Maestr\u00eda en Ciencias Sociales. El encuentro ser\u00e1 el pr\u00f3ximo viernes 6 de marzo, a las 2:00 de la tarde, en el auditorio del Centro de Museos, campus Palogrande de la U. de Caldas.<!--more--><\/p>\n<p>En esta ocasi\u00f3n el invitado ser\u00e1 Axel Rojas, docente de la Universidad del Cauca, mag\u00edster en Estudios Culturales de la Pontificia Universidad Javeriana de Cali. Ha escrito cerca de 10 libros y art\u00edculos sobre estudios afrocolombianos, antropolog\u00eda cultural y antropolog\u00eda hist\u00f3rica, en los que aborda temas como identidad, interculturalidad, multiculturalidad y etnoeducaci\u00f3n.<\/p>\n<p>La entrada a la c\u00e1tedra es sin costo, pero los cupos son limitados. Para m\u00e1s informaci\u00f3n, los interesados pueden escribir al correo <u><a href=\"mailto:maciso@ucaldas.edu.co\">maciso@ucaldas.edu.co<\/a><\/u> o llamar al tel\u00e9fono 8862720, extensi\u00f3n 22108.<\/p>\n<p>&nbsp;<\/p>\n<p><strong>Informes:<\/strong> Oficina de Comunicaciones y Prensa Universidad de Caldas. Tel\u00e9fono: 8781500 Extensi\u00f3n: 12167<\/p>\n<p><strong>Redacci\u00f3n:<\/strong> Adriana Osorio Garc\u00eda<\/p>\n","protected":false},"excerpt":{"rendered":"<p>DE LA MAESTR\u00cdA EN CIENCIAS SOCIALES DE LA U. DE CALDAS C\u00e1tedra Virginia Guti\u00e9rrez de Pineda realizar\u00e1 su primera sesi\u00f3n del 2020 28\/02\/2020 \u201cLas guardias ind\u00edgenas\u201d ser\u00e1 el enfoque de la primera sesi\u00f3n de la C\u00e1tedra Virginia Guti\u00e9rrez de Pineda, de la Maestr\u00eda en Ciencias Sociales. El encuentro ser\u00e1 el pr\u00f3ximo viernes 6 de marzo, [&hellip;]<\/p>\n","protected":false},"author":2,"featured_media":54417,"comment_status":"closed","ping_status":"open","sticky":false,"template":"","format":"standard","meta":{"footnotes":""},"categories":[48,53,624],"tags":[420,763,1760,3292],"class_list":["post-54416","post","type-post","status-publish","format-standard","has-post-thumbnail","hentry","category-actualidad","category-universidad-al-dia","category-ucaldas-activa","tag-catedra-2","tag-maestria","tag-ciencias-sociales","tag-dialogo"],"yoast_head":"<!-- This site is optimized with the Yoast SEO plugin v27.5 - https:\/\/yoast.com\/product\/yoast-seo-wordpress\/ -->\n<title>C\u00e1tedra Virginia Guti\u00e9rrez de Pineda realizar\u00e1 su primera sesi\u00f3n del 2020 .<\/title>\n<meta name=\"robots\" content=\"index, follow, max-snippet:-1, max-image-preview:large, max-video-preview:-1\" \/>\n<link rel=\"canonical\" href=\"https:\/\/www.ucaldas.edu.co\/portal\/catedra-virginia-gutierrez-de-pineda-realizara-su-primera-sesion-del-2020\/\" \/>\n<script type=\"application\/ld+json\" class=\"yoast-schema-graph\">{\"@context\":\"https:\\\/\\\/schema.org\",\"@graph\":[{\"@type\":\"Article\",\"@id\":\"https:\\\/\\\/www.ucaldas.edu.co\\\/portal\\\/catedra-virginia-gutierrez-de-pineda-realizara-su-primera-sesion-del-2020\\\/#article\",\"isPartOf\":{\"@id\":\"https:\\\/\\\/www.ucaldas.edu.co\\\/portal\\\/catedra-virginia-gutierrez-de-pineda-realizara-su-primera-sesion-del-2020\\\/\"},\"author\":{\"name\":\"ofiprensa\",\"@id\":\"https:\\\/\\\/www.ucaldas.edu.co\\\/portal\\\/#\\\/schema\\\/person\\\/a1b482e23449158b4bc319926c074fdf\"},\"headline\":\"C\u00e1tedra Virginia Guti\u00e9rrez de Pineda realizar\u00e1 su primera sesi\u00f3n del 2020\",\"datePublished\":\"2020-02-28T22:30:51+00:00\",\"dateModified\":\"2020-02-28T22:31:14+00:00\",\"mainEntityOfPage\":{\"@id\":\"https:\\\/\\\/www.ucaldas.edu.co\\\/portal\\\/catedra-virginia-gutierrez-de-pineda-realizara-su-primera-sesion-del-2020\\\/\"},\"wordCount\":208,\"publisher\":{\"@id\":\"https:\\\/\\\/www.ucaldas.edu.co\\\/portal\\\/#organization\"},\"image\":{\"@id\":\"https:\\\/\\\/www.ucaldas.edu.co\\\/portal\\\/catedra-virginia-gutierrez-de-pineda-realizara-su-primera-sesion-del-2020\\\/#primaryimage\"},\"thumbnailUrl\":\"https:\\\/\\\/www.ucaldas.edu.co\\\/portal\\\/wp-content\\\/uploads\\\/2020\\\/02\\\/CATEDRA-CIENCIAS-SOCIALES-compressor.png\",\"keywords\":[\"catedra\",\"maestr\u00eda\",\"ciencias sociales\",\"di\u00e1logo\"],\"articleSection\":[\"Actualidad\",\"Universidad al D\u00eda\",\"UCaldas Activa\"],\"inLanguage\":\"es\"},{\"@type\":\"WebPage\",\"@id\":\"https:\\\/\\\/www.ucaldas.edu.co\\\/portal\\\/catedra-virginia-gutierrez-de-pineda-realizara-su-primera-sesion-del-2020\\\/\",\"url\":\"https:\\\/\\\/www.ucaldas.edu.co\\\/portal\\\/catedra-virginia-gutierrez-de-pineda-realizara-su-primera-sesion-del-2020\\\/\",\"name\":\"C\u00e1tedra Virginia Guti\u00e9rrez de Pineda realizar\u00e1 su primera sesi\u00f3n del 2020 .\",\"isPartOf\":{\"@id\":\"https:\\\/\\\/www.ucaldas.edu.co\\\/portal\\\/#website\"},\"primaryImageOfPage\":{\"@id\":\"https:\\\/\\\/www.ucaldas.edu.co\\\/portal\\\/catedra-virginia-gutierrez-de-pineda-realizara-su-primera-sesion-del-2020\\\/#primaryimage\"},\"image\":{\"@id\":\"https:\\\/\\\/www.ucaldas.edu.co\\\/portal\\\/catedra-virginia-gutierrez-de-pineda-realizara-su-primera-sesion-del-2020\\\/#primaryimage\"},\"thumbnailUrl\":\"https:\\\/\\\/www.ucaldas.edu.co\\\/portal\\\/wp-content\\\/uploads\\\/2020\\\/02\\\/CATEDRA-CIENCIAS-SOCIALES-compressor.png\",\"datePublished\":\"2020-02-28T22:30:51+00:00\",\"dateModified\":\"2020-02-28T22:31:14+00:00\",\"breadcrumb\":{\"@id\":\"https:\\\/\\\/www.ucaldas.edu.co\\\/portal\\\/catedra-virginia-gutierrez-de-pineda-realizara-su-primera-sesion-del-2020\\\/#breadcrumb\"},\"inLanguage\":\"es\",\"potentialAction\":[{\"@type\":\"ReadAction\",\"target\":[\"https:\\\/\\\/www.ucaldas.edu.co\\\/portal\\\/catedra-virginia-gutierrez-de-pineda-realizara-su-primera-sesion-del-2020\\\/\"]}]},{\"@type\":\"ImageObject\",\"inLanguage\":\"es\",\"@id\":\"https:\\\/\\\/www.ucaldas.edu.co\\\/portal\\\/catedra-virginia-gutierrez-de-pineda-realizara-su-primera-sesion-del-2020\\\/#primaryimage\",\"url\":\"https:\\\/\\\/www.ucaldas.edu.co\\\/portal\\\/wp-content\\\/uploads\\\/2020\\\/02\\\/CATEDRA-CIENCIAS-SOCIALES-compressor.png\",\"contentUrl\":\"https:\\\/\\\/www.ucaldas.edu.co\\\/portal\\\/wp-content\\\/uploads\\\/2020\\\/02\\\/CATEDRA-CIENCIAS-SOCIALES-compressor.png\",\"width\":700,\"height\":400},{\"@type\":\"BreadcrumbList\",\"@id\":\"https:\\\/\\\/www.ucaldas.edu.co\\\/portal\\\/catedra-virginia-gutierrez-de-pineda-realizara-su-primera-sesion-del-2020\\\/#breadcrumb\",\"itemListElement\":[{\"@type\":\"ListItem\",\"position\":1,\"name\":\"Portada\",\"item\":\"https:\\\/\\\/www.ucaldas.edu.co\\\/portal\\\/\"},{\"@type\":\"ListItem\",\"position\":2,\"name\":\"C\u00e1tedra Virginia Guti\u00e9rrez de Pineda realizar\u00e1 su primera sesi\u00f3n del 2020\"}]},{\"@type\":\"WebSite\",\"@id\":\"https:\\\/\\\/www.ucaldas.edu.co\\\/portal\\\/#website\",\"url\":\"https:\\\/\\\/www.ucaldas.edu.co\\\/portal\\\/\",\"name\":\"Universidad de Caldas\",\"description\":\"\",\"publisher\":{\"@id\":\"https:\\\/\\\/www.ucaldas.edu.co\\\/portal\\\/#organization\"},\"alternateName\":\"U. de Caldas\",\"potentialAction\":[{\"@type\":\"SearchAction\",\"target\":{\"@type\":\"EntryPoint\",\"urlTemplate\":\"https:\\\/\\\/www.ucaldas.edu.co\\\/portal\\\/?s={search_term_string}\"},\"query-input\":{\"@type\":\"PropertyValueSpecification\",\"valueRequired\":true,\"valueName\":\"search_term_string\"}}],\"inLanguage\":\"es\"},{\"@type\":\"Organization\",\"@id\":\"https:\\\/\\\/www.ucaldas.edu.co\\\/portal\\\/#organization\",\"name\":\"Universidad de Caldas\",\"alternateName\":\"U. de Caldas\",\"url\":\"https:\\\/\\\/www.ucaldas.edu.co\\\/portal\\\/\",\"logo\":{\"@type\":\"ImageObject\",\"inLanguage\":\"es\",\"@id\":\"https:\\\/\\\/www.ucaldas.edu.co\\\/portal\\\/#\\\/schema\\\/logo\\\/image\\\/\",\"url\":\"https:\\\/\\\/www.ucaldas.edu.co\\\/portal\\\/wp-content\\\/uploads\\\/2023\\\/11\\\/Logo_horizontal_oscuroU-2023.png\",\"contentUrl\":\"https:\\\/\\\/www.ucaldas.edu.co\\\/portal\\\/wp-content\\\/uploads\\\/2023\\\/11\\\/Logo_horizontal_oscuroU-2023.png\",\"width\":263,\"height\":101,\"caption\":\"Universidad de Caldas\"},\"image\":{\"@id\":\"https:\\\/\\\/www.ucaldas.edu.co\\\/portal\\\/#\\\/schema\\\/logo\\\/image\\\/\"},\"sameAs\":[\"https:\\\/\\\/www.facebook.com\\\/udecaldas\",\"https:\\\/\\\/x.com\\\/udecaldas\",\"https:\\\/\\\/www.youtube.com\\\/universidadcaldas\",\"https:\\\/\\\/www.instagram.com\\\/udecaldas\\\/\"]},{\"@type\":\"Person\",\"@id\":\"https:\\\/\\\/www.ucaldas.edu.co\\\/portal\\\/#\\\/schema\\\/person\\\/a1b482e23449158b4bc319926c074fdf\",\"name\":\"ofiprensa\",\"image\":{\"@type\":\"ImageObject\",\"inLanguage\":\"es\",\"@id\":\"https:\\\/\\\/www.ucaldas.edu.co\\\/portal\\\/wp-content\\\/litespeed\\\/avatar\\\/09ea5085e600095a7a811142c6944527.jpg?ver=1777497608\",\"url\":\"https:\\\/\\\/www.ucaldas.edu.co\\\/portal\\\/wp-content\\\/litespeed\\\/avatar\\\/09ea5085e600095a7a811142c6944527.jpg?ver=1777497608\",\"contentUrl\":\"https:\\\/\\\/www.ucaldas.edu.co\\\/portal\\\/wp-content\\\/litespeed\\\/avatar\\\/09ea5085e600095a7a811142c6944527.jpg?ver=1777497608\",\"caption\":\"ofiprensa\"},\"url\":\"https:\\\/\\\/www.ucaldas.edu.co\\\/portal\\\/author\\\/ofiprensa\\\/\"}]}<\/script>\n<!-- \/ Yoast SEO plugin. -->","yoast_head_json":{"title":"C\u00e1tedra Virginia Guti\u00e9rrez de Pineda realizar\u00e1 su primera sesi\u00f3n del 2020 .","robots":{"index":"index","follow":"follow","max-snippet":"max-snippet:-1","max-image-preview":"max-image-preview:large","max-video-preview":"max-video-preview:-1"},"canonical":"https:\/\/www.ucaldas.edu.co\/portal\/catedra-virginia-gutierrez-de-pineda-realizara-su-primera-sesion-del-2020\/","schema":{"@context":"https:\/\/schema.org","@graph":[{"@type":"Article","@id":"https:\/\/www.ucaldas.edu.co\/portal\/catedra-virginia-gutierrez-de-pineda-realizara-su-primera-sesion-del-2020\/#article","isPartOf":{"@id":"https:\/\/www.ucaldas.edu.co\/portal\/catedra-virginia-gutierrez-de-pineda-realizara-su-primera-sesion-del-2020\/"},"author":{"name":"ofiprensa","@id":"https:\/\/www.ucaldas.edu.co\/portal\/#\/schema\/person\/a1b482e23449158b4bc319926c074fdf"},"headline":"C\u00e1tedra Virginia Guti\u00e9rrez de Pineda realizar\u00e1 su primera sesi\u00f3n del 2020","datePublished":"2020-02-28T22:30:51+00:00","dateModified":"2020-02-28T22:31:14+00:00","mainEntityOfPage":{"@id":"https:\/\/www.ucaldas.edu.co\/portal\/catedra-virginia-gutierrez-de-pineda-realizara-su-primera-sesion-del-2020\/"},"wordCount":208,"publisher":{"@id":"https:\/\/www.ucaldas.edu.co\/portal\/#organization"},"image":{"@id":"https:\/\/www.ucaldas.edu.co\/portal\/catedra-virginia-gutierrez-de-pineda-realizara-su-primera-sesion-del-2020\/#primaryimage"},"thumbnailUrl":"https:\/\/www.ucaldas.edu.co\/portal\/wp-content\/uploads\/2020\/02\/CATEDRA-CIENCIAS-SOCIALES-compressor.png","keywords":["catedra","maestr\u00eda","ciencias sociales","di\u00e1logo"],"articleSection":["Actualidad","Universidad al D\u00eda","UCaldas Activa"],"inLanguage":"es"},{"@type":"WebPage","@id":"https:\/\/www.ucaldas.edu.co\/portal\/catedra-virginia-gutierrez-de-pineda-realizara-su-primera-sesion-del-2020\/","url":"https:\/\/www.ucaldas.edu.co\/portal\/catedra-virginia-gutierrez-de-pineda-realizara-su-primera-sesion-del-2020\/","name":"C\u00e1tedra Virginia Guti\u00e9rrez de Pineda realizar\u00e1 su primera sesi\u00f3n del 2020 .","isPartOf":{"@id":"https:\/\/www.ucaldas.edu.co\/portal\/#website"},"primaryImageOfPage":{"@id":"https:\/\/www.ucaldas.edu.co\/portal\/catedra-virginia-gutierrez-de-pineda-realizara-su-primera-sesion-del-2020\/#primaryimage"},"image":{"@id":"https:\/\/www.ucaldas.edu.co\/portal\/catedra-virginia-gutierrez-de-pineda-realizara-su-primera-sesion-del-2020\/#primaryimage"},"thumbnailUrl":"https:\/\/www.ucaldas.edu.co\/portal\/wp-content\/uploads\/2020\/02\/CATEDRA-CIENCIAS-SOCIALES-compressor.png","datePublished":"2020-02-28T22:30:51+00:00","dateModified":"2020-02-28T22:31:14+00:00","breadcrumb":{"@id":"https:\/\/www.ucaldas.edu.co\/portal\/catedra-virginia-gutierrez-de-pineda-realizara-su-primera-sesion-del-2020\/#breadcrumb"},"inLanguage":"es","potentialAction":[{"@type":"ReadAction","target":["https:\/\/www.ucaldas.edu.co\/portal\/catedra-virginia-gutierrez-de-pineda-realizara-su-primera-sesion-del-2020\/"]}]},{"@type":"ImageObject","inLanguage":"es","@id":"https:\/\/www.ucaldas.edu.co\/portal\/catedra-virginia-gutierrez-de-pineda-realizara-su-primera-sesion-del-2020\/#primaryimage","url":"https:\/\/www.ucaldas.edu.co\/portal\/wp-content\/uploads\/2020\/02\/CATEDRA-CIENCIAS-SOCIALES-compressor.png","contentUrl":"https:\/\/www.ucaldas.edu.co\/portal\/wp-content\/uploads\/2020\/02\/CATEDRA-CIENCIAS-SOCIALES-compressor.png","width":700,"height":400},{"@type":"BreadcrumbList","@id":"https:\/\/www.ucaldas.edu.co\/portal\/catedra-virginia-gutierrez-de-pineda-realizara-su-primera-sesion-del-2020\/#breadcrumb","itemListElement":[{"@type":"ListItem","position":1,"name":"Portada","item":"https:\/\/www.ucaldas.edu.co\/portal\/"},{"@type":"ListItem","position":2,"name":"C\u00e1tedra Virginia Guti\u00e9rrez de Pineda realizar\u00e1 su primera sesi\u00f3n del 2020"}]},{"@type":"WebSite","@id":"https:\/\/www.ucaldas.edu.co\/portal\/#website","url":"https:\/\/www.ucaldas.edu.co\/portal\/","name":"Universidad de Caldas","description":"","publisher":{"@id":"https:\/\/www.ucaldas.edu.co\/portal\/#organization"},"alternateName":"U. de Caldas","potentialAction":[{"@type":"SearchAction","target":{"@type":"EntryPoint","urlTemplate":"https:\/\/www.ucaldas.edu.co\/portal\/?s={search_term_string}"},"query-input":{"@type":"PropertyValueSpecification","valueRequired":true,"valueName":"search_term_string"}}],"inLanguage":"es"},{"@type":"Organization","@id":"https:\/\/www.ucaldas.edu.co\/portal\/#organization","name":"Universidad de Caldas","alternateName":"U. de Caldas","url":"https:\/\/www.ucaldas.edu.co\/portal\/","logo":{"@type":"ImageObject","inLanguage":"es","@id":"https:\/\/www.ucaldas.edu.co\/portal\/#\/schema\/logo\/image\/","url":"https:\/\/www.ucaldas.edu.co\/portal\/wp-content\/uploads\/2023\/11\/Logo_horizontal_oscuroU-2023.png","contentUrl":"https:\/\/www.ucaldas.edu.co\/portal\/wp-content\/uploads\/2023\/11\/Logo_horizontal_oscuroU-2023.png","width":263,"height":101,"caption":"Universidad de Caldas"},"image":{"@id":"https:\/\/www.ucaldas.edu.co\/portal\/#\/schema\/logo\/image\/"},"sameAs":["https:\/\/www.facebook.com\/udecaldas","https:\/\/x.com\/udecaldas","https:\/\/www.youtube.com\/universidadcaldas","https:\/\/www.instagram.com\/udecaldas\/"]},{"@type":"Person","@id":"https:\/\/www.ucaldas.edu.co\/portal\/#\/schema\/person\/a1b482e23449158b4bc319926c074fdf","name":"ofiprensa","image":{"@type":"ImageObject","inLanguage":"es","@id":"https:\/\/www.ucaldas.edu.co\/portal\/wp-content\/litespeed\/avatar\/09ea5085e600095a7a811142c6944527.jpg?ver=1777497608","url":"https:\/\/www.ucaldas.edu.co\/portal\/wp-content\/litespeed\/avatar\/09ea5085e600095a7a811142c6944527.jpg?ver=1777497608","contentUrl":"https:\/\/www.ucaldas.edu.co\/portal\/wp-content\/litespeed\/avatar\/09ea5085e600095a7a811142c6944527.jpg?ver=1777497608","caption":"ofiprensa"},"url":"https:\/\/www.ucaldas.edu.co\/portal\/author\/ofiprensa\/"}]}},"_links":{"self":[{"href":"https:\/\/www.ucaldas.edu.co\/portal\/wp-json\/wp\/v2\/posts\/54416","targetHints":{"allow":["GET"]}}],"collection":[{"href":"https:\/\/www.ucaldas.edu.co\/portal\/wp-json\/wp\/v2\/posts"}],"about":[{"href":"https:\/\/www.ucaldas.edu.co\/portal\/wp-json\/wp\/v2\/types\/post"}],"author":[{"embeddable":true,"href":"https:\/\/www.ucaldas.edu.co\/portal\/wp-json\/wp\/v2\/users\/2"}],"replies":[{"embeddable":true,"href":"https:\/\/www.ucaldas.edu.co\/portal\/wp-json\/wp\/v2\/comments?post=54416"}],"version-history":[{"count":0,"href":"https:\/\/www.ucaldas.edu.co\/portal\/wp-json\/wp\/v2\/posts\/54416\/revisions"}],"wp:featuredmedia":[{"embeddable":true,"href":"https:\/\/www.ucaldas.edu.co\/portal\/wp-json\/wp\/v2\/media\/54417"}],"wp:attachment":[{"href":"https:\/\/www.ucaldas.edu.co\/portal\/wp-json\/wp\/v2\/media?parent=54416"}],"wp:term":[{"taxonomy":"category","embeddable":true,"href":"https:\/\/www.ucaldas.edu.co\/portal\/wp-json\/wp\/v2\/categories?post=54416"},{"taxonomy":"post_tag","embeddable":true,"href":"https:\/\/www.ucaldas.edu.co\/portal\/wp-json\/wp\/v2\/tags?post=54416"}],"curies":[{"name":"wp","href":"https:\/\/api.w.org\/{rel}","templated":true}]}}