{"id":54387,"date":"2020-02-27T22:24:16","date_gmt":"2020-02-27T22:24:16","guid":{"rendered":"https:\/\/www.ucaldas.edu.co\/portal\/?p=54387"},"modified":"2020-02-27T23:20:08","modified_gmt":"2020-02-27T23:20:08","slug":"estan-abiertas-las-inscripciones-para-el-programa-de-tecnologia-en-finanzas-de-la-u-de-caldas","status":"publish","type":"post","link":"https:\/\/www.ucaldas.edu.co\/portal\/estan-abiertas-las-inscripciones-para-el-programa-de-tecnologia-en-finanzas-de-la-u-de-caldas\/","title":{"rendered":"Est\u00e1n abiertas las inscripciones para el programa de Tecnolog\u00eda en Finanzas de la U. de Caldas"},"content":{"rendered":"<p style=\"text-align: center;\">CONOZCA LAS APLICACIONES QUE TIENEN LOS EGRESADOS DE ESTA TECNOLOG\u00cdA<\/p>\n<p style=\"text-align: center;\"><strong>Est\u00e1n abiertas las inscripciones para el programa de Tecnolog\u00eda en Finanzas de la U. de Caldas<\/strong><\/p>\n<p style=\"text-align: right;\">27\/02\/2020<\/p>\n<p><img loading=\"lazy\" decoding=\"async\" class=\"aligncenter wp-image-54390 size-full\" src=\"https:\/\/www.ucaldas.edu.co\/portal\/wp-content\/uploads\/2020\/02\/TECNOLOGIA-EN-FINANZAS-compressor.png\" alt=\"\" width=\"700\" height=\"400\" srcset=\"https:\/\/www.ucaldas.edu.co\/portal\/wp-content\/uploads\/2020\/02\/TECNOLOGIA-EN-FINANZAS-compressor.png 700w, https:\/\/www.ucaldas.edu.co\/portal\/wp-content\/uploads\/2020\/02\/TECNOLOGIA-EN-FINANZAS-compressor-300x171.png 300w\" sizes=\"auto, (max-width: 700px) 100vw, 700px\" \/><\/p>\n<p>Formar tecn\u00f3logos con pensamiento innovador y emprendedor para aportar a la construcci\u00f3n de soluciones a los problemas que el entorno demanda a las organizaciones es el objetivo de la Tecnolog\u00eda en Finanzas de la Universidad de Caldas, que tiene abiertas las inscripciones.<!--more--><\/p>\n<p>El tecn\u00f3logo contar\u00e1 con conocimientos cient\u00edficos y metodol\u00f3gicos para dise\u00f1ar, operar, manejar, construir y aprovechar los recursos financieros, econ\u00f3micos y contables de las empresas, adem\u00e1s contar\u00e1 con capacidad para transformar y apoyar el desarrollo empresarial local, regional y nacional.<\/p>\n<p>La profesi\u00f3n tiene diversos campos de acci\u00f3n:<\/p>\n<ul>\n<li>Desempe\u00f1ar cargos en el \u00e1rea de finanzas, en los niveles ejecutivos o administrativos de las empresas.<\/li>\n<li>Acompa\u00f1ar y soportar el dise\u00f1o y ejecuci\u00f3n de planes financieros.<\/li>\n<li>Gestionar ideas de negocio o emprendimiento.<\/li>\n<li>Generar soluciones en los asuntos relacionados con las finanzas de las empresas.<\/li>\n<\/ul>\n<table>\n<tbody>\n<tr>\n<td width=\"589\"><strong>PARA DESTACAR<\/strong><\/p>\n<p>Los interesados en la Tecnolog\u00eda en Finanzas se pueden comunicar al tel\u00e9fono 8862720, extensi\u00f3n 21117, o escribir al correo tecnofinanzas@ucaldas.edu.co<\/p>\n<p>&nbsp;<\/td>\n<\/tr>\n<\/tbody>\n<\/table>\n<p>&nbsp;<\/p>\n<p><strong>Informes:<\/strong> Oficina de Comunicaciones y Prensa Universidad de Caldas. Tel\u00e9fono: 8781500 Extensi\u00f3n: 12167<\/p>\n<p><strong>Redacci\u00f3n:<\/strong> Adriana Osorio Garc\u00eda<\/p>\n","protected":false},"excerpt":{"rendered":"<p>CONOZCA LAS APLICACIONES QUE TIENEN LOS EGRESADOS DE ESTA TECNOLOG\u00cdA Est\u00e1n abiertas las inscripciones para el programa de Tecnolog\u00eda en Finanzas de la U. de Caldas 27\/02\/2020 Formar tecn\u00f3logos con pensamiento innovador y emprendedor para aportar a la construcci\u00f3n de soluciones a los problemas que el entorno demanda a las organizaciones es el objetivo de [&hellip;]<\/p>\n","protected":false},"author":2,"featured_media":54390,"comment_status":"closed","ping_status":"open","sticky":false,"template":"","format":"standard","meta":{"footnotes":""},"categories":[48,53,624],"tags":[297,642,1114],"class_list":["post-54387","post","type-post","status-publish","format-standard","has-post-thumbnail","hentry","category-actualidad","category-universidad-al-dia","category-ucaldas-activa","tag-inscripciones","tag-tecnologia","tag-finanzas"],"yoast_head":"<!-- This site is optimized with the Yoast SEO plugin v27.5 - https:\/\/yoast.com\/product\/yoast-seo-wordpress\/ -->\n<title>Est\u00e1n abiertas las inscripciones para el programa de Tecnolog\u00eda en Finanzas de la U. de Caldas .<\/title>\n<meta name=\"robots\" content=\"index, follow, max-snippet:-1, max-image-preview:large, max-video-preview:-1\" \/>\n<link rel=\"canonical\" href=\"https:\/\/www.ucaldas.edu.co\/portal\/estan-abiertas-las-inscripciones-para-el-programa-de-tecnologia-en-finanzas-de-la-u-de-caldas\/\" \/>\n<script type=\"application\/ld+json\" class=\"yoast-schema-graph\">{\"@context\":\"https:\\\/\\\/schema.org\",\"@graph\":[{\"@type\":\"Article\",\"@id\":\"https:\\\/\\\/www.ucaldas.edu.co\\\/portal\\\/estan-abiertas-las-inscripciones-para-el-programa-de-tecnologia-en-finanzas-de-la-u-de-caldas\\\/#article\",\"isPartOf\":{\"@id\":\"https:\\\/\\\/www.ucaldas.edu.co\\\/portal\\\/estan-abiertas-las-inscripciones-para-el-programa-de-tecnologia-en-finanzas-de-la-u-de-caldas\\\/\"},\"author\":{\"name\":\"ofiprensa\",\"@id\":\"https:\\\/\\\/www.ucaldas.edu.co\\\/portal\\\/#\\\/schema\\\/person\\\/a1b482e23449158b4bc319926c074fdf\"},\"headline\":\"Est\u00e1n abiertas las inscripciones para el programa de Tecnolog\u00eda en Finanzas de la U. de Caldas\",\"datePublished\":\"2020-02-27T22:24:16+00:00\",\"dateModified\":\"2020-02-27T23:20:08+00:00\",\"mainEntityOfPage\":{\"@id\":\"https:\\\/\\\/www.ucaldas.edu.co\\\/portal\\\/estan-abiertas-las-inscripciones-para-el-programa-de-tecnologia-en-finanzas-de-la-u-de-caldas\\\/\"},\"wordCount\":241,\"publisher\":{\"@id\":\"https:\\\/\\\/www.ucaldas.edu.co\\\/portal\\\/#organization\"},\"image\":{\"@id\":\"https:\\\/\\\/www.ucaldas.edu.co\\\/portal\\\/estan-abiertas-las-inscripciones-para-el-programa-de-tecnologia-en-finanzas-de-la-u-de-caldas\\\/#primaryimage\"},\"thumbnailUrl\":\"https:\\\/\\\/www.ucaldas.edu.co\\\/portal\\\/wp-content\\\/uploads\\\/2020\\\/02\\\/TECNOLOGIA-EN-FINANZAS-compressor.png\",\"keywords\":[\"Inscripciones\",\"tecnolog\u00eda\",\"Finanzas\"],\"articleSection\":[\"Actualidad\",\"Universidad al D\u00eda\",\"UCaldas Activa\"],\"inLanguage\":\"es\"},{\"@type\":\"WebPage\",\"@id\":\"https:\\\/\\\/www.ucaldas.edu.co\\\/portal\\\/estan-abiertas-las-inscripciones-para-el-programa-de-tecnologia-en-finanzas-de-la-u-de-caldas\\\/\",\"url\":\"https:\\\/\\\/www.ucaldas.edu.co\\\/portal\\\/estan-abiertas-las-inscripciones-para-el-programa-de-tecnologia-en-finanzas-de-la-u-de-caldas\\\/\",\"name\":\"Est\u00e1n abiertas las inscripciones para el programa de Tecnolog\u00eda en Finanzas de la U. de Caldas .\",\"isPartOf\":{\"@id\":\"https:\\\/\\\/www.ucaldas.edu.co\\\/portal\\\/#website\"},\"primaryImageOfPage\":{\"@id\":\"https:\\\/\\\/www.ucaldas.edu.co\\\/portal\\\/estan-abiertas-las-inscripciones-para-el-programa-de-tecnologia-en-finanzas-de-la-u-de-caldas\\\/#primaryimage\"},\"image\":{\"@id\":\"https:\\\/\\\/www.ucaldas.edu.co\\\/portal\\\/estan-abiertas-las-inscripciones-para-el-programa-de-tecnologia-en-finanzas-de-la-u-de-caldas\\\/#primaryimage\"},\"thumbnailUrl\":\"https:\\\/\\\/www.ucaldas.edu.co\\\/portal\\\/wp-content\\\/uploads\\\/2020\\\/02\\\/TECNOLOGIA-EN-FINANZAS-compressor.png\",\"datePublished\":\"2020-02-27T22:24:16+00:00\",\"dateModified\":\"2020-02-27T23:20:08+00:00\",\"breadcrumb\":{\"@id\":\"https:\\\/\\\/www.ucaldas.edu.co\\\/portal\\\/estan-abiertas-las-inscripciones-para-el-programa-de-tecnologia-en-finanzas-de-la-u-de-caldas\\\/#breadcrumb\"},\"inLanguage\":\"es\",\"potentialAction\":[{\"@type\":\"ReadAction\",\"target\":[\"https:\\\/\\\/www.ucaldas.edu.co\\\/portal\\\/estan-abiertas-las-inscripciones-para-el-programa-de-tecnologia-en-finanzas-de-la-u-de-caldas\\\/\"]}]},{\"@type\":\"ImageObject\",\"inLanguage\":\"es\",\"@id\":\"https:\\\/\\\/www.ucaldas.edu.co\\\/portal\\\/estan-abiertas-las-inscripciones-para-el-programa-de-tecnologia-en-finanzas-de-la-u-de-caldas\\\/#primaryimage\",\"url\":\"https:\\\/\\\/www.ucaldas.edu.co\\\/portal\\\/wp-content\\\/uploads\\\/2020\\\/02\\\/TECNOLOGIA-EN-FINANZAS-compressor.png\",\"contentUrl\":\"https:\\\/\\\/www.ucaldas.edu.co\\\/portal\\\/wp-content\\\/uploads\\\/2020\\\/02\\\/TECNOLOGIA-EN-FINANZAS-compressor.png\",\"width\":700,\"height\":400},{\"@type\":\"BreadcrumbList\",\"@id\":\"https:\\\/\\\/www.ucaldas.edu.co\\\/portal\\\/estan-abiertas-las-inscripciones-para-el-programa-de-tecnologia-en-finanzas-de-la-u-de-caldas\\\/#breadcrumb\",\"itemListElement\":[{\"@type\":\"ListItem\",\"position\":1,\"name\":\"Portada\",\"item\":\"https:\\\/\\\/www.ucaldas.edu.co\\\/portal\\\/\"},{\"@type\":\"ListItem\",\"position\":2,\"name\":\"Est\u00e1n abiertas las inscripciones para el programa de Tecnolog\u00eda en Finanzas de la U. de Caldas\"}]},{\"@type\":\"WebSite\",\"@id\":\"https:\\\/\\\/www.ucaldas.edu.co\\\/portal\\\/#website\",\"url\":\"https:\\\/\\\/www.ucaldas.edu.co\\\/portal\\\/\",\"name\":\"Universidad de Caldas\",\"description\":\"\",\"publisher\":{\"@id\":\"https:\\\/\\\/www.ucaldas.edu.co\\\/portal\\\/#organization\"},\"alternateName\":\"U. de Caldas\",\"potentialAction\":[{\"@type\":\"SearchAction\",\"target\":{\"@type\":\"EntryPoint\",\"urlTemplate\":\"https:\\\/\\\/www.ucaldas.edu.co\\\/portal\\\/?s={search_term_string}\"},\"query-input\":{\"@type\":\"PropertyValueSpecification\",\"valueRequired\":true,\"valueName\":\"search_term_string\"}}],\"inLanguage\":\"es\"},{\"@type\":\"Organization\",\"@id\":\"https:\\\/\\\/www.ucaldas.edu.co\\\/portal\\\/#organization\",\"name\":\"Universidad de Caldas\",\"alternateName\":\"U. de Caldas\",\"url\":\"https:\\\/\\\/www.ucaldas.edu.co\\\/portal\\\/\",\"logo\":{\"@type\":\"ImageObject\",\"inLanguage\":\"es\",\"@id\":\"https:\\\/\\\/www.ucaldas.edu.co\\\/portal\\\/#\\\/schema\\\/logo\\\/image\\\/\",\"url\":\"https:\\\/\\\/www.ucaldas.edu.co\\\/portal\\\/wp-content\\\/uploads\\\/2023\\\/11\\\/Logo_horizontal_oscuroU-2023.png\",\"contentUrl\":\"https:\\\/\\\/www.ucaldas.edu.co\\\/portal\\\/wp-content\\\/uploads\\\/2023\\\/11\\\/Logo_horizontal_oscuroU-2023.png\",\"width\":263,\"height\":101,\"caption\":\"Universidad de Caldas\"},\"image\":{\"@id\":\"https:\\\/\\\/www.ucaldas.edu.co\\\/portal\\\/#\\\/schema\\\/logo\\\/image\\\/\"},\"sameAs\":[\"https:\\\/\\\/www.facebook.com\\\/udecaldas\",\"https:\\\/\\\/x.com\\\/udecaldas\",\"https:\\\/\\\/www.youtube.com\\\/universidadcaldas\",\"https:\\\/\\\/www.instagram.com\\\/udecaldas\\\/\"]},{\"@type\":\"Person\",\"@id\":\"https:\\\/\\\/www.ucaldas.edu.co\\\/portal\\\/#\\\/schema\\\/person\\\/a1b482e23449158b4bc319926c074fdf\",\"name\":\"ofiprensa\",\"image\":{\"@type\":\"ImageObject\",\"inLanguage\":\"es\",\"@id\":\"https:\\\/\\\/www.ucaldas.edu.co\\\/portal\\\/wp-content\\\/litespeed\\\/avatar\\\/09ea5085e600095a7a811142c6944527.jpg?ver=1777497608\",\"url\":\"https:\\\/\\\/www.ucaldas.edu.co\\\/portal\\\/wp-content\\\/litespeed\\\/avatar\\\/09ea5085e600095a7a811142c6944527.jpg?ver=1777497608\",\"contentUrl\":\"https:\\\/\\\/www.ucaldas.edu.co\\\/portal\\\/wp-content\\\/litespeed\\\/avatar\\\/09ea5085e600095a7a811142c6944527.jpg?ver=1777497608\",\"caption\":\"ofiprensa\"},\"url\":\"https:\\\/\\\/www.ucaldas.edu.co\\\/portal\\\/author\\\/ofiprensa\\\/\"}]}<\/script>\n<!-- \/ Yoast SEO plugin. -->","yoast_head_json":{"title":"Est\u00e1n abiertas las inscripciones para el programa de Tecnolog\u00eda en Finanzas de la U. de Caldas .","robots":{"index":"index","follow":"follow","max-snippet":"max-snippet:-1","max-image-preview":"max-image-preview:large","max-video-preview":"max-video-preview:-1"},"canonical":"https:\/\/www.ucaldas.edu.co\/portal\/estan-abiertas-las-inscripciones-para-el-programa-de-tecnologia-en-finanzas-de-la-u-de-caldas\/","schema":{"@context":"https:\/\/schema.org","@graph":[{"@type":"Article","@id":"https:\/\/www.ucaldas.edu.co\/portal\/estan-abiertas-las-inscripciones-para-el-programa-de-tecnologia-en-finanzas-de-la-u-de-caldas\/#article","isPartOf":{"@id":"https:\/\/www.ucaldas.edu.co\/portal\/estan-abiertas-las-inscripciones-para-el-programa-de-tecnologia-en-finanzas-de-la-u-de-caldas\/"},"author":{"name":"ofiprensa","@id":"https:\/\/www.ucaldas.edu.co\/portal\/#\/schema\/person\/a1b482e23449158b4bc319926c074fdf"},"headline":"Est\u00e1n abiertas las inscripciones para el programa de Tecnolog\u00eda en Finanzas de la U. de Caldas","datePublished":"2020-02-27T22:24:16+00:00","dateModified":"2020-02-27T23:20:08+00:00","mainEntityOfPage":{"@id":"https:\/\/www.ucaldas.edu.co\/portal\/estan-abiertas-las-inscripciones-para-el-programa-de-tecnologia-en-finanzas-de-la-u-de-caldas\/"},"wordCount":241,"publisher":{"@id":"https:\/\/www.ucaldas.edu.co\/portal\/#organization"},"image":{"@id":"https:\/\/www.ucaldas.edu.co\/portal\/estan-abiertas-las-inscripciones-para-el-programa-de-tecnologia-en-finanzas-de-la-u-de-caldas\/#primaryimage"},"thumbnailUrl":"https:\/\/www.ucaldas.edu.co\/portal\/wp-content\/uploads\/2020\/02\/TECNOLOGIA-EN-FINANZAS-compressor.png","keywords":["Inscripciones","tecnolog\u00eda","Finanzas"],"articleSection":["Actualidad","Universidad al D\u00eda","UCaldas Activa"],"inLanguage":"es"},{"@type":"WebPage","@id":"https:\/\/www.ucaldas.edu.co\/portal\/estan-abiertas-las-inscripciones-para-el-programa-de-tecnologia-en-finanzas-de-la-u-de-caldas\/","url":"https:\/\/www.ucaldas.edu.co\/portal\/estan-abiertas-las-inscripciones-para-el-programa-de-tecnologia-en-finanzas-de-la-u-de-caldas\/","name":"Est\u00e1n abiertas las inscripciones para el programa de Tecnolog\u00eda en Finanzas de la U. de Caldas .","isPartOf":{"@id":"https:\/\/www.ucaldas.edu.co\/portal\/#website"},"primaryImageOfPage":{"@id":"https:\/\/www.ucaldas.edu.co\/portal\/estan-abiertas-las-inscripciones-para-el-programa-de-tecnologia-en-finanzas-de-la-u-de-caldas\/#primaryimage"},"image":{"@id":"https:\/\/www.ucaldas.edu.co\/portal\/estan-abiertas-las-inscripciones-para-el-programa-de-tecnologia-en-finanzas-de-la-u-de-caldas\/#primaryimage"},"thumbnailUrl":"https:\/\/www.ucaldas.edu.co\/portal\/wp-content\/uploads\/2020\/02\/TECNOLOGIA-EN-FINANZAS-compressor.png","datePublished":"2020-02-27T22:24:16+00:00","dateModified":"2020-02-27T23:20:08+00:00","breadcrumb":{"@id":"https:\/\/www.ucaldas.edu.co\/portal\/estan-abiertas-las-inscripciones-para-el-programa-de-tecnologia-en-finanzas-de-la-u-de-caldas\/#breadcrumb"},"inLanguage":"es","potentialAction":[{"@type":"ReadAction","target":["https:\/\/www.ucaldas.edu.co\/portal\/estan-abiertas-las-inscripciones-para-el-programa-de-tecnologia-en-finanzas-de-la-u-de-caldas\/"]}]},{"@type":"ImageObject","inLanguage":"es","@id":"https:\/\/www.ucaldas.edu.co\/portal\/estan-abiertas-las-inscripciones-para-el-programa-de-tecnologia-en-finanzas-de-la-u-de-caldas\/#primaryimage","url":"https:\/\/www.ucaldas.edu.co\/portal\/wp-content\/uploads\/2020\/02\/TECNOLOGIA-EN-FINANZAS-compressor.png","contentUrl":"https:\/\/www.ucaldas.edu.co\/portal\/wp-content\/uploads\/2020\/02\/TECNOLOGIA-EN-FINANZAS-compressor.png","width":700,"height":400},{"@type":"BreadcrumbList","@id":"https:\/\/www.ucaldas.edu.co\/portal\/estan-abiertas-las-inscripciones-para-el-programa-de-tecnologia-en-finanzas-de-la-u-de-caldas\/#breadcrumb","itemListElement":[{"@type":"ListItem","position":1,"name":"Portada","item":"https:\/\/www.ucaldas.edu.co\/portal\/"},{"@type":"ListItem","position":2,"name":"Est\u00e1n abiertas las inscripciones para el programa de Tecnolog\u00eda en Finanzas de la U. de Caldas"}]},{"@type":"WebSite","@id":"https:\/\/www.ucaldas.edu.co\/portal\/#website","url":"https:\/\/www.ucaldas.edu.co\/portal\/","name":"Universidad de Caldas","description":"","publisher":{"@id":"https:\/\/www.ucaldas.edu.co\/portal\/#organization"},"alternateName":"U. de Caldas","potentialAction":[{"@type":"SearchAction","target":{"@type":"EntryPoint","urlTemplate":"https:\/\/www.ucaldas.edu.co\/portal\/?s={search_term_string}"},"query-input":{"@type":"PropertyValueSpecification","valueRequired":true,"valueName":"search_term_string"}}],"inLanguage":"es"},{"@type":"Organization","@id":"https:\/\/www.ucaldas.edu.co\/portal\/#organization","name":"Universidad de Caldas","alternateName":"U. de Caldas","url":"https:\/\/www.ucaldas.edu.co\/portal\/","logo":{"@type":"ImageObject","inLanguage":"es","@id":"https:\/\/www.ucaldas.edu.co\/portal\/#\/schema\/logo\/image\/","url":"https:\/\/www.ucaldas.edu.co\/portal\/wp-content\/uploads\/2023\/11\/Logo_horizontal_oscuroU-2023.png","contentUrl":"https:\/\/www.ucaldas.edu.co\/portal\/wp-content\/uploads\/2023\/11\/Logo_horizontal_oscuroU-2023.png","width":263,"height":101,"caption":"Universidad de Caldas"},"image":{"@id":"https:\/\/www.ucaldas.edu.co\/portal\/#\/schema\/logo\/image\/"},"sameAs":["https:\/\/www.facebook.com\/udecaldas","https:\/\/x.com\/udecaldas","https:\/\/www.youtube.com\/universidadcaldas","https:\/\/www.instagram.com\/udecaldas\/"]},{"@type":"Person","@id":"https:\/\/www.ucaldas.edu.co\/portal\/#\/schema\/person\/a1b482e23449158b4bc319926c074fdf","name":"ofiprensa","image":{"@type":"ImageObject","inLanguage":"es","@id":"https:\/\/www.ucaldas.edu.co\/portal\/wp-content\/litespeed\/avatar\/09ea5085e600095a7a811142c6944527.jpg?ver=1777497608","url":"https:\/\/www.ucaldas.edu.co\/portal\/wp-content\/litespeed\/avatar\/09ea5085e600095a7a811142c6944527.jpg?ver=1777497608","contentUrl":"https:\/\/www.ucaldas.edu.co\/portal\/wp-content\/litespeed\/avatar\/09ea5085e600095a7a811142c6944527.jpg?ver=1777497608","caption":"ofiprensa"},"url":"https:\/\/www.ucaldas.edu.co\/portal\/author\/ofiprensa\/"}]}},"_links":{"self":[{"href":"https:\/\/www.ucaldas.edu.co\/portal\/wp-json\/wp\/v2\/posts\/54387","targetHints":{"allow":["GET"]}}],"collection":[{"href":"https:\/\/www.ucaldas.edu.co\/portal\/wp-json\/wp\/v2\/posts"}],"about":[{"href":"https:\/\/www.ucaldas.edu.co\/portal\/wp-json\/wp\/v2\/types\/post"}],"author":[{"embeddable":true,"href":"https:\/\/www.ucaldas.edu.co\/portal\/wp-json\/wp\/v2\/users\/2"}],"replies":[{"embeddable":true,"href":"https:\/\/www.ucaldas.edu.co\/portal\/wp-json\/wp\/v2\/comments?post=54387"}],"version-history":[{"count":0,"href":"https:\/\/www.ucaldas.edu.co\/portal\/wp-json\/wp\/v2\/posts\/54387\/revisions"}],"wp:featuredmedia":[{"embeddable":true,"href":"https:\/\/www.ucaldas.edu.co\/portal\/wp-json\/wp\/v2\/media\/54390"}],"wp:attachment":[{"href":"https:\/\/www.ucaldas.edu.co\/portal\/wp-json\/wp\/v2\/media?parent=54387"}],"wp:term":[{"taxonomy":"category","embeddable":true,"href":"https:\/\/www.ucaldas.edu.co\/portal\/wp-json\/wp\/v2\/categories?post=54387"},{"taxonomy":"post_tag","embeddable":true,"href":"https:\/\/www.ucaldas.edu.co\/portal\/wp-json\/wp\/v2\/tags?post=54387"}],"curies":[{"name":"wp","href":"https:\/\/api.w.org\/{rel}","templated":true}]}}