{"id":54323,"date":"2020-02-24T22:17:20","date_gmt":"2020-02-24T22:17:20","guid":{"rendered":"https:\/\/www.ucaldas.edu.co\/portal\/?p=54323"},"modified":"2020-02-24T22:17:25","modified_gmt":"2020-02-24T22:17:25","slug":"revista-del-departamento-de-artes-escenicas-presentara-dos-nuevos-numeros","status":"publish","type":"post","link":"https:\/\/www.ucaldas.edu.co\/portal\/revista-del-departamento-de-artes-escenicas-presentara-dos-nuevos-numeros\/","title":{"rendered":"Revista del Departamento de Artes Esc\u00e9nicas presentar\u00e1 dos nuevos n\u00fameros"},"content":{"rendered":"<p>&nbsp;<\/p>\n<p style=\"text-align: center;\">ESTE MI\u00c9RCOLES 26 DE FEBRERO EN EL CENTRO CULTURAL UNIVERSITARIO ROGELIO SALMONA<\/p>\n<p style=\"text-align: center;\"><strong>Revista del Departamento de Artes Esc\u00e9nicas presentar\u00e1 dos nuevos n\u00fameros <\/strong><\/p>\n<p style=\"text-align: right;\">24\/02\/2020<\/p>\n<p><img loading=\"lazy\" decoding=\"async\" class=\"aligncenter wp-image-54324 size-full\" src=\"https:\/\/www.ucaldas.edu.co\/portal\/wp-content\/uploads\/2020\/02\/REVISTA-ARTES-ESCENICAS-compressor.png\" alt=\"\" width=\"700\" height=\"400\" srcset=\"https:\/\/www.ucaldas.edu.co\/portal\/wp-content\/uploads\/2020\/02\/REVISTA-ARTES-ESCENICAS-compressor.png 700w, https:\/\/www.ucaldas.edu.co\/portal\/wp-content\/uploads\/2020\/02\/REVISTA-ARTES-ESCENICAS-compressor-300x171.png 300w\" sizes=\"auto, (max-width: 700px) 100vw, 700px\" \/><\/p>\n<p>Con un evento especial, el Departamento de Artes Esc\u00e9nicas de la Universidad de Caldas presentar\u00e1 este mi\u00e9rcoles 26 de febrero dos nuevos n\u00fameros de la Revista Colombiana de Artes Esc\u00e9nicas, que cumple 13 a\u00f1os de labores.<!--more--><\/p>\n<p>El docente Rub\u00e9n Dar\u00edo Zuluaga G\u00f3mez, coordinador de la publicaci\u00f3n, explic\u00f3 que se presentar\u00e1 el n\u00famero 11, que es f\u00edsico, y el 12, que es una edici\u00f3n virtual, la cual estar\u00e1 disponible en la p\u00e1gina web.<\/p>\n<p>\u201cCon la labor que hemos hecho en estos 13 a\u00f1os, desde el 2007, hemos construido un enciclopedia de teatro, pues en su mayor\u00eda son art\u00edculos de investigaci\u00f3n hechos para la revista, es decir, se trata de nuevo conocimiento\u201d, dijo el profesor.<\/p>\n<p>Agreg\u00f3 que la revista tiene tres secciones: monogr\u00e1fico, donde est\u00e1n los art\u00edculos de investigaci\u00f3n; semilleros de pensamiento dramaturgia, donde escriben los j\u00f3venes; y cr\u00edticas y rese\u00f1as, donde se comentan libros y se hacen cr\u00edticas de obras o eventos de la programaci\u00f3n del Departamento.<\/p>\n<p>La presentaci\u00f3n de los nuevos n\u00fameros ser\u00e1 este mi\u00e9rcoles 26, a las 4:00 de la tarde en el Centro Cultural Universitario Rogelio Salmona. El grupo de teatro Casa Teatro presentar\u00e1 una obra de microteatro. \u00a0Tambi\u00e9n se hablar\u00e1 de la revista para comentar sus alcances durante estos a\u00f1os de publicaciones.\u00a0<strong>\u00a0<\/strong><\/p>\n<p><strong>Anexo:<\/strong><\/p>\n<p><a href=\"https:\/\/www.ivoox.com\/docente-ruben-dario-zuluaga-gomez-departamento-artes-audios-mp3_rf_48165122_1.html\">Audio Docente de Artes Esc\u00e9nicas, Rub\u00e9n Dar\u00edo Zuluaga G\u00f3mez<\/a><\/p>\n<p>&nbsp;<\/p>\n<p><strong>Informes:<\/strong> Oficina de Comunicaciones y Prensa Universidad de Caldas. Tel\u00e9fono: 8781500 Extensi\u00f3n: 12167<\/p>\n<p><strong>Redacci\u00f3n:<\/strong> Adriana Osorio Garc\u00eda<\/p>\n","protected":false},"excerpt":{"rendered":"<p>&nbsp; ESTE MI\u00c9RCOLES 26 DE FEBRERO EN EL CENTRO CULTURAL UNIVERSITARIO ROGELIO SALMONA Revista del Departamento de Artes Esc\u00e9nicas presentar\u00e1 dos nuevos n\u00fameros 24\/02\/2020 Con un evento especial, el Departamento de Artes Esc\u00e9nicas de la Universidad de Caldas presentar\u00e1 este mi\u00e9rcoles 26 de febrero dos nuevos n\u00fameros de la Revista Colombiana de Artes Esc\u00e9nicas, que [&hellip;]<\/p>\n","protected":false},"author":2,"featured_media":54324,"comment_status":"closed","ping_status":"open","sticky":false,"template":"","format":"standard","meta":{"footnotes":""},"categories":[48,53,664],"tags":[133,188,280,3414],"class_list":["post-54323","post","type-post","status-publish","format-standard","has-post-thumbnail","hentry","category-actualidad","category-universidad-al-dia","category-ucaldas-cultural","tag-presentacion","tag-artes","tag-revista","tag-escenicas"],"yoast_head":"<!-- This site is optimized with the Yoast SEO plugin v27.5 - https:\/\/yoast.com\/product\/yoast-seo-wordpress\/ -->\n<title>Revista del Departamento de Artes Esc\u00e9nicas presentar\u00e1 dos nuevos n\u00fameros .<\/title>\n<meta name=\"robots\" content=\"index, follow, max-snippet:-1, max-image-preview:large, max-video-preview:-1\" \/>\n<link rel=\"canonical\" href=\"https:\/\/www.ucaldas.edu.co\/portal\/revista-del-departamento-de-artes-escenicas-presentara-dos-nuevos-numeros\/\" \/>\n<script type=\"application\/ld+json\" class=\"yoast-schema-graph\">{\"@context\":\"https:\\\/\\\/schema.org\",\"@graph\":[{\"@type\":\"Article\",\"@id\":\"https:\\\/\\\/www.ucaldas.edu.co\\\/portal\\\/revista-del-departamento-de-artes-escenicas-presentara-dos-nuevos-numeros\\\/#article\",\"isPartOf\":{\"@id\":\"https:\\\/\\\/www.ucaldas.edu.co\\\/portal\\\/revista-del-departamento-de-artes-escenicas-presentara-dos-nuevos-numeros\\\/\"},\"author\":{\"name\":\"ofiprensa\",\"@id\":\"https:\\\/\\\/www.ucaldas.edu.co\\\/portal\\\/#\\\/schema\\\/person\\\/a1b482e23449158b4bc319926c074fdf\"},\"headline\":\"Revista del Departamento de Artes Esc\u00e9nicas presentar\u00e1 dos nuevos n\u00fameros\",\"datePublished\":\"2020-02-24T22:17:20+00:00\",\"dateModified\":\"2020-02-24T22:17:25+00:00\",\"mainEntityOfPage\":{\"@id\":\"https:\\\/\\\/www.ucaldas.edu.co\\\/portal\\\/revista-del-departamento-de-artes-escenicas-presentara-dos-nuevos-numeros\\\/\"},\"wordCount\":299,\"publisher\":{\"@id\":\"https:\\\/\\\/www.ucaldas.edu.co\\\/portal\\\/#organization\"},\"image\":{\"@id\":\"https:\\\/\\\/www.ucaldas.edu.co\\\/portal\\\/revista-del-departamento-de-artes-escenicas-presentara-dos-nuevos-numeros\\\/#primaryimage\"},\"thumbnailUrl\":\"https:\\\/\\\/www.ucaldas.edu.co\\\/portal\\\/wp-content\\\/uploads\\\/2020\\\/02\\\/REVISTA-ARTES-ESCENICAS-compressor.png\",\"keywords\":[\"Presentaci\u00f3n\",\"artes\",\"revista\",\"esc\u00e9nicas\"],\"articleSection\":[\"Actualidad\",\"Universidad al D\u00eda\",\"UCaldas Cultural\"],\"inLanguage\":\"es\"},{\"@type\":\"WebPage\",\"@id\":\"https:\\\/\\\/www.ucaldas.edu.co\\\/portal\\\/revista-del-departamento-de-artes-escenicas-presentara-dos-nuevos-numeros\\\/\",\"url\":\"https:\\\/\\\/www.ucaldas.edu.co\\\/portal\\\/revista-del-departamento-de-artes-escenicas-presentara-dos-nuevos-numeros\\\/\",\"name\":\"Revista del Departamento de Artes Esc\u00e9nicas presentar\u00e1 dos nuevos n\u00fameros .\",\"isPartOf\":{\"@id\":\"https:\\\/\\\/www.ucaldas.edu.co\\\/portal\\\/#website\"},\"primaryImageOfPage\":{\"@id\":\"https:\\\/\\\/www.ucaldas.edu.co\\\/portal\\\/revista-del-departamento-de-artes-escenicas-presentara-dos-nuevos-numeros\\\/#primaryimage\"},\"image\":{\"@id\":\"https:\\\/\\\/www.ucaldas.edu.co\\\/portal\\\/revista-del-departamento-de-artes-escenicas-presentara-dos-nuevos-numeros\\\/#primaryimage\"},\"thumbnailUrl\":\"https:\\\/\\\/www.ucaldas.edu.co\\\/portal\\\/wp-content\\\/uploads\\\/2020\\\/02\\\/REVISTA-ARTES-ESCENICAS-compressor.png\",\"datePublished\":\"2020-02-24T22:17:20+00:00\",\"dateModified\":\"2020-02-24T22:17:25+00:00\",\"breadcrumb\":{\"@id\":\"https:\\\/\\\/www.ucaldas.edu.co\\\/portal\\\/revista-del-departamento-de-artes-escenicas-presentara-dos-nuevos-numeros\\\/#breadcrumb\"},\"inLanguage\":\"es\",\"potentialAction\":[{\"@type\":\"ReadAction\",\"target\":[\"https:\\\/\\\/www.ucaldas.edu.co\\\/portal\\\/revista-del-departamento-de-artes-escenicas-presentara-dos-nuevos-numeros\\\/\"]}]},{\"@type\":\"ImageObject\",\"inLanguage\":\"es\",\"@id\":\"https:\\\/\\\/www.ucaldas.edu.co\\\/portal\\\/revista-del-departamento-de-artes-escenicas-presentara-dos-nuevos-numeros\\\/#primaryimage\",\"url\":\"https:\\\/\\\/www.ucaldas.edu.co\\\/portal\\\/wp-content\\\/uploads\\\/2020\\\/02\\\/REVISTA-ARTES-ESCENICAS-compressor.png\",\"contentUrl\":\"https:\\\/\\\/www.ucaldas.edu.co\\\/portal\\\/wp-content\\\/uploads\\\/2020\\\/02\\\/REVISTA-ARTES-ESCENICAS-compressor.png\",\"width\":700,\"height\":400},{\"@type\":\"BreadcrumbList\",\"@id\":\"https:\\\/\\\/www.ucaldas.edu.co\\\/portal\\\/revista-del-departamento-de-artes-escenicas-presentara-dos-nuevos-numeros\\\/#breadcrumb\",\"itemListElement\":[{\"@type\":\"ListItem\",\"position\":1,\"name\":\"Portada\",\"item\":\"https:\\\/\\\/www.ucaldas.edu.co\\\/portal\\\/\"},{\"@type\":\"ListItem\",\"position\":2,\"name\":\"Revista del Departamento de Artes Esc\u00e9nicas presentar\u00e1 dos nuevos n\u00fameros\"}]},{\"@type\":\"WebSite\",\"@id\":\"https:\\\/\\\/www.ucaldas.edu.co\\\/portal\\\/#website\",\"url\":\"https:\\\/\\\/www.ucaldas.edu.co\\\/portal\\\/\",\"name\":\"Universidad de Caldas\",\"description\":\"\",\"publisher\":{\"@id\":\"https:\\\/\\\/www.ucaldas.edu.co\\\/portal\\\/#organization\"},\"alternateName\":\"U. de Caldas\",\"potentialAction\":[{\"@type\":\"SearchAction\",\"target\":{\"@type\":\"EntryPoint\",\"urlTemplate\":\"https:\\\/\\\/www.ucaldas.edu.co\\\/portal\\\/?s={search_term_string}\"},\"query-input\":{\"@type\":\"PropertyValueSpecification\",\"valueRequired\":true,\"valueName\":\"search_term_string\"}}],\"inLanguage\":\"es\"},{\"@type\":\"Organization\",\"@id\":\"https:\\\/\\\/www.ucaldas.edu.co\\\/portal\\\/#organization\",\"name\":\"Universidad de Caldas\",\"alternateName\":\"U. de Caldas\",\"url\":\"https:\\\/\\\/www.ucaldas.edu.co\\\/portal\\\/\",\"logo\":{\"@type\":\"ImageObject\",\"inLanguage\":\"es\",\"@id\":\"https:\\\/\\\/www.ucaldas.edu.co\\\/portal\\\/#\\\/schema\\\/logo\\\/image\\\/\",\"url\":\"https:\\\/\\\/www.ucaldas.edu.co\\\/portal\\\/wp-content\\\/uploads\\\/2023\\\/11\\\/Logo_horizontal_oscuroU-2023.png\",\"contentUrl\":\"https:\\\/\\\/www.ucaldas.edu.co\\\/portal\\\/wp-content\\\/uploads\\\/2023\\\/11\\\/Logo_horizontal_oscuroU-2023.png\",\"width\":263,\"height\":101,\"caption\":\"Universidad de Caldas\"},\"image\":{\"@id\":\"https:\\\/\\\/www.ucaldas.edu.co\\\/portal\\\/#\\\/schema\\\/logo\\\/image\\\/\"},\"sameAs\":[\"https:\\\/\\\/www.facebook.com\\\/udecaldas\",\"https:\\\/\\\/x.com\\\/udecaldas\",\"https:\\\/\\\/www.youtube.com\\\/universidadcaldas\",\"https:\\\/\\\/www.instagram.com\\\/udecaldas\\\/\"]},{\"@type\":\"Person\",\"@id\":\"https:\\\/\\\/www.ucaldas.edu.co\\\/portal\\\/#\\\/schema\\\/person\\\/a1b482e23449158b4bc319926c074fdf\",\"name\":\"ofiprensa\",\"image\":{\"@type\":\"ImageObject\",\"inLanguage\":\"es\",\"@id\":\"https:\\\/\\\/www.ucaldas.edu.co\\\/portal\\\/wp-content\\\/litespeed\\\/avatar\\\/09ea5085e600095a7a811142c6944527.jpg?ver=1777497608\",\"url\":\"https:\\\/\\\/www.ucaldas.edu.co\\\/portal\\\/wp-content\\\/litespeed\\\/avatar\\\/09ea5085e600095a7a811142c6944527.jpg?ver=1777497608\",\"contentUrl\":\"https:\\\/\\\/www.ucaldas.edu.co\\\/portal\\\/wp-content\\\/litespeed\\\/avatar\\\/09ea5085e600095a7a811142c6944527.jpg?ver=1777497608\",\"caption\":\"ofiprensa\"},\"url\":\"https:\\\/\\\/www.ucaldas.edu.co\\\/portal\\\/author\\\/ofiprensa\\\/\"}]}<\/script>\n<!-- \/ Yoast SEO plugin. -->","yoast_head_json":{"title":"Revista del Departamento de Artes Esc\u00e9nicas presentar\u00e1 dos nuevos n\u00fameros .","robots":{"index":"index","follow":"follow","max-snippet":"max-snippet:-1","max-image-preview":"max-image-preview:large","max-video-preview":"max-video-preview:-1"},"canonical":"https:\/\/www.ucaldas.edu.co\/portal\/revista-del-departamento-de-artes-escenicas-presentara-dos-nuevos-numeros\/","schema":{"@context":"https:\/\/schema.org","@graph":[{"@type":"Article","@id":"https:\/\/www.ucaldas.edu.co\/portal\/revista-del-departamento-de-artes-escenicas-presentara-dos-nuevos-numeros\/#article","isPartOf":{"@id":"https:\/\/www.ucaldas.edu.co\/portal\/revista-del-departamento-de-artes-escenicas-presentara-dos-nuevos-numeros\/"},"author":{"name":"ofiprensa","@id":"https:\/\/www.ucaldas.edu.co\/portal\/#\/schema\/person\/a1b482e23449158b4bc319926c074fdf"},"headline":"Revista del Departamento de Artes Esc\u00e9nicas presentar\u00e1 dos nuevos n\u00fameros","datePublished":"2020-02-24T22:17:20+00:00","dateModified":"2020-02-24T22:17:25+00:00","mainEntityOfPage":{"@id":"https:\/\/www.ucaldas.edu.co\/portal\/revista-del-departamento-de-artes-escenicas-presentara-dos-nuevos-numeros\/"},"wordCount":299,"publisher":{"@id":"https:\/\/www.ucaldas.edu.co\/portal\/#organization"},"image":{"@id":"https:\/\/www.ucaldas.edu.co\/portal\/revista-del-departamento-de-artes-escenicas-presentara-dos-nuevos-numeros\/#primaryimage"},"thumbnailUrl":"https:\/\/www.ucaldas.edu.co\/portal\/wp-content\/uploads\/2020\/02\/REVISTA-ARTES-ESCENICAS-compressor.png","keywords":["Presentaci\u00f3n","artes","revista","esc\u00e9nicas"],"articleSection":["Actualidad","Universidad al D\u00eda","UCaldas Cultural"],"inLanguage":"es"},{"@type":"WebPage","@id":"https:\/\/www.ucaldas.edu.co\/portal\/revista-del-departamento-de-artes-escenicas-presentara-dos-nuevos-numeros\/","url":"https:\/\/www.ucaldas.edu.co\/portal\/revista-del-departamento-de-artes-escenicas-presentara-dos-nuevos-numeros\/","name":"Revista del Departamento de Artes Esc\u00e9nicas presentar\u00e1 dos nuevos n\u00fameros .","isPartOf":{"@id":"https:\/\/www.ucaldas.edu.co\/portal\/#website"},"primaryImageOfPage":{"@id":"https:\/\/www.ucaldas.edu.co\/portal\/revista-del-departamento-de-artes-escenicas-presentara-dos-nuevos-numeros\/#primaryimage"},"image":{"@id":"https:\/\/www.ucaldas.edu.co\/portal\/revista-del-departamento-de-artes-escenicas-presentara-dos-nuevos-numeros\/#primaryimage"},"thumbnailUrl":"https:\/\/www.ucaldas.edu.co\/portal\/wp-content\/uploads\/2020\/02\/REVISTA-ARTES-ESCENICAS-compressor.png","datePublished":"2020-02-24T22:17:20+00:00","dateModified":"2020-02-24T22:17:25+00:00","breadcrumb":{"@id":"https:\/\/www.ucaldas.edu.co\/portal\/revista-del-departamento-de-artes-escenicas-presentara-dos-nuevos-numeros\/#breadcrumb"},"inLanguage":"es","potentialAction":[{"@type":"ReadAction","target":["https:\/\/www.ucaldas.edu.co\/portal\/revista-del-departamento-de-artes-escenicas-presentara-dos-nuevos-numeros\/"]}]},{"@type":"ImageObject","inLanguage":"es","@id":"https:\/\/www.ucaldas.edu.co\/portal\/revista-del-departamento-de-artes-escenicas-presentara-dos-nuevos-numeros\/#primaryimage","url":"https:\/\/www.ucaldas.edu.co\/portal\/wp-content\/uploads\/2020\/02\/REVISTA-ARTES-ESCENICAS-compressor.png","contentUrl":"https:\/\/www.ucaldas.edu.co\/portal\/wp-content\/uploads\/2020\/02\/REVISTA-ARTES-ESCENICAS-compressor.png","width":700,"height":400},{"@type":"BreadcrumbList","@id":"https:\/\/www.ucaldas.edu.co\/portal\/revista-del-departamento-de-artes-escenicas-presentara-dos-nuevos-numeros\/#breadcrumb","itemListElement":[{"@type":"ListItem","position":1,"name":"Portada","item":"https:\/\/www.ucaldas.edu.co\/portal\/"},{"@type":"ListItem","position":2,"name":"Revista del Departamento de Artes Esc\u00e9nicas presentar\u00e1 dos nuevos n\u00fameros"}]},{"@type":"WebSite","@id":"https:\/\/www.ucaldas.edu.co\/portal\/#website","url":"https:\/\/www.ucaldas.edu.co\/portal\/","name":"Universidad de Caldas","description":"","publisher":{"@id":"https:\/\/www.ucaldas.edu.co\/portal\/#organization"},"alternateName":"U. de Caldas","potentialAction":[{"@type":"SearchAction","target":{"@type":"EntryPoint","urlTemplate":"https:\/\/www.ucaldas.edu.co\/portal\/?s={search_term_string}"},"query-input":{"@type":"PropertyValueSpecification","valueRequired":true,"valueName":"search_term_string"}}],"inLanguage":"es"},{"@type":"Organization","@id":"https:\/\/www.ucaldas.edu.co\/portal\/#organization","name":"Universidad de Caldas","alternateName":"U. de Caldas","url":"https:\/\/www.ucaldas.edu.co\/portal\/","logo":{"@type":"ImageObject","inLanguage":"es","@id":"https:\/\/www.ucaldas.edu.co\/portal\/#\/schema\/logo\/image\/","url":"https:\/\/www.ucaldas.edu.co\/portal\/wp-content\/uploads\/2023\/11\/Logo_horizontal_oscuroU-2023.png","contentUrl":"https:\/\/www.ucaldas.edu.co\/portal\/wp-content\/uploads\/2023\/11\/Logo_horizontal_oscuroU-2023.png","width":263,"height":101,"caption":"Universidad de Caldas"},"image":{"@id":"https:\/\/www.ucaldas.edu.co\/portal\/#\/schema\/logo\/image\/"},"sameAs":["https:\/\/www.facebook.com\/udecaldas","https:\/\/x.com\/udecaldas","https:\/\/www.youtube.com\/universidadcaldas","https:\/\/www.instagram.com\/udecaldas\/"]},{"@type":"Person","@id":"https:\/\/www.ucaldas.edu.co\/portal\/#\/schema\/person\/a1b482e23449158b4bc319926c074fdf","name":"ofiprensa","image":{"@type":"ImageObject","inLanguage":"es","@id":"https:\/\/www.ucaldas.edu.co\/portal\/wp-content\/litespeed\/avatar\/09ea5085e600095a7a811142c6944527.jpg?ver=1777497608","url":"https:\/\/www.ucaldas.edu.co\/portal\/wp-content\/litespeed\/avatar\/09ea5085e600095a7a811142c6944527.jpg?ver=1777497608","contentUrl":"https:\/\/www.ucaldas.edu.co\/portal\/wp-content\/litespeed\/avatar\/09ea5085e600095a7a811142c6944527.jpg?ver=1777497608","caption":"ofiprensa"},"url":"https:\/\/www.ucaldas.edu.co\/portal\/author\/ofiprensa\/"}]}},"_links":{"self":[{"href":"https:\/\/www.ucaldas.edu.co\/portal\/wp-json\/wp\/v2\/posts\/54323","targetHints":{"allow":["GET"]}}],"collection":[{"href":"https:\/\/www.ucaldas.edu.co\/portal\/wp-json\/wp\/v2\/posts"}],"about":[{"href":"https:\/\/www.ucaldas.edu.co\/portal\/wp-json\/wp\/v2\/types\/post"}],"author":[{"embeddable":true,"href":"https:\/\/www.ucaldas.edu.co\/portal\/wp-json\/wp\/v2\/users\/2"}],"replies":[{"embeddable":true,"href":"https:\/\/www.ucaldas.edu.co\/portal\/wp-json\/wp\/v2\/comments?post=54323"}],"version-history":[{"count":0,"href":"https:\/\/www.ucaldas.edu.co\/portal\/wp-json\/wp\/v2\/posts\/54323\/revisions"}],"wp:featuredmedia":[{"embeddable":true,"href":"https:\/\/www.ucaldas.edu.co\/portal\/wp-json\/wp\/v2\/media\/54324"}],"wp:attachment":[{"href":"https:\/\/www.ucaldas.edu.co\/portal\/wp-json\/wp\/v2\/media?parent=54323"}],"wp:term":[{"taxonomy":"category","embeddable":true,"href":"https:\/\/www.ucaldas.edu.co\/portal\/wp-json\/wp\/v2\/categories?post=54323"},{"taxonomy":"post_tag","embeddable":true,"href":"https:\/\/www.ucaldas.edu.co\/portal\/wp-json\/wp\/v2\/tags?post=54323"}],"curies":[{"name":"wp","href":"https:\/\/api.w.org\/{rel}","templated":true}]}}