{"id":54204,"date":"2020-02-18T22:57:17","date_gmt":"2020-02-18T22:57:17","guid":{"rendered":"https:\/\/www.ucaldas.edu.co\/portal\/?p=54204"},"modified":"2020-02-18T23:00:56","modified_gmt":"2020-02-18T23:00:56","slug":"invitacion-a-presentar-propuestas-para-programa-bmbf-de-intercambio-de-investigadores-colombia-alemania","status":"publish","type":"post","link":"https:\/\/www.ucaldas.edu.co\/portal\/invitacion-a-presentar-propuestas-para-programa-bmbf-de-intercambio-de-investigadores-colombia-alemania\/","title":{"rendered":"Invitaci\u00f3n a presentar propuestas para programa BMBF de intercambio de investigadores Colombia \u2013 Alemania"},"content":{"rendered":"<p style=\"text-align: center;\">CONVOCATORIA DE MINCIENCIAS ABIERTA HASTA EL 10 DE ABRIL<\/p>\n<p style=\"text-align: center;\"><strong>Invitaci\u00f3n a presentar propuestas para programa BMBF de intercambio de investigadores Colombia \u2013 Alemania<\/strong><\/p>\n<p style=\"text-align: right;\">18\/02\/2020<\/p>\n<p><strong><img loading=\"lazy\" decoding=\"async\" class=\"aligncenter wp-image-54205 size-full\" src=\"https:\/\/www.ucaldas.edu.co\/portal\/wp-content\/uploads\/2020\/02\/MINCIENCIAS-compressor.png\" alt=\"\" width=\"700\" height=\"400\" srcset=\"https:\/\/www.ucaldas.edu.co\/portal\/wp-content\/uploads\/2020\/02\/MINCIENCIAS-compressor.png 700w, https:\/\/www.ucaldas.edu.co\/portal\/wp-content\/uploads\/2020\/02\/MINCIENCIAS-compressor-300x171.png 300w\" sizes=\"auto, (max-width: 700px) 100vw, 700px\" \/>\u00a0<\/strong><\/p>\n<p>Con el objetivo de conformar una lista de elegibles para apoyar movilidades con Alemania, entre investigadores con reconocimiento vigente por MINCIENCIAS y estudiantes en formaci\u00f3n (doctorado nacional) y las siguientes universidades: Universidad EIA, Universidad de Antioquia, Universidad Pontificia Bolivariana y la Universidad de Medell\u00edn y sus pares en Alemania, en el marco del desarrollo de proyectos conjuntos de investigaci\u00f3n e innovaci\u00f3n.<!--more--><\/p>\n<p>La convocatoria est\u00e1 dirigida a investigadores reconocidos por el Ministerio de Ciencia, Tecnolog\u00eda e Innovaci\u00f3n (en adelante \u2013 MINCIENCIAS) y\/o estudiantes en formaci\u00f3n (doctorado nacional) al cierre de la invitaci\u00f3n, que presenten propuestas de movilidad con Alemania en el marco de proyectos de investigaci\u00f3n conjunta, que ser\u00e1n financiadas por las siguientes universidades: Universidad EIA, Universidad de Antioquia, Universidad Pontificia Bolivariana y la Universidad de Medell\u00edn.<\/p>\n<p>Entre las l\u00edneas tem\u00e1ticas que incluye la convocatoria se cuentan: Biotecnolog\u00eda, Biodiversidad, Investigaci\u00f3n Marina, Salud, Geociencias, as\u00ed como los 4 campos y las 15 l\u00edneas tem\u00e1ticas definidas en la agenda regional:<\/p>\n<p><strong>Campo 1:<\/strong> Sociedad y Cultura: &#8211; Construcci\u00f3n preservaci\u00f3n y Gesti\u00f3n del Patrimonio &#8211; Industria Culturales y Creativas &#8211; H\u00e1bitat, paz y ciudadan\u00eda &#8211; Apropiaci\u00f3n Cultural<\/p>\n<p><strong>Campo 2<\/strong>: Naturaleza y Recursos &#8211; Recursos y servicios ambientales &#8211; Generaci\u00f3n almacenamiento y gesti\u00f3n de la energ\u00eda &#8211; Prevenci\u00f3n y control de contaminaci\u00f3n &#8211; Tecnificaci\u00f3n del agro.<\/p>\n<p><strong>Campo 3:<\/strong> Organizaciones y Territorios Competitivos &#8211; Transformaci\u00f3n digital &#8211; Territorios inteligentes para la vida &#8211; Tecnolog\u00edas inform\u00e1ticas habilitadoras de la industria 4.0<\/p>\n<p><strong>Campo 4:<\/strong> Salud y Vida &#8211; Educaci\u00f3n, promoci\u00f3n y prevenci\u00f3n en salud &#8211; Inteligencia en salud &#8211; Precisi\u00f3n diagnostica y tratamiento eficaz &#8211; Nutrici\u00f3n y agroalimentaci\u00f3n con alto valor agregado.<\/p>\n<p>Consulte la convocatoria completa <a href=\"https:\/\/www.ucaldas.edu.co\/portal\/wp-content\/uploads\/2020\/02\/1._vf_invitacion_bmbf_-_juridica.pdf\">aqu\u00ed<\/a><\/p>\n<p>&nbsp;<\/p>\n<p><strong>Informes:<\/strong> Oficina de Comunicaciones y Prensa Universidad de Caldas. Tel\u00e9fono: 8781500 Extensi\u00f3n: 12167<\/p>\n<p><strong>Redacci\u00f3n:<\/strong> Adriana Salazar Villegas<\/p>\n","protected":false},"excerpt":{"rendered":"<p>CONVOCATORIA DE MINCIENCIAS ABIERTA HASTA EL 10 DE ABRIL Invitaci\u00f3n a presentar propuestas para programa BMBF de intercambio de investigadores Colombia \u2013 Alemania 18\/02\/2020 \u00a0 Con el objetivo de conformar una lista de elegibles para apoyar movilidades con Alemania, entre investigadores con reconocimiento vigente por MINCIENCIAS y estudiantes en formaci\u00f3n (doctorado nacional) y las siguientes [&hellip;]<\/p>\n","protected":false},"author":2,"featured_media":54205,"comment_status":"closed","ping_status":"open","sticky":false,"template":"","format":"standard","meta":{"footnotes":""},"categories":[624,48,53],"tags":[4543,4611,141,309],"class_list":["post-54204","post","type-post","status-publish","format-standard","has-post-thumbnail","hentry","category-ucaldas-activa","category-actualidad","category-universidad-al-dia","tag-minciencias","tag-bmbf","tag-convocatoria","tag-investigadores"],"yoast_head":"<!-- This site is optimized with the Yoast SEO plugin v27.5 - https:\/\/yoast.com\/product\/yoast-seo-wordpress\/ -->\n<title>Invitaci\u00f3n a presentar propuestas para programa BMBF de intercambio de investigadores Colombia \u2013 Alemania .<\/title>\n<meta name=\"robots\" content=\"index, follow, max-snippet:-1, max-image-preview:large, max-video-preview:-1\" \/>\n<link rel=\"canonical\" href=\"https:\/\/www.ucaldas.edu.co\/portal\/invitacion-a-presentar-propuestas-para-programa-bmbf-de-intercambio-de-investigadores-colombia-alemania\/\" \/>\n<script type=\"application\/ld+json\" class=\"yoast-schema-graph\">{\"@context\":\"https:\\\/\\\/schema.org\",\"@graph\":[{\"@type\":\"Article\",\"@id\":\"https:\\\/\\\/www.ucaldas.edu.co\\\/portal\\\/invitacion-a-presentar-propuestas-para-programa-bmbf-de-intercambio-de-investigadores-colombia-alemania\\\/#article\",\"isPartOf\":{\"@id\":\"https:\\\/\\\/www.ucaldas.edu.co\\\/portal\\\/invitacion-a-presentar-propuestas-para-programa-bmbf-de-intercambio-de-investigadores-colombia-alemania\\\/\"},\"author\":{\"name\":\"ofiprensa\",\"@id\":\"https:\\\/\\\/www.ucaldas.edu.co\\\/portal\\\/#\\\/schema\\\/person\\\/a1b482e23449158b4bc319926c074fdf\"},\"headline\":\"Invitaci\u00f3n a presentar propuestas para programa BMBF de intercambio de investigadores Colombia \u2013 Alemania\",\"datePublished\":\"2020-02-18T22:57:17+00:00\",\"dateModified\":\"2020-02-18T23:00:56+00:00\",\"mainEntityOfPage\":{\"@id\":\"https:\\\/\\\/www.ucaldas.edu.co\\\/portal\\\/invitacion-a-presentar-propuestas-para-programa-bmbf-de-intercambio-de-investigadores-colombia-alemania\\\/\"},\"wordCount\":354,\"publisher\":{\"@id\":\"https:\\\/\\\/www.ucaldas.edu.co\\\/portal\\\/#organization\"},\"image\":{\"@id\":\"https:\\\/\\\/www.ucaldas.edu.co\\\/portal\\\/invitacion-a-presentar-propuestas-para-programa-bmbf-de-intercambio-de-investigadores-colombia-alemania\\\/#primaryimage\"},\"thumbnailUrl\":\"https:\\\/\\\/www.ucaldas.edu.co\\\/portal\\\/wp-content\\\/uploads\\\/2020\\\/02\\\/MINCIENCIAS-compressor.png\",\"keywords\":[\"Minciencias\",\"BMBF\",\"Convocatoria\",\"investigadores\"],\"articleSection\":[\"UCaldas Activa\",\"Actualidad\",\"Universidad al D\u00eda\"],\"inLanguage\":\"es\"},{\"@type\":\"WebPage\",\"@id\":\"https:\\\/\\\/www.ucaldas.edu.co\\\/portal\\\/invitacion-a-presentar-propuestas-para-programa-bmbf-de-intercambio-de-investigadores-colombia-alemania\\\/\",\"url\":\"https:\\\/\\\/www.ucaldas.edu.co\\\/portal\\\/invitacion-a-presentar-propuestas-para-programa-bmbf-de-intercambio-de-investigadores-colombia-alemania\\\/\",\"name\":\"Invitaci\u00f3n a presentar propuestas para programa BMBF de intercambio de investigadores Colombia \u2013 Alemania .\",\"isPartOf\":{\"@id\":\"https:\\\/\\\/www.ucaldas.edu.co\\\/portal\\\/#website\"},\"primaryImageOfPage\":{\"@id\":\"https:\\\/\\\/www.ucaldas.edu.co\\\/portal\\\/invitacion-a-presentar-propuestas-para-programa-bmbf-de-intercambio-de-investigadores-colombia-alemania\\\/#primaryimage\"},\"image\":{\"@id\":\"https:\\\/\\\/www.ucaldas.edu.co\\\/portal\\\/invitacion-a-presentar-propuestas-para-programa-bmbf-de-intercambio-de-investigadores-colombia-alemania\\\/#primaryimage\"},\"thumbnailUrl\":\"https:\\\/\\\/www.ucaldas.edu.co\\\/portal\\\/wp-content\\\/uploads\\\/2020\\\/02\\\/MINCIENCIAS-compressor.png\",\"datePublished\":\"2020-02-18T22:57:17+00:00\",\"dateModified\":\"2020-02-18T23:00:56+00:00\",\"breadcrumb\":{\"@id\":\"https:\\\/\\\/www.ucaldas.edu.co\\\/portal\\\/invitacion-a-presentar-propuestas-para-programa-bmbf-de-intercambio-de-investigadores-colombia-alemania\\\/#breadcrumb\"},\"inLanguage\":\"es\",\"potentialAction\":[{\"@type\":\"ReadAction\",\"target\":[\"https:\\\/\\\/www.ucaldas.edu.co\\\/portal\\\/invitacion-a-presentar-propuestas-para-programa-bmbf-de-intercambio-de-investigadores-colombia-alemania\\\/\"]}]},{\"@type\":\"ImageObject\",\"inLanguage\":\"es\",\"@id\":\"https:\\\/\\\/www.ucaldas.edu.co\\\/portal\\\/invitacion-a-presentar-propuestas-para-programa-bmbf-de-intercambio-de-investigadores-colombia-alemania\\\/#primaryimage\",\"url\":\"https:\\\/\\\/www.ucaldas.edu.co\\\/portal\\\/wp-content\\\/uploads\\\/2020\\\/02\\\/MINCIENCIAS-compressor.png\",\"contentUrl\":\"https:\\\/\\\/www.ucaldas.edu.co\\\/portal\\\/wp-content\\\/uploads\\\/2020\\\/02\\\/MINCIENCIAS-compressor.png\",\"width\":700,\"height\":400},{\"@type\":\"BreadcrumbList\",\"@id\":\"https:\\\/\\\/www.ucaldas.edu.co\\\/portal\\\/invitacion-a-presentar-propuestas-para-programa-bmbf-de-intercambio-de-investigadores-colombia-alemania\\\/#breadcrumb\",\"itemListElement\":[{\"@type\":\"ListItem\",\"position\":1,\"name\":\"Portada\",\"item\":\"https:\\\/\\\/www.ucaldas.edu.co\\\/portal\\\/\"},{\"@type\":\"ListItem\",\"position\":2,\"name\":\"Invitaci\u00f3n a presentar propuestas para programa BMBF de intercambio de investigadores Colombia \u2013 Alemania\"}]},{\"@type\":\"WebSite\",\"@id\":\"https:\\\/\\\/www.ucaldas.edu.co\\\/portal\\\/#website\",\"url\":\"https:\\\/\\\/www.ucaldas.edu.co\\\/portal\\\/\",\"name\":\"Universidad de Caldas\",\"description\":\"\",\"publisher\":{\"@id\":\"https:\\\/\\\/www.ucaldas.edu.co\\\/portal\\\/#organization\"},\"alternateName\":\"U. de Caldas\",\"potentialAction\":[{\"@type\":\"SearchAction\",\"target\":{\"@type\":\"EntryPoint\",\"urlTemplate\":\"https:\\\/\\\/www.ucaldas.edu.co\\\/portal\\\/?s={search_term_string}\"},\"query-input\":{\"@type\":\"PropertyValueSpecification\",\"valueRequired\":true,\"valueName\":\"search_term_string\"}}],\"inLanguage\":\"es\"},{\"@type\":\"Organization\",\"@id\":\"https:\\\/\\\/www.ucaldas.edu.co\\\/portal\\\/#organization\",\"name\":\"Universidad de Caldas\",\"alternateName\":\"U. de Caldas\",\"url\":\"https:\\\/\\\/www.ucaldas.edu.co\\\/portal\\\/\",\"logo\":{\"@type\":\"ImageObject\",\"inLanguage\":\"es\",\"@id\":\"https:\\\/\\\/www.ucaldas.edu.co\\\/portal\\\/#\\\/schema\\\/logo\\\/image\\\/\",\"url\":\"https:\\\/\\\/www.ucaldas.edu.co\\\/portal\\\/wp-content\\\/uploads\\\/2023\\\/11\\\/Logo_horizontal_oscuroU-2023.png\",\"contentUrl\":\"https:\\\/\\\/www.ucaldas.edu.co\\\/portal\\\/wp-content\\\/uploads\\\/2023\\\/11\\\/Logo_horizontal_oscuroU-2023.png\",\"width\":263,\"height\":101,\"caption\":\"Universidad de Caldas\"},\"image\":{\"@id\":\"https:\\\/\\\/www.ucaldas.edu.co\\\/portal\\\/#\\\/schema\\\/logo\\\/image\\\/\"},\"sameAs\":[\"https:\\\/\\\/www.facebook.com\\\/udecaldas\",\"https:\\\/\\\/x.com\\\/udecaldas\",\"https:\\\/\\\/www.youtube.com\\\/universidadcaldas\",\"https:\\\/\\\/www.instagram.com\\\/udecaldas\\\/\"]},{\"@type\":\"Person\",\"@id\":\"https:\\\/\\\/www.ucaldas.edu.co\\\/portal\\\/#\\\/schema\\\/person\\\/a1b482e23449158b4bc319926c074fdf\",\"name\":\"ofiprensa\",\"image\":{\"@type\":\"ImageObject\",\"inLanguage\":\"es\",\"@id\":\"https:\\\/\\\/www.ucaldas.edu.co\\\/portal\\\/wp-content\\\/litespeed\\\/avatar\\\/09ea5085e600095a7a811142c6944527.jpg?ver=1777497608\",\"url\":\"https:\\\/\\\/www.ucaldas.edu.co\\\/portal\\\/wp-content\\\/litespeed\\\/avatar\\\/09ea5085e600095a7a811142c6944527.jpg?ver=1777497608\",\"contentUrl\":\"https:\\\/\\\/www.ucaldas.edu.co\\\/portal\\\/wp-content\\\/litespeed\\\/avatar\\\/09ea5085e600095a7a811142c6944527.jpg?ver=1777497608\",\"caption\":\"ofiprensa\"},\"url\":\"https:\\\/\\\/www.ucaldas.edu.co\\\/portal\\\/author\\\/ofiprensa\\\/\"}]}<\/script>\n<!-- \/ Yoast SEO plugin. -->","yoast_head_json":{"title":"Invitaci\u00f3n a presentar propuestas para programa BMBF de intercambio de investigadores Colombia \u2013 Alemania .","robots":{"index":"index","follow":"follow","max-snippet":"max-snippet:-1","max-image-preview":"max-image-preview:large","max-video-preview":"max-video-preview:-1"},"canonical":"https:\/\/www.ucaldas.edu.co\/portal\/invitacion-a-presentar-propuestas-para-programa-bmbf-de-intercambio-de-investigadores-colombia-alemania\/","schema":{"@context":"https:\/\/schema.org","@graph":[{"@type":"Article","@id":"https:\/\/www.ucaldas.edu.co\/portal\/invitacion-a-presentar-propuestas-para-programa-bmbf-de-intercambio-de-investigadores-colombia-alemania\/#article","isPartOf":{"@id":"https:\/\/www.ucaldas.edu.co\/portal\/invitacion-a-presentar-propuestas-para-programa-bmbf-de-intercambio-de-investigadores-colombia-alemania\/"},"author":{"name":"ofiprensa","@id":"https:\/\/www.ucaldas.edu.co\/portal\/#\/schema\/person\/a1b482e23449158b4bc319926c074fdf"},"headline":"Invitaci\u00f3n a presentar propuestas para programa BMBF de intercambio de investigadores Colombia \u2013 Alemania","datePublished":"2020-02-18T22:57:17+00:00","dateModified":"2020-02-18T23:00:56+00:00","mainEntityOfPage":{"@id":"https:\/\/www.ucaldas.edu.co\/portal\/invitacion-a-presentar-propuestas-para-programa-bmbf-de-intercambio-de-investigadores-colombia-alemania\/"},"wordCount":354,"publisher":{"@id":"https:\/\/www.ucaldas.edu.co\/portal\/#organization"},"image":{"@id":"https:\/\/www.ucaldas.edu.co\/portal\/invitacion-a-presentar-propuestas-para-programa-bmbf-de-intercambio-de-investigadores-colombia-alemania\/#primaryimage"},"thumbnailUrl":"https:\/\/www.ucaldas.edu.co\/portal\/wp-content\/uploads\/2020\/02\/MINCIENCIAS-compressor.png","keywords":["Minciencias","BMBF","Convocatoria","investigadores"],"articleSection":["UCaldas Activa","Actualidad","Universidad al D\u00eda"],"inLanguage":"es"},{"@type":"WebPage","@id":"https:\/\/www.ucaldas.edu.co\/portal\/invitacion-a-presentar-propuestas-para-programa-bmbf-de-intercambio-de-investigadores-colombia-alemania\/","url":"https:\/\/www.ucaldas.edu.co\/portal\/invitacion-a-presentar-propuestas-para-programa-bmbf-de-intercambio-de-investigadores-colombia-alemania\/","name":"Invitaci\u00f3n a presentar propuestas para programa BMBF de intercambio de investigadores Colombia \u2013 Alemania .","isPartOf":{"@id":"https:\/\/www.ucaldas.edu.co\/portal\/#website"},"primaryImageOfPage":{"@id":"https:\/\/www.ucaldas.edu.co\/portal\/invitacion-a-presentar-propuestas-para-programa-bmbf-de-intercambio-de-investigadores-colombia-alemania\/#primaryimage"},"image":{"@id":"https:\/\/www.ucaldas.edu.co\/portal\/invitacion-a-presentar-propuestas-para-programa-bmbf-de-intercambio-de-investigadores-colombia-alemania\/#primaryimage"},"thumbnailUrl":"https:\/\/www.ucaldas.edu.co\/portal\/wp-content\/uploads\/2020\/02\/MINCIENCIAS-compressor.png","datePublished":"2020-02-18T22:57:17+00:00","dateModified":"2020-02-18T23:00:56+00:00","breadcrumb":{"@id":"https:\/\/www.ucaldas.edu.co\/portal\/invitacion-a-presentar-propuestas-para-programa-bmbf-de-intercambio-de-investigadores-colombia-alemania\/#breadcrumb"},"inLanguage":"es","potentialAction":[{"@type":"ReadAction","target":["https:\/\/www.ucaldas.edu.co\/portal\/invitacion-a-presentar-propuestas-para-programa-bmbf-de-intercambio-de-investigadores-colombia-alemania\/"]}]},{"@type":"ImageObject","inLanguage":"es","@id":"https:\/\/www.ucaldas.edu.co\/portal\/invitacion-a-presentar-propuestas-para-programa-bmbf-de-intercambio-de-investigadores-colombia-alemania\/#primaryimage","url":"https:\/\/www.ucaldas.edu.co\/portal\/wp-content\/uploads\/2020\/02\/MINCIENCIAS-compressor.png","contentUrl":"https:\/\/www.ucaldas.edu.co\/portal\/wp-content\/uploads\/2020\/02\/MINCIENCIAS-compressor.png","width":700,"height":400},{"@type":"BreadcrumbList","@id":"https:\/\/www.ucaldas.edu.co\/portal\/invitacion-a-presentar-propuestas-para-programa-bmbf-de-intercambio-de-investigadores-colombia-alemania\/#breadcrumb","itemListElement":[{"@type":"ListItem","position":1,"name":"Portada","item":"https:\/\/www.ucaldas.edu.co\/portal\/"},{"@type":"ListItem","position":2,"name":"Invitaci\u00f3n a presentar propuestas para programa BMBF de intercambio de investigadores Colombia \u2013 Alemania"}]},{"@type":"WebSite","@id":"https:\/\/www.ucaldas.edu.co\/portal\/#website","url":"https:\/\/www.ucaldas.edu.co\/portal\/","name":"Universidad de Caldas","description":"","publisher":{"@id":"https:\/\/www.ucaldas.edu.co\/portal\/#organization"},"alternateName":"U. de Caldas","potentialAction":[{"@type":"SearchAction","target":{"@type":"EntryPoint","urlTemplate":"https:\/\/www.ucaldas.edu.co\/portal\/?s={search_term_string}"},"query-input":{"@type":"PropertyValueSpecification","valueRequired":true,"valueName":"search_term_string"}}],"inLanguage":"es"},{"@type":"Organization","@id":"https:\/\/www.ucaldas.edu.co\/portal\/#organization","name":"Universidad de Caldas","alternateName":"U. de Caldas","url":"https:\/\/www.ucaldas.edu.co\/portal\/","logo":{"@type":"ImageObject","inLanguage":"es","@id":"https:\/\/www.ucaldas.edu.co\/portal\/#\/schema\/logo\/image\/","url":"https:\/\/www.ucaldas.edu.co\/portal\/wp-content\/uploads\/2023\/11\/Logo_horizontal_oscuroU-2023.png","contentUrl":"https:\/\/www.ucaldas.edu.co\/portal\/wp-content\/uploads\/2023\/11\/Logo_horizontal_oscuroU-2023.png","width":263,"height":101,"caption":"Universidad de Caldas"},"image":{"@id":"https:\/\/www.ucaldas.edu.co\/portal\/#\/schema\/logo\/image\/"},"sameAs":["https:\/\/www.facebook.com\/udecaldas","https:\/\/x.com\/udecaldas","https:\/\/www.youtube.com\/universidadcaldas","https:\/\/www.instagram.com\/udecaldas\/"]},{"@type":"Person","@id":"https:\/\/www.ucaldas.edu.co\/portal\/#\/schema\/person\/a1b482e23449158b4bc319926c074fdf","name":"ofiprensa","image":{"@type":"ImageObject","inLanguage":"es","@id":"https:\/\/www.ucaldas.edu.co\/portal\/wp-content\/litespeed\/avatar\/09ea5085e600095a7a811142c6944527.jpg?ver=1777497608","url":"https:\/\/www.ucaldas.edu.co\/portal\/wp-content\/litespeed\/avatar\/09ea5085e600095a7a811142c6944527.jpg?ver=1777497608","contentUrl":"https:\/\/www.ucaldas.edu.co\/portal\/wp-content\/litespeed\/avatar\/09ea5085e600095a7a811142c6944527.jpg?ver=1777497608","caption":"ofiprensa"},"url":"https:\/\/www.ucaldas.edu.co\/portal\/author\/ofiprensa\/"}]}},"_links":{"self":[{"href":"https:\/\/www.ucaldas.edu.co\/portal\/wp-json\/wp\/v2\/posts\/54204","targetHints":{"allow":["GET"]}}],"collection":[{"href":"https:\/\/www.ucaldas.edu.co\/portal\/wp-json\/wp\/v2\/posts"}],"about":[{"href":"https:\/\/www.ucaldas.edu.co\/portal\/wp-json\/wp\/v2\/types\/post"}],"author":[{"embeddable":true,"href":"https:\/\/www.ucaldas.edu.co\/portal\/wp-json\/wp\/v2\/users\/2"}],"replies":[{"embeddable":true,"href":"https:\/\/www.ucaldas.edu.co\/portal\/wp-json\/wp\/v2\/comments?post=54204"}],"version-history":[{"count":0,"href":"https:\/\/www.ucaldas.edu.co\/portal\/wp-json\/wp\/v2\/posts\/54204\/revisions"}],"wp:featuredmedia":[{"embeddable":true,"href":"https:\/\/www.ucaldas.edu.co\/portal\/wp-json\/wp\/v2\/media\/54205"}],"wp:attachment":[{"href":"https:\/\/www.ucaldas.edu.co\/portal\/wp-json\/wp\/v2\/media?parent=54204"}],"wp:term":[{"taxonomy":"category","embeddable":true,"href":"https:\/\/www.ucaldas.edu.co\/portal\/wp-json\/wp\/v2\/categories?post=54204"},{"taxonomy":"post_tag","embeddable":true,"href":"https:\/\/www.ucaldas.edu.co\/portal\/wp-json\/wp\/v2\/tags?post=54204"}],"curies":[{"name":"wp","href":"https:\/\/api.w.org\/{rel}","templated":true}]}}