{"id":54108,"date":"2020-02-12T21:31:33","date_gmt":"2020-02-12T21:31:33","guid":{"rendered":"https:\/\/www.ucaldas.edu.co\/portal\/?p=54108"},"modified":"2020-02-12T21:31:39","modified_gmt":"2020-02-12T21:31:39","slug":"abiertas-inscripciones-del-diplomado-en-docencia-universitaria","status":"publish","type":"post","link":"https:\/\/www.ucaldas.edu.co\/portal\/abiertas-inscripciones-del-diplomado-en-docencia-universitaria\/","title":{"rendered":"Abiertas inscripciones del Diplomado en Docencia Universitaria"},"content":{"rendered":"<p style=\"text-align: center;\">HASTA EL 23 DE MARZO DE 2020<\/p>\n<p style=\"text-align: center;\"><strong>Abiertas inscripciones del Diplomado en Docencia Universitaria<\/strong><\/p>\n<p style=\"text-align: right;\">12\/02\/2020<\/p>\n<p><img loading=\"lazy\" decoding=\"async\" class=\"aligncenter wp-image-54109 size-full\" src=\"https:\/\/www.ucaldas.edu.co\/portal\/wp-content\/uploads\/2020\/02\/DIPLOMADO-DOCENCIA-compressor.png\" alt=\"\" width=\"700\" height=\"400\" srcset=\"https:\/\/www.ucaldas.edu.co\/portal\/wp-content\/uploads\/2020\/02\/DIPLOMADO-DOCENCIA-compressor.png 700w, https:\/\/www.ucaldas.edu.co\/portal\/wp-content\/uploads\/2020\/02\/DIPLOMADO-DOCENCIA-compressor-300x171.png 300w\" sizes=\"auto, (max-width: 700px) 100vw, 700px\" \/><\/p>\n<p>Est\u00e1n abiertas las inscripciones para el Diplomado en Docencia Universitaria \u201cManejo de la Web 2.0 como Mediaci\u00f3n Pedag\u00f3gica, uso y apropiaci\u00f3n de las TIC\u201d, que ofrece el Departamento de Estudios Educativos como Unidad Formadora de la Universidad de Caldas. Las matr\u00edculas est\u00e1n abiertas hasta el 23 de marzo.<!--more--><\/p>\n<p>El objetivo del diplomado es fortalecer habilidades y actitudes para liderar procesos de formaci\u00f3n docente en el uso y apropiaci\u00f3n pedag\u00f3gica de las Tecnolog\u00edas de la Informaci\u00f3n y las Comunicaciones &#8211; TIC -. Las clases son 100% virtuales, tienen una duraci\u00f3n de tres meses y el participante no debe asistir a la universidad en ning\u00fan momento.<\/p>\n<p><strong>Contenidos<\/strong><\/p>\n<ul>\n<li>M\u00f3dulo de Inducci\u00f3n: Manejo de la plataforma Moodle, estructura del diplomado y din\u00e1mica de trabajo para el desarrollo de actividades, recursos y tareas en plataforma.<\/li>\n<li>M\u00f3dulo I. El aprendizaje aut\u00f3nomo, el pensamiento cr\u00edtico, administraci\u00f3n y docencia de un aula virtual de aprendizaje &#8211; AVA \u2013<\/li>\n<li>M\u00f3dulo II. Aplicaciones educativas en internet, mediaciones pedag\u00f3gicas.<\/li>\n<li>M\u00f3dulo III. Recursos Educativos Digitales Abiertos &#8211; el Trabajo colaborativo, el docente virtual<\/li>\n<\/ul>\n<p>Las clases comienzan el pr\u00f3ximo 24 de marzo y la fecha de culminaci\u00f3n del diplomado es el 23 de junio de este a\u00f1o. Ese d\u00eda es la entrega de certificaci\u00f3n<\/p>\n<p><strong>Pasos para formalizar su matr\u00edcula<\/strong><\/p>\n<ul>\n<li>Enviar copia digital en formato PDF del recibo de pago a los correos: programasespeciales.dee@ucaldas.edu.co, maria.alvarez_m@ucaldas.edu.co<\/li>\n<li>Diligenciar el formulario de matr\u00edcula<\/li>\n<li>Si usted es egresado de la Universidad de Caldas y presenta el carn\u00e9 de la Oficina de Egresados, tendr\u00e1 un descuento del 10% sobre el valor total de su matr\u00edcula. As\u00ed, la inversi\u00f3n ser\u00e1 de $389.700<\/li>\n<\/ul>\n<p><strong>Pasos para formalizar su proceso de matr\u00edcula como egresado:<\/strong><\/p>\n<ul>\n<li>Enviar copia legible en formato PDF del carn\u00e9 de egresado (a) a los correos: programasespeciales.dee@ucaldas.edu.co, maria.alvarez_m@ucaldas.edu.co<\/li>\n<li>Diligenciar el formulario de matr\u00edcula<\/li>\n<li>Tr\u00e1mite de consignaci\u00f3n<\/li>\n<li>Cuenta de ahorros de Davivienda n\u00famero 084500007459 (formato de transacciones) a nombre del Diplomado Virtual Universidad de Caldas<\/li>\n<\/ul>\n<p>Es importante que en el recibo de consignaci\u00f3n se escriba el nombre y el n\u00famero de documento de identidad de la persona que va a cursar el diplomado.<\/p>\n<table>\n<tbody>\n<tr style=\"height: 128.111px;\">\n<td style=\"height: 128.111px;\" width=\"589\"><strong>PARA DESTACAR<\/strong><\/p>\n<p>El valor para estudiantes regulares es $433.000 Los interesados se pueden inscribir <a href=\"https:\/\/docs.google.com\/forms\/d\/1nvgqb1fcVGts4mCYF0rgcek4DqYK-F9Xn2aMLs1iRJw\/viewform?ts=5e41ebd2&amp;edit_requested=true\">aqu\u00ed<\/a><\/p>\n<p>&nbsp;<\/td>\n<\/tr>\n<\/tbody>\n<\/table>\n<p>&nbsp;<\/p>\n<p><strong>Informes:<\/strong> Oficina de Comunicaciones y Prensa Universidad de Caldas. Tel\u00e9fono: 8781500 Extensi\u00f3n: 12167<\/p>\n<p><strong>Redacci\u00f3n:<\/strong> Adriana Osorio Garc\u00eda<\/p>\n","protected":false},"excerpt":{"rendered":"<p>HASTA EL 23 DE MARZO DE 2020 Abiertas inscripciones del Diplomado en Docencia Universitaria 12\/02\/2020 Est\u00e1n abiertas las inscripciones para el Diplomado en Docencia Universitaria \u201cManejo de la Web 2.0 como Mediaci\u00f3n Pedag\u00f3gica, uso y apropiaci\u00f3n de las TIC\u201d, que ofrece el Departamento de Estudios Educativos como Unidad Formadora de la Universidad de Caldas. Las [&hellip;]<\/p>\n","protected":false},"author":2,"featured_media":54109,"comment_status":"closed","ping_status":"open","sticky":false,"template":"","format":"standard","meta":{"footnotes":""},"categories":[48,53,243],"tags":[297,395,783,2970],"class_list":["post-54108","post","type-post","status-publish","format-standard","has-post-thumbnail","hentry","category-actualidad","category-universidad-al-dia","category-ucaldas-acreditada","tag-inscripciones","tag-diplomado","tag-matriculas","tag-docencia"],"yoast_head":"<!-- This site is optimized with the Yoast SEO plugin v27.5 - https:\/\/yoast.com\/product\/yoast-seo-wordpress\/ -->\n<title>Abiertas inscripciones del Diplomado en Docencia Universitaria .<\/title>\n<meta name=\"robots\" content=\"index, follow, max-snippet:-1, max-image-preview:large, max-video-preview:-1\" \/>\n<link rel=\"canonical\" href=\"https:\/\/www.ucaldas.edu.co\/portal\/abiertas-inscripciones-del-diplomado-en-docencia-universitaria\/\" \/>\n<script type=\"application\/ld+json\" class=\"yoast-schema-graph\">{\"@context\":\"https:\\\/\\\/schema.org\",\"@graph\":[{\"@type\":\"Article\",\"@id\":\"https:\\\/\\\/www.ucaldas.edu.co\\\/portal\\\/abiertas-inscripciones-del-diplomado-en-docencia-universitaria\\\/#article\",\"isPartOf\":{\"@id\":\"https:\\\/\\\/www.ucaldas.edu.co\\\/portal\\\/abiertas-inscripciones-del-diplomado-en-docencia-universitaria\\\/\"},\"author\":{\"name\":\"ofiprensa\",\"@id\":\"https:\\\/\\\/www.ucaldas.edu.co\\\/portal\\\/#\\\/schema\\\/person\\\/a1b482e23449158b4bc319926c074fdf\"},\"headline\":\"Abiertas inscripciones del Diplomado en Docencia Universitaria\",\"datePublished\":\"2020-02-12T21:31:33+00:00\",\"dateModified\":\"2020-02-12T21:31:39+00:00\",\"mainEntityOfPage\":{\"@id\":\"https:\\\/\\\/www.ucaldas.edu.co\\\/portal\\\/abiertas-inscripciones-del-diplomado-en-docencia-universitaria\\\/\"},\"wordCount\":443,\"publisher\":{\"@id\":\"https:\\\/\\\/www.ucaldas.edu.co\\\/portal\\\/#organization\"},\"image\":{\"@id\":\"https:\\\/\\\/www.ucaldas.edu.co\\\/portal\\\/abiertas-inscripciones-del-diplomado-en-docencia-universitaria\\\/#primaryimage\"},\"thumbnailUrl\":\"https:\\\/\\\/www.ucaldas.edu.co\\\/portal\\\/wp-content\\\/uploads\\\/2020\\\/02\\\/DIPLOMADO-DOCENCIA-compressor.png\",\"keywords\":[\"Inscripciones\",\"diplomado\",\"matr\u00edculas\",\"docencia\"],\"articleSection\":[\"Actualidad\",\"Universidad al D\u00eda\",\"Ucaldas Acreditada\"],\"inLanguage\":\"es\"},{\"@type\":\"WebPage\",\"@id\":\"https:\\\/\\\/www.ucaldas.edu.co\\\/portal\\\/abiertas-inscripciones-del-diplomado-en-docencia-universitaria\\\/\",\"url\":\"https:\\\/\\\/www.ucaldas.edu.co\\\/portal\\\/abiertas-inscripciones-del-diplomado-en-docencia-universitaria\\\/\",\"name\":\"Abiertas inscripciones del Diplomado en Docencia Universitaria .\",\"isPartOf\":{\"@id\":\"https:\\\/\\\/www.ucaldas.edu.co\\\/portal\\\/#website\"},\"primaryImageOfPage\":{\"@id\":\"https:\\\/\\\/www.ucaldas.edu.co\\\/portal\\\/abiertas-inscripciones-del-diplomado-en-docencia-universitaria\\\/#primaryimage\"},\"image\":{\"@id\":\"https:\\\/\\\/www.ucaldas.edu.co\\\/portal\\\/abiertas-inscripciones-del-diplomado-en-docencia-universitaria\\\/#primaryimage\"},\"thumbnailUrl\":\"https:\\\/\\\/www.ucaldas.edu.co\\\/portal\\\/wp-content\\\/uploads\\\/2020\\\/02\\\/DIPLOMADO-DOCENCIA-compressor.png\",\"datePublished\":\"2020-02-12T21:31:33+00:00\",\"dateModified\":\"2020-02-12T21:31:39+00:00\",\"breadcrumb\":{\"@id\":\"https:\\\/\\\/www.ucaldas.edu.co\\\/portal\\\/abiertas-inscripciones-del-diplomado-en-docencia-universitaria\\\/#breadcrumb\"},\"inLanguage\":\"es\",\"potentialAction\":[{\"@type\":\"ReadAction\",\"target\":[\"https:\\\/\\\/www.ucaldas.edu.co\\\/portal\\\/abiertas-inscripciones-del-diplomado-en-docencia-universitaria\\\/\"]}]},{\"@type\":\"ImageObject\",\"inLanguage\":\"es\",\"@id\":\"https:\\\/\\\/www.ucaldas.edu.co\\\/portal\\\/abiertas-inscripciones-del-diplomado-en-docencia-universitaria\\\/#primaryimage\",\"url\":\"https:\\\/\\\/www.ucaldas.edu.co\\\/portal\\\/wp-content\\\/uploads\\\/2020\\\/02\\\/DIPLOMADO-DOCENCIA-compressor.png\",\"contentUrl\":\"https:\\\/\\\/www.ucaldas.edu.co\\\/portal\\\/wp-content\\\/uploads\\\/2020\\\/02\\\/DIPLOMADO-DOCENCIA-compressor.png\",\"width\":700,\"height\":400},{\"@type\":\"BreadcrumbList\",\"@id\":\"https:\\\/\\\/www.ucaldas.edu.co\\\/portal\\\/abiertas-inscripciones-del-diplomado-en-docencia-universitaria\\\/#breadcrumb\",\"itemListElement\":[{\"@type\":\"ListItem\",\"position\":1,\"name\":\"Portada\",\"item\":\"https:\\\/\\\/www.ucaldas.edu.co\\\/portal\\\/\"},{\"@type\":\"ListItem\",\"position\":2,\"name\":\"Abiertas inscripciones del Diplomado en Docencia Universitaria\"}]},{\"@type\":\"WebSite\",\"@id\":\"https:\\\/\\\/www.ucaldas.edu.co\\\/portal\\\/#website\",\"url\":\"https:\\\/\\\/www.ucaldas.edu.co\\\/portal\\\/\",\"name\":\"Universidad de Caldas\",\"description\":\"\",\"publisher\":{\"@id\":\"https:\\\/\\\/www.ucaldas.edu.co\\\/portal\\\/#organization\"},\"alternateName\":\"U. de Caldas\",\"potentialAction\":[{\"@type\":\"SearchAction\",\"target\":{\"@type\":\"EntryPoint\",\"urlTemplate\":\"https:\\\/\\\/www.ucaldas.edu.co\\\/portal\\\/?s={search_term_string}\"},\"query-input\":{\"@type\":\"PropertyValueSpecification\",\"valueRequired\":true,\"valueName\":\"search_term_string\"}}],\"inLanguage\":\"es\"},{\"@type\":\"Organization\",\"@id\":\"https:\\\/\\\/www.ucaldas.edu.co\\\/portal\\\/#organization\",\"name\":\"Universidad de Caldas\",\"alternateName\":\"U. de Caldas\",\"url\":\"https:\\\/\\\/www.ucaldas.edu.co\\\/portal\\\/\",\"logo\":{\"@type\":\"ImageObject\",\"inLanguage\":\"es\",\"@id\":\"https:\\\/\\\/www.ucaldas.edu.co\\\/portal\\\/#\\\/schema\\\/logo\\\/image\\\/\",\"url\":\"https:\\\/\\\/www.ucaldas.edu.co\\\/portal\\\/wp-content\\\/uploads\\\/2023\\\/11\\\/Logo_horizontal_oscuroU-2023.png\",\"contentUrl\":\"https:\\\/\\\/www.ucaldas.edu.co\\\/portal\\\/wp-content\\\/uploads\\\/2023\\\/11\\\/Logo_horizontal_oscuroU-2023.png\",\"width\":263,\"height\":101,\"caption\":\"Universidad de Caldas\"},\"image\":{\"@id\":\"https:\\\/\\\/www.ucaldas.edu.co\\\/portal\\\/#\\\/schema\\\/logo\\\/image\\\/\"},\"sameAs\":[\"https:\\\/\\\/www.facebook.com\\\/udecaldas\",\"https:\\\/\\\/x.com\\\/udecaldas\",\"https:\\\/\\\/www.youtube.com\\\/universidadcaldas\",\"https:\\\/\\\/www.instagram.com\\\/udecaldas\\\/\"]},{\"@type\":\"Person\",\"@id\":\"https:\\\/\\\/www.ucaldas.edu.co\\\/portal\\\/#\\\/schema\\\/person\\\/a1b482e23449158b4bc319926c074fdf\",\"name\":\"ofiprensa\",\"image\":{\"@type\":\"ImageObject\",\"inLanguage\":\"es\",\"@id\":\"https:\\\/\\\/www.ucaldas.edu.co\\\/portal\\\/wp-content\\\/litespeed\\\/avatar\\\/09ea5085e600095a7a811142c6944527.jpg?ver=1776892805\",\"url\":\"https:\\\/\\\/www.ucaldas.edu.co\\\/portal\\\/wp-content\\\/litespeed\\\/avatar\\\/09ea5085e600095a7a811142c6944527.jpg?ver=1776892805\",\"contentUrl\":\"https:\\\/\\\/www.ucaldas.edu.co\\\/portal\\\/wp-content\\\/litespeed\\\/avatar\\\/09ea5085e600095a7a811142c6944527.jpg?ver=1776892805\",\"caption\":\"ofiprensa\"},\"url\":\"https:\\\/\\\/www.ucaldas.edu.co\\\/portal\\\/author\\\/ofiprensa\\\/\"}]}<\/script>\n<!-- \/ Yoast SEO plugin. -->","yoast_head_json":{"title":"Abiertas inscripciones del Diplomado en Docencia Universitaria .","robots":{"index":"index","follow":"follow","max-snippet":"max-snippet:-1","max-image-preview":"max-image-preview:large","max-video-preview":"max-video-preview:-1"},"canonical":"https:\/\/www.ucaldas.edu.co\/portal\/abiertas-inscripciones-del-diplomado-en-docencia-universitaria\/","schema":{"@context":"https:\/\/schema.org","@graph":[{"@type":"Article","@id":"https:\/\/www.ucaldas.edu.co\/portal\/abiertas-inscripciones-del-diplomado-en-docencia-universitaria\/#article","isPartOf":{"@id":"https:\/\/www.ucaldas.edu.co\/portal\/abiertas-inscripciones-del-diplomado-en-docencia-universitaria\/"},"author":{"name":"ofiprensa","@id":"https:\/\/www.ucaldas.edu.co\/portal\/#\/schema\/person\/a1b482e23449158b4bc319926c074fdf"},"headline":"Abiertas inscripciones del Diplomado en Docencia Universitaria","datePublished":"2020-02-12T21:31:33+00:00","dateModified":"2020-02-12T21:31:39+00:00","mainEntityOfPage":{"@id":"https:\/\/www.ucaldas.edu.co\/portal\/abiertas-inscripciones-del-diplomado-en-docencia-universitaria\/"},"wordCount":443,"publisher":{"@id":"https:\/\/www.ucaldas.edu.co\/portal\/#organization"},"image":{"@id":"https:\/\/www.ucaldas.edu.co\/portal\/abiertas-inscripciones-del-diplomado-en-docencia-universitaria\/#primaryimage"},"thumbnailUrl":"https:\/\/www.ucaldas.edu.co\/portal\/wp-content\/uploads\/2020\/02\/DIPLOMADO-DOCENCIA-compressor.png","keywords":["Inscripciones","diplomado","matr\u00edculas","docencia"],"articleSection":["Actualidad","Universidad al D\u00eda","Ucaldas Acreditada"],"inLanguage":"es"},{"@type":"WebPage","@id":"https:\/\/www.ucaldas.edu.co\/portal\/abiertas-inscripciones-del-diplomado-en-docencia-universitaria\/","url":"https:\/\/www.ucaldas.edu.co\/portal\/abiertas-inscripciones-del-diplomado-en-docencia-universitaria\/","name":"Abiertas inscripciones del Diplomado en Docencia Universitaria .","isPartOf":{"@id":"https:\/\/www.ucaldas.edu.co\/portal\/#website"},"primaryImageOfPage":{"@id":"https:\/\/www.ucaldas.edu.co\/portal\/abiertas-inscripciones-del-diplomado-en-docencia-universitaria\/#primaryimage"},"image":{"@id":"https:\/\/www.ucaldas.edu.co\/portal\/abiertas-inscripciones-del-diplomado-en-docencia-universitaria\/#primaryimage"},"thumbnailUrl":"https:\/\/www.ucaldas.edu.co\/portal\/wp-content\/uploads\/2020\/02\/DIPLOMADO-DOCENCIA-compressor.png","datePublished":"2020-02-12T21:31:33+00:00","dateModified":"2020-02-12T21:31:39+00:00","breadcrumb":{"@id":"https:\/\/www.ucaldas.edu.co\/portal\/abiertas-inscripciones-del-diplomado-en-docencia-universitaria\/#breadcrumb"},"inLanguage":"es","potentialAction":[{"@type":"ReadAction","target":["https:\/\/www.ucaldas.edu.co\/portal\/abiertas-inscripciones-del-diplomado-en-docencia-universitaria\/"]}]},{"@type":"ImageObject","inLanguage":"es","@id":"https:\/\/www.ucaldas.edu.co\/portal\/abiertas-inscripciones-del-diplomado-en-docencia-universitaria\/#primaryimage","url":"https:\/\/www.ucaldas.edu.co\/portal\/wp-content\/uploads\/2020\/02\/DIPLOMADO-DOCENCIA-compressor.png","contentUrl":"https:\/\/www.ucaldas.edu.co\/portal\/wp-content\/uploads\/2020\/02\/DIPLOMADO-DOCENCIA-compressor.png","width":700,"height":400},{"@type":"BreadcrumbList","@id":"https:\/\/www.ucaldas.edu.co\/portal\/abiertas-inscripciones-del-diplomado-en-docencia-universitaria\/#breadcrumb","itemListElement":[{"@type":"ListItem","position":1,"name":"Portada","item":"https:\/\/www.ucaldas.edu.co\/portal\/"},{"@type":"ListItem","position":2,"name":"Abiertas inscripciones del Diplomado en Docencia Universitaria"}]},{"@type":"WebSite","@id":"https:\/\/www.ucaldas.edu.co\/portal\/#website","url":"https:\/\/www.ucaldas.edu.co\/portal\/","name":"Universidad de Caldas","description":"","publisher":{"@id":"https:\/\/www.ucaldas.edu.co\/portal\/#organization"},"alternateName":"U. de Caldas","potentialAction":[{"@type":"SearchAction","target":{"@type":"EntryPoint","urlTemplate":"https:\/\/www.ucaldas.edu.co\/portal\/?s={search_term_string}"},"query-input":{"@type":"PropertyValueSpecification","valueRequired":true,"valueName":"search_term_string"}}],"inLanguage":"es"},{"@type":"Organization","@id":"https:\/\/www.ucaldas.edu.co\/portal\/#organization","name":"Universidad de Caldas","alternateName":"U. de Caldas","url":"https:\/\/www.ucaldas.edu.co\/portal\/","logo":{"@type":"ImageObject","inLanguage":"es","@id":"https:\/\/www.ucaldas.edu.co\/portal\/#\/schema\/logo\/image\/","url":"https:\/\/www.ucaldas.edu.co\/portal\/wp-content\/uploads\/2023\/11\/Logo_horizontal_oscuroU-2023.png","contentUrl":"https:\/\/www.ucaldas.edu.co\/portal\/wp-content\/uploads\/2023\/11\/Logo_horizontal_oscuroU-2023.png","width":263,"height":101,"caption":"Universidad de Caldas"},"image":{"@id":"https:\/\/www.ucaldas.edu.co\/portal\/#\/schema\/logo\/image\/"},"sameAs":["https:\/\/www.facebook.com\/udecaldas","https:\/\/x.com\/udecaldas","https:\/\/www.youtube.com\/universidadcaldas","https:\/\/www.instagram.com\/udecaldas\/"]},{"@type":"Person","@id":"https:\/\/www.ucaldas.edu.co\/portal\/#\/schema\/person\/a1b482e23449158b4bc319926c074fdf","name":"ofiprensa","image":{"@type":"ImageObject","inLanguage":"es","@id":"https:\/\/www.ucaldas.edu.co\/portal\/wp-content\/litespeed\/avatar\/09ea5085e600095a7a811142c6944527.jpg?ver=1776892805","url":"https:\/\/www.ucaldas.edu.co\/portal\/wp-content\/litespeed\/avatar\/09ea5085e600095a7a811142c6944527.jpg?ver=1776892805","contentUrl":"https:\/\/www.ucaldas.edu.co\/portal\/wp-content\/litespeed\/avatar\/09ea5085e600095a7a811142c6944527.jpg?ver=1776892805","caption":"ofiprensa"},"url":"https:\/\/www.ucaldas.edu.co\/portal\/author\/ofiprensa\/"}]}},"_links":{"self":[{"href":"https:\/\/www.ucaldas.edu.co\/portal\/wp-json\/wp\/v2\/posts\/54108","targetHints":{"allow":["GET"]}}],"collection":[{"href":"https:\/\/www.ucaldas.edu.co\/portal\/wp-json\/wp\/v2\/posts"}],"about":[{"href":"https:\/\/www.ucaldas.edu.co\/portal\/wp-json\/wp\/v2\/types\/post"}],"author":[{"embeddable":true,"href":"https:\/\/www.ucaldas.edu.co\/portal\/wp-json\/wp\/v2\/users\/2"}],"replies":[{"embeddable":true,"href":"https:\/\/www.ucaldas.edu.co\/portal\/wp-json\/wp\/v2\/comments?post=54108"}],"version-history":[{"count":0,"href":"https:\/\/www.ucaldas.edu.co\/portal\/wp-json\/wp\/v2\/posts\/54108\/revisions"}],"wp:featuredmedia":[{"embeddable":true,"href":"https:\/\/www.ucaldas.edu.co\/portal\/wp-json\/wp\/v2\/media\/54109"}],"wp:attachment":[{"href":"https:\/\/www.ucaldas.edu.co\/portal\/wp-json\/wp\/v2\/media?parent=54108"}],"wp:term":[{"taxonomy":"category","embeddable":true,"href":"https:\/\/www.ucaldas.edu.co\/portal\/wp-json\/wp\/v2\/categories?post=54108"},{"taxonomy":"post_tag","embeddable":true,"href":"https:\/\/www.ucaldas.edu.co\/portal\/wp-json\/wp\/v2\/tags?post=54108"}],"curies":[{"name":"wp","href":"https:\/\/api.w.org\/{rel}","templated":true}]}}