{"id":54017,"date":"2020-02-06T22:03:50","date_gmt":"2020-02-06T22:03:50","guid":{"rendered":"https:\/\/www.ucaldas.edu.co\/portal\/?p=54017"},"modified":"2020-02-06T22:03:54","modified_gmt":"2020-02-06T22:03:54","slug":"ceres-de-la-u-de-caldas-en-la-dorada-amplio-plazo-de-inscripciones-para-cinco-programas","status":"publish","type":"post","link":"https:\/\/www.ucaldas.edu.co\/portal\/ceres-de-la-u-de-caldas-en-la-dorada-amplio-plazo-de-inscripciones-para-cinco-programas\/","title":{"rendered":"Ceres de la U. de Caldas en La Dorada ampli\u00f3 plazo de inscripciones para cinco programas"},"content":{"rendered":"<p style=\"text-align: center;\">HASTA ESTE S\u00c1BADO 8 DE FEBRERO<\/p>\n<p style=\"text-align: center;\"><strong>Ceres de la U. de Caldas en La Dorada ampli\u00f3 plazo de inscripciones para cinco programas <\/strong><\/p>\n<p style=\"text-align: right;\">06\/02\/2019<\/p>\n<p style=\"text-align: center;\"><img loading=\"lazy\" decoding=\"async\" class=\"alignnone wp-image-54018 size-full\" src=\"https:\/\/www.ucaldas.edu.co\/portal\/wp-content\/uploads\/2020\/02\/CERES-LA-DORADA-compressor.png\" alt=\"\" width=\"700\" height=\"400\" srcset=\"https:\/\/www.ucaldas.edu.co\/portal\/wp-content\/uploads\/2020\/02\/CERES-LA-DORADA-compressor.png 700w, https:\/\/www.ucaldas.edu.co\/portal\/wp-content\/uploads\/2020\/02\/CERES-LA-DORADA-compressor-300x171.png 300w\" sizes=\"auto, (max-width: 700px) 100vw, 700px\" \/><\/p>\n<p>El Centro Regional de Educaci\u00f3n Superior (<strong>CERES<\/strong>) La Dorada, de la Universidad de Caldas, ampli\u00f3 el plazo de inscripci\u00f3n para cinco de sus programas. Hasta este s\u00e1bado 8 de febrero los interesados pueden hacer el tr\u00e1mite de pago e inscripci\u00f3n en l\u00ednea.\u00a0<!--more--><\/p>\n<p>La coordinadora de este Centro, Mabel Murillo Castillo, explic\u00f3 que el semestre para tecnolog\u00edas tiene un costo de un salario y medio legal vigente, mientras que para los programas profesionales el costo es de 2,2 salarios m\u00ednimos.<\/p>\n<p>La coordinadora invit\u00f3 a la comunidad de La Dorada y de los municipios aleda\u00f1os para que aprovechen la oferta educativa de la Universidad de Caldas en esa zona. El costo de la inscripci\u00f3n es de $13.200, que se deben consignar en Davivienda.<\/p>\n<p>Estos son los programas con ampliaci\u00f3n de plazo para la inscripci\u00f3n en el Ceres La Dorada:<\/p>\n<table width=\"0\">\n<tbody>\n<tr>\n<td width=\"185\"><strong>OFERTA ACAD\u00c9MICA <\/strong><\/td>\n<td width=\"164\"><strong>REQUISITOS DE INSCRIPCI\u00d3N<\/strong><\/td>\n<td width=\"161\"><strong>DURACI\u00d3N \/ CLASE<\/strong><\/td>\n<td width=\"170\"><strong>FORMAS DE PAGO<\/strong><\/td>\n<\/tr>\n<tr>\n<td width=\"185\">&nbsp;<\/p>\n<p>Ingenier\u00eda Agron\u00f3mica<\/p>\n<p>&nbsp;<\/p>\n<p>Tecnolog\u00eda en Electr\u00f3nica<\/p>\n<p>&nbsp;<\/p>\n<p>Tecnolog\u00eda en Log\u00edstica<\/p>\n<p>&nbsp;<\/p>\n<p>Tecnolog\u00eda en Regencia de Farmacia<\/p>\n<p>&nbsp;<\/p>\n<p>Tecnolog\u00eda en Procesos de Seguridad y Salud en el Trabajo<\/p>\n<p>&nbsp;<\/td>\n<td width=\"164\">Fotocopia resultado del ICFES o SABER 11.<\/p>\n<p>Fotocopia\u00a0 legible del acta y diploma de bachiller<\/p>\n<p>Fotocopia del registro civil de nacimiento<\/p>\n<p>Fotocopia del documento de identidad ampliada al 150%.<\/p>\n<p>Una foto tipo documento fondo blanco o azul<\/p>\n<p>Certificado \u00faltimas elecciones \/ si lo tiene<\/p>\n<p>Fotocopia del carnet de salud o certificado \/ si lo tiene.<\/td>\n<td width=\"161\"><strong>\u00a0<\/strong><\/p>\n<p><strong>Tecnolog\u00edas<\/strong>: 3 a\u00f1os \/ 6 semestres<\/p>\n<p>&nbsp;<\/p>\n<p><strong>Ciclo profesional<\/strong> 6 semestres<\/p>\n<p>&nbsp;<\/p>\n<p>&nbsp;<\/p>\n<p><strong>Clase el d\u00eda s\u00e1bado de<\/strong><\/p>\n<p><strong>8 a. m. hasta las 5 p. m.\u00a0 docente presencial<\/strong><\/td>\n<td width=\"170\">1.\u00a0\u00a0\u00a0\u00a0\u00a0\u00a0 De contado<\/p>\n<p>2.\u00a0\u00a0\u00a0\u00a0\u00a0\u00a0 Pr\u00e9stamo con el ICETEX<\/p>\n<p>3.\u00a0\u00a0\u00a0\u00a0\u00a0\u00a0 Pr\u00e9stamo con el Banco Pichincha<\/p>\n<p><strong>\u00a0<\/strong><\/p>\n<p><strong>BECA DEL 50% PARA EL PAGO DE CADA SEMESTRE, OTORGADA POR LA UNIVERSIDAD\u00a0 DE CALDAS<\/strong><\/td>\n<\/tr>\n<\/tbody>\n<\/table>\n<p>&nbsp;<\/p>\n<p><strong>\u00a0<\/strong><\/p>\n<p><strong>Informes:<\/strong> Oficina de Comunicaciones y Prensa Universidad de Caldas. Tel\u00e9fono: 8781500 Extensi\u00f3n: 12167<\/p>\n<p><strong>Redacci\u00f3n:<\/strong> Adriana Osorio Garc\u00eda<\/p>\n","protected":false},"excerpt":{"rendered":"<p>HASTA ESTE S\u00c1BADO 8 DE FEBRERO Ceres de la U. de Caldas en La Dorada ampli\u00f3 plazo de inscripciones para cinco programas 06\/02\/2019 El Centro Regional de Educaci\u00f3n Superior (CERES) La Dorada, de la Universidad de Caldas, ampli\u00f3 el plazo de inscripci\u00f3n para cinco de sus programas. Hasta este s\u00e1bado 8 de febrero los interesados [&hellip;]<\/p>\n","protected":false},"author":2,"featured_media":54018,"comment_status":"closed","ping_status":"open","sticky":false,"template":"","format":"standard","meta":{"footnotes":""},"categories":[48,53,600],"tags":[200,297,871],"class_list":["post-54017","post","type-post","status-publish","format-standard","has-post-thumbnail","hentry","category-actualidad","category-universidad-al-dia","category-ucaldas-regional","tag-oferta-academica","tag-inscripciones","tag-ceres"],"yoast_head":"<!-- This site is optimized with the Yoast SEO plugin v27.5 - https:\/\/yoast.com\/product\/yoast-seo-wordpress\/ -->\n<title>Ceres de la U. de Caldas en La Dorada ampli\u00f3 plazo de inscripciones para cinco programas .<\/title>\n<meta name=\"robots\" content=\"index, follow, max-snippet:-1, max-image-preview:large, max-video-preview:-1\" \/>\n<link rel=\"canonical\" href=\"https:\/\/www.ucaldas.edu.co\/portal\/ceres-de-la-u-de-caldas-en-la-dorada-amplio-plazo-de-inscripciones-para-cinco-programas\/\" \/>\n<script type=\"application\/ld+json\" class=\"yoast-schema-graph\">{\"@context\":\"https:\\\/\\\/schema.org\",\"@graph\":[{\"@type\":\"Article\",\"@id\":\"https:\\\/\\\/www.ucaldas.edu.co\\\/portal\\\/ceres-de-la-u-de-caldas-en-la-dorada-amplio-plazo-de-inscripciones-para-cinco-programas\\\/#article\",\"isPartOf\":{\"@id\":\"https:\\\/\\\/www.ucaldas.edu.co\\\/portal\\\/ceres-de-la-u-de-caldas-en-la-dorada-amplio-plazo-de-inscripciones-para-cinco-programas\\\/\"},\"author\":{\"name\":\"ofiprensa\",\"@id\":\"https:\\\/\\\/www.ucaldas.edu.co\\\/portal\\\/#\\\/schema\\\/person\\\/a1b482e23449158b4bc319926c074fdf\"},\"headline\":\"Ceres de la U. de Caldas en La Dorada ampli\u00f3 plazo de inscripciones para cinco programas\",\"datePublished\":\"2020-02-06T22:03:50+00:00\",\"dateModified\":\"2020-02-06T22:03:54+00:00\",\"mainEntityOfPage\":{\"@id\":\"https:\\\/\\\/www.ucaldas.edu.co\\\/portal\\\/ceres-de-la-u-de-caldas-en-la-dorada-amplio-plazo-de-inscripciones-para-cinco-programas\\\/\"},\"wordCount\":358,\"publisher\":{\"@id\":\"https:\\\/\\\/www.ucaldas.edu.co\\\/portal\\\/#organization\"},\"image\":{\"@id\":\"https:\\\/\\\/www.ucaldas.edu.co\\\/portal\\\/ceres-de-la-u-de-caldas-en-la-dorada-amplio-plazo-de-inscripciones-para-cinco-programas\\\/#primaryimage\"},\"thumbnailUrl\":\"https:\\\/\\\/www.ucaldas.edu.co\\\/portal\\\/wp-content\\\/uploads\\\/2020\\\/02\\\/CERES-LA-DORADA-compressor.png\",\"keywords\":[\"oferta acad\u00e9mica\",\"Inscripciones\",\"Ceres\"],\"articleSection\":[\"Actualidad\",\"Universidad al D\u00eda\",\"UCaldas Regional\"],\"inLanguage\":\"es\"},{\"@type\":\"WebPage\",\"@id\":\"https:\\\/\\\/www.ucaldas.edu.co\\\/portal\\\/ceres-de-la-u-de-caldas-en-la-dorada-amplio-plazo-de-inscripciones-para-cinco-programas\\\/\",\"url\":\"https:\\\/\\\/www.ucaldas.edu.co\\\/portal\\\/ceres-de-la-u-de-caldas-en-la-dorada-amplio-plazo-de-inscripciones-para-cinco-programas\\\/\",\"name\":\"Ceres de la U. de Caldas en La Dorada ampli\u00f3 plazo de inscripciones para cinco programas .\",\"isPartOf\":{\"@id\":\"https:\\\/\\\/www.ucaldas.edu.co\\\/portal\\\/#website\"},\"primaryImageOfPage\":{\"@id\":\"https:\\\/\\\/www.ucaldas.edu.co\\\/portal\\\/ceres-de-la-u-de-caldas-en-la-dorada-amplio-plazo-de-inscripciones-para-cinco-programas\\\/#primaryimage\"},\"image\":{\"@id\":\"https:\\\/\\\/www.ucaldas.edu.co\\\/portal\\\/ceres-de-la-u-de-caldas-en-la-dorada-amplio-plazo-de-inscripciones-para-cinco-programas\\\/#primaryimage\"},\"thumbnailUrl\":\"https:\\\/\\\/www.ucaldas.edu.co\\\/portal\\\/wp-content\\\/uploads\\\/2020\\\/02\\\/CERES-LA-DORADA-compressor.png\",\"datePublished\":\"2020-02-06T22:03:50+00:00\",\"dateModified\":\"2020-02-06T22:03:54+00:00\",\"breadcrumb\":{\"@id\":\"https:\\\/\\\/www.ucaldas.edu.co\\\/portal\\\/ceres-de-la-u-de-caldas-en-la-dorada-amplio-plazo-de-inscripciones-para-cinco-programas\\\/#breadcrumb\"},\"inLanguage\":\"es\",\"potentialAction\":[{\"@type\":\"ReadAction\",\"target\":[\"https:\\\/\\\/www.ucaldas.edu.co\\\/portal\\\/ceres-de-la-u-de-caldas-en-la-dorada-amplio-plazo-de-inscripciones-para-cinco-programas\\\/\"]}]},{\"@type\":\"ImageObject\",\"inLanguage\":\"es\",\"@id\":\"https:\\\/\\\/www.ucaldas.edu.co\\\/portal\\\/ceres-de-la-u-de-caldas-en-la-dorada-amplio-plazo-de-inscripciones-para-cinco-programas\\\/#primaryimage\",\"url\":\"https:\\\/\\\/www.ucaldas.edu.co\\\/portal\\\/wp-content\\\/uploads\\\/2020\\\/02\\\/CERES-LA-DORADA-compressor.png\",\"contentUrl\":\"https:\\\/\\\/www.ucaldas.edu.co\\\/portal\\\/wp-content\\\/uploads\\\/2020\\\/02\\\/CERES-LA-DORADA-compressor.png\",\"width\":700,\"height\":400},{\"@type\":\"BreadcrumbList\",\"@id\":\"https:\\\/\\\/www.ucaldas.edu.co\\\/portal\\\/ceres-de-la-u-de-caldas-en-la-dorada-amplio-plazo-de-inscripciones-para-cinco-programas\\\/#breadcrumb\",\"itemListElement\":[{\"@type\":\"ListItem\",\"position\":1,\"name\":\"Portada\",\"item\":\"https:\\\/\\\/www.ucaldas.edu.co\\\/portal\\\/\"},{\"@type\":\"ListItem\",\"position\":2,\"name\":\"Ceres de la U. de Caldas en La Dorada ampli\u00f3 plazo de inscripciones para cinco programas\"}]},{\"@type\":\"WebSite\",\"@id\":\"https:\\\/\\\/www.ucaldas.edu.co\\\/portal\\\/#website\",\"url\":\"https:\\\/\\\/www.ucaldas.edu.co\\\/portal\\\/\",\"name\":\"Universidad de Caldas\",\"description\":\"\",\"publisher\":{\"@id\":\"https:\\\/\\\/www.ucaldas.edu.co\\\/portal\\\/#organization\"},\"alternateName\":\"U. de Caldas\",\"potentialAction\":[{\"@type\":\"SearchAction\",\"target\":{\"@type\":\"EntryPoint\",\"urlTemplate\":\"https:\\\/\\\/www.ucaldas.edu.co\\\/portal\\\/?s={search_term_string}\"},\"query-input\":{\"@type\":\"PropertyValueSpecification\",\"valueRequired\":true,\"valueName\":\"search_term_string\"}}],\"inLanguage\":\"es\"},{\"@type\":\"Organization\",\"@id\":\"https:\\\/\\\/www.ucaldas.edu.co\\\/portal\\\/#organization\",\"name\":\"Universidad de Caldas\",\"alternateName\":\"U. de Caldas\",\"url\":\"https:\\\/\\\/www.ucaldas.edu.co\\\/portal\\\/\",\"logo\":{\"@type\":\"ImageObject\",\"inLanguage\":\"es\",\"@id\":\"https:\\\/\\\/www.ucaldas.edu.co\\\/portal\\\/#\\\/schema\\\/logo\\\/image\\\/\",\"url\":\"https:\\\/\\\/www.ucaldas.edu.co\\\/portal\\\/wp-content\\\/uploads\\\/2023\\\/11\\\/Logo_horizontal_oscuroU-2023.png\",\"contentUrl\":\"https:\\\/\\\/www.ucaldas.edu.co\\\/portal\\\/wp-content\\\/uploads\\\/2023\\\/11\\\/Logo_horizontal_oscuroU-2023.png\",\"width\":263,\"height\":101,\"caption\":\"Universidad de Caldas\"},\"image\":{\"@id\":\"https:\\\/\\\/www.ucaldas.edu.co\\\/portal\\\/#\\\/schema\\\/logo\\\/image\\\/\"},\"sameAs\":[\"https:\\\/\\\/www.facebook.com\\\/udecaldas\",\"https:\\\/\\\/x.com\\\/udecaldas\",\"https:\\\/\\\/www.youtube.com\\\/universidadcaldas\",\"https:\\\/\\\/www.instagram.com\\\/udecaldas\\\/\"]},{\"@type\":\"Person\",\"@id\":\"https:\\\/\\\/www.ucaldas.edu.co\\\/portal\\\/#\\\/schema\\\/person\\\/a1b482e23449158b4bc319926c074fdf\",\"name\":\"ofiprensa\",\"image\":{\"@type\":\"ImageObject\",\"inLanguage\":\"es\",\"@id\":\"https:\\\/\\\/www.ucaldas.edu.co\\\/portal\\\/wp-content\\\/litespeed\\\/avatar\\\/09ea5085e600095a7a811142c6944527.jpg?ver=1776892805\",\"url\":\"https:\\\/\\\/www.ucaldas.edu.co\\\/portal\\\/wp-content\\\/litespeed\\\/avatar\\\/09ea5085e600095a7a811142c6944527.jpg?ver=1776892805\",\"contentUrl\":\"https:\\\/\\\/www.ucaldas.edu.co\\\/portal\\\/wp-content\\\/litespeed\\\/avatar\\\/09ea5085e600095a7a811142c6944527.jpg?ver=1776892805\",\"caption\":\"ofiprensa\"},\"url\":\"https:\\\/\\\/www.ucaldas.edu.co\\\/portal\\\/author\\\/ofiprensa\\\/\"}]}<\/script>\n<!-- \/ Yoast SEO plugin. -->","yoast_head_json":{"title":"Ceres de la U. de Caldas en La Dorada ampli\u00f3 plazo de inscripciones para cinco programas .","robots":{"index":"index","follow":"follow","max-snippet":"max-snippet:-1","max-image-preview":"max-image-preview:large","max-video-preview":"max-video-preview:-1"},"canonical":"https:\/\/www.ucaldas.edu.co\/portal\/ceres-de-la-u-de-caldas-en-la-dorada-amplio-plazo-de-inscripciones-para-cinco-programas\/","schema":{"@context":"https:\/\/schema.org","@graph":[{"@type":"Article","@id":"https:\/\/www.ucaldas.edu.co\/portal\/ceres-de-la-u-de-caldas-en-la-dorada-amplio-plazo-de-inscripciones-para-cinco-programas\/#article","isPartOf":{"@id":"https:\/\/www.ucaldas.edu.co\/portal\/ceres-de-la-u-de-caldas-en-la-dorada-amplio-plazo-de-inscripciones-para-cinco-programas\/"},"author":{"name":"ofiprensa","@id":"https:\/\/www.ucaldas.edu.co\/portal\/#\/schema\/person\/a1b482e23449158b4bc319926c074fdf"},"headline":"Ceres de la U. de Caldas en La Dorada ampli\u00f3 plazo de inscripciones para cinco programas","datePublished":"2020-02-06T22:03:50+00:00","dateModified":"2020-02-06T22:03:54+00:00","mainEntityOfPage":{"@id":"https:\/\/www.ucaldas.edu.co\/portal\/ceres-de-la-u-de-caldas-en-la-dorada-amplio-plazo-de-inscripciones-para-cinco-programas\/"},"wordCount":358,"publisher":{"@id":"https:\/\/www.ucaldas.edu.co\/portal\/#organization"},"image":{"@id":"https:\/\/www.ucaldas.edu.co\/portal\/ceres-de-la-u-de-caldas-en-la-dorada-amplio-plazo-de-inscripciones-para-cinco-programas\/#primaryimage"},"thumbnailUrl":"https:\/\/www.ucaldas.edu.co\/portal\/wp-content\/uploads\/2020\/02\/CERES-LA-DORADA-compressor.png","keywords":["oferta acad\u00e9mica","Inscripciones","Ceres"],"articleSection":["Actualidad","Universidad al D\u00eda","UCaldas Regional"],"inLanguage":"es"},{"@type":"WebPage","@id":"https:\/\/www.ucaldas.edu.co\/portal\/ceres-de-la-u-de-caldas-en-la-dorada-amplio-plazo-de-inscripciones-para-cinco-programas\/","url":"https:\/\/www.ucaldas.edu.co\/portal\/ceres-de-la-u-de-caldas-en-la-dorada-amplio-plazo-de-inscripciones-para-cinco-programas\/","name":"Ceres de la U. de Caldas en La Dorada ampli\u00f3 plazo de inscripciones para cinco programas .","isPartOf":{"@id":"https:\/\/www.ucaldas.edu.co\/portal\/#website"},"primaryImageOfPage":{"@id":"https:\/\/www.ucaldas.edu.co\/portal\/ceres-de-la-u-de-caldas-en-la-dorada-amplio-plazo-de-inscripciones-para-cinco-programas\/#primaryimage"},"image":{"@id":"https:\/\/www.ucaldas.edu.co\/portal\/ceres-de-la-u-de-caldas-en-la-dorada-amplio-plazo-de-inscripciones-para-cinco-programas\/#primaryimage"},"thumbnailUrl":"https:\/\/www.ucaldas.edu.co\/portal\/wp-content\/uploads\/2020\/02\/CERES-LA-DORADA-compressor.png","datePublished":"2020-02-06T22:03:50+00:00","dateModified":"2020-02-06T22:03:54+00:00","breadcrumb":{"@id":"https:\/\/www.ucaldas.edu.co\/portal\/ceres-de-la-u-de-caldas-en-la-dorada-amplio-plazo-de-inscripciones-para-cinco-programas\/#breadcrumb"},"inLanguage":"es","potentialAction":[{"@type":"ReadAction","target":["https:\/\/www.ucaldas.edu.co\/portal\/ceres-de-la-u-de-caldas-en-la-dorada-amplio-plazo-de-inscripciones-para-cinco-programas\/"]}]},{"@type":"ImageObject","inLanguage":"es","@id":"https:\/\/www.ucaldas.edu.co\/portal\/ceres-de-la-u-de-caldas-en-la-dorada-amplio-plazo-de-inscripciones-para-cinco-programas\/#primaryimage","url":"https:\/\/www.ucaldas.edu.co\/portal\/wp-content\/uploads\/2020\/02\/CERES-LA-DORADA-compressor.png","contentUrl":"https:\/\/www.ucaldas.edu.co\/portal\/wp-content\/uploads\/2020\/02\/CERES-LA-DORADA-compressor.png","width":700,"height":400},{"@type":"BreadcrumbList","@id":"https:\/\/www.ucaldas.edu.co\/portal\/ceres-de-la-u-de-caldas-en-la-dorada-amplio-plazo-de-inscripciones-para-cinco-programas\/#breadcrumb","itemListElement":[{"@type":"ListItem","position":1,"name":"Portada","item":"https:\/\/www.ucaldas.edu.co\/portal\/"},{"@type":"ListItem","position":2,"name":"Ceres de la U. de Caldas en La Dorada ampli\u00f3 plazo de inscripciones para cinco programas"}]},{"@type":"WebSite","@id":"https:\/\/www.ucaldas.edu.co\/portal\/#website","url":"https:\/\/www.ucaldas.edu.co\/portal\/","name":"Universidad de Caldas","description":"","publisher":{"@id":"https:\/\/www.ucaldas.edu.co\/portal\/#organization"},"alternateName":"U. de Caldas","potentialAction":[{"@type":"SearchAction","target":{"@type":"EntryPoint","urlTemplate":"https:\/\/www.ucaldas.edu.co\/portal\/?s={search_term_string}"},"query-input":{"@type":"PropertyValueSpecification","valueRequired":true,"valueName":"search_term_string"}}],"inLanguage":"es"},{"@type":"Organization","@id":"https:\/\/www.ucaldas.edu.co\/portal\/#organization","name":"Universidad de Caldas","alternateName":"U. de Caldas","url":"https:\/\/www.ucaldas.edu.co\/portal\/","logo":{"@type":"ImageObject","inLanguage":"es","@id":"https:\/\/www.ucaldas.edu.co\/portal\/#\/schema\/logo\/image\/","url":"https:\/\/www.ucaldas.edu.co\/portal\/wp-content\/uploads\/2023\/11\/Logo_horizontal_oscuroU-2023.png","contentUrl":"https:\/\/www.ucaldas.edu.co\/portal\/wp-content\/uploads\/2023\/11\/Logo_horizontal_oscuroU-2023.png","width":263,"height":101,"caption":"Universidad de Caldas"},"image":{"@id":"https:\/\/www.ucaldas.edu.co\/portal\/#\/schema\/logo\/image\/"},"sameAs":["https:\/\/www.facebook.com\/udecaldas","https:\/\/x.com\/udecaldas","https:\/\/www.youtube.com\/universidadcaldas","https:\/\/www.instagram.com\/udecaldas\/"]},{"@type":"Person","@id":"https:\/\/www.ucaldas.edu.co\/portal\/#\/schema\/person\/a1b482e23449158b4bc319926c074fdf","name":"ofiprensa","image":{"@type":"ImageObject","inLanguage":"es","@id":"https:\/\/www.ucaldas.edu.co\/portal\/wp-content\/litespeed\/avatar\/09ea5085e600095a7a811142c6944527.jpg?ver=1776892805","url":"https:\/\/www.ucaldas.edu.co\/portal\/wp-content\/litespeed\/avatar\/09ea5085e600095a7a811142c6944527.jpg?ver=1776892805","contentUrl":"https:\/\/www.ucaldas.edu.co\/portal\/wp-content\/litespeed\/avatar\/09ea5085e600095a7a811142c6944527.jpg?ver=1776892805","caption":"ofiprensa"},"url":"https:\/\/www.ucaldas.edu.co\/portal\/author\/ofiprensa\/"}]}},"_links":{"self":[{"href":"https:\/\/www.ucaldas.edu.co\/portal\/wp-json\/wp\/v2\/posts\/54017","targetHints":{"allow":["GET"]}}],"collection":[{"href":"https:\/\/www.ucaldas.edu.co\/portal\/wp-json\/wp\/v2\/posts"}],"about":[{"href":"https:\/\/www.ucaldas.edu.co\/portal\/wp-json\/wp\/v2\/types\/post"}],"author":[{"embeddable":true,"href":"https:\/\/www.ucaldas.edu.co\/portal\/wp-json\/wp\/v2\/users\/2"}],"replies":[{"embeddable":true,"href":"https:\/\/www.ucaldas.edu.co\/portal\/wp-json\/wp\/v2\/comments?post=54017"}],"version-history":[{"count":0,"href":"https:\/\/www.ucaldas.edu.co\/portal\/wp-json\/wp\/v2\/posts\/54017\/revisions"}],"wp:featuredmedia":[{"embeddable":true,"href":"https:\/\/www.ucaldas.edu.co\/portal\/wp-json\/wp\/v2\/media\/54018"}],"wp:attachment":[{"href":"https:\/\/www.ucaldas.edu.co\/portal\/wp-json\/wp\/v2\/media?parent=54017"}],"wp:term":[{"taxonomy":"category","embeddable":true,"href":"https:\/\/www.ucaldas.edu.co\/portal\/wp-json\/wp\/v2\/categories?post=54017"},{"taxonomy":"post_tag","embeddable":true,"href":"https:\/\/www.ucaldas.edu.co\/portal\/wp-json\/wp\/v2\/tags?post=54017"}],"curies":[{"name":"wp","href":"https:\/\/api.w.org\/{rel}","templated":true}]}}