{"id":54011,"date":"2020-02-06T21:57:21","date_gmt":"2020-02-06T21:57:21","guid":{"rendered":"https:\/\/www.ucaldas.edu.co\/portal\/?p=54011"},"modified":"2020-02-06T21:57:26","modified_gmt":"2020-02-06T21:57:26","slug":"maestria-en-artes-tiene-abierta-convocatoria-para-elegir-a-ser-representantes-de-estudiantes-y-graduados-ante-el-comite-de-curriculo","status":"publish","type":"post","link":"https:\/\/www.ucaldas.edu.co\/portal\/maestria-en-artes-tiene-abierta-convocatoria-para-elegir-a-ser-representantes-de-estudiantes-y-graduados-ante-el-comite-de-curriculo\/","title":{"rendered":"Maestr\u00eda en Artes tiene abierta convocatoria para elegir a ser representantes de estudiantes y graduados ante el comit\u00e9 de curr\u00edculo"},"content":{"rendered":"<p style=\"text-align: center;\">LA INSCRIPCI\u00d3N DE CANDIDATOS ES EL 17 DE FEBRERO<\/p>\n<p style=\"text-align: center;\"><strong>Maestr\u00eda en Artes tiene abierta convocatoria para elegir a ser representantes de estudiantes y graduados ante el comit\u00e9 de curr\u00edculo<\/strong><\/p>\n<p style=\"text-align: right;\">06\/02\/2020<\/p>\n<p><img loading=\"lazy\" decoding=\"async\" class=\"aligncenter wp-image-54012 size-full\" src=\"https:\/\/www.ucaldas.edu.co\/portal\/wp-content\/uploads\/2020\/02\/MAESTRIA-EN-ARTES-compressor.png\" alt=\"\" width=\"700\" height=\"400\" srcset=\"https:\/\/www.ucaldas.edu.co\/portal\/wp-content\/uploads\/2020\/02\/MAESTRIA-EN-ARTES-compressor.png 700w, https:\/\/www.ucaldas.edu.co\/portal\/wp-content\/uploads\/2020\/02\/MAESTRIA-EN-ARTES-compressor-300x171.png 300w\" sizes=\"auto, (max-width: 700px) 100vw, 700px\" \/><\/p>\n<p>La Maestr\u00eda en Artes, de la Facultad de Artes y Humanidades, convoca a las personas que aspiren a ocupar la representaci\u00f3n de estudiantes y graduados ante el comit\u00e9 de curr\u00edculo del programa. La inscripci\u00f3n de candidatos ser\u00e1 el 17 de febrero.<!--more--><\/p>\n<p>El documento resalta que la postulaci\u00f3n para ser representante de los estudiantes se har\u00e1 ante el director de programa, en los t\u00e9rminos establecidos en el calendario del proceso, mediante la presentaci\u00f3n del formato dispuesto para el efecto, debidamente diligenciado y suscrito por el candidato.<\/p>\n<p>Entre tanto, la postulaci\u00f3n para ser representante de los graduados ante los comit\u00e9s de curr\u00edculo se har\u00e1 sin formalidades en la sesi\u00f3n de graduados citados por el director de programa para realizar la elecci\u00f3n respectiva.<\/p>\n<p>Seg\u00fan el comunicado, el proceso p\u00fablico de designaci\u00f3n de representante de estudiantes y graduados ante los comit\u00e9s de curr\u00edculo se desarrollar\u00e1 conforme al siguiente cronograma:<\/p>\n<table>\n<tbody>\n<tr>\n<td colspan=\"3\"><strong>Cronograma<\/strong><\/td>\n<\/tr>\n<tr>\n<td><strong>\u00cdtem<\/strong><\/td>\n<td width=\"248\"><strong>Actividad<\/strong><\/td>\n<td width=\"154\"><strong>Fecha<\/strong><\/td>\n<\/tr>\n<tr>\n<td>1.\u00a0\u00a0\u00a0\u00a0\u00a0\u00a0\u00a0\u00a0\u00a0\u00a0\u00a0\u00a0\u00a0 Convocatoria \u2013 direcci\u00f3n de programa<\/td>\n<td width=\"248\">La convocatoria ser\u00e1 realizada a trav\u00e9s de la publicaci\u00f3n en p\u00e1gina web de la instituci\u00f3n y correo electr\u00f3nico (art. 131 Acuerdo 34 de 2019 del Consejo Superior)<\/p>\n<p>&nbsp;<\/p>\n<p>&nbsp;<\/td>\n<td width=\"154\">Febrero 3 al 16 de 2020<\/td>\n<\/tr>\n<tr>\n<td>2.\u00a0\u00a0\u00a0\u00a0\u00a0\u00a0\u00a0\u00a0\u00a0\u00a0\u00a0\u00a0\u00a0\u00a0\u00a0\u00a0\u00a0 Inscripci\u00f3n de candidatos<\/td>\n<td width=\"248\">Inscripci\u00f3n de los aspirantes en la direcci\u00f3n de programa, de 8:00 a.m. a 11:45 a.m. y de 2:00 p.m. a 5:00 p.m., con el formato dispuesto para tal fin, debidamente diligenciado y suscrito por el candidato. (Se recomienda leer el Acuerdo 33 de 2019 del Consejo Superior)<\/td>\n<td width=\"154\">Febrero 17 de 2020<\/td>\n<\/tr>\n<tr>\n<td>4.\u00a0\u00a0\u00a0\u00a0\u00a0\u00a0\u00a0\u00a0\u00a0\u00a0\u00a0\u00a0\u00a0\u00a0\u00a0\u00a0\u00a0 Verificaci\u00f3n de requisitos<\/td>\n<td width=\"248\">Verificaci\u00f3n por parte de la direcci\u00f3n de programa (art. 140 Acuerdo 34 de 2019 del Consejo Superior) de cada uno de los aspirantes inscritos.<\/td>\n<td width=\"154\">Febrero 18 de 2020<\/td>\n<\/tr>\n<tr>\n<td>5.\u00a0\u00a0\u00a0\u00a0\u00a0\u00a0\u00a0\u00a0\u00a0\u00a0\u00a0\u00a0\u00a0\u00a0\u00a0\u00a0\u00a0 Campa\u00f1a Electoral<\/td>\n<td width=\"248\">Lo establecido en el t\u00edtulo 3 \u2013 cap\u00edtulo 4, del Estatuto Electoral (Acuerdo 49 de 2018 del Consejo Superior).<\/td>\n<td width=\"154\">Febrero 19 de 2020<\/td>\n<\/tr>\n<tr>\n<td>6.\u00a0\u00a0\u00a0\u00a0\u00a0\u00a0\u00a0\u00a0\u00a0\u00a0\u00a0\u00a0\u00a0\u00a0\u00a0\u00a0\u00a0 Votaci\u00f3n<\/td>\n<td width=\"248\">Seg\u00fan lo se\u00f1alado en el cap\u00edtulo 5 art\u00edculo 144 del Acuerdo 34 de 2019<\/td>\n<td width=\"154\">Febrero 28 de 2020<\/td>\n<\/tr>\n<tr>\n<td>6.\u00a0\u00a0\u00a0\u00a0\u00a0\u00a0\u00a0\u00a0\u00a0\u00a0\u00a0\u00a0\u00a0\u00a0\u00a0\u00a0\u00a0 Acto administrativo de Publicaci\u00f3n de elegidos<\/td>\n<td width=\"248\">Direcci\u00f3n de programa\u00a0 (Art\u00edculo 145 del Acuerdo 34 de 2019)<\/td>\n<td width=\"154\">Febrero 28 de 2020<\/td>\n<\/tr>\n<tr>\n<td>7.\u00a0\u00a0\u00a0\u00a0\u00a0\u00a0\u00a0\u00a0\u00a0\u00a0\u00a0\u00a0\u00a0\u00a0\u00a0\u00a0\u00a0 Recurso de Reposici\u00f3n<\/td>\n<td width=\"248\">Direcci\u00f3n de programa<\/td>\n<td width=\"154\">Marzo 2 de 2020<\/td>\n<\/tr>\n<tr>\n<td>8.\u00a0\u00a0\u00a0\u00a0\u00a0\u00a0\u00a0\u00a0\u00a0\u00a0\u00a0\u00a0\u00a0\u00a0\u00a0\u00a0\u00a0 Resolver recursos de Reposici\u00f3n<\/td>\n<td width=\"248\">Direcci\u00f3n de programa<\/td>\n<td width=\"154\">Marzo 4 de 2020<\/td>\n<\/tr>\n<\/tbody>\n<\/table>\n<p>&nbsp;<\/p>\n<p><strong>Informes:<\/strong> Oficina de Comunicaciones y Prensa Universidad de Caldas. Tel\u00e9fono: 8781500 Extensi\u00f3n: 12167<\/p>\n<p><strong>Redacci\u00f3n:<\/strong> Adriana Osorio Garc\u00eda<\/p>\n","protected":false},"excerpt":{"rendered":"<p>LA INSCRIPCI\u00d3N DE CANDIDATOS ES EL 17 DE FEBRERO Maestr\u00eda en Artes tiene abierta convocatoria para elegir a ser representantes de estudiantes y graduados ante el comit\u00e9 de curr\u00edculo 06\/02\/2020 La Maestr\u00eda en Artes, de la Facultad de Artes y Humanidades, convoca a las personas que aspiren a ocupar la representaci\u00f3n de estudiantes y graduados [&hellip;]<\/p>\n","protected":false},"author":2,"featured_media":54012,"comment_status":"closed","ping_status":"open","sticky":false,"template":"","format":"standard","meta":{"footnotes":""},"categories":[48,53,243],"tags":[188,297,763,1037],"class_list":["post-54011","post","type-post","status-publish","format-standard","has-post-thumbnail","hentry","category-actualidad","category-universidad-al-dia","category-ucaldas-acreditada","tag-artes","tag-inscripciones","tag-maestria","tag-posgrado"],"yoast_head":"<!-- This site is optimized with the Yoast SEO plugin v27.5 - https:\/\/yoast.com\/product\/yoast-seo-wordpress\/ -->\n<title>Maestr\u00eda en Artes tiene abierta convocatoria para elegir a ser representantes de estudiantes y graduados ante el comit\u00e9 de curr\u00edculo .<\/title>\n<meta name=\"robots\" content=\"index, follow, max-snippet:-1, max-image-preview:large, max-video-preview:-1\" \/>\n<link rel=\"canonical\" href=\"https:\/\/www.ucaldas.edu.co\/portal\/maestria-en-artes-tiene-abierta-convocatoria-para-elegir-a-ser-representantes-de-estudiantes-y-graduados-ante-el-comite-de-curriculo\/\" \/>\n<script type=\"application\/ld+json\" class=\"yoast-schema-graph\">{\"@context\":\"https:\\\/\\\/schema.org\",\"@graph\":[{\"@type\":\"Article\",\"@id\":\"https:\\\/\\\/www.ucaldas.edu.co\\\/portal\\\/maestria-en-artes-tiene-abierta-convocatoria-para-elegir-a-ser-representantes-de-estudiantes-y-graduados-ante-el-comite-de-curriculo\\\/#article\",\"isPartOf\":{\"@id\":\"https:\\\/\\\/www.ucaldas.edu.co\\\/portal\\\/maestria-en-artes-tiene-abierta-convocatoria-para-elegir-a-ser-representantes-de-estudiantes-y-graduados-ante-el-comite-de-curriculo\\\/\"},\"author\":{\"name\":\"ofiprensa\",\"@id\":\"https:\\\/\\\/www.ucaldas.edu.co\\\/portal\\\/#\\\/schema\\\/person\\\/a1b482e23449158b4bc319926c074fdf\"},\"headline\":\"Maestr\u00eda en Artes tiene abierta convocatoria para elegir a ser representantes de estudiantes y graduados ante el comit\u00e9 de curr\u00edculo\",\"datePublished\":\"2020-02-06T21:57:21+00:00\",\"dateModified\":\"2020-02-06T21:57:26+00:00\",\"mainEntityOfPage\":{\"@id\":\"https:\\\/\\\/www.ucaldas.edu.co\\\/portal\\\/maestria-en-artes-tiene-abierta-convocatoria-para-elegir-a-ser-representantes-de-estudiantes-y-graduados-ante-el-comite-de-curriculo\\\/\"},\"wordCount\":437,\"publisher\":{\"@id\":\"https:\\\/\\\/www.ucaldas.edu.co\\\/portal\\\/#organization\"},\"image\":{\"@id\":\"https:\\\/\\\/www.ucaldas.edu.co\\\/portal\\\/maestria-en-artes-tiene-abierta-convocatoria-para-elegir-a-ser-representantes-de-estudiantes-y-graduados-ante-el-comite-de-curriculo\\\/#primaryimage\"},\"thumbnailUrl\":\"https:\\\/\\\/www.ucaldas.edu.co\\\/portal\\\/wp-content\\\/uploads\\\/2020\\\/02\\\/MAESTRIA-EN-ARTES-compressor.png\",\"keywords\":[\"artes\",\"Inscripciones\",\"maestr\u00eda\",\"posgrado\"],\"articleSection\":[\"Actualidad\",\"Universidad al D\u00eda\",\"Ucaldas Acreditada\"],\"inLanguage\":\"es\"},{\"@type\":\"WebPage\",\"@id\":\"https:\\\/\\\/www.ucaldas.edu.co\\\/portal\\\/maestria-en-artes-tiene-abierta-convocatoria-para-elegir-a-ser-representantes-de-estudiantes-y-graduados-ante-el-comite-de-curriculo\\\/\",\"url\":\"https:\\\/\\\/www.ucaldas.edu.co\\\/portal\\\/maestria-en-artes-tiene-abierta-convocatoria-para-elegir-a-ser-representantes-de-estudiantes-y-graduados-ante-el-comite-de-curriculo\\\/\",\"name\":\"Maestr\u00eda en Artes tiene abierta convocatoria para elegir a ser representantes de estudiantes y graduados ante el comit\u00e9 de curr\u00edculo .\",\"isPartOf\":{\"@id\":\"https:\\\/\\\/www.ucaldas.edu.co\\\/portal\\\/#website\"},\"primaryImageOfPage\":{\"@id\":\"https:\\\/\\\/www.ucaldas.edu.co\\\/portal\\\/maestria-en-artes-tiene-abierta-convocatoria-para-elegir-a-ser-representantes-de-estudiantes-y-graduados-ante-el-comite-de-curriculo\\\/#primaryimage\"},\"image\":{\"@id\":\"https:\\\/\\\/www.ucaldas.edu.co\\\/portal\\\/maestria-en-artes-tiene-abierta-convocatoria-para-elegir-a-ser-representantes-de-estudiantes-y-graduados-ante-el-comite-de-curriculo\\\/#primaryimage\"},\"thumbnailUrl\":\"https:\\\/\\\/www.ucaldas.edu.co\\\/portal\\\/wp-content\\\/uploads\\\/2020\\\/02\\\/MAESTRIA-EN-ARTES-compressor.png\",\"datePublished\":\"2020-02-06T21:57:21+00:00\",\"dateModified\":\"2020-02-06T21:57:26+00:00\",\"breadcrumb\":{\"@id\":\"https:\\\/\\\/www.ucaldas.edu.co\\\/portal\\\/maestria-en-artes-tiene-abierta-convocatoria-para-elegir-a-ser-representantes-de-estudiantes-y-graduados-ante-el-comite-de-curriculo\\\/#breadcrumb\"},\"inLanguage\":\"es\",\"potentialAction\":[{\"@type\":\"ReadAction\",\"target\":[\"https:\\\/\\\/www.ucaldas.edu.co\\\/portal\\\/maestria-en-artes-tiene-abierta-convocatoria-para-elegir-a-ser-representantes-de-estudiantes-y-graduados-ante-el-comite-de-curriculo\\\/\"]}]},{\"@type\":\"ImageObject\",\"inLanguage\":\"es\",\"@id\":\"https:\\\/\\\/www.ucaldas.edu.co\\\/portal\\\/maestria-en-artes-tiene-abierta-convocatoria-para-elegir-a-ser-representantes-de-estudiantes-y-graduados-ante-el-comite-de-curriculo\\\/#primaryimage\",\"url\":\"https:\\\/\\\/www.ucaldas.edu.co\\\/portal\\\/wp-content\\\/uploads\\\/2020\\\/02\\\/MAESTRIA-EN-ARTES-compressor.png\",\"contentUrl\":\"https:\\\/\\\/www.ucaldas.edu.co\\\/portal\\\/wp-content\\\/uploads\\\/2020\\\/02\\\/MAESTRIA-EN-ARTES-compressor.png\",\"width\":700,\"height\":400},{\"@type\":\"BreadcrumbList\",\"@id\":\"https:\\\/\\\/www.ucaldas.edu.co\\\/portal\\\/maestria-en-artes-tiene-abierta-convocatoria-para-elegir-a-ser-representantes-de-estudiantes-y-graduados-ante-el-comite-de-curriculo\\\/#breadcrumb\",\"itemListElement\":[{\"@type\":\"ListItem\",\"position\":1,\"name\":\"Portada\",\"item\":\"https:\\\/\\\/www.ucaldas.edu.co\\\/portal\\\/\"},{\"@type\":\"ListItem\",\"position\":2,\"name\":\"Maestr\u00eda en Artes tiene abierta convocatoria para elegir a ser representantes de estudiantes y graduados ante el comit\u00e9 de curr\u00edculo\"}]},{\"@type\":\"WebSite\",\"@id\":\"https:\\\/\\\/www.ucaldas.edu.co\\\/portal\\\/#website\",\"url\":\"https:\\\/\\\/www.ucaldas.edu.co\\\/portal\\\/\",\"name\":\"Universidad de Caldas\",\"description\":\"\",\"publisher\":{\"@id\":\"https:\\\/\\\/www.ucaldas.edu.co\\\/portal\\\/#organization\"},\"alternateName\":\"U. de Caldas\",\"potentialAction\":[{\"@type\":\"SearchAction\",\"target\":{\"@type\":\"EntryPoint\",\"urlTemplate\":\"https:\\\/\\\/www.ucaldas.edu.co\\\/portal\\\/?s={search_term_string}\"},\"query-input\":{\"@type\":\"PropertyValueSpecification\",\"valueRequired\":true,\"valueName\":\"search_term_string\"}}],\"inLanguage\":\"es\"},{\"@type\":\"Organization\",\"@id\":\"https:\\\/\\\/www.ucaldas.edu.co\\\/portal\\\/#organization\",\"name\":\"Universidad de Caldas\",\"alternateName\":\"U. de Caldas\",\"url\":\"https:\\\/\\\/www.ucaldas.edu.co\\\/portal\\\/\",\"logo\":{\"@type\":\"ImageObject\",\"inLanguage\":\"es\",\"@id\":\"https:\\\/\\\/www.ucaldas.edu.co\\\/portal\\\/#\\\/schema\\\/logo\\\/image\\\/\",\"url\":\"https:\\\/\\\/www.ucaldas.edu.co\\\/portal\\\/wp-content\\\/uploads\\\/2023\\\/11\\\/Logo_horizontal_oscuroU-2023.png\",\"contentUrl\":\"https:\\\/\\\/www.ucaldas.edu.co\\\/portal\\\/wp-content\\\/uploads\\\/2023\\\/11\\\/Logo_horizontal_oscuroU-2023.png\",\"width\":263,\"height\":101,\"caption\":\"Universidad de Caldas\"},\"image\":{\"@id\":\"https:\\\/\\\/www.ucaldas.edu.co\\\/portal\\\/#\\\/schema\\\/logo\\\/image\\\/\"},\"sameAs\":[\"https:\\\/\\\/www.facebook.com\\\/udecaldas\",\"https:\\\/\\\/x.com\\\/udecaldas\",\"https:\\\/\\\/www.youtube.com\\\/universidadcaldas\",\"https:\\\/\\\/www.instagram.com\\\/udecaldas\\\/\"]},{\"@type\":\"Person\",\"@id\":\"https:\\\/\\\/www.ucaldas.edu.co\\\/portal\\\/#\\\/schema\\\/person\\\/a1b482e23449158b4bc319926c074fdf\",\"name\":\"ofiprensa\",\"image\":{\"@type\":\"ImageObject\",\"inLanguage\":\"es\",\"@id\":\"https:\\\/\\\/www.ucaldas.edu.co\\\/portal\\\/wp-content\\\/litespeed\\\/avatar\\\/09ea5085e600095a7a811142c6944527.jpg?ver=1776892805\",\"url\":\"https:\\\/\\\/www.ucaldas.edu.co\\\/portal\\\/wp-content\\\/litespeed\\\/avatar\\\/09ea5085e600095a7a811142c6944527.jpg?ver=1776892805\",\"contentUrl\":\"https:\\\/\\\/www.ucaldas.edu.co\\\/portal\\\/wp-content\\\/litespeed\\\/avatar\\\/09ea5085e600095a7a811142c6944527.jpg?ver=1776892805\",\"caption\":\"ofiprensa\"},\"url\":\"https:\\\/\\\/www.ucaldas.edu.co\\\/portal\\\/author\\\/ofiprensa\\\/\"}]}<\/script>\n<!-- \/ Yoast SEO plugin. -->","yoast_head_json":{"title":"Maestr\u00eda en Artes tiene abierta convocatoria para elegir a ser representantes de estudiantes y graduados ante el comit\u00e9 de curr\u00edculo .","robots":{"index":"index","follow":"follow","max-snippet":"max-snippet:-1","max-image-preview":"max-image-preview:large","max-video-preview":"max-video-preview:-1"},"canonical":"https:\/\/www.ucaldas.edu.co\/portal\/maestria-en-artes-tiene-abierta-convocatoria-para-elegir-a-ser-representantes-de-estudiantes-y-graduados-ante-el-comite-de-curriculo\/","schema":{"@context":"https:\/\/schema.org","@graph":[{"@type":"Article","@id":"https:\/\/www.ucaldas.edu.co\/portal\/maestria-en-artes-tiene-abierta-convocatoria-para-elegir-a-ser-representantes-de-estudiantes-y-graduados-ante-el-comite-de-curriculo\/#article","isPartOf":{"@id":"https:\/\/www.ucaldas.edu.co\/portal\/maestria-en-artes-tiene-abierta-convocatoria-para-elegir-a-ser-representantes-de-estudiantes-y-graduados-ante-el-comite-de-curriculo\/"},"author":{"name":"ofiprensa","@id":"https:\/\/www.ucaldas.edu.co\/portal\/#\/schema\/person\/a1b482e23449158b4bc319926c074fdf"},"headline":"Maestr\u00eda en Artes tiene abierta convocatoria para elegir a ser representantes de estudiantes y graduados ante el comit\u00e9 de curr\u00edculo","datePublished":"2020-02-06T21:57:21+00:00","dateModified":"2020-02-06T21:57:26+00:00","mainEntityOfPage":{"@id":"https:\/\/www.ucaldas.edu.co\/portal\/maestria-en-artes-tiene-abierta-convocatoria-para-elegir-a-ser-representantes-de-estudiantes-y-graduados-ante-el-comite-de-curriculo\/"},"wordCount":437,"publisher":{"@id":"https:\/\/www.ucaldas.edu.co\/portal\/#organization"},"image":{"@id":"https:\/\/www.ucaldas.edu.co\/portal\/maestria-en-artes-tiene-abierta-convocatoria-para-elegir-a-ser-representantes-de-estudiantes-y-graduados-ante-el-comite-de-curriculo\/#primaryimage"},"thumbnailUrl":"https:\/\/www.ucaldas.edu.co\/portal\/wp-content\/uploads\/2020\/02\/MAESTRIA-EN-ARTES-compressor.png","keywords":["artes","Inscripciones","maestr\u00eda","posgrado"],"articleSection":["Actualidad","Universidad al D\u00eda","Ucaldas Acreditada"],"inLanguage":"es"},{"@type":"WebPage","@id":"https:\/\/www.ucaldas.edu.co\/portal\/maestria-en-artes-tiene-abierta-convocatoria-para-elegir-a-ser-representantes-de-estudiantes-y-graduados-ante-el-comite-de-curriculo\/","url":"https:\/\/www.ucaldas.edu.co\/portal\/maestria-en-artes-tiene-abierta-convocatoria-para-elegir-a-ser-representantes-de-estudiantes-y-graduados-ante-el-comite-de-curriculo\/","name":"Maestr\u00eda en Artes tiene abierta convocatoria para elegir a ser representantes de estudiantes y graduados ante el comit\u00e9 de curr\u00edculo .","isPartOf":{"@id":"https:\/\/www.ucaldas.edu.co\/portal\/#website"},"primaryImageOfPage":{"@id":"https:\/\/www.ucaldas.edu.co\/portal\/maestria-en-artes-tiene-abierta-convocatoria-para-elegir-a-ser-representantes-de-estudiantes-y-graduados-ante-el-comite-de-curriculo\/#primaryimage"},"image":{"@id":"https:\/\/www.ucaldas.edu.co\/portal\/maestria-en-artes-tiene-abierta-convocatoria-para-elegir-a-ser-representantes-de-estudiantes-y-graduados-ante-el-comite-de-curriculo\/#primaryimage"},"thumbnailUrl":"https:\/\/www.ucaldas.edu.co\/portal\/wp-content\/uploads\/2020\/02\/MAESTRIA-EN-ARTES-compressor.png","datePublished":"2020-02-06T21:57:21+00:00","dateModified":"2020-02-06T21:57:26+00:00","breadcrumb":{"@id":"https:\/\/www.ucaldas.edu.co\/portal\/maestria-en-artes-tiene-abierta-convocatoria-para-elegir-a-ser-representantes-de-estudiantes-y-graduados-ante-el-comite-de-curriculo\/#breadcrumb"},"inLanguage":"es","potentialAction":[{"@type":"ReadAction","target":["https:\/\/www.ucaldas.edu.co\/portal\/maestria-en-artes-tiene-abierta-convocatoria-para-elegir-a-ser-representantes-de-estudiantes-y-graduados-ante-el-comite-de-curriculo\/"]}]},{"@type":"ImageObject","inLanguage":"es","@id":"https:\/\/www.ucaldas.edu.co\/portal\/maestria-en-artes-tiene-abierta-convocatoria-para-elegir-a-ser-representantes-de-estudiantes-y-graduados-ante-el-comite-de-curriculo\/#primaryimage","url":"https:\/\/www.ucaldas.edu.co\/portal\/wp-content\/uploads\/2020\/02\/MAESTRIA-EN-ARTES-compressor.png","contentUrl":"https:\/\/www.ucaldas.edu.co\/portal\/wp-content\/uploads\/2020\/02\/MAESTRIA-EN-ARTES-compressor.png","width":700,"height":400},{"@type":"BreadcrumbList","@id":"https:\/\/www.ucaldas.edu.co\/portal\/maestria-en-artes-tiene-abierta-convocatoria-para-elegir-a-ser-representantes-de-estudiantes-y-graduados-ante-el-comite-de-curriculo\/#breadcrumb","itemListElement":[{"@type":"ListItem","position":1,"name":"Portada","item":"https:\/\/www.ucaldas.edu.co\/portal\/"},{"@type":"ListItem","position":2,"name":"Maestr\u00eda en Artes tiene abierta convocatoria para elegir a ser representantes de estudiantes y graduados ante el comit\u00e9 de curr\u00edculo"}]},{"@type":"WebSite","@id":"https:\/\/www.ucaldas.edu.co\/portal\/#website","url":"https:\/\/www.ucaldas.edu.co\/portal\/","name":"Universidad de Caldas","description":"","publisher":{"@id":"https:\/\/www.ucaldas.edu.co\/portal\/#organization"},"alternateName":"U. de Caldas","potentialAction":[{"@type":"SearchAction","target":{"@type":"EntryPoint","urlTemplate":"https:\/\/www.ucaldas.edu.co\/portal\/?s={search_term_string}"},"query-input":{"@type":"PropertyValueSpecification","valueRequired":true,"valueName":"search_term_string"}}],"inLanguage":"es"},{"@type":"Organization","@id":"https:\/\/www.ucaldas.edu.co\/portal\/#organization","name":"Universidad de Caldas","alternateName":"U. de Caldas","url":"https:\/\/www.ucaldas.edu.co\/portal\/","logo":{"@type":"ImageObject","inLanguage":"es","@id":"https:\/\/www.ucaldas.edu.co\/portal\/#\/schema\/logo\/image\/","url":"https:\/\/www.ucaldas.edu.co\/portal\/wp-content\/uploads\/2023\/11\/Logo_horizontal_oscuroU-2023.png","contentUrl":"https:\/\/www.ucaldas.edu.co\/portal\/wp-content\/uploads\/2023\/11\/Logo_horizontal_oscuroU-2023.png","width":263,"height":101,"caption":"Universidad de Caldas"},"image":{"@id":"https:\/\/www.ucaldas.edu.co\/portal\/#\/schema\/logo\/image\/"},"sameAs":["https:\/\/www.facebook.com\/udecaldas","https:\/\/x.com\/udecaldas","https:\/\/www.youtube.com\/universidadcaldas","https:\/\/www.instagram.com\/udecaldas\/"]},{"@type":"Person","@id":"https:\/\/www.ucaldas.edu.co\/portal\/#\/schema\/person\/a1b482e23449158b4bc319926c074fdf","name":"ofiprensa","image":{"@type":"ImageObject","inLanguage":"es","@id":"https:\/\/www.ucaldas.edu.co\/portal\/wp-content\/litespeed\/avatar\/09ea5085e600095a7a811142c6944527.jpg?ver=1776892805","url":"https:\/\/www.ucaldas.edu.co\/portal\/wp-content\/litespeed\/avatar\/09ea5085e600095a7a811142c6944527.jpg?ver=1776892805","contentUrl":"https:\/\/www.ucaldas.edu.co\/portal\/wp-content\/litespeed\/avatar\/09ea5085e600095a7a811142c6944527.jpg?ver=1776892805","caption":"ofiprensa"},"url":"https:\/\/www.ucaldas.edu.co\/portal\/author\/ofiprensa\/"}]}},"_links":{"self":[{"href":"https:\/\/www.ucaldas.edu.co\/portal\/wp-json\/wp\/v2\/posts\/54011","targetHints":{"allow":["GET"]}}],"collection":[{"href":"https:\/\/www.ucaldas.edu.co\/portal\/wp-json\/wp\/v2\/posts"}],"about":[{"href":"https:\/\/www.ucaldas.edu.co\/portal\/wp-json\/wp\/v2\/types\/post"}],"author":[{"embeddable":true,"href":"https:\/\/www.ucaldas.edu.co\/portal\/wp-json\/wp\/v2\/users\/2"}],"replies":[{"embeddable":true,"href":"https:\/\/www.ucaldas.edu.co\/portal\/wp-json\/wp\/v2\/comments?post=54011"}],"version-history":[{"count":0,"href":"https:\/\/www.ucaldas.edu.co\/portal\/wp-json\/wp\/v2\/posts\/54011\/revisions"}],"wp:featuredmedia":[{"embeddable":true,"href":"https:\/\/www.ucaldas.edu.co\/portal\/wp-json\/wp\/v2\/media\/54012"}],"wp:attachment":[{"href":"https:\/\/www.ucaldas.edu.co\/portal\/wp-json\/wp\/v2\/media?parent=54011"}],"wp:term":[{"taxonomy":"category","embeddable":true,"href":"https:\/\/www.ucaldas.edu.co\/portal\/wp-json\/wp\/v2\/categories?post=54011"},{"taxonomy":"post_tag","embeddable":true,"href":"https:\/\/www.ucaldas.edu.co\/portal\/wp-json\/wp\/v2\/tags?post=54011"}],"curies":[{"name":"wp","href":"https:\/\/api.w.org\/{rel}","templated":true}]}}