{"id":53978,"date":"2020-02-04T22:39:04","date_gmt":"2020-02-04T22:39:04","guid":{"rendered":"https:\/\/www.ucaldas.edu.co\/portal\/?p=53978"},"modified":"2020-02-04T22:39:11","modified_gmt":"2020-02-04T22:39:11","slug":"mujeres-cientificas-tienen-una-nueva-cita-en-tres-universidades-de-manizales","status":"publish","type":"post","link":"https:\/\/www.ucaldas.edu.co\/portal\/mujeres-cientificas-tienen-una-nueva-cita-en-tres-universidades-de-manizales\/","title":{"rendered":"Mujeres cient\u00edficas tienen una nueva cita en tres universidades de Manizales"},"content":{"rendered":"<p>&nbsp;<\/p>\n<p style=\"text-align: center;\">PR\u00d3XIMO\u00a0 MARTES 11 DE FEBRERO, DURANTE ENCUENTRO<\/p>\n<p style=\"text-align: center;\"><strong>Mujeres cient\u00edficas tienen una nueva cita en tres universidades de Manizales<\/strong><\/p>\n<p style=\"text-align: right;\">04\/02\/2020<\/p>\n<p><img loading=\"lazy\" decoding=\"async\" class=\"aligncenter wp-image-53979 size-full\" src=\"https:\/\/www.ucaldas.edu.co\/portal\/wp-content\/uploads\/2020\/02\/MUJERES-CIENTIFICAS-compressor.png\" alt=\"\" width=\"700\" height=\"400\" srcset=\"https:\/\/www.ucaldas.edu.co\/portal\/wp-content\/uploads\/2020\/02\/MUJERES-CIENTIFICAS-compressor.png 700w, https:\/\/www.ucaldas.edu.co\/portal\/wp-content\/uploads\/2020\/02\/MUJERES-CIENTIFICAS-compressor-300x171.png 300w\" sizes=\"auto, (max-width: 700px) 100vw, 700px\" \/><\/p>\n<p>Continuar con el fortalecimiento de acciones que visibilicen el papel de las mujeres cient\u00edficas y su aporte al desarrollo de la ciencia y la investigaci\u00f3n es el objetivo de la jornada acad\u00e9mica que se realizar\u00e1 el pr\u00f3ximo martes 11 de febrero en Manizales. La actividad la coordinan las universidades Aut\u00f3noma, de Manizales y de Caldas.<!--more--><\/p>\n<p>La vicerrectora de Investigaciones y Posgrados de la U. de Caldas, Luisa Fernanda Giraldo Zuluaga, record\u00f3 que el a\u00f1o pasado la instituci\u00f3n tambi\u00e9n se uni\u00f3 para llevar a cabo el campamento de mujeres cient\u00edficas, y con la actividad de la pr\u00f3xima semana se quiere fortalecer ese trabajo por hacer visible el rol de las mujeres investigadoras y su aporte al desarrollo de la ciencia y la investigaci\u00f3n.<\/p>\n<p>Resalt\u00f3 que este espacio tambi\u00e9n est\u00e1 concebido para la participaci\u00f3n de mujeres j\u00f3venes e integrantes de semilleros de investigaci\u00f3n, con el fin de que se motiven para continuar en este campo.<\/p>\n<p>Dijo que es muy importante que desde la universidad se comprometan con este prop\u00f3sito estrat\u00e9gico, que adem\u00e1s no es solo un asunto regional, sino nacional y mundial, con el fin de hacer aportes a la disminuci\u00f3n de las desigualdades en la actividad cient\u00edfica.<\/p>\n<p>La mayor parte de actividades del martes 11 de febrero se llevar\u00e1n a cabo en la Universidad Aut\u00f3noma de Manizales.<\/p>\n<p>La docente Lina Marcela Holgu\u00edn Aranzazu, de la Universidad de Caldas, explic\u00f3 que a primera hora ser\u00e1 la apertura del evento en el auditorio Fundadores de la U. Aut\u00f3noma, a cargo de la Red Colombiana de Mujeres Cient\u00edficas.<\/p>\n<p>Luego se realizar\u00e1 el conversatorio: \u201dEl papel de las mujeres cient\u00edficas en el desarrollo de las instituciones de educaci\u00f3n superior\u201d, en el que participar\u00e1n los tres rectores de las universidades organizadores, quienes contar\u00e1n el papel de las mujeres cient\u00edficas en el campo universitario.<\/p>\n<p>De 11:00 a.m. a 12:00 del mediod\u00eda ser\u00e1 la conferencia central \u201cParticipaci\u00f3n de las Mujeres en Ciencia en Colombia\u201d, producto de un trabajo doctoral y en la cual se presentar\u00e1 una l\u00ednea de tiempo sobre el rol de las mujeres en la ciencia.<\/p>\n<p>En la tarde ser\u00e1 el taller dirigido a las j\u00f3venes que est\u00e1n en los semilleros de investigaci\u00f3n, por lo que se har\u00e1 de manera simult\u00e1nea en las tres universidades.<\/p>\n<p>\u201cEl objetivo es sensibilizarlas para que realmente crean que la ciencia y la investigaci\u00f3n es una opci\u00f3n de vida y que no solamente es para unas pocas mujeres, puede ser el proyecto de vida\u201d, dijo la docente Lina Marcela.<\/p>\n<p>Despu\u00e9s del taller ser\u00e1 el conversatorio \u201cCreciendo en la Ciencia\u201d, donde se tendr\u00e1n varias generaciones de mujeres cient\u00edficas: una ni\u00f1a del programa Ondas, una joven investigadora y cient\u00edficas con trayectoria. Paso a paso se mostrar\u00e1n las motivaciones, obst\u00e1culos y c\u00f3mo llega una mujer a aportar a la ciencia.<\/p>\n<p>Al final, se realizar\u00e1 la videoconferencia \u201cEmprendimiento de base cient\u00edfica, un riguroso camino\u201d.<\/p>\n<p>&nbsp;<\/p>\n<p><strong>Informes:<\/strong> Oficina de Comunicaciones y Prensa Universidad de Caldas. Tel\u00e9fono: 8781500 Extensi\u00f3n: 12167<\/p>\n<p><strong>Redacci\u00f3n:<\/strong> Adriana Osorio Garc\u00eda<\/p>\n","protected":false},"excerpt":{"rendered":"<p>&nbsp; PR\u00d3XIMO\u00a0 MARTES 11 DE FEBRERO, DURANTE ENCUENTRO Mujeres cient\u00edficas tienen una nueva cita en tres universidades de Manizales 04\/02\/2020 Continuar con el fortalecimiento de acciones que visibilicen el papel de las mujeres cient\u00edficas y su aporte al desarrollo de la ciencia y la investigaci\u00f3n es el objetivo de la jornada acad\u00e9mica que se realizar\u00e1 [&hellip;]<\/p>\n","protected":false},"author":2,"featured_media":53979,"comment_status":"closed","ping_status":"open","sticky":false,"template":"","format":"standard","meta":{"footnotes":""},"categories":[48,53,624],"tags":[130,191,2423],"class_list":["post-53978","post","type-post","status-publish","format-standard","has-post-thumbnail","hentry","category-actualidad","category-universidad-al-dia","category-ucaldas-activa","tag-ciencia","tag-investigacion","tag-mujeres"],"yoast_head":"<!-- This site is optimized with the Yoast SEO plugin v27.5 - https:\/\/yoast.com\/product\/yoast-seo-wordpress\/ -->\n<title>Mujeres cient\u00edficas tienen una nueva cita en tres universidades de Manizales .<\/title>\n<meta name=\"robots\" content=\"index, follow, max-snippet:-1, max-image-preview:large, max-video-preview:-1\" \/>\n<link rel=\"canonical\" href=\"https:\/\/www.ucaldas.edu.co\/portal\/mujeres-cientificas-tienen-una-nueva-cita-en-tres-universidades-de-manizales\/\" \/>\n<script type=\"application\/ld+json\" class=\"yoast-schema-graph\">{\"@context\":\"https:\\\/\\\/schema.org\",\"@graph\":[{\"@type\":\"Article\",\"@id\":\"https:\\\/\\\/www.ucaldas.edu.co\\\/portal\\\/mujeres-cientificas-tienen-una-nueva-cita-en-tres-universidades-de-manizales\\\/#article\",\"isPartOf\":{\"@id\":\"https:\\\/\\\/www.ucaldas.edu.co\\\/portal\\\/mujeres-cientificas-tienen-una-nueva-cita-en-tres-universidades-de-manizales\\\/\"},\"author\":{\"name\":\"ofiprensa\",\"@id\":\"https:\\\/\\\/www.ucaldas.edu.co\\\/portal\\\/#\\\/schema\\\/person\\\/a1b482e23449158b4bc319926c074fdf\"},\"headline\":\"Mujeres cient\u00edficas tienen una nueva cita en tres universidades de Manizales\",\"datePublished\":\"2020-02-04T22:39:04+00:00\",\"dateModified\":\"2020-02-04T22:39:11+00:00\",\"mainEntityOfPage\":{\"@id\":\"https:\\\/\\\/www.ucaldas.edu.co\\\/portal\\\/mujeres-cientificas-tienen-una-nueva-cita-en-tres-universidades-de-manizales\\\/\"},\"wordCount\":566,\"publisher\":{\"@id\":\"https:\\\/\\\/www.ucaldas.edu.co\\\/portal\\\/#organization\"},\"image\":{\"@id\":\"https:\\\/\\\/www.ucaldas.edu.co\\\/portal\\\/mujeres-cientificas-tienen-una-nueva-cita-en-tres-universidades-de-manizales\\\/#primaryimage\"},\"thumbnailUrl\":\"https:\\\/\\\/www.ucaldas.edu.co\\\/portal\\\/wp-content\\\/uploads\\\/2020\\\/02\\\/MUJERES-CIENTIFICAS-compressor.png\",\"keywords\":[\"ciencia\",\"investigaci\u00f3n\",\"mujeres\"],\"articleSection\":[\"Actualidad\",\"Universidad al D\u00eda\",\"UCaldas Activa\"],\"inLanguage\":\"es\"},{\"@type\":\"WebPage\",\"@id\":\"https:\\\/\\\/www.ucaldas.edu.co\\\/portal\\\/mujeres-cientificas-tienen-una-nueva-cita-en-tres-universidades-de-manizales\\\/\",\"url\":\"https:\\\/\\\/www.ucaldas.edu.co\\\/portal\\\/mujeres-cientificas-tienen-una-nueva-cita-en-tres-universidades-de-manizales\\\/\",\"name\":\"Mujeres cient\u00edficas tienen una nueva cita en tres universidades de Manizales .\",\"isPartOf\":{\"@id\":\"https:\\\/\\\/www.ucaldas.edu.co\\\/portal\\\/#website\"},\"primaryImageOfPage\":{\"@id\":\"https:\\\/\\\/www.ucaldas.edu.co\\\/portal\\\/mujeres-cientificas-tienen-una-nueva-cita-en-tres-universidades-de-manizales\\\/#primaryimage\"},\"image\":{\"@id\":\"https:\\\/\\\/www.ucaldas.edu.co\\\/portal\\\/mujeres-cientificas-tienen-una-nueva-cita-en-tres-universidades-de-manizales\\\/#primaryimage\"},\"thumbnailUrl\":\"https:\\\/\\\/www.ucaldas.edu.co\\\/portal\\\/wp-content\\\/uploads\\\/2020\\\/02\\\/MUJERES-CIENTIFICAS-compressor.png\",\"datePublished\":\"2020-02-04T22:39:04+00:00\",\"dateModified\":\"2020-02-04T22:39:11+00:00\",\"breadcrumb\":{\"@id\":\"https:\\\/\\\/www.ucaldas.edu.co\\\/portal\\\/mujeres-cientificas-tienen-una-nueva-cita-en-tres-universidades-de-manizales\\\/#breadcrumb\"},\"inLanguage\":\"es\",\"potentialAction\":[{\"@type\":\"ReadAction\",\"target\":[\"https:\\\/\\\/www.ucaldas.edu.co\\\/portal\\\/mujeres-cientificas-tienen-una-nueva-cita-en-tres-universidades-de-manizales\\\/\"]}]},{\"@type\":\"ImageObject\",\"inLanguage\":\"es\",\"@id\":\"https:\\\/\\\/www.ucaldas.edu.co\\\/portal\\\/mujeres-cientificas-tienen-una-nueva-cita-en-tres-universidades-de-manizales\\\/#primaryimage\",\"url\":\"https:\\\/\\\/www.ucaldas.edu.co\\\/portal\\\/wp-content\\\/uploads\\\/2020\\\/02\\\/MUJERES-CIENTIFICAS-compressor.png\",\"contentUrl\":\"https:\\\/\\\/www.ucaldas.edu.co\\\/portal\\\/wp-content\\\/uploads\\\/2020\\\/02\\\/MUJERES-CIENTIFICAS-compressor.png\",\"width\":700,\"height\":400},{\"@type\":\"BreadcrumbList\",\"@id\":\"https:\\\/\\\/www.ucaldas.edu.co\\\/portal\\\/mujeres-cientificas-tienen-una-nueva-cita-en-tres-universidades-de-manizales\\\/#breadcrumb\",\"itemListElement\":[{\"@type\":\"ListItem\",\"position\":1,\"name\":\"Portada\",\"item\":\"https:\\\/\\\/www.ucaldas.edu.co\\\/portal\\\/\"},{\"@type\":\"ListItem\",\"position\":2,\"name\":\"Mujeres cient\u00edficas tienen una nueva cita en tres universidades de Manizales\"}]},{\"@type\":\"WebSite\",\"@id\":\"https:\\\/\\\/www.ucaldas.edu.co\\\/portal\\\/#website\",\"url\":\"https:\\\/\\\/www.ucaldas.edu.co\\\/portal\\\/\",\"name\":\"Universidad de Caldas\",\"description\":\"\",\"publisher\":{\"@id\":\"https:\\\/\\\/www.ucaldas.edu.co\\\/portal\\\/#organization\"},\"alternateName\":\"U. de Caldas\",\"potentialAction\":[{\"@type\":\"SearchAction\",\"target\":{\"@type\":\"EntryPoint\",\"urlTemplate\":\"https:\\\/\\\/www.ucaldas.edu.co\\\/portal\\\/?s={search_term_string}\"},\"query-input\":{\"@type\":\"PropertyValueSpecification\",\"valueRequired\":true,\"valueName\":\"search_term_string\"}}],\"inLanguage\":\"es\"},{\"@type\":\"Organization\",\"@id\":\"https:\\\/\\\/www.ucaldas.edu.co\\\/portal\\\/#organization\",\"name\":\"Universidad de Caldas\",\"alternateName\":\"U. de Caldas\",\"url\":\"https:\\\/\\\/www.ucaldas.edu.co\\\/portal\\\/\",\"logo\":{\"@type\":\"ImageObject\",\"inLanguage\":\"es\",\"@id\":\"https:\\\/\\\/www.ucaldas.edu.co\\\/portal\\\/#\\\/schema\\\/logo\\\/image\\\/\",\"url\":\"https:\\\/\\\/www.ucaldas.edu.co\\\/portal\\\/wp-content\\\/uploads\\\/2023\\\/11\\\/Logo_horizontal_oscuroU-2023.png\",\"contentUrl\":\"https:\\\/\\\/www.ucaldas.edu.co\\\/portal\\\/wp-content\\\/uploads\\\/2023\\\/11\\\/Logo_horizontal_oscuroU-2023.png\",\"width\":263,\"height\":101,\"caption\":\"Universidad de Caldas\"},\"image\":{\"@id\":\"https:\\\/\\\/www.ucaldas.edu.co\\\/portal\\\/#\\\/schema\\\/logo\\\/image\\\/\"},\"sameAs\":[\"https:\\\/\\\/www.facebook.com\\\/udecaldas\",\"https:\\\/\\\/x.com\\\/udecaldas\",\"https:\\\/\\\/www.youtube.com\\\/universidadcaldas\",\"https:\\\/\\\/www.instagram.com\\\/udecaldas\\\/\"]},{\"@type\":\"Person\",\"@id\":\"https:\\\/\\\/www.ucaldas.edu.co\\\/portal\\\/#\\\/schema\\\/person\\\/a1b482e23449158b4bc319926c074fdf\",\"name\":\"ofiprensa\",\"image\":{\"@type\":\"ImageObject\",\"inLanguage\":\"es\",\"@id\":\"https:\\\/\\\/www.ucaldas.edu.co\\\/portal\\\/wp-content\\\/litespeed\\\/avatar\\\/09ea5085e600095a7a811142c6944527.jpg?ver=1776892805\",\"url\":\"https:\\\/\\\/www.ucaldas.edu.co\\\/portal\\\/wp-content\\\/litespeed\\\/avatar\\\/09ea5085e600095a7a811142c6944527.jpg?ver=1776892805\",\"contentUrl\":\"https:\\\/\\\/www.ucaldas.edu.co\\\/portal\\\/wp-content\\\/litespeed\\\/avatar\\\/09ea5085e600095a7a811142c6944527.jpg?ver=1776892805\",\"caption\":\"ofiprensa\"},\"url\":\"https:\\\/\\\/www.ucaldas.edu.co\\\/portal\\\/author\\\/ofiprensa\\\/\"}]}<\/script>\n<!-- \/ Yoast SEO plugin. -->","yoast_head_json":{"title":"Mujeres cient\u00edficas tienen una nueva cita en tres universidades de Manizales .","robots":{"index":"index","follow":"follow","max-snippet":"max-snippet:-1","max-image-preview":"max-image-preview:large","max-video-preview":"max-video-preview:-1"},"canonical":"https:\/\/www.ucaldas.edu.co\/portal\/mujeres-cientificas-tienen-una-nueva-cita-en-tres-universidades-de-manizales\/","schema":{"@context":"https:\/\/schema.org","@graph":[{"@type":"Article","@id":"https:\/\/www.ucaldas.edu.co\/portal\/mujeres-cientificas-tienen-una-nueva-cita-en-tres-universidades-de-manizales\/#article","isPartOf":{"@id":"https:\/\/www.ucaldas.edu.co\/portal\/mujeres-cientificas-tienen-una-nueva-cita-en-tres-universidades-de-manizales\/"},"author":{"name":"ofiprensa","@id":"https:\/\/www.ucaldas.edu.co\/portal\/#\/schema\/person\/a1b482e23449158b4bc319926c074fdf"},"headline":"Mujeres cient\u00edficas tienen una nueva cita en tres universidades de Manizales","datePublished":"2020-02-04T22:39:04+00:00","dateModified":"2020-02-04T22:39:11+00:00","mainEntityOfPage":{"@id":"https:\/\/www.ucaldas.edu.co\/portal\/mujeres-cientificas-tienen-una-nueva-cita-en-tres-universidades-de-manizales\/"},"wordCount":566,"publisher":{"@id":"https:\/\/www.ucaldas.edu.co\/portal\/#organization"},"image":{"@id":"https:\/\/www.ucaldas.edu.co\/portal\/mujeres-cientificas-tienen-una-nueva-cita-en-tres-universidades-de-manizales\/#primaryimage"},"thumbnailUrl":"https:\/\/www.ucaldas.edu.co\/portal\/wp-content\/uploads\/2020\/02\/MUJERES-CIENTIFICAS-compressor.png","keywords":["ciencia","investigaci\u00f3n","mujeres"],"articleSection":["Actualidad","Universidad al D\u00eda","UCaldas Activa"],"inLanguage":"es"},{"@type":"WebPage","@id":"https:\/\/www.ucaldas.edu.co\/portal\/mujeres-cientificas-tienen-una-nueva-cita-en-tres-universidades-de-manizales\/","url":"https:\/\/www.ucaldas.edu.co\/portal\/mujeres-cientificas-tienen-una-nueva-cita-en-tres-universidades-de-manizales\/","name":"Mujeres cient\u00edficas tienen una nueva cita en tres universidades de Manizales .","isPartOf":{"@id":"https:\/\/www.ucaldas.edu.co\/portal\/#website"},"primaryImageOfPage":{"@id":"https:\/\/www.ucaldas.edu.co\/portal\/mujeres-cientificas-tienen-una-nueva-cita-en-tres-universidades-de-manizales\/#primaryimage"},"image":{"@id":"https:\/\/www.ucaldas.edu.co\/portal\/mujeres-cientificas-tienen-una-nueva-cita-en-tres-universidades-de-manizales\/#primaryimage"},"thumbnailUrl":"https:\/\/www.ucaldas.edu.co\/portal\/wp-content\/uploads\/2020\/02\/MUJERES-CIENTIFICAS-compressor.png","datePublished":"2020-02-04T22:39:04+00:00","dateModified":"2020-02-04T22:39:11+00:00","breadcrumb":{"@id":"https:\/\/www.ucaldas.edu.co\/portal\/mujeres-cientificas-tienen-una-nueva-cita-en-tres-universidades-de-manizales\/#breadcrumb"},"inLanguage":"es","potentialAction":[{"@type":"ReadAction","target":["https:\/\/www.ucaldas.edu.co\/portal\/mujeres-cientificas-tienen-una-nueva-cita-en-tres-universidades-de-manizales\/"]}]},{"@type":"ImageObject","inLanguage":"es","@id":"https:\/\/www.ucaldas.edu.co\/portal\/mujeres-cientificas-tienen-una-nueva-cita-en-tres-universidades-de-manizales\/#primaryimage","url":"https:\/\/www.ucaldas.edu.co\/portal\/wp-content\/uploads\/2020\/02\/MUJERES-CIENTIFICAS-compressor.png","contentUrl":"https:\/\/www.ucaldas.edu.co\/portal\/wp-content\/uploads\/2020\/02\/MUJERES-CIENTIFICAS-compressor.png","width":700,"height":400},{"@type":"BreadcrumbList","@id":"https:\/\/www.ucaldas.edu.co\/portal\/mujeres-cientificas-tienen-una-nueva-cita-en-tres-universidades-de-manizales\/#breadcrumb","itemListElement":[{"@type":"ListItem","position":1,"name":"Portada","item":"https:\/\/www.ucaldas.edu.co\/portal\/"},{"@type":"ListItem","position":2,"name":"Mujeres cient\u00edficas tienen una nueva cita en tres universidades de Manizales"}]},{"@type":"WebSite","@id":"https:\/\/www.ucaldas.edu.co\/portal\/#website","url":"https:\/\/www.ucaldas.edu.co\/portal\/","name":"Universidad de Caldas","description":"","publisher":{"@id":"https:\/\/www.ucaldas.edu.co\/portal\/#organization"},"alternateName":"U. de Caldas","potentialAction":[{"@type":"SearchAction","target":{"@type":"EntryPoint","urlTemplate":"https:\/\/www.ucaldas.edu.co\/portal\/?s={search_term_string}"},"query-input":{"@type":"PropertyValueSpecification","valueRequired":true,"valueName":"search_term_string"}}],"inLanguage":"es"},{"@type":"Organization","@id":"https:\/\/www.ucaldas.edu.co\/portal\/#organization","name":"Universidad de Caldas","alternateName":"U. de Caldas","url":"https:\/\/www.ucaldas.edu.co\/portal\/","logo":{"@type":"ImageObject","inLanguage":"es","@id":"https:\/\/www.ucaldas.edu.co\/portal\/#\/schema\/logo\/image\/","url":"https:\/\/www.ucaldas.edu.co\/portal\/wp-content\/uploads\/2023\/11\/Logo_horizontal_oscuroU-2023.png","contentUrl":"https:\/\/www.ucaldas.edu.co\/portal\/wp-content\/uploads\/2023\/11\/Logo_horizontal_oscuroU-2023.png","width":263,"height":101,"caption":"Universidad de Caldas"},"image":{"@id":"https:\/\/www.ucaldas.edu.co\/portal\/#\/schema\/logo\/image\/"},"sameAs":["https:\/\/www.facebook.com\/udecaldas","https:\/\/x.com\/udecaldas","https:\/\/www.youtube.com\/universidadcaldas","https:\/\/www.instagram.com\/udecaldas\/"]},{"@type":"Person","@id":"https:\/\/www.ucaldas.edu.co\/portal\/#\/schema\/person\/a1b482e23449158b4bc319926c074fdf","name":"ofiprensa","image":{"@type":"ImageObject","inLanguage":"es","@id":"https:\/\/www.ucaldas.edu.co\/portal\/wp-content\/litespeed\/avatar\/09ea5085e600095a7a811142c6944527.jpg?ver=1776892805","url":"https:\/\/www.ucaldas.edu.co\/portal\/wp-content\/litespeed\/avatar\/09ea5085e600095a7a811142c6944527.jpg?ver=1776892805","contentUrl":"https:\/\/www.ucaldas.edu.co\/portal\/wp-content\/litespeed\/avatar\/09ea5085e600095a7a811142c6944527.jpg?ver=1776892805","caption":"ofiprensa"},"url":"https:\/\/www.ucaldas.edu.co\/portal\/author\/ofiprensa\/"}]}},"_links":{"self":[{"href":"https:\/\/www.ucaldas.edu.co\/portal\/wp-json\/wp\/v2\/posts\/53978","targetHints":{"allow":["GET"]}}],"collection":[{"href":"https:\/\/www.ucaldas.edu.co\/portal\/wp-json\/wp\/v2\/posts"}],"about":[{"href":"https:\/\/www.ucaldas.edu.co\/portal\/wp-json\/wp\/v2\/types\/post"}],"author":[{"embeddable":true,"href":"https:\/\/www.ucaldas.edu.co\/portal\/wp-json\/wp\/v2\/users\/2"}],"replies":[{"embeddable":true,"href":"https:\/\/www.ucaldas.edu.co\/portal\/wp-json\/wp\/v2\/comments?post=53978"}],"version-history":[{"count":0,"href":"https:\/\/www.ucaldas.edu.co\/portal\/wp-json\/wp\/v2\/posts\/53978\/revisions"}],"wp:featuredmedia":[{"embeddable":true,"href":"https:\/\/www.ucaldas.edu.co\/portal\/wp-json\/wp\/v2\/media\/53979"}],"wp:attachment":[{"href":"https:\/\/www.ucaldas.edu.co\/portal\/wp-json\/wp\/v2\/media?parent=53978"}],"wp:term":[{"taxonomy":"category","embeddable":true,"href":"https:\/\/www.ucaldas.edu.co\/portal\/wp-json\/wp\/v2\/categories?post=53978"},{"taxonomy":"post_tag","embeddable":true,"href":"https:\/\/www.ucaldas.edu.co\/portal\/wp-json\/wp\/v2\/tags?post=53978"}],"curies":[{"name":"wp","href":"https:\/\/api.w.org\/{rel}","templated":true}]}}