{"id":53958,"date":"2020-02-03T22:48:22","date_gmt":"2020-02-03T22:48:22","guid":{"rendered":"https:\/\/www.ucaldas.edu.co\/portal\/?p=53958"},"modified":"2020-02-03T22:48:27","modified_gmt":"2020-02-03T22:48:27","slug":"hasta-el-18-de-febrero-hay-plazo-para-envio-de-propuestas-del-festival-de-la-imagen","status":"publish","type":"post","link":"https:\/\/www.ucaldas.edu.co\/portal\/hasta-el-18-de-febrero-hay-plazo-para-envio-de-propuestas-del-festival-de-la-imagen\/","title":{"rendered":"Hasta el 18 de febrero hay plazo para env\u00edo de propuestas del Festival de la Imagen"},"content":{"rendered":"<p style=\"text-align: center;\">SER\u00c1 D\u00c9CIMO NOVENA VERSI\u00d3N DE ESTE C\u00c9RTAMEN INTERNACIONAL<\/p>\n<p style=\"text-align: center;\"><strong>Hasta el 18 de febrero hay plazo para env\u00edo de propuestas del Festival de la Imagen<\/strong><\/p>\n<p style=\"text-align: right;\">03\/02\/2020<\/p>\n<p><img loading=\"lazy\" decoding=\"async\" class=\"aligncenter wp-image-53959 size-full\" src=\"https:\/\/www.ucaldas.edu.co\/portal\/wp-content\/uploads\/2020\/02\/FESTIVAL-DE-LA-IMAGEN-compressor.png\" alt=\"\" width=\"700\" height=\"400\" srcset=\"https:\/\/www.ucaldas.edu.co\/portal\/wp-content\/uploads\/2020\/02\/FESTIVAL-DE-LA-IMAGEN-compressor.png 700w, https:\/\/www.ucaldas.edu.co\/portal\/wp-content\/uploads\/2020\/02\/FESTIVAL-DE-LA-IMAGEN-compressor-300x171.png 300w\" sizes=\"auto, (max-width: 700px) 100vw, 700px\" \/><\/p>\n<p style=\"text-align: left;\">Los interesados en participar en el Festival de la Imagen (Imagefest) 2020 tienen hasta el 18 de febrero para presentar las propuestas. La publicaci\u00f3n de las iniciativas preseleccionadas ser\u00e1 el pr\u00f3ximo 4 de marzo.<!--more--><\/p>\n<p>Adem\u00e1s, la conversaci\u00f3n con propuestas preseleccionadas es el 19 de marzo y la publicaci\u00f3n de admitidos, el 29 de marzo.<\/p>\n<p>&nbsp;<\/p>\n<p><strong>Categor\u00edas<\/strong><\/p>\n<p>Las siguientes son las categor\u00edas en las que se puede participar:<strong>\u00a0<\/strong><\/p>\n<p><strong>POSTERS: (ingl\u00e9s o espa\u00f1ol).<\/strong> Se trata de ideas de investigaci\u00f3n novedosas o de un trabajo exploratorio. El formato ser\u00e1 a modo de exposici\u00f3n, en una franja del Festival. Cada propuesta de poster deber\u00e1 presentarse por escrito con una extensi\u00f3n entre 500 y 1000 palabras.<\/p>\n<p><strong>PAISAJES SONOROS:<\/strong> conciertos, experimentaci\u00f3n sonora y presentaciones audiovisuales con propuestas alrededor de la relaci\u00f3n imagen-m\u00fasica-tecnolog\u00eda. Se convoca a la m\u00fasica contempor\u00e1nea, las tendencias de sonido experimental, el uso de herramientas tecnol\u00f3gicas, los procesos avanzados de composici\u00f3n, la mezcla como arte y el ruido como paisaje sonoro. Presentaciones de la pista de audio enviada: de m\u00e1ximo 20 minutos, en salas de teatro o montajes alternativos.<strong>\u00a0<\/strong><\/p>\n<p><strong>CINE (Y) DIGITAL:<\/strong> Propuestas de creaci\u00f3n audiovisual que comprendan animaci\u00f3n, cine, video arte y documental. Se realizar\u00e1n proyecciones programadas en salas de teatro y espacios alternativos.<\/p>\n<p><strong>PUENTES SONOROS:<\/strong> producciones sonoras que presenten ideas de transferencia de informaci\u00f3n, conocimiento y construcci\u00f3n desde lo sonoro. El montaje se realizar\u00e1 durante una tarde en la Torre de Herveo, tendr\u00e1 cuatro altavoces instalados en la estructura y la difusi\u00f3n de sonidos se har\u00e1 simult\u00e1nea o sincr\u00f3nicamente, generando una obra colectiva en constante construcci\u00f3n.<\/p>\n<p><strong>MUESTRA MONOGR\u00c1FICA DE MEDIAART:<\/strong> en primer lugar, la muestra exhibe propuestas de creaci\u00f3n audiovisual que comprendan animaci\u00f3n, cine, video arte y documental. En segundo lugar, la muestra promueve la producci\u00f3n y exhibici\u00f3n de los desarrollos telem\u00e1ticos y colaborativos entre redes de dise\u00f1adores, artistas, ingenieros, comunicadores y colectivos interdisciplinarios, a trav\u00e9s de obras realizadas en soportes video-gr\u00e1ficos, electr\u00f3nicos o digitales. En tercer lugar, la muestra exhibe exploraciones donde se recurra a la interacci\u00f3n con el usuario y a las posibilidades creativas y tecnol\u00f3gicas disponibles en diversos soportes y medios, como apps, realidad aumentada y Net Art.<\/p>\n<table>\n<tbody>\n<tr>\n<td width=\"589\"><strong>PARA DESTACAR<\/strong><\/p>\n<p>El tema central del 19 Festival Internacional de la Imagen ser\u00e1 Participaci\u00f3n(es) otras, en la que se invita a la comunidad de dise\u00f1adores, artistas, comunidades e investigadores a pensar sobre los diversos significados y ontolog\u00edas que la participaci\u00f3n, el arte y el dise\u00f1o pueden tomar. El inter\u00e9s ser\u00e1 explorar c\u00f3mo se entiende la \u201cparticipaci\u00f3n\u201d m\u00e1s all\u00e1 de las narrativas modernas y soluciones gen\u00e9ricas universalistas, para poder considerar diversidad de pr\u00e1cticas.<\/p>\n<p>&nbsp;<\/td>\n<\/tr>\n<\/tbody>\n<\/table>\n<p>&nbsp;<\/p>\n<p><strong>Informes:<\/strong> Oficina de Comunicaciones y Prensa Universidad de Caldas. Tel\u00e9fono: 8781500 Extensi\u00f3n: 12167<\/p>\n<p><strong>Redacci\u00f3n:<\/strong> Adriana Osorio Garc\u00eda<\/p>\n","protected":false},"excerpt":{"rendered":"<p>SER\u00c1 D\u00c9CIMO NOVENA VERSI\u00d3N DE ESTE C\u00c9RTAMEN INTERNACIONAL Hasta el 18 de febrero hay plazo para env\u00edo de propuestas del Festival de la Imagen 03\/02\/2020 Los interesados en participar en el Festival de la Imagen (Imagefest) 2020 tienen hasta el 18 de febrero para presentar las propuestas. La publicaci\u00f3n de las iniciativas preseleccionadas ser\u00e1 el [&hellip;]<\/p>\n","protected":false},"author":2,"featured_media":53959,"comment_status":"closed","ping_status":"open","sticky":false,"template":"","format":"standard","meta":{"footnotes":""},"categories":[48,53,624],"tags":[141,914,1798],"class_list":["post-53958","post","type-post","status-publish","format-standard","has-post-thumbnail","hentry","category-actualidad","category-universidad-al-dia","category-ucaldas-activa","tag-convocatoria","tag-propuestas","tag-festival-de-la-imagen"],"yoast_head":"<!-- This site is optimized with the Yoast SEO plugin v27.5 - https:\/\/yoast.com\/product\/yoast-seo-wordpress\/ -->\n<title>Hasta el 18 de febrero hay plazo para env\u00edo de propuestas del Festival de la Imagen .<\/title>\n<meta name=\"robots\" content=\"index, follow, max-snippet:-1, max-image-preview:large, max-video-preview:-1\" \/>\n<link rel=\"canonical\" href=\"https:\/\/www.ucaldas.edu.co\/portal\/hasta-el-18-de-febrero-hay-plazo-para-envio-de-propuestas-del-festival-de-la-imagen\/\" \/>\n<script type=\"application\/ld+json\" class=\"yoast-schema-graph\">{\"@context\":\"https:\\\/\\\/schema.org\",\"@graph\":[{\"@type\":\"Article\",\"@id\":\"https:\\\/\\\/www.ucaldas.edu.co\\\/portal\\\/hasta-el-18-de-febrero-hay-plazo-para-envio-de-propuestas-del-festival-de-la-imagen\\\/#article\",\"isPartOf\":{\"@id\":\"https:\\\/\\\/www.ucaldas.edu.co\\\/portal\\\/hasta-el-18-de-febrero-hay-plazo-para-envio-de-propuestas-del-festival-de-la-imagen\\\/\"},\"author\":{\"name\":\"ofiprensa\",\"@id\":\"https:\\\/\\\/www.ucaldas.edu.co\\\/portal\\\/#\\\/schema\\\/person\\\/a1b482e23449158b4bc319926c074fdf\"},\"headline\":\"Hasta el 18 de febrero hay plazo para env\u00edo de propuestas del Festival de la Imagen\",\"datePublished\":\"2020-02-03T22:48:22+00:00\",\"dateModified\":\"2020-02-03T22:48:27+00:00\",\"mainEntityOfPage\":{\"@id\":\"https:\\\/\\\/www.ucaldas.edu.co\\\/portal\\\/hasta-el-18-de-febrero-hay-plazo-para-envio-de-propuestas-del-festival-de-la-imagen\\\/\"},\"wordCount\":530,\"publisher\":{\"@id\":\"https:\\\/\\\/www.ucaldas.edu.co\\\/portal\\\/#organization\"},\"image\":{\"@id\":\"https:\\\/\\\/www.ucaldas.edu.co\\\/portal\\\/hasta-el-18-de-febrero-hay-plazo-para-envio-de-propuestas-del-festival-de-la-imagen\\\/#primaryimage\"},\"thumbnailUrl\":\"https:\\\/\\\/www.ucaldas.edu.co\\\/portal\\\/wp-content\\\/uploads\\\/2020\\\/02\\\/FESTIVAL-DE-LA-IMAGEN-compressor.png\",\"keywords\":[\"Convocatoria\",\"propuestas\",\"Festival de la Imagen\"],\"articleSection\":[\"Actualidad\",\"Universidad al D\u00eda\",\"UCaldas Activa\"],\"inLanguage\":\"es\"},{\"@type\":\"WebPage\",\"@id\":\"https:\\\/\\\/www.ucaldas.edu.co\\\/portal\\\/hasta-el-18-de-febrero-hay-plazo-para-envio-de-propuestas-del-festival-de-la-imagen\\\/\",\"url\":\"https:\\\/\\\/www.ucaldas.edu.co\\\/portal\\\/hasta-el-18-de-febrero-hay-plazo-para-envio-de-propuestas-del-festival-de-la-imagen\\\/\",\"name\":\"Hasta el 18 de febrero hay plazo para env\u00edo de propuestas del Festival de la Imagen .\",\"isPartOf\":{\"@id\":\"https:\\\/\\\/www.ucaldas.edu.co\\\/portal\\\/#website\"},\"primaryImageOfPage\":{\"@id\":\"https:\\\/\\\/www.ucaldas.edu.co\\\/portal\\\/hasta-el-18-de-febrero-hay-plazo-para-envio-de-propuestas-del-festival-de-la-imagen\\\/#primaryimage\"},\"image\":{\"@id\":\"https:\\\/\\\/www.ucaldas.edu.co\\\/portal\\\/hasta-el-18-de-febrero-hay-plazo-para-envio-de-propuestas-del-festival-de-la-imagen\\\/#primaryimage\"},\"thumbnailUrl\":\"https:\\\/\\\/www.ucaldas.edu.co\\\/portal\\\/wp-content\\\/uploads\\\/2020\\\/02\\\/FESTIVAL-DE-LA-IMAGEN-compressor.png\",\"datePublished\":\"2020-02-03T22:48:22+00:00\",\"dateModified\":\"2020-02-03T22:48:27+00:00\",\"breadcrumb\":{\"@id\":\"https:\\\/\\\/www.ucaldas.edu.co\\\/portal\\\/hasta-el-18-de-febrero-hay-plazo-para-envio-de-propuestas-del-festival-de-la-imagen\\\/#breadcrumb\"},\"inLanguage\":\"es\",\"potentialAction\":[{\"@type\":\"ReadAction\",\"target\":[\"https:\\\/\\\/www.ucaldas.edu.co\\\/portal\\\/hasta-el-18-de-febrero-hay-plazo-para-envio-de-propuestas-del-festival-de-la-imagen\\\/\"]}]},{\"@type\":\"ImageObject\",\"inLanguage\":\"es\",\"@id\":\"https:\\\/\\\/www.ucaldas.edu.co\\\/portal\\\/hasta-el-18-de-febrero-hay-plazo-para-envio-de-propuestas-del-festival-de-la-imagen\\\/#primaryimage\",\"url\":\"https:\\\/\\\/www.ucaldas.edu.co\\\/portal\\\/wp-content\\\/uploads\\\/2020\\\/02\\\/FESTIVAL-DE-LA-IMAGEN-compressor.png\",\"contentUrl\":\"https:\\\/\\\/www.ucaldas.edu.co\\\/portal\\\/wp-content\\\/uploads\\\/2020\\\/02\\\/FESTIVAL-DE-LA-IMAGEN-compressor.png\",\"width\":700,\"height\":400},{\"@type\":\"BreadcrumbList\",\"@id\":\"https:\\\/\\\/www.ucaldas.edu.co\\\/portal\\\/hasta-el-18-de-febrero-hay-plazo-para-envio-de-propuestas-del-festival-de-la-imagen\\\/#breadcrumb\",\"itemListElement\":[{\"@type\":\"ListItem\",\"position\":1,\"name\":\"Portada\",\"item\":\"https:\\\/\\\/www.ucaldas.edu.co\\\/portal\\\/\"},{\"@type\":\"ListItem\",\"position\":2,\"name\":\"Hasta el 18 de febrero hay plazo para env\u00edo de propuestas del Festival de la Imagen\"}]},{\"@type\":\"WebSite\",\"@id\":\"https:\\\/\\\/www.ucaldas.edu.co\\\/portal\\\/#website\",\"url\":\"https:\\\/\\\/www.ucaldas.edu.co\\\/portal\\\/\",\"name\":\"Universidad de Caldas\",\"description\":\"\",\"publisher\":{\"@id\":\"https:\\\/\\\/www.ucaldas.edu.co\\\/portal\\\/#organization\"},\"alternateName\":\"U. de Caldas\",\"potentialAction\":[{\"@type\":\"SearchAction\",\"target\":{\"@type\":\"EntryPoint\",\"urlTemplate\":\"https:\\\/\\\/www.ucaldas.edu.co\\\/portal\\\/?s={search_term_string}\"},\"query-input\":{\"@type\":\"PropertyValueSpecification\",\"valueRequired\":true,\"valueName\":\"search_term_string\"}}],\"inLanguage\":\"es\"},{\"@type\":\"Organization\",\"@id\":\"https:\\\/\\\/www.ucaldas.edu.co\\\/portal\\\/#organization\",\"name\":\"Universidad de Caldas\",\"alternateName\":\"U. de Caldas\",\"url\":\"https:\\\/\\\/www.ucaldas.edu.co\\\/portal\\\/\",\"logo\":{\"@type\":\"ImageObject\",\"inLanguage\":\"es\",\"@id\":\"https:\\\/\\\/www.ucaldas.edu.co\\\/portal\\\/#\\\/schema\\\/logo\\\/image\\\/\",\"url\":\"https:\\\/\\\/www.ucaldas.edu.co\\\/portal\\\/wp-content\\\/uploads\\\/2023\\\/11\\\/Logo_horizontal_oscuroU-2023.png\",\"contentUrl\":\"https:\\\/\\\/www.ucaldas.edu.co\\\/portal\\\/wp-content\\\/uploads\\\/2023\\\/11\\\/Logo_horizontal_oscuroU-2023.png\",\"width\":263,\"height\":101,\"caption\":\"Universidad de Caldas\"},\"image\":{\"@id\":\"https:\\\/\\\/www.ucaldas.edu.co\\\/portal\\\/#\\\/schema\\\/logo\\\/image\\\/\"},\"sameAs\":[\"https:\\\/\\\/www.facebook.com\\\/udecaldas\",\"https:\\\/\\\/x.com\\\/udecaldas\",\"https:\\\/\\\/www.youtube.com\\\/universidadcaldas\",\"https:\\\/\\\/www.instagram.com\\\/udecaldas\\\/\"]},{\"@type\":\"Person\",\"@id\":\"https:\\\/\\\/www.ucaldas.edu.co\\\/portal\\\/#\\\/schema\\\/person\\\/a1b482e23449158b4bc319926c074fdf\",\"name\":\"ofiprensa\",\"image\":{\"@type\":\"ImageObject\",\"inLanguage\":\"es\",\"@id\":\"https:\\\/\\\/www.ucaldas.edu.co\\\/portal\\\/wp-content\\\/litespeed\\\/avatar\\\/09ea5085e600095a7a811142c6944527.jpg?ver=1776892805\",\"url\":\"https:\\\/\\\/www.ucaldas.edu.co\\\/portal\\\/wp-content\\\/litespeed\\\/avatar\\\/09ea5085e600095a7a811142c6944527.jpg?ver=1776892805\",\"contentUrl\":\"https:\\\/\\\/www.ucaldas.edu.co\\\/portal\\\/wp-content\\\/litespeed\\\/avatar\\\/09ea5085e600095a7a811142c6944527.jpg?ver=1776892805\",\"caption\":\"ofiprensa\"},\"url\":\"https:\\\/\\\/www.ucaldas.edu.co\\\/portal\\\/author\\\/ofiprensa\\\/\"}]}<\/script>\n<!-- \/ Yoast SEO plugin. -->","yoast_head_json":{"title":"Hasta el 18 de febrero hay plazo para env\u00edo de propuestas del Festival de la Imagen .","robots":{"index":"index","follow":"follow","max-snippet":"max-snippet:-1","max-image-preview":"max-image-preview:large","max-video-preview":"max-video-preview:-1"},"canonical":"https:\/\/www.ucaldas.edu.co\/portal\/hasta-el-18-de-febrero-hay-plazo-para-envio-de-propuestas-del-festival-de-la-imagen\/","schema":{"@context":"https:\/\/schema.org","@graph":[{"@type":"Article","@id":"https:\/\/www.ucaldas.edu.co\/portal\/hasta-el-18-de-febrero-hay-plazo-para-envio-de-propuestas-del-festival-de-la-imagen\/#article","isPartOf":{"@id":"https:\/\/www.ucaldas.edu.co\/portal\/hasta-el-18-de-febrero-hay-plazo-para-envio-de-propuestas-del-festival-de-la-imagen\/"},"author":{"name":"ofiprensa","@id":"https:\/\/www.ucaldas.edu.co\/portal\/#\/schema\/person\/a1b482e23449158b4bc319926c074fdf"},"headline":"Hasta el 18 de febrero hay plazo para env\u00edo de propuestas del Festival de la Imagen","datePublished":"2020-02-03T22:48:22+00:00","dateModified":"2020-02-03T22:48:27+00:00","mainEntityOfPage":{"@id":"https:\/\/www.ucaldas.edu.co\/portal\/hasta-el-18-de-febrero-hay-plazo-para-envio-de-propuestas-del-festival-de-la-imagen\/"},"wordCount":530,"publisher":{"@id":"https:\/\/www.ucaldas.edu.co\/portal\/#organization"},"image":{"@id":"https:\/\/www.ucaldas.edu.co\/portal\/hasta-el-18-de-febrero-hay-plazo-para-envio-de-propuestas-del-festival-de-la-imagen\/#primaryimage"},"thumbnailUrl":"https:\/\/www.ucaldas.edu.co\/portal\/wp-content\/uploads\/2020\/02\/FESTIVAL-DE-LA-IMAGEN-compressor.png","keywords":["Convocatoria","propuestas","Festival de la Imagen"],"articleSection":["Actualidad","Universidad al D\u00eda","UCaldas Activa"],"inLanguage":"es"},{"@type":"WebPage","@id":"https:\/\/www.ucaldas.edu.co\/portal\/hasta-el-18-de-febrero-hay-plazo-para-envio-de-propuestas-del-festival-de-la-imagen\/","url":"https:\/\/www.ucaldas.edu.co\/portal\/hasta-el-18-de-febrero-hay-plazo-para-envio-de-propuestas-del-festival-de-la-imagen\/","name":"Hasta el 18 de febrero hay plazo para env\u00edo de propuestas del Festival de la Imagen .","isPartOf":{"@id":"https:\/\/www.ucaldas.edu.co\/portal\/#website"},"primaryImageOfPage":{"@id":"https:\/\/www.ucaldas.edu.co\/portal\/hasta-el-18-de-febrero-hay-plazo-para-envio-de-propuestas-del-festival-de-la-imagen\/#primaryimage"},"image":{"@id":"https:\/\/www.ucaldas.edu.co\/portal\/hasta-el-18-de-febrero-hay-plazo-para-envio-de-propuestas-del-festival-de-la-imagen\/#primaryimage"},"thumbnailUrl":"https:\/\/www.ucaldas.edu.co\/portal\/wp-content\/uploads\/2020\/02\/FESTIVAL-DE-LA-IMAGEN-compressor.png","datePublished":"2020-02-03T22:48:22+00:00","dateModified":"2020-02-03T22:48:27+00:00","breadcrumb":{"@id":"https:\/\/www.ucaldas.edu.co\/portal\/hasta-el-18-de-febrero-hay-plazo-para-envio-de-propuestas-del-festival-de-la-imagen\/#breadcrumb"},"inLanguage":"es","potentialAction":[{"@type":"ReadAction","target":["https:\/\/www.ucaldas.edu.co\/portal\/hasta-el-18-de-febrero-hay-plazo-para-envio-de-propuestas-del-festival-de-la-imagen\/"]}]},{"@type":"ImageObject","inLanguage":"es","@id":"https:\/\/www.ucaldas.edu.co\/portal\/hasta-el-18-de-febrero-hay-plazo-para-envio-de-propuestas-del-festival-de-la-imagen\/#primaryimage","url":"https:\/\/www.ucaldas.edu.co\/portal\/wp-content\/uploads\/2020\/02\/FESTIVAL-DE-LA-IMAGEN-compressor.png","contentUrl":"https:\/\/www.ucaldas.edu.co\/portal\/wp-content\/uploads\/2020\/02\/FESTIVAL-DE-LA-IMAGEN-compressor.png","width":700,"height":400},{"@type":"BreadcrumbList","@id":"https:\/\/www.ucaldas.edu.co\/portal\/hasta-el-18-de-febrero-hay-plazo-para-envio-de-propuestas-del-festival-de-la-imagen\/#breadcrumb","itemListElement":[{"@type":"ListItem","position":1,"name":"Portada","item":"https:\/\/www.ucaldas.edu.co\/portal\/"},{"@type":"ListItem","position":2,"name":"Hasta el 18 de febrero hay plazo para env\u00edo de propuestas del Festival de la Imagen"}]},{"@type":"WebSite","@id":"https:\/\/www.ucaldas.edu.co\/portal\/#website","url":"https:\/\/www.ucaldas.edu.co\/portal\/","name":"Universidad de Caldas","description":"","publisher":{"@id":"https:\/\/www.ucaldas.edu.co\/portal\/#organization"},"alternateName":"U. de Caldas","potentialAction":[{"@type":"SearchAction","target":{"@type":"EntryPoint","urlTemplate":"https:\/\/www.ucaldas.edu.co\/portal\/?s={search_term_string}"},"query-input":{"@type":"PropertyValueSpecification","valueRequired":true,"valueName":"search_term_string"}}],"inLanguage":"es"},{"@type":"Organization","@id":"https:\/\/www.ucaldas.edu.co\/portal\/#organization","name":"Universidad de Caldas","alternateName":"U. de Caldas","url":"https:\/\/www.ucaldas.edu.co\/portal\/","logo":{"@type":"ImageObject","inLanguage":"es","@id":"https:\/\/www.ucaldas.edu.co\/portal\/#\/schema\/logo\/image\/","url":"https:\/\/www.ucaldas.edu.co\/portal\/wp-content\/uploads\/2023\/11\/Logo_horizontal_oscuroU-2023.png","contentUrl":"https:\/\/www.ucaldas.edu.co\/portal\/wp-content\/uploads\/2023\/11\/Logo_horizontal_oscuroU-2023.png","width":263,"height":101,"caption":"Universidad de Caldas"},"image":{"@id":"https:\/\/www.ucaldas.edu.co\/portal\/#\/schema\/logo\/image\/"},"sameAs":["https:\/\/www.facebook.com\/udecaldas","https:\/\/x.com\/udecaldas","https:\/\/www.youtube.com\/universidadcaldas","https:\/\/www.instagram.com\/udecaldas\/"]},{"@type":"Person","@id":"https:\/\/www.ucaldas.edu.co\/portal\/#\/schema\/person\/a1b482e23449158b4bc319926c074fdf","name":"ofiprensa","image":{"@type":"ImageObject","inLanguage":"es","@id":"https:\/\/www.ucaldas.edu.co\/portal\/wp-content\/litespeed\/avatar\/09ea5085e600095a7a811142c6944527.jpg?ver=1776892805","url":"https:\/\/www.ucaldas.edu.co\/portal\/wp-content\/litespeed\/avatar\/09ea5085e600095a7a811142c6944527.jpg?ver=1776892805","contentUrl":"https:\/\/www.ucaldas.edu.co\/portal\/wp-content\/litespeed\/avatar\/09ea5085e600095a7a811142c6944527.jpg?ver=1776892805","caption":"ofiprensa"},"url":"https:\/\/www.ucaldas.edu.co\/portal\/author\/ofiprensa\/"}]}},"_links":{"self":[{"href":"https:\/\/www.ucaldas.edu.co\/portal\/wp-json\/wp\/v2\/posts\/53958","targetHints":{"allow":["GET"]}}],"collection":[{"href":"https:\/\/www.ucaldas.edu.co\/portal\/wp-json\/wp\/v2\/posts"}],"about":[{"href":"https:\/\/www.ucaldas.edu.co\/portal\/wp-json\/wp\/v2\/types\/post"}],"author":[{"embeddable":true,"href":"https:\/\/www.ucaldas.edu.co\/portal\/wp-json\/wp\/v2\/users\/2"}],"replies":[{"embeddable":true,"href":"https:\/\/www.ucaldas.edu.co\/portal\/wp-json\/wp\/v2\/comments?post=53958"}],"version-history":[{"count":0,"href":"https:\/\/www.ucaldas.edu.co\/portal\/wp-json\/wp\/v2\/posts\/53958\/revisions"}],"wp:featuredmedia":[{"embeddable":true,"href":"https:\/\/www.ucaldas.edu.co\/portal\/wp-json\/wp\/v2\/media\/53959"}],"wp:attachment":[{"href":"https:\/\/www.ucaldas.edu.co\/portal\/wp-json\/wp\/v2\/media?parent=53958"}],"wp:term":[{"taxonomy":"category","embeddable":true,"href":"https:\/\/www.ucaldas.edu.co\/portal\/wp-json\/wp\/v2\/categories?post=53958"},{"taxonomy":"post_tag","embeddable":true,"href":"https:\/\/www.ucaldas.edu.co\/portal\/wp-json\/wp\/v2\/tags?post=53958"}],"curies":[{"name":"wp","href":"https:\/\/api.w.org\/{rel}","templated":true}]}}