{"id":53831,"date":"2020-01-27T22:58:44","date_gmt":"2020-01-27T22:58:44","guid":{"rendered":"https:\/\/www.ucaldas.edu.co\/portal\/?p=53831"},"modified":"2020-01-27T23:38:18","modified_gmt":"2020-01-27T23:38:18","slug":"mediante-curso-de-lengua-de-senas-se-incentiva-la-inclusion-en-la-u-de-caldas","status":"publish","type":"post","link":"https:\/\/www.ucaldas.edu.co\/portal\/mediante-curso-de-lengua-de-senas-se-incentiva-la-inclusion-en-la-u-de-caldas\/","title":{"rendered":"Mediante curso de lengua de se\u00f1as se incentiva la inclusi\u00f3n en la U. de Caldas"},"content":{"rendered":"<p style=\"text-align: center;\">DEL DEPARTAMENTO DE LING\u00dc\u00cdSTICA Y LITERATURA<\/p>\n<p style=\"text-align: center;\"><strong>Mediante curso de lengua de se\u00f1as se incentiva la inclusi\u00f3n en la U. de Caldas <\/strong><\/p>\n<p style=\"text-align: right;\">27\/01\/2020<\/p>\n<p><img loading=\"lazy\" decoding=\"async\" class=\"aligncenter wp-image-53832 size-full\" src=\"https:\/\/www.ucaldas.edu.co\/portal\/wp-content\/uploads\/2020\/01\/CURSO-DE-LENGUA-DE-SENAS-compressor.png\" alt=\"\" width=\"700\" height=\"400\" srcset=\"https:\/\/www.ucaldas.edu.co\/portal\/wp-content\/uploads\/2020\/01\/CURSO-DE-LENGUA-DE-SENAS-compressor.png 700w, https:\/\/www.ucaldas.edu.co\/portal\/wp-content\/uploads\/2020\/01\/CURSO-DE-LENGUA-DE-SENAS-compressor-300x171.png 300w\" sizes=\"auto, (max-width: 700px) 100vw, 700px\" \/><\/p>\n<p>Incentivar la inclusi\u00f3n de las personas sordas mediante la formaci\u00f3n en lengua de se\u00f1as colombiana, que coordina la docente Marcela M\u00e1rquez Vallejo, del Departamento de Ling\u00fc\u00edstica y Literatura de la Facultad de Artes y Humanidades, de la U. de Caldas.<!--more--><\/p>\n<p>La profesora explic\u00f3 que este curso pretende ense\u00f1ar la lengua de se\u00f1as, como la forma de comunicaci\u00f3n m\u00e1s utilizada por las personas sordas en Colombia.<\/p>\n<p>\u201cEs un curso que ha tenido mucha acogida, tenemos estudiantes de todos los programas, de otras universidades, y personas que no son estudiantes. Tenemos Lengua de Se\u00f1as 1 y Lengua de Se\u00f1as 2. Los estudiantes de las licenciaturas tambi\u00e9n la toman mucho, teniendo en cuenta que les ayuda en su profesi\u00f3n ahora que hablamos de educaci\u00f3n inclusiva\u201d, explic\u00f3 la docente.<\/p>\n<p>Relat\u00f3 que la asignatura existe hace 19 a\u00f1os en la universidad, como uno de los cursos opcionales para todos los programas acad\u00e9micos.<\/p>\n<p>Las personas y estudiantes interesados en cursar Lengua de se\u00f1as colombiana se pueden comunicar al Departamento de Ling\u00fc\u00edstica y Literatura, al tel\u00e9fono 8781500 extensi\u00f3n 12684, o escribir al correo <u><a href=\"mailto:linguistica.literatura@ucaldas.edu.co\">linguistica.literatura@ucaldas.edu.co<\/a><\/u> Deben solicitar el ingreso como estudiantes especiales y argumentar por qu\u00e9 quieren realizar el curso.<\/p>\n<p>&nbsp;<\/p>\n<p><strong>Informes:<\/strong> Oficina de Comunicaciones y Prensa Universidad de Caldas. Tel\u00e9fono: 8781500 Extensi\u00f3n: 12167<\/p>\n<p><strong>Redacci\u00f3n:<\/strong> Adriana Osorio Garc\u00eda<\/p>\n","protected":false},"excerpt":{"rendered":"<p>DEL DEPARTAMENTO DE LING\u00dc\u00cdSTICA Y LITERATURA Mediante curso de lengua de se\u00f1as se incentiva la inclusi\u00f3n en la U. de Caldas 27\/01\/2020 Incentivar la inclusi\u00f3n de las personas sordas mediante la formaci\u00f3n en lengua de se\u00f1as colombiana, que coordina la docente Marcela M\u00e1rquez Vallejo, del Departamento de Ling\u00fc\u00edstica y Literatura de la Facultad de Artes [&hellip;]<\/p>\n","protected":false},"author":2,"featured_media":53832,"comment_status":"closed","ping_status":"open","sticky":false,"template":"","format":"standard","meta":{"footnotes":""},"categories":[48,53,617],"tags":[1181,2257,3582,4581],"class_list":["post-53831","post","type-post","status-publish","format-standard","has-post-thumbnail","hentry","category-actualidad","category-universidad-al-dia","category-ucaldas-colaborativa","tag-educacion","tag-inclusion","tag-lengua","tag-senas"],"yoast_head":"<!-- This site is optimized with the Yoast SEO plugin v27.5 - https:\/\/yoast.com\/product\/yoast-seo-wordpress\/ -->\n<title>Mediante curso de lengua de se\u00f1as se incentiva la inclusi\u00f3n en la U. de Caldas .<\/title>\n<meta name=\"robots\" content=\"index, follow, max-snippet:-1, max-image-preview:large, max-video-preview:-1\" \/>\n<link rel=\"canonical\" href=\"https:\/\/www.ucaldas.edu.co\/portal\/mediante-curso-de-lengua-de-senas-se-incentiva-la-inclusion-en-la-u-de-caldas\/\" \/>\n<script type=\"application\/ld+json\" class=\"yoast-schema-graph\">{\"@context\":\"https:\\\/\\\/schema.org\",\"@graph\":[{\"@type\":\"Article\",\"@id\":\"https:\\\/\\\/www.ucaldas.edu.co\\\/portal\\\/mediante-curso-de-lengua-de-senas-se-incentiva-la-inclusion-en-la-u-de-caldas\\\/#article\",\"isPartOf\":{\"@id\":\"https:\\\/\\\/www.ucaldas.edu.co\\\/portal\\\/mediante-curso-de-lengua-de-senas-se-incentiva-la-inclusion-en-la-u-de-caldas\\\/\"},\"author\":{\"name\":\"ofiprensa\",\"@id\":\"https:\\\/\\\/www.ucaldas.edu.co\\\/portal\\\/#\\\/schema\\\/person\\\/a1b482e23449158b4bc319926c074fdf\"},\"headline\":\"Mediante curso de lengua de se\u00f1as se incentiva la inclusi\u00f3n en la U. de Caldas\",\"datePublished\":\"2020-01-27T22:58:44+00:00\",\"dateModified\":\"2020-01-27T23:38:18+00:00\",\"mainEntityOfPage\":{\"@id\":\"https:\\\/\\\/www.ucaldas.edu.co\\\/portal\\\/mediante-curso-de-lengua-de-senas-se-incentiva-la-inclusion-en-la-u-de-caldas\\\/\"},\"wordCount\":272,\"publisher\":{\"@id\":\"https:\\\/\\\/www.ucaldas.edu.co\\\/portal\\\/#organization\"},\"image\":{\"@id\":\"https:\\\/\\\/www.ucaldas.edu.co\\\/portal\\\/mediante-curso-de-lengua-de-senas-se-incentiva-la-inclusion-en-la-u-de-caldas\\\/#primaryimage\"},\"thumbnailUrl\":\"https:\\\/\\\/www.ucaldas.edu.co\\\/portal\\\/wp-content\\\/uploads\\\/2020\\\/01\\\/CURSO-DE-LENGUA-DE-SENAS-compressor.png\",\"keywords\":[\"educaci\u00f3n\",\"inclusi\u00f3n\",\"lengua.\",\"se\u00f1as\"],\"articleSection\":[\"Actualidad\",\"Universidad al D\u00eda\",\"UCaldas Colaborativa\"],\"inLanguage\":\"es\"},{\"@type\":\"WebPage\",\"@id\":\"https:\\\/\\\/www.ucaldas.edu.co\\\/portal\\\/mediante-curso-de-lengua-de-senas-se-incentiva-la-inclusion-en-la-u-de-caldas\\\/\",\"url\":\"https:\\\/\\\/www.ucaldas.edu.co\\\/portal\\\/mediante-curso-de-lengua-de-senas-se-incentiva-la-inclusion-en-la-u-de-caldas\\\/\",\"name\":\"Mediante curso de lengua de se\u00f1as se incentiva la inclusi\u00f3n en la U. de Caldas .\",\"isPartOf\":{\"@id\":\"https:\\\/\\\/www.ucaldas.edu.co\\\/portal\\\/#website\"},\"primaryImageOfPage\":{\"@id\":\"https:\\\/\\\/www.ucaldas.edu.co\\\/portal\\\/mediante-curso-de-lengua-de-senas-se-incentiva-la-inclusion-en-la-u-de-caldas\\\/#primaryimage\"},\"image\":{\"@id\":\"https:\\\/\\\/www.ucaldas.edu.co\\\/portal\\\/mediante-curso-de-lengua-de-senas-se-incentiva-la-inclusion-en-la-u-de-caldas\\\/#primaryimage\"},\"thumbnailUrl\":\"https:\\\/\\\/www.ucaldas.edu.co\\\/portal\\\/wp-content\\\/uploads\\\/2020\\\/01\\\/CURSO-DE-LENGUA-DE-SENAS-compressor.png\",\"datePublished\":\"2020-01-27T22:58:44+00:00\",\"dateModified\":\"2020-01-27T23:38:18+00:00\",\"breadcrumb\":{\"@id\":\"https:\\\/\\\/www.ucaldas.edu.co\\\/portal\\\/mediante-curso-de-lengua-de-senas-se-incentiva-la-inclusion-en-la-u-de-caldas\\\/#breadcrumb\"},\"inLanguage\":\"es\",\"potentialAction\":[{\"@type\":\"ReadAction\",\"target\":[\"https:\\\/\\\/www.ucaldas.edu.co\\\/portal\\\/mediante-curso-de-lengua-de-senas-se-incentiva-la-inclusion-en-la-u-de-caldas\\\/\"]}]},{\"@type\":\"ImageObject\",\"inLanguage\":\"es\",\"@id\":\"https:\\\/\\\/www.ucaldas.edu.co\\\/portal\\\/mediante-curso-de-lengua-de-senas-se-incentiva-la-inclusion-en-la-u-de-caldas\\\/#primaryimage\",\"url\":\"https:\\\/\\\/www.ucaldas.edu.co\\\/portal\\\/wp-content\\\/uploads\\\/2020\\\/01\\\/CURSO-DE-LENGUA-DE-SENAS-compressor.png\",\"contentUrl\":\"https:\\\/\\\/www.ucaldas.edu.co\\\/portal\\\/wp-content\\\/uploads\\\/2020\\\/01\\\/CURSO-DE-LENGUA-DE-SENAS-compressor.png\",\"width\":700,\"height\":400},{\"@type\":\"BreadcrumbList\",\"@id\":\"https:\\\/\\\/www.ucaldas.edu.co\\\/portal\\\/mediante-curso-de-lengua-de-senas-se-incentiva-la-inclusion-en-la-u-de-caldas\\\/#breadcrumb\",\"itemListElement\":[{\"@type\":\"ListItem\",\"position\":1,\"name\":\"Portada\",\"item\":\"https:\\\/\\\/www.ucaldas.edu.co\\\/portal\\\/\"},{\"@type\":\"ListItem\",\"position\":2,\"name\":\"Mediante curso de lengua de se\u00f1as se incentiva la inclusi\u00f3n en la U. de Caldas\"}]},{\"@type\":\"WebSite\",\"@id\":\"https:\\\/\\\/www.ucaldas.edu.co\\\/portal\\\/#website\",\"url\":\"https:\\\/\\\/www.ucaldas.edu.co\\\/portal\\\/\",\"name\":\"Universidad de Caldas\",\"description\":\"\",\"publisher\":{\"@id\":\"https:\\\/\\\/www.ucaldas.edu.co\\\/portal\\\/#organization\"},\"alternateName\":\"U. de Caldas\",\"potentialAction\":[{\"@type\":\"SearchAction\",\"target\":{\"@type\":\"EntryPoint\",\"urlTemplate\":\"https:\\\/\\\/www.ucaldas.edu.co\\\/portal\\\/?s={search_term_string}\"},\"query-input\":{\"@type\":\"PropertyValueSpecification\",\"valueRequired\":true,\"valueName\":\"search_term_string\"}}],\"inLanguage\":\"es\"},{\"@type\":\"Organization\",\"@id\":\"https:\\\/\\\/www.ucaldas.edu.co\\\/portal\\\/#organization\",\"name\":\"Universidad de Caldas\",\"alternateName\":\"U. de Caldas\",\"url\":\"https:\\\/\\\/www.ucaldas.edu.co\\\/portal\\\/\",\"logo\":{\"@type\":\"ImageObject\",\"inLanguage\":\"es\",\"@id\":\"https:\\\/\\\/www.ucaldas.edu.co\\\/portal\\\/#\\\/schema\\\/logo\\\/image\\\/\",\"url\":\"https:\\\/\\\/www.ucaldas.edu.co\\\/portal\\\/wp-content\\\/uploads\\\/2023\\\/11\\\/Logo_horizontal_oscuroU-2023.png\",\"contentUrl\":\"https:\\\/\\\/www.ucaldas.edu.co\\\/portal\\\/wp-content\\\/uploads\\\/2023\\\/11\\\/Logo_horizontal_oscuroU-2023.png\",\"width\":263,\"height\":101,\"caption\":\"Universidad de Caldas\"},\"image\":{\"@id\":\"https:\\\/\\\/www.ucaldas.edu.co\\\/portal\\\/#\\\/schema\\\/logo\\\/image\\\/\"},\"sameAs\":[\"https:\\\/\\\/www.facebook.com\\\/udecaldas\",\"https:\\\/\\\/x.com\\\/udecaldas\",\"https:\\\/\\\/www.youtube.com\\\/universidadcaldas\",\"https:\\\/\\\/www.instagram.com\\\/udecaldas\\\/\"]},{\"@type\":\"Person\",\"@id\":\"https:\\\/\\\/www.ucaldas.edu.co\\\/portal\\\/#\\\/schema\\\/person\\\/a1b482e23449158b4bc319926c074fdf\",\"name\":\"ofiprensa\",\"image\":{\"@type\":\"ImageObject\",\"inLanguage\":\"es\",\"@id\":\"https:\\\/\\\/www.ucaldas.edu.co\\\/portal\\\/wp-content\\\/litespeed\\\/avatar\\\/09ea5085e600095a7a811142c6944527.jpg?ver=1777497608\",\"url\":\"https:\\\/\\\/www.ucaldas.edu.co\\\/portal\\\/wp-content\\\/litespeed\\\/avatar\\\/09ea5085e600095a7a811142c6944527.jpg?ver=1777497608\",\"contentUrl\":\"https:\\\/\\\/www.ucaldas.edu.co\\\/portal\\\/wp-content\\\/litespeed\\\/avatar\\\/09ea5085e600095a7a811142c6944527.jpg?ver=1777497608\",\"caption\":\"ofiprensa\"},\"url\":\"https:\\\/\\\/www.ucaldas.edu.co\\\/portal\\\/author\\\/ofiprensa\\\/\"}]}<\/script>\n<!-- \/ Yoast SEO plugin. -->","yoast_head_json":{"title":"Mediante curso de lengua de se\u00f1as se incentiva la inclusi\u00f3n en la U. de Caldas .","robots":{"index":"index","follow":"follow","max-snippet":"max-snippet:-1","max-image-preview":"max-image-preview:large","max-video-preview":"max-video-preview:-1"},"canonical":"https:\/\/www.ucaldas.edu.co\/portal\/mediante-curso-de-lengua-de-senas-se-incentiva-la-inclusion-en-la-u-de-caldas\/","schema":{"@context":"https:\/\/schema.org","@graph":[{"@type":"Article","@id":"https:\/\/www.ucaldas.edu.co\/portal\/mediante-curso-de-lengua-de-senas-se-incentiva-la-inclusion-en-la-u-de-caldas\/#article","isPartOf":{"@id":"https:\/\/www.ucaldas.edu.co\/portal\/mediante-curso-de-lengua-de-senas-se-incentiva-la-inclusion-en-la-u-de-caldas\/"},"author":{"name":"ofiprensa","@id":"https:\/\/www.ucaldas.edu.co\/portal\/#\/schema\/person\/a1b482e23449158b4bc319926c074fdf"},"headline":"Mediante curso de lengua de se\u00f1as se incentiva la inclusi\u00f3n en la U. de Caldas","datePublished":"2020-01-27T22:58:44+00:00","dateModified":"2020-01-27T23:38:18+00:00","mainEntityOfPage":{"@id":"https:\/\/www.ucaldas.edu.co\/portal\/mediante-curso-de-lengua-de-senas-se-incentiva-la-inclusion-en-la-u-de-caldas\/"},"wordCount":272,"publisher":{"@id":"https:\/\/www.ucaldas.edu.co\/portal\/#organization"},"image":{"@id":"https:\/\/www.ucaldas.edu.co\/portal\/mediante-curso-de-lengua-de-senas-se-incentiva-la-inclusion-en-la-u-de-caldas\/#primaryimage"},"thumbnailUrl":"https:\/\/www.ucaldas.edu.co\/portal\/wp-content\/uploads\/2020\/01\/CURSO-DE-LENGUA-DE-SENAS-compressor.png","keywords":["educaci\u00f3n","inclusi\u00f3n","lengua.","se\u00f1as"],"articleSection":["Actualidad","Universidad al D\u00eda","UCaldas Colaborativa"],"inLanguage":"es"},{"@type":"WebPage","@id":"https:\/\/www.ucaldas.edu.co\/portal\/mediante-curso-de-lengua-de-senas-se-incentiva-la-inclusion-en-la-u-de-caldas\/","url":"https:\/\/www.ucaldas.edu.co\/portal\/mediante-curso-de-lengua-de-senas-se-incentiva-la-inclusion-en-la-u-de-caldas\/","name":"Mediante curso de lengua de se\u00f1as se incentiva la inclusi\u00f3n en la U. de Caldas .","isPartOf":{"@id":"https:\/\/www.ucaldas.edu.co\/portal\/#website"},"primaryImageOfPage":{"@id":"https:\/\/www.ucaldas.edu.co\/portal\/mediante-curso-de-lengua-de-senas-se-incentiva-la-inclusion-en-la-u-de-caldas\/#primaryimage"},"image":{"@id":"https:\/\/www.ucaldas.edu.co\/portal\/mediante-curso-de-lengua-de-senas-se-incentiva-la-inclusion-en-la-u-de-caldas\/#primaryimage"},"thumbnailUrl":"https:\/\/www.ucaldas.edu.co\/portal\/wp-content\/uploads\/2020\/01\/CURSO-DE-LENGUA-DE-SENAS-compressor.png","datePublished":"2020-01-27T22:58:44+00:00","dateModified":"2020-01-27T23:38:18+00:00","breadcrumb":{"@id":"https:\/\/www.ucaldas.edu.co\/portal\/mediante-curso-de-lengua-de-senas-se-incentiva-la-inclusion-en-la-u-de-caldas\/#breadcrumb"},"inLanguage":"es","potentialAction":[{"@type":"ReadAction","target":["https:\/\/www.ucaldas.edu.co\/portal\/mediante-curso-de-lengua-de-senas-se-incentiva-la-inclusion-en-la-u-de-caldas\/"]}]},{"@type":"ImageObject","inLanguage":"es","@id":"https:\/\/www.ucaldas.edu.co\/portal\/mediante-curso-de-lengua-de-senas-se-incentiva-la-inclusion-en-la-u-de-caldas\/#primaryimage","url":"https:\/\/www.ucaldas.edu.co\/portal\/wp-content\/uploads\/2020\/01\/CURSO-DE-LENGUA-DE-SENAS-compressor.png","contentUrl":"https:\/\/www.ucaldas.edu.co\/portal\/wp-content\/uploads\/2020\/01\/CURSO-DE-LENGUA-DE-SENAS-compressor.png","width":700,"height":400},{"@type":"BreadcrumbList","@id":"https:\/\/www.ucaldas.edu.co\/portal\/mediante-curso-de-lengua-de-senas-se-incentiva-la-inclusion-en-la-u-de-caldas\/#breadcrumb","itemListElement":[{"@type":"ListItem","position":1,"name":"Portada","item":"https:\/\/www.ucaldas.edu.co\/portal\/"},{"@type":"ListItem","position":2,"name":"Mediante curso de lengua de se\u00f1as se incentiva la inclusi\u00f3n en la U. de Caldas"}]},{"@type":"WebSite","@id":"https:\/\/www.ucaldas.edu.co\/portal\/#website","url":"https:\/\/www.ucaldas.edu.co\/portal\/","name":"Universidad de Caldas","description":"","publisher":{"@id":"https:\/\/www.ucaldas.edu.co\/portal\/#organization"},"alternateName":"U. de Caldas","potentialAction":[{"@type":"SearchAction","target":{"@type":"EntryPoint","urlTemplate":"https:\/\/www.ucaldas.edu.co\/portal\/?s={search_term_string}"},"query-input":{"@type":"PropertyValueSpecification","valueRequired":true,"valueName":"search_term_string"}}],"inLanguage":"es"},{"@type":"Organization","@id":"https:\/\/www.ucaldas.edu.co\/portal\/#organization","name":"Universidad de Caldas","alternateName":"U. de Caldas","url":"https:\/\/www.ucaldas.edu.co\/portal\/","logo":{"@type":"ImageObject","inLanguage":"es","@id":"https:\/\/www.ucaldas.edu.co\/portal\/#\/schema\/logo\/image\/","url":"https:\/\/www.ucaldas.edu.co\/portal\/wp-content\/uploads\/2023\/11\/Logo_horizontal_oscuroU-2023.png","contentUrl":"https:\/\/www.ucaldas.edu.co\/portal\/wp-content\/uploads\/2023\/11\/Logo_horizontal_oscuroU-2023.png","width":263,"height":101,"caption":"Universidad de Caldas"},"image":{"@id":"https:\/\/www.ucaldas.edu.co\/portal\/#\/schema\/logo\/image\/"},"sameAs":["https:\/\/www.facebook.com\/udecaldas","https:\/\/x.com\/udecaldas","https:\/\/www.youtube.com\/universidadcaldas","https:\/\/www.instagram.com\/udecaldas\/"]},{"@type":"Person","@id":"https:\/\/www.ucaldas.edu.co\/portal\/#\/schema\/person\/a1b482e23449158b4bc319926c074fdf","name":"ofiprensa","image":{"@type":"ImageObject","inLanguage":"es","@id":"https:\/\/www.ucaldas.edu.co\/portal\/wp-content\/litespeed\/avatar\/09ea5085e600095a7a811142c6944527.jpg?ver=1777497608","url":"https:\/\/www.ucaldas.edu.co\/portal\/wp-content\/litespeed\/avatar\/09ea5085e600095a7a811142c6944527.jpg?ver=1777497608","contentUrl":"https:\/\/www.ucaldas.edu.co\/portal\/wp-content\/litespeed\/avatar\/09ea5085e600095a7a811142c6944527.jpg?ver=1777497608","caption":"ofiprensa"},"url":"https:\/\/www.ucaldas.edu.co\/portal\/author\/ofiprensa\/"}]}},"_links":{"self":[{"href":"https:\/\/www.ucaldas.edu.co\/portal\/wp-json\/wp\/v2\/posts\/53831","targetHints":{"allow":["GET"]}}],"collection":[{"href":"https:\/\/www.ucaldas.edu.co\/portal\/wp-json\/wp\/v2\/posts"}],"about":[{"href":"https:\/\/www.ucaldas.edu.co\/portal\/wp-json\/wp\/v2\/types\/post"}],"author":[{"embeddable":true,"href":"https:\/\/www.ucaldas.edu.co\/portal\/wp-json\/wp\/v2\/users\/2"}],"replies":[{"embeddable":true,"href":"https:\/\/www.ucaldas.edu.co\/portal\/wp-json\/wp\/v2\/comments?post=53831"}],"version-history":[{"count":0,"href":"https:\/\/www.ucaldas.edu.co\/portal\/wp-json\/wp\/v2\/posts\/53831\/revisions"}],"wp:featuredmedia":[{"embeddable":true,"href":"https:\/\/www.ucaldas.edu.co\/portal\/wp-json\/wp\/v2\/media\/53832"}],"wp:attachment":[{"href":"https:\/\/www.ucaldas.edu.co\/portal\/wp-json\/wp\/v2\/media?parent=53831"}],"wp:term":[{"taxonomy":"category","embeddable":true,"href":"https:\/\/www.ucaldas.edu.co\/portal\/wp-json\/wp\/v2\/categories?post=53831"},{"taxonomy":"post_tag","embeddable":true,"href":"https:\/\/www.ucaldas.edu.co\/portal\/wp-json\/wp\/v2\/tags?post=53831"}],"curies":[{"name":"wp","href":"https:\/\/api.w.org\/{rel}","templated":true}]}}