{"id":53806,"date":"2020-01-23T22:46:23","date_gmt":"2020-01-23T22:46:23","guid":{"rendered":"https:\/\/www.ucaldas.edu.co\/portal\/?p=53806"},"modified":"2020-01-23T22:46:29","modified_gmt":"2020-01-23T22:46:29","slug":"centro-de-innovacion-en-la-dorada-sede-de-la-u-de-caldas-quedo-incluido-en-el-plan-de-desarrollo-2020-2023","status":"publish","type":"post","link":"https:\/\/www.ucaldas.edu.co\/portal\/centro-de-innovacion-en-la-dorada-sede-de-la-u-de-caldas-quedo-incluido-en-el-plan-de-desarrollo-2020-2023\/","title":{"rendered":"Centro de Innovaci\u00f3n en La Dorada, sede de la U. de Caldas, qued\u00f3 incluido en el Plan de Desarrollo 2020-2023"},"content":{"rendered":"<p style=\"text-align: center;\">VICERRECTORA DE PROYECCI\u00d3N PARTICIP\u00d3 EN LA SESI\u00d3N PARA CONSTRUIR EL PLAN<\/p>\n<p style=\"text-align: center;\"><strong>Centro de Innovaci\u00f3n en La Dorada, sede de la U. de Caldas, qued\u00f3 incluido<\/strong><\/p>\n<p style=\"text-align: center;\"><strong> en el Plan de Desarrollo 2020-2023<\/strong><\/p>\n<p style=\"text-align: right;\">23\/01\/2020<\/p>\n<p><img loading=\"lazy\" decoding=\"async\" class=\"aligncenter wp-image-53807 size-full\" src=\"https:\/\/www.ucaldas.edu.co\/portal\/wp-content\/uploads\/2020\/01\/CENTRO-DE-INNOVACION-compressor.png\" alt=\"\" width=\"700\" height=\"400\" srcset=\"https:\/\/www.ucaldas.edu.co\/portal\/wp-content\/uploads\/2020\/01\/CENTRO-DE-INNOVACION-compressor.png 700w, https:\/\/www.ucaldas.edu.co\/portal\/wp-content\/uploads\/2020\/01\/CENTRO-DE-INNOVACION-compressor-300x171.png 300w\" sizes=\"auto, (max-width: 700px) 100vw, 700px\" \/><\/p>\n<p>El Centro de Innovaci\u00f3n en La Dorada, donde funcionar\u00e1 la sede de la Universidad de Caldas, recibi\u00f3 de nuevo el apoyo del Gobierno Departamental, al quedar incluido en el Plan de Desarrollo del departamento para el periodo 2020-2023.<!--more--><\/p>\n<p>La vicerrectora de Proyecci\u00f3n, Patricia Salazar Villegas, represent\u00f3 a la instituci\u00f3n en la participaci\u00f3n para construir y cocrear el nuevo plan de desarrollo. Adem\u00e1s, dijo que se incluy\u00f3 la importancia de fortalecer los programas acad\u00e9micos de la universidad en el puerto caldense, con el fin de que la Universidad tenga presencia tambi\u00e9n con proyectos de proyecci\u00f3n y luego con investigaci\u00f3n.<\/p>\n<p>Record\u00f3 que la inversi\u00f3n en el Centro de Innovaci\u00f3n asciende a cerca de 16 mil millones de pesos, de los cuales 15 mil millones provienen del Sistema General de Regal\u00edas.<\/p>\n<p>\u201cA pesar de que la financiaci\u00f3n de la obra est\u00e1 a cargo de la Gobernaci\u00f3n, es necesario fortalecer la sostenibilidad del proyecto, y este es otro objetivo al incluirlo en el Plan de Desarrollo, en el que se involucra no solo la Secretar\u00eda de Desarrollo Econ\u00f3mico, sino tambi\u00e9n la Secretar\u00eda de Educaci\u00f3n, en cabeza del secretario Fabio Arias, quien conoce muy bien el proyecto\u201d, dijo la vicerrectora.<\/p>\n<p>Igualmente, durante el encuentro se hicieron contactos con el Sena para trabajar de manera conjunta por la meta de que el Centro sea el sitio en el que los j\u00f3venes y las personas de la regi\u00f3n del Magdalena Medio tengan acceso a capacitaci\u00f3n, informaci\u00f3n y procesos de emprendimiento de alto impacto en los que la universidad participa. De esta manera se consolida la apuesta de regionalizaci\u00f3n de la universidad.<\/p>\n<p>&nbsp;<\/p>\n<p><strong>Informes:<\/strong> Oficina de Comunicaciones y Prensa Universidad de Caldas. Tel\u00e9fono: 8781500 Extensi\u00f3n: 12167<\/p>\n<p><strong>Redacci\u00f3n:<\/strong> Adriana Osorio Garc\u00eda<\/p>\n","protected":false},"excerpt":{"rendered":"<p>VICERRECTORA DE PROYECCI\u00d3N PARTICIP\u00d3 EN LA SESI\u00d3N PARA CONSTRUIR EL PLAN Centro de Innovaci\u00f3n en La Dorada, sede de la U. de Caldas, qued\u00f3 incluido en el Plan de Desarrollo 2020-2023 23\/01\/2020 El Centro de Innovaci\u00f3n en La Dorada, donde funcionar\u00e1 la sede de la Universidad de Caldas, recibi\u00f3 de nuevo el apoyo del Gobierno [&hellip;]<\/p>\n","protected":false},"author":2,"featured_media":53807,"comment_status":"closed","ping_status":"open","sticky":false,"template":"","format":"standard","meta":{"footnotes":""},"categories":[48,53,600],"tags":[486,1098,3046],"class_list":["post-53806","post","type-post","status-publish","format-standard","has-post-thumbnail","hentry","category-actualidad","category-universidad-al-dia","category-ucaldas-regional","tag-la-dorada","tag-plan-de-desarrollo","tag-centro-de-innovacion"],"yoast_head":"<!-- This site is optimized with the Yoast SEO plugin v27.5 - https:\/\/yoast.com\/product\/yoast-seo-wordpress\/ -->\n<title>Centro de Innovaci\u00f3n en La Dorada, sede de la U. de Caldas, qued\u00f3 incluido en el Plan de Desarrollo 2020-2023 .<\/title>\n<meta name=\"robots\" content=\"index, follow, max-snippet:-1, max-image-preview:large, max-video-preview:-1\" \/>\n<link rel=\"canonical\" href=\"https:\/\/www.ucaldas.edu.co\/portal\/centro-de-innovacion-en-la-dorada-sede-de-la-u-de-caldas-quedo-incluido-en-el-plan-de-desarrollo-2020-2023\/\" \/>\n<script type=\"application\/ld+json\" class=\"yoast-schema-graph\">{\"@context\":\"https:\\\/\\\/schema.org\",\"@graph\":[{\"@type\":\"Article\",\"@id\":\"https:\\\/\\\/www.ucaldas.edu.co\\\/portal\\\/centro-de-innovacion-en-la-dorada-sede-de-la-u-de-caldas-quedo-incluido-en-el-plan-de-desarrollo-2020-2023\\\/#article\",\"isPartOf\":{\"@id\":\"https:\\\/\\\/www.ucaldas.edu.co\\\/portal\\\/centro-de-innovacion-en-la-dorada-sede-de-la-u-de-caldas-quedo-incluido-en-el-plan-de-desarrollo-2020-2023\\\/\"},\"author\":{\"name\":\"ofiprensa\",\"@id\":\"https:\\\/\\\/www.ucaldas.edu.co\\\/portal\\\/#\\\/schema\\\/person\\\/a1b482e23449158b4bc319926c074fdf\"},\"headline\":\"Centro de Innovaci\u00f3n en La Dorada, sede de la U. de Caldas, qued\u00f3 incluido en el Plan de Desarrollo 2020-2023\",\"datePublished\":\"2020-01-23T22:46:23+00:00\",\"dateModified\":\"2020-01-23T22:46:29+00:00\",\"mainEntityOfPage\":{\"@id\":\"https:\\\/\\\/www.ucaldas.edu.co\\\/portal\\\/centro-de-innovacion-en-la-dorada-sede-de-la-u-de-caldas-quedo-incluido-en-el-plan-de-desarrollo-2020-2023\\\/\"},\"wordCount\":361,\"publisher\":{\"@id\":\"https:\\\/\\\/www.ucaldas.edu.co\\\/portal\\\/#organization\"},\"image\":{\"@id\":\"https:\\\/\\\/www.ucaldas.edu.co\\\/portal\\\/centro-de-innovacion-en-la-dorada-sede-de-la-u-de-caldas-quedo-incluido-en-el-plan-de-desarrollo-2020-2023\\\/#primaryimage\"},\"thumbnailUrl\":\"https:\\\/\\\/www.ucaldas.edu.co\\\/portal\\\/wp-content\\\/uploads\\\/2020\\\/01\\\/CENTRO-DE-INNOVACION-compressor.png\",\"keywords\":[\"La Dorada\",\"Plan De Desarrollo\",\"centro de innovaci\u00f3n\"],\"articleSection\":[\"Actualidad\",\"Universidad al D\u00eda\",\"UCaldas Regional\"],\"inLanguage\":\"es\"},{\"@type\":\"WebPage\",\"@id\":\"https:\\\/\\\/www.ucaldas.edu.co\\\/portal\\\/centro-de-innovacion-en-la-dorada-sede-de-la-u-de-caldas-quedo-incluido-en-el-plan-de-desarrollo-2020-2023\\\/\",\"url\":\"https:\\\/\\\/www.ucaldas.edu.co\\\/portal\\\/centro-de-innovacion-en-la-dorada-sede-de-la-u-de-caldas-quedo-incluido-en-el-plan-de-desarrollo-2020-2023\\\/\",\"name\":\"Centro de Innovaci\u00f3n en La Dorada, sede de la U. de Caldas, qued\u00f3 incluido en el Plan de Desarrollo 2020-2023 .\",\"isPartOf\":{\"@id\":\"https:\\\/\\\/www.ucaldas.edu.co\\\/portal\\\/#website\"},\"primaryImageOfPage\":{\"@id\":\"https:\\\/\\\/www.ucaldas.edu.co\\\/portal\\\/centro-de-innovacion-en-la-dorada-sede-de-la-u-de-caldas-quedo-incluido-en-el-plan-de-desarrollo-2020-2023\\\/#primaryimage\"},\"image\":{\"@id\":\"https:\\\/\\\/www.ucaldas.edu.co\\\/portal\\\/centro-de-innovacion-en-la-dorada-sede-de-la-u-de-caldas-quedo-incluido-en-el-plan-de-desarrollo-2020-2023\\\/#primaryimage\"},\"thumbnailUrl\":\"https:\\\/\\\/www.ucaldas.edu.co\\\/portal\\\/wp-content\\\/uploads\\\/2020\\\/01\\\/CENTRO-DE-INNOVACION-compressor.png\",\"datePublished\":\"2020-01-23T22:46:23+00:00\",\"dateModified\":\"2020-01-23T22:46:29+00:00\",\"breadcrumb\":{\"@id\":\"https:\\\/\\\/www.ucaldas.edu.co\\\/portal\\\/centro-de-innovacion-en-la-dorada-sede-de-la-u-de-caldas-quedo-incluido-en-el-plan-de-desarrollo-2020-2023\\\/#breadcrumb\"},\"inLanguage\":\"es\",\"potentialAction\":[{\"@type\":\"ReadAction\",\"target\":[\"https:\\\/\\\/www.ucaldas.edu.co\\\/portal\\\/centro-de-innovacion-en-la-dorada-sede-de-la-u-de-caldas-quedo-incluido-en-el-plan-de-desarrollo-2020-2023\\\/\"]}]},{\"@type\":\"ImageObject\",\"inLanguage\":\"es\",\"@id\":\"https:\\\/\\\/www.ucaldas.edu.co\\\/portal\\\/centro-de-innovacion-en-la-dorada-sede-de-la-u-de-caldas-quedo-incluido-en-el-plan-de-desarrollo-2020-2023\\\/#primaryimage\",\"url\":\"https:\\\/\\\/www.ucaldas.edu.co\\\/portal\\\/wp-content\\\/uploads\\\/2020\\\/01\\\/CENTRO-DE-INNOVACION-compressor.png\",\"contentUrl\":\"https:\\\/\\\/www.ucaldas.edu.co\\\/portal\\\/wp-content\\\/uploads\\\/2020\\\/01\\\/CENTRO-DE-INNOVACION-compressor.png\",\"width\":700,\"height\":400},{\"@type\":\"BreadcrumbList\",\"@id\":\"https:\\\/\\\/www.ucaldas.edu.co\\\/portal\\\/centro-de-innovacion-en-la-dorada-sede-de-la-u-de-caldas-quedo-incluido-en-el-plan-de-desarrollo-2020-2023\\\/#breadcrumb\",\"itemListElement\":[{\"@type\":\"ListItem\",\"position\":1,\"name\":\"Portada\",\"item\":\"https:\\\/\\\/www.ucaldas.edu.co\\\/portal\\\/\"},{\"@type\":\"ListItem\",\"position\":2,\"name\":\"Centro de Innovaci\u00f3n en La Dorada, sede de la U. de Caldas, qued\u00f3 incluido en el Plan de Desarrollo 2020-2023\"}]},{\"@type\":\"WebSite\",\"@id\":\"https:\\\/\\\/www.ucaldas.edu.co\\\/portal\\\/#website\",\"url\":\"https:\\\/\\\/www.ucaldas.edu.co\\\/portal\\\/\",\"name\":\"Universidad de Caldas\",\"description\":\"\",\"publisher\":{\"@id\":\"https:\\\/\\\/www.ucaldas.edu.co\\\/portal\\\/#organization\"},\"alternateName\":\"U. de Caldas\",\"potentialAction\":[{\"@type\":\"SearchAction\",\"target\":{\"@type\":\"EntryPoint\",\"urlTemplate\":\"https:\\\/\\\/www.ucaldas.edu.co\\\/portal\\\/?s={search_term_string}\"},\"query-input\":{\"@type\":\"PropertyValueSpecification\",\"valueRequired\":true,\"valueName\":\"search_term_string\"}}],\"inLanguage\":\"es\"},{\"@type\":\"Organization\",\"@id\":\"https:\\\/\\\/www.ucaldas.edu.co\\\/portal\\\/#organization\",\"name\":\"Universidad de Caldas\",\"alternateName\":\"U. de Caldas\",\"url\":\"https:\\\/\\\/www.ucaldas.edu.co\\\/portal\\\/\",\"logo\":{\"@type\":\"ImageObject\",\"inLanguage\":\"es\",\"@id\":\"https:\\\/\\\/www.ucaldas.edu.co\\\/portal\\\/#\\\/schema\\\/logo\\\/image\\\/\",\"url\":\"https:\\\/\\\/www.ucaldas.edu.co\\\/portal\\\/wp-content\\\/uploads\\\/2023\\\/11\\\/Logo_horizontal_oscuroU-2023.png\",\"contentUrl\":\"https:\\\/\\\/www.ucaldas.edu.co\\\/portal\\\/wp-content\\\/uploads\\\/2023\\\/11\\\/Logo_horizontal_oscuroU-2023.png\",\"width\":263,\"height\":101,\"caption\":\"Universidad de Caldas\"},\"image\":{\"@id\":\"https:\\\/\\\/www.ucaldas.edu.co\\\/portal\\\/#\\\/schema\\\/logo\\\/image\\\/\"},\"sameAs\":[\"https:\\\/\\\/www.facebook.com\\\/udecaldas\",\"https:\\\/\\\/x.com\\\/udecaldas\",\"https:\\\/\\\/www.youtube.com\\\/universidadcaldas\",\"https:\\\/\\\/www.instagram.com\\\/udecaldas\\\/\"]},{\"@type\":\"Person\",\"@id\":\"https:\\\/\\\/www.ucaldas.edu.co\\\/portal\\\/#\\\/schema\\\/person\\\/a1b482e23449158b4bc319926c074fdf\",\"name\":\"ofiprensa\",\"image\":{\"@type\":\"ImageObject\",\"inLanguage\":\"es\",\"@id\":\"https:\\\/\\\/www.ucaldas.edu.co\\\/portal\\\/wp-content\\\/litespeed\\\/avatar\\\/09ea5085e600095a7a811142c6944527.jpg?ver=1777497608\",\"url\":\"https:\\\/\\\/www.ucaldas.edu.co\\\/portal\\\/wp-content\\\/litespeed\\\/avatar\\\/09ea5085e600095a7a811142c6944527.jpg?ver=1777497608\",\"contentUrl\":\"https:\\\/\\\/www.ucaldas.edu.co\\\/portal\\\/wp-content\\\/litespeed\\\/avatar\\\/09ea5085e600095a7a811142c6944527.jpg?ver=1777497608\",\"caption\":\"ofiprensa\"},\"url\":\"https:\\\/\\\/www.ucaldas.edu.co\\\/portal\\\/author\\\/ofiprensa\\\/\"}]}<\/script>\n<!-- \/ Yoast SEO plugin. -->","yoast_head_json":{"title":"Centro de Innovaci\u00f3n en La Dorada, sede de la U. de Caldas, qued\u00f3 incluido en el Plan de Desarrollo 2020-2023 .","robots":{"index":"index","follow":"follow","max-snippet":"max-snippet:-1","max-image-preview":"max-image-preview:large","max-video-preview":"max-video-preview:-1"},"canonical":"https:\/\/www.ucaldas.edu.co\/portal\/centro-de-innovacion-en-la-dorada-sede-de-la-u-de-caldas-quedo-incluido-en-el-plan-de-desarrollo-2020-2023\/","schema":{"@context":"https:\/\/schema.org","@graph":[{"@type":"Article","@id":"https:\/\/www.ucaldas.edu.co\/portal\/centro-de-innovacion-en-la-dorada-sede-de-la-u-de-caldas-quedo-incluido-en-el-plan-de-desarrollo-2020-2023\/#article","isPartOf":{"@id":"https:\/\/www.ucaldas.edu.co\/portal\/centro-de-innovacion-en-la-dorada-sede-de-la-u-de-caldas-quedo-incluido-en-el-plan-de-desarrollo-2020-2023\/"},"author":{"name":"ofiprensa","@id":"https:\/\/www.ucaldas.edu.co\/portal\/#\/schema\/person\/a1b482e23449158b4bc319926c074fdf"},"headline":"Centro de Innovaci\u00f3n en La Dorada, sede de la U. de Caldas, qued\u00f3 incluido en el Plan de Desarrollo 2020-2023","datePublished":"2020-01-23T22:46:23+00:00","dateModified":"2020-01-23T22:46:29+00:00","mainEntityOfPage":{"@id":"https:\/\/www.ucaldas.edu.co\/portal\/centro-de-innovacion-en-la-dorada-sede-de-la-u-de-caldas-quedo-incluido-en-el-plan-de-desarrollo-2020-2023\/"},"wordCount":361,"publisher":{"@id":"https:\/\/www.ucaldas.edu.co\/portal\/#organization"},"image":{"@id":"https:\/\/www.ucaldas.edu.co\/portal\/centro-de-innovacion-en-la-dorada-sede-de-la-u-de-caldas-quedo-incluido-en-el-plan-de-desarrollo-2020-2023\/#primaryimage"},"thumbnailUrl":"https:\/\/www.ucaldas.edu.co\/portal\/wp-content\/uploads\/2020\/01\/CENTRO-DE-INNOVACION-compressor.png","keywords":["La Dorada","Plan De Desarrollo","centro de innovaci\u00f3n"],"articleSection":["Actualidad","Universidad al D\u00eda","UCaldas Regional"],"inLanguage":"es"},{"@type":"WebPage","@id":"https:\/\/www.ucaldas.edu.co\/portal\/centro-de-innovacion-en-la-dorada-sede-de-la-u-de-caldas-quedo-incluido-en-el-plan-de-desarrollo-2020-2023\/","url":"https:\/\/www.ucaldas.edu.co\/portal\/centro-de-innovacion-en-la-dorada-sede-de-la-u-de-caldas-quedo-incluido-en-el-plan-de-desarrollo-2020-2023\/","name":"Centro de Innovaci\u00f3n en La Dorada, sede de la U. de Caldas, qued\u00f3 incluido en el Plan de Desarrollo 2020-2023 .","isPartOf":{"@id":"https:\/\/www.ucaldas.edu.co\/portal\/#website"},"primaryImageOfPage":{"@id":"https:\/\/www.ucaldas.edu.co\/portal\/centro-de-innovacion-en-la-dorada-sede-de-la-u-de-caldas-quedo-incluido-en-el-plan-de-desarrollo-2020-2023\/#primaryimage"},"image":{"@id":"https:\/\/www.ucaldas.edu.co\/portal\/centro-de-innovacion-en-la-dorada-sede-de-la-u-de-caldas-quedo-incluido-en-el-plan-de-desarrollo-2020-2023\/#primaryimage"},"thumbnailUrl":"https:\/\/www.ucaldas.edu.co\/portal\/wp-content\/uploads\/2020\/01\/CENTRO-DE-INNOVACION-compressor.png","datePublished":"2020-01-23T22:46:23+00:00","dateModified":"2020-01-23T22:46:29+00:00","breadcrumb":{"@id":"https:\/\/www.ucaldas.edu.co\/portal\/centro-de-innovacion-en-la-dorada-sede-de-la-u-de-caldas-quedo-incluido-en-el-plan-de-desarrollo-2020-2023\/#breadcrumb"},"inLanguage":"es","potentialAction":[{"@type":"ReadAction","target":["https:\/\/www.ucaldas.edu.co\/portal\/centro-de-innovacion-en-la-dorada-sede-de-la-u-de-caldas-quedo-incluido-en-el-plan-de-desarrollo-2020-2023\/"]}]},{"@type":"ImageObject","inLanguage":"es","@id":"https:\/\/www.ucaldas.edu.co\/portal\/centro-de-innovacion-en-la-dorada-sede-de-la-u-de-caldas-quedo-incluido-en-el-plan-de-desarrollo-2020-2023\/#primaryimage","url":"https:\/\/www.ucaldas.edu.co\/portal\/wp-content\/uploads\/2020\/01\/CENTRO-DE-INNOVACION-compressor.png","contentUrl":"https:\/\/www.ucaldas.edu.co\/portal\/wp-content\/uploads\/2020\/01\/CENTRO-DE-INNOVACION-compressor.png","width":700,"height":400},{"@type":"BreadcrumbList","@id":"https:\/\/www.ucaldas.edu.co\/portal\/centro-de-innovacion-en-la-dorada-sede-de-la-u-de-caldas-quedo-incluido-en-el-plan-de-desarrollo-2020-2023\/#breadcrumb","itemListElement":[{"@type":"ListItem","position":1,"name":"Portada","item":"https:\/\/www.ucaldas.edu.co\/portal\/"},{"@type":"ListItem","position":2,"name":"Centro de Innovaci\u00f3n en La Dorada, sede de la U. de Caldas, qued\u00f3 incluido en el Plan de Desarrollo 2020-2023"}]},{"@type":"WebSite","@id":"https:\/\/www.ucaldas.edu.co\/portal\/#website","url":"https:\/\/www.ucaldas.edu.co\/portal\/","name":"Universidad de Caldas","description":"","publisher":{"@id":"https:\/\/www.ucaldas.edu.co\/portal\/#organization"},"alternateName":"U. de Caldas","potentialAction":[{"@type":"SearchAction","target":{"@type":"EntryPoint","urlTemplate":"https:\/\/www.ucaldas.edu.co\/portal\/?s={search_term_string}"},"query-input":{"@type":"PropertyValueSpecification","valueRequired":true,"valueName":"search_term_string"}}],"inLanguage":"es"},{"@type":"Organization","@id":"https:\/\/www.ucaldas.edu.co\/portal\/#organization","name":"Universidad de Caldas","alternateName":"U. de Caldas","url":"https:\/\/www.ucaldas.edu.co\/portal\/","logo":{"@type":"ImageObject","inLanguage":"es","@id":"https:\/\/www.ucaldas.edu.co\/portal\/#\/schema\/logo\/image\/","url":"https:\/\/www.ucaldas.edu.co\/portal\/wp-content\/uploads\/2023\/11\/Logo_horizontal_oscuroU-2023.png","contentUrl":"https:\/\/www.ucaldas.edu.co\/portal\/wp-content\/uploads\/2023\/11\/Logo_horizontal_oscuroU-2023.png","width":263,"height":101,"caption":"Universidad de Caldas"},"image":{"@id":"https:\/\/www.ucaldas.edu.co\/portal\/#\/schema\/logo\/image\/"},"sameAs":["https:\/\/www.facebook.com\/udecaldas","https:\/\/x.com\/udecaldas","https:\/\/www.youtube.com\/universidadcaldas","https:\/\/www.instagram.com\/udecaldas\/"]},{"@type":"Person","@id":"https:\/\/www.ucaldas.edu.co\/portal\/#\/schema\/person\/a1b482e23449158b4bc319926c074fdf","name":"ofiprensa","image":{"@type":"ImageObject","inLanguage":"es","@id":"https:\/\/www.ucaldas.edu.co\/portal\/wp-content\/litespeed\/avatar\/09ea5085e600095a7a811142c6944527.jpg?ver=1777497608","url":"https:\/\/www.ucaldas.edu.co\/portal\/wp-content\/litespeed\/avatar\/09ea5085e600095a7a811142c6944527.jpg?ver=1777497608","contentUrl":"https:\/\/www.ucaldas.edu.co\/portal\/wp-content\/litespeed\/avatar\/09ea5085e600095a7a811142c6944527.jpg?ver=1777497608","caption":"ofiprensa"},"url":"https:\/\/www.ucaldas.edu.co\/portal\/author\/ofiprensa\/"}]}},"_links":{"self":[{"href":"https:\/\/www.ucaldas.edu.co\/portal\/wp-json\/wp\/v2\/posts\/53806","targetHints":{"allow":["GET"]}}],"collection":[{"href":"https:\/\/www.ucaldas.edu.co\/portal\/wp-json\/wp\/v2\/posts"}],"about":[{"href":"https:\/\/www.ucaldas.edu.co\/portal\/wp-json\/wp\/v2\/types\/post"}],"author":[{"embeddable":true,"href":"https:\/\/www.ucaldas.edu.co\/portal\/wp-json\/wp\/v2\/users\/2"}],"replies":[{"embeddable":true,"href":"https:\/\/www.ucaldas.edu.co\/portal\/wp-json\/wp\/v2\/comments?post=53806"}],"version-history":[{"count":0,"href":"https:\/\/www.ucaldas.edu.co\/portal\/wp-json\/wp\/v2\/posts\/53806\/revisions"}],"wp:featuredmedia":[{"embeddable":true,"href":"https:\/\/www.ucaldas.edu.co\/portal\/wp-json\/wp\/v2\/media\/53807"}],"wp:attachment":[{"href":"https:\/\/www.ucaldas.edu.co\/portal\/wp-json\/wp\/v2\/media?parent=53806"}],"wp:term":[{"taxonomy":"category","embeddable":true,"href":"https:\/\/www.ucaldas.edu.co\/portal\/wp-json\/wp\/v2\/categories?post=53806"},{"taxonomy":"post_tag","embeddable":true,"href":"https:\/\/www.ucaldas.edu.co\/portal\/wp-json\/wp\/v2\/tags?post=53806"}],"curies":[{"name":"wp","href":"https:\/\/api.w.org\/{rel}","templated":true}]}}