{"id":53722,"date":"2020-01-17T22:42:14","date_gmt":"2020-01-17T22:42:14","guid":{"rendered":"https:\/\/www.ucaldas.edu.co\/portal\/?p=53722"},"modified":"2020-01-17T22:42:20","modified_gmt":"2020-01-17T22:42:20","slug":"seis-estudiantes-y-dos-egresados-de-la-u-de-caldas-hacen-parte-de-la-orquesta-filarmonica-joven-de-colombia","status":"publish","type":"post","link":"https:\/\/www.ucaldas.edu.co\/portal\/seis-estudiantes-y-dos-egresados-de-la-u-de-caldas-hacen-parte-de-la-orquesta-filarmonica-joven-de-colombia\/","title":{"rendered":"Seis estudiantes y dos egresados de la U. de Caldas hacen parte de la Orquesta Filarm\u00f3nica Joven de Colombia"},"content":{"rendered":"<p style=\"text-align: center;\">EN GIRA DE PRESENTACIONES LA AGRUPACI\u00d3N ESTAR\u00c1 EL LUNES 20 DE ENERO EN MANIZALES<\/p>\n<p style=\"text-align: center;\"><strong>Seis estudiantes y dos egresados de la U. de Caldas hacen parte de la Orquesta Filarm\u00f3nica Joven de Colombia<\/strong><\/p>\n<p style=\"text-align: right;\">17\/01\/2020<\/p>\n<p><img loading=\"lazy\" decoding=\"async\" class=\"aligncenter wp-image-53723 size-full\" src=\"https:\/\/www.ucaldas.edu.co\/portal\/wp-content\/uploads\/2020\/01\/FILARMONICA-compressor.png\" alt=\"\" width=\"700\" height=\"400\" srcset=\"https:\/\/www.ucaldas.edu.co\/portal\/wp-content\/uploads\/2020\/01\/FILARMONICA-compressor.png 700w, https:\/\/www.ucaldas.edu.co\/portal\/wp-content\/uploads\/2020\/01\/FILARMONICA-compressor-300x171.png 300w\" sizes=\"auto, (max-width: 700px) 100vw, 700px\" \/><\/p>\n<p>Luego de presentarse en Barranquilla y Santa Marta la semana pasada y el fin de semana, la Orquesta Filarm\u00f3nica Joven de Colombia ofrecer\u00e1 un concierto en Manizales el pr\u00f3ximo lunes 20 de enero. El evento ser\u00e1 en el Centro de Convenciones Teatro Los Fundadores, a las 7:00 de la noche y con entrada libre.<!--more--><\/p>\n<p>Seis estudiantes y dos egresados de la Universidad de Caldas hacen parte de esta relevante agrupaci\u00f3n musical, luego del proceso de selecci\u00f3n para la temporada 2020. Se trata de los estudiantes Juan Sebasti\u00e1n S\u00e1nchez, Daniel Alberto Moreno, Nicol\u00e1s Echeverry, Juan Pablo Casta\u00f1o, Esteban Orozco y Luis Fernando Cardona, adem\u00e1s de los egresados Mariana Segura y Marlon Renato Mora.<\/p>\n<p>Esteban Orozco Mu\u00f1oz, estudiante de d\u00e9cimo semestre de Maestro en M\u00fasica, explic\u00f3 que la gira de inicio del 2020 de la Filarm\u00f3nica Joven incluye las ciudades de Barranquilla, Santa Marta, Manizales, Bucaramanga, Medell\u00edn y Bogot\u00e1.<\/p>\n<p>En el concierto del lunes en Manizales la agrupaci\u00f3n interpretar\u00e1 la Octava sinfon\u00eda de Anton Bruckner. \u201cEs muy gratificante porque nos estamos preparando para esto, son nuevas oportunidades para conocer grandes maestros, trabajar con muy buenos profesores. Es un gran proyecto de la Fundaci\u00f3n Bol\u00edvar Davivienda, que nos da la oportunidad de aprender m\u00e1s y en escenarios internacionales y nacionales\u201d, dijo el estudiante.<\/p>\n<p>El concierto lo organiza la Fundaci\u00f3n Bol\u00edvar Davivienda, entidad que lidera el programa de la Filarm\u00f3nica Joven de Colombia, con el apoyo de otras instituciones como Orquesta de las Am\u00e9ricas, RCN, Batuta y Houston Symphony. El proyecto re\u00fane a j\u00f3venes m\u00fasicos entre los 16 y 24 a\u00f1os y la convocatoria para la conformaci\u00f3n de la agrupaci\u00f3n es cada a\u00f1o.<\/p>\n<p>&nbsp;<\/p>\n<p><strong>Informes:<\/strong> Oficina de Comunicaciones y Prensa Universidad de Caldas. Tel\u00e9fono: 8781500 Extensi\u00f3n: 12167<\/p>\n<p><strong>Redacci\u00f3n:<\/strong> Adriana Osorio Garc\u00eda<\/p>\n","protected":false},"excerpt":{"rendered":"<p>EN GIRA DE PRESENTACIONES LA AGRUPACI\u00d3N ESTAR\u00c1 EL LUNES 20 DE ENERO EN MANIZALES Seis estudiantes y dos egresados de la U. de Caldas hacen parte de la Orquesta Filarm\u00f3nica Joven de Colombia 17\/01\/2020 Luego de presentarse en Barranquilla y Santa Marta la semana pasada y el fin de semana, la Orquesta Filarm\u00f3nica Joven de [&hellip;]<\/p>\n","protected":false},"author":2,"featured_media":53723,"comment_status":"closed","ping_status":"open","sticky":false,"template":"","format":"standard","meta":{"footnotes":""},"categories":[48,53,664],"tags":[247,3566,4571],"class_list":["post-53722","post","type-post","status-publish","format-standard","has-post-thumbnail","hentry","category-actualidad","category-universidad-al-dia","category-ucaldas-cultural","tag-concierto","tag-filarmonica","tag-joven"],"yoast_head":"<!-- This site is optimized with the Yoast SEO plugin v27.5 - https:\/\/yoast.com\/product\/yoast-seo-wordpress\/ -->\n<title>Seis estudiantes y dos egresados de la U. de Caldas hacen parte de la Orquesta Filarm\u00f3nica Joven de Colombia .<\/title>\n<meta name=\"robots\" content=\"index, follow, max-snippet:-1, max-image-preview:large, max-video-preview:-1\" \/>\n<link rel=\"canonical\" href=\"https:\/\/www.ucaldas.edu.co\/portal\/seis-estudiantes-y-dos-egresados-de-la-u-de-caldas-hacen-parte-de-la-orquesta-filarmonica-joven-de-colombia\/\" \/>\n<script type=\"application\/ld+json\" class=\"yoast-schema-graph\">{\"@context\":\"https:\\\/\\\/schema.org\",\"@graph\":[{\"@type\":\"Article\",\"@id\":\"https:\\\/\\\/www.ucaldas.edu.co\\\/portal\\\/seis-estudiantes-y-dos-egresados-de-la-u-de-caldas-hacen-parte-de-la-orquesta-filarmonica-joven-de-colombia\\\/#article\",\"isPartOf\":{\"@id\":\"https:\\\/\\\/www.ucaldas.edu.co\\\/portal\\\/seis-estudiantes-y-dos-egresados-de-la-u-de-caldas-hacen-parte-de-la-orquesta-filarmonica-joven-de-colombia\\\/\"},\"author\":{\"name\":\"ofiprensa\",\"@id\":\"https:\\\/\\\/www.ucaldas.edu.co\\\/portal\\\/#\\\/schema\\\/person\\\/a1b482e23449158b4bc319926c074fdf\"},\"headline\":\"Seis estudiantes y dos egresados de la U. de Caldas hacen parte de la Orquesta Filarm\u00f3nica Joven de Colombia\",\"datePublished\":\"2020-01-17T22:42:14+00:00\",\"dateModified\":\"2020-01-17T22:42:20+00:00\",\"mainEntityOfPage\":{\"@id\":\"https:\\\/\\\/www.ucaldas.edu.co\\\/portal\\\/seis-estudiantes-y-dos-egresados-de-la-u-de-caldas-hacen-parte-de-la-orquesta-filarmonica-joven-de-colombia\\\/\"},\"wordCount\":367,\"publisher\":{\"@id\":\"https:\\\/\\\/www.ucaldas.edu.co\\\/portal\\\/#organization\"},\"image\":{\"@id\":\"https:\\\/\\\/www.ucaldas.edu.co\\\/portal\\\/seis-estudiantes-y-dos-egresados-de-la-u-de-caldas-hacen-parte-de-la-orquesta-filarmonica-joven-de-colombia\\\/#primaryimage\"},\"thumbnailUrl\":\"https:\\\/\\\/www.ucaldas.edu.co\\\/portal\\\/wp-content\\\/uploads\\\/2020\\\/01\\\/FILARMONICA-compressor.png\",\"keywords\":[\"concierto\",\"filarm\u00f3nica\",\"joven\"],\"articleSection\":[\"Actualidad\",\"Universidad al D\u00eda\",\"UCaldas Cultural\"],\"inLanguage\":\"es\"},{\"@type\":\"WebPage\",\"@id\":\"https:\\\/\\\/www.ucaldas.edu.co\\\/portal\\\/seis-estudiantes-y-dos-egresados-de-la-u-de-caldas-hacen-parte-de-la-orquesta-filarmonica-joven-de-colombia\\\/\",\"url\":\"https:\\\/\\\/www.ucaldas.edu.co\\\/portal\\\/seis-estudiantes-y-dos-egresados-de-la-u-de-caldas-hacen-parte-de-la-orquesta-filarmonica-joven-de-colombia\\\/\",\"name\":\"Seis estudiantes y dos egresados de la U. de Caldas hacen parte de la Orquesta Filarm\u00f3nica Joven de Colombia .\",\"isPartOf\":{\"@id\":\"https:\\\/\\\/www.ucaldas.edu.co\\\/portal\\\/#website\"},\"primaryImageOfPage\":{\"@id\":\"https:\\\/\\\/www.ucaldas.edu.co\\\/portal\\\/seis-estudiantes-y-dos-egresados-de-la-u-de-caldas-hacen-parte-de-la-orquesta-filarmonica-joven-de-colombia\\\/#primaryimage\"},\"image\":{\"@id\":\"https:\\\/\\\/www.ucaldas.edu.co\\\/portal\\\/seis-estudiantes-y-dos-egresados-de-la-u-de-caldas-hacen-parte-de-la-orquesta-filarmonica-joven-de-colombia\\\/#primaryimage\"},\"thumbnailUrl\":\"https:\\\/\\\/www.ucaldas.edu.co\\\/portal\\\/wp-content\\\/uploads\\\/2020\\\/01\\\/FILARMONICA-compressor.png\",\"datePublished\":\"2020-01-17T22:42:14+00:00\",\"dateModified\":\"2020-01-17T22:42:20+00:00\",\"breadcrumb\":{\"@id\":\"https:\\\/\\\/www.ucaldas.edu.co\\\/portal\\\/seis-estudiantes-y-dos-egresados-de-la-u-de-caldas-hacen-parte-de-la-orquesta-filarmonica-joven-de-colombia\\\/#breadcrumb\"},\"inLanguage\":\"es\",\"potentialAction\":[{\"@type\":\"ReadAction\",\"target\":[\"https:\\\/\\\/www.ucaldas.edu.co\\\/portal\\\/seis-estudiantes-y-dos-egresados-de-la-u-de-caldas-hacen-parte-de-la-orquesta-filarmonica-joven-de-colombia\\\/\"]}]},{\"@type\":\"ImageObject\",\"inLanguage\":\"es\",\"@id\":\"https:\\\/\\\/www.ucaldas.edu.co\\\/portal\\\/seis-estudiantes-y-dos-egresados-de-la-u-de-caldas-hacen-parte-de-la-orquesta-filarmonica-joven-de-colombia\\\/#primaryimage\",\"url\":\"https:\\\/\\\/www.ucaldas.edu.co\\\/portal\\\/wp-content\\\/uploads\\\/2020\\\/01\\\/FILARMONICA-compressor.png\",\"contentUrl\":\"https:\\\/\\\/www.ucaldas.edu.co\\\/portal\\\/wp-content\\\/uploads\\\/2020\\\/01\\\/FILARMONICA-compressor.png\",\"width\":700,\"height\":400},{\"@type\":\"BreadcrumbList\",\"@id\":\"https:\\\/\\\/www.ucaldas.edu.co\\\/portal\\\/seis-estudiantes-y-dos-egresados-de-la-u-de-caldas-hacen-parte-de-la-orquesta-filarmonica-joven-de-colombia\\\/#breadcrumb\",\"itemListElement\":[{\"@type\":\"ListItem\",\"position\":1,\"name\":\"Portada\",\"item\":\"https:\\\/\\\/www.ucaldas.edu.co\\\/portal\\\/\"},{\"@type\":\"ListItem\",\"position\":2,\"name\":\"Seis estudiantes y dos egresados de la U. de Caldas hacen parte de la Orquesta Filarm\u00f3nica Joven de Colombia\"}]},{\"@type\":\"WebSite\",\"@id\":\"https:\\\/\\\/www.ucaldas.edu.co\\\/portal\\\/#website\",\"url\":\"https:\\\/\\\/www.ucaldas.edu.co\\\/portal\\\/\",\"name\":\"Universidad de Caldas\",\"description\":\"\",\"publisher\":{\"@id\":\"https:\\\/\\\/www.ucaldas.edu.co\\\/portal\\\/#organization\"},\"alternateName\":\"U. de Caldas\",\"potentialAction\":[{\"@type\":\"SearchAction\",\"target\":{\"@type\":\"EntryPoint\",\"urlTemplate\":\"https:\\\/\\\/www.ucaldas.edu.co\\\/portal\\\/?s={search_term_string}\"},\"query-input\":{\"@type\":\"PropertyValueSpecification\",\"valueRequired\":true,\"valueName\":\"search_term_string\"}}],\"inLanguage\":\"es\"},{\"@type\":\"Organization\",\"@id\":\"https:\\\/\\\/www.ucaldas.edu.co\\\/portal\\\/#organization\",\"name\":\"Universidad de Caldas\",\"alternateName\":\"U. de Caldas\",\"url\":\"https:\\\/\\\/www.ucaldas.edu.co\\\/portal\\\/\",\"logo\":{\"@type\":\"ImageObject\",\"inLanguage\":\"es\",\"@id\":\"https:\\\/\\\/www.ucaldas.edu.co\\\/portal\\\/#\\\/schema\\\/logo\\\/image\\\/\",\"url\":\"https:\\\/\\\/www.ucaldas.edu.co\\\/portal\\\/wp-content\\\/uploads\\\/2023\\\/11\\\/Logo_horizontal_oscuroU-2023.png\",\"contentUrl\":\"https:\\\/\\\/www.ucaldas.edu.co\\\/portal\\\/wp-content\\\/uploads\\\/2023\\\/11\\\/Logo_horizontal_oscuroU-2023.png\",\"width\":263,\"height\":101,\"caption\":\"Universidad de Caldas\"},\"image\":{\"@id\":\"https:\\\/\\\/www.ucaldas.edu.co\\\/portal\\\/#\\\/schema\\\/logo\\\/image\\\/\"},\"sameAs\":[\"https:\\\/\\\/www.facebook.com\\\/udecaldas\",\"https:\\\/\\\/x.com\\\/udecaldas\",\"https:\\\/\\\/www.youtube.com\\\/universidadcaldas\",\"https:\\\/\\\/www.instagram.com\\\/udecaldas\\\/\"]},{\"@type\":\"Person\",\"@id\":\"https:\\\/\\\/www.ucaldas.edu.co\\\/portal\\\/#\\\/schema\\\/person\\\/a1b482e23449158b4bc319926c074fdf\",\"name\":\"ofiprensa\",\"image\":{\"@type\":\"ImageObject\",\"inLanguage\":\"es\",\"@id\":\"https:\\\/\\\/www.ucaldas.edu.co\\\/portal\\\/wp-content\\\/litespeed\\\/avatar\\\/09ea5085e600095a7a811142c6944527.jpg?ver=1777497608\",\"url\":\"https:\\\/\\\/www.ucaldas.edu.co\\\/portal\\\/wp-content\\\/litespeed\\\/avatar\\\/09ea5085e600095a7a811142c6944527.jpg?ver=1777497608\",\"contentUrl\":\"https:\\\/\\\/www.ucaldas.edu.co\\\/portal\\\/wp-content\\\/litespeed\\\/avatar\\\/09ea5085e600095a7a811142c6944527.jpg?ver=1777497608\",\"caption\":\"ofiprensa\"},\"url\":\"https:\\\/\\\/www.ucaldas.edu.co\\\/portal\\\/author\\\/ofiprensa\\\/\"}]}<\/script>\n<!-- \/ Yoast SEO plugin. -->","yoast_head_json":{"title":"Seis estudiantes y dos egresados de la U. de Caldas hacen parte de la Orquesta Filarm\u00f3nica Joven de Colombia .","robots":{"index":"index","follow":"follow","max-snippet":"max-snippet:-1","max-image-preview":"max-image-preview:large","max-video-preview":"max-video-preview:-1"},"canonical":"https:\/\/www.ucaldas.edu.co\/portal\/seis-estudiantes-y-dos-egresados-de-la-u-de-caldas-hacen-parte-de-la-orquesta-filarmonica-joven-de-colombia\/","schema":{"@context":"https:\/\/schema.org","@graph":[{"@type":"Article","@id":"https:\/\/www.ucaldas.edu.co\/portal\/seis-estudiantes-y-dos-egresados-de-la-u-de-caldas-hacen-parte-de-la-orquesta-filarmonica-joven-de-colombia\/#article","isPartOf":{"@id":"https:\/\/www.ucaldas.edu.co\/portal\/seis-estudiantes-y-dos-egresados-de-la-u-de-caldas-hacen-parte-de-la-orquesta-filarmonica-joven-de-colombia\/"},"author":{"name":"ofiprensa","@id":"https:\/\/www.ucaldas.edu.co\/portal\/#\/schema\/person\/a1b482e23449158b4bc319926c074fdf"},"headline":"Seis estudiantes y dos egresados de la U. de Caldas hacen parte de la Orquesta Filarm\u00f3nica Joven de Colombia","datePublished":"2020-01-17T22:42:14+00:00","dateModified":"2020-01-17T22:42:20+00:00","mainEntityOfPage":{"@id":"https:\/\/www.ucaldas.edu.co\/portal\/seis-estudiantes-y-dos-egresados-de-la-u-de-caldas-hacen-parte-de-la-orquesta-filarmonica-joven-de-colombia\/"},"wordCount":367,"publisher":{"@id":"https:\/\/www.ucaldas.edu.co\/portal\/#organization"},"image":{"@id":"https:\/\/www.ucaldas.edu.co\/portal\/seis-estudiantes-y-dos-egresados-de-la-u-de-caldas-hacen-parte-de-la-orquesta-filarmonica-joven-de-colombia\/#primaryimage"},"thumbnailUrl":"https:\/\/www.ucaldas.edu.co\/portal\/wp-content\/uploads\/2020\/01\/FILARMONICA-compressor.png","keywords":["concierto","filarm\u00f3nica","joven"],"articleSection":["Actualidad","Universidad al D\u00eda","UCaldas Cultural"],"inLanguage":"es"},{"@type":"WebPage","@id":"https:\/\/www.ucaldas.edu.co\/portal\/seis-estudiantes-y-dos-egresados-de-la-u-de-caldas-hacen-parte-de-la-orquesta-filarmonica-joven-de-colombia\/","url":"https:\/\/www.ucaldas.edu.co\/portal\/seis-estudiantes-y-dos-egresados-de-la-u-de-caldas-hacen-parte-de-la-orquesta-filarmonica-joven-de-colombia\/","name":"Seis estudiantes y dos egresados de la U. de Caldas hacen parte de la Orquesta Filarm\u00f3nica Joven de Colombia .","isPartOf":{"@id":"https:\/\/www.ucaldas.edu.co\/portal\/#website"},"primaryImageOfPage":{"@id":"https:\/\/www.ucaldas.edu.co\/portal\/seis-estudiantes-y-dos-egresados-de-la-u-de-caldas-hacen-parte-de-la-orquesta-filarmonica-joven-de-colombia\/#primaryimage"},"image":{"@id":"https:\/\/www.ucaldas.edu.co\/portal\/seis-estudiantes-y-dos-egresados-de-la-u-de-caldas-hacen-parte-de-la-orquesta-filarmonica-joven-de-colombia\/#primaryimage"},"thumbnailUrl":"https:\/\/www.ucaldas.edu.co\/portal\/wp-content\/uploads\/2020\/01\/FILARMONICA-compressor.png","datePublished":"2020-01-17T22:42:14+00:00","dateModified":"2020-01-17T22:42:20+00:00","breadcrumb":{"@id":"https:\/\/www.ucaldas.edu.co\/portal\/seis-estudiantes-y-dos-egresados-de-la-u-de-caldas-hacen-parte-de-la-orquesta-filarmonica-joven-de-colombia\/#breadcrumb"},"inLanguage":"es","potentialAction":[{"@type":"ReadAction","target":["https:\/\/www.ucaldas.edu.co\/portal\/seis-estudiantes-y-dos-egresados-de-la-u-de-caldas-hacen-parte-de-la-orquesta-filarmonica-joven-de-colombia\/"]}]},{"@type":"ImageObject","inLanguage":"es","@id":"https:\/\/www.ucaldas.edu.co\/portal\/seis-estudiantes-y-dos-egresados-de-la-u-de-caldas-hacen-parte-de-la-orquesta-filarmonica-joven-de-colombia\/#primaryimage","url":"https:\/\/www.ucaldas.edu.co\/portal\/wp-content\/uploads\/2020\/01\/FILARMONICA-compressor.png","contentUrl":"https:\/\/www.ucaldas.edu.co\/portal\/wp-content\/uploads\/2020\/01\/FILARMONICA-compressor.png","width":700,"height":400},{"@type":"BreadcrumbList","@id":"https:\/\/www.ucaldas.edu.co\/portal\/seis-estudiantes-y-dos-egresados-de-la-u-de-caldas-hacen-parte-de-la-orquesta-filarmonica-joven-de-colombia\/#breadcrumb","itemListElement":[{"@type":"ListItem","position":1,"name":"Portada","item":"https:\/\/www.ucaldas.edu.co\/portal\/"},{"@type":"ListItem","position":2,"name":"Seis estudiantes y dos egresados de la U. de Caldas hacen parte de la Orquesta Filarm\u00f3nica Joven de Colombia"}]},{"@type":"WebSite","@id":"https:\/\/www.ucaldas.edu.co\/portal\/#website","url":"https:\/\/www.ucaldas.edu.co\/portal\/","name":"Universidad de Caldas","description":"","publisher":{"@id":"https:\/\/www.ucaldas.edu.co\/portal\/#organization"},"alternateName":"U. de Caldas","potentialAction":[{"@type":"SearchAction","target":{"@type":"EntryPoint","urlTemplate":"https:\/\/www.ucaldas.edu.co\/portal\/?s={search_term_string}"},"query-input":{"@type":"PropertyValueSpecification","valueRequired":true,"valueName":"search_term_string"}}],"inLanguage":"es"},{"@type":"Organization","@id":"https:\/\/www.ucaldas.edu.co\/portal\/#organization","name":"Universidad de Caldas","alternateName":"U. de Caldas","url":"https:\/\/www.ucaldas.edu.co\/portal\/","logo":{"@type":"ImageObject","inLanguage":"es","@id":"https:\/\/www.ucaldas.edu.co\/portal\/#\/schema\/logo\/image\/","url":"https:\/\/www.ucaldas.edu.co\/portal\/wp-content\/uploads\/2023\/11\/Logo_horizontal_oscuroU-2023.png","contentUrl":"https:\/\/www.ucaldas.edu.co\/portal\/wp-content\/uploads\/2023\/11\/Logo_horizontal_oscuroU-2023.png","width":263,"height":101,"caption":"Universidad de Caldas"},"image":{"@id":"https:\/\/www.ucaldas.edu.co\/portal\/#\/schema\/logo\/image\/"},"sameAs":["https:\/\/www.facebook.com\/udecaldas","https:\/\/x.com\/udecaldas","https:\/\/www.youtube.com\/universidadcaldas","https:\/\/www.instagram.com\/udecaldas\/"]},{"@type":"Person","@id":"https:\/\/www.ucaldas.edu.co\/portal\/#\/schema\/person\/a1b482e23449158b4bc319926c074fdf","name":"ofiprensa","image":{"@type":"ImageObject","inLanguage":"es","@id":"https:\/\/www.ucaldas.edu.co\/portal\/wp-content\/litespeed\/avatar\/09ea5085e600095a7a811142c6944527.jpg?ver=1777497608","url":"https:\/\/www.ucaldas.edu.co\/portal\/wp-content\/litespeed\/avatar\/09ea5085e600095a7a811142c6944527.jpg?ver=1777497608","contentUrl":"https:\/\/www.ucaldas.edu.co\/portal\/wp-content\/litespeed\/avatar\/09ea5085e600095a7a811142c6944527.jpg?ver=1777497608","caption":"ofiprensa"},"url":"https:\/\/www.ucaldas.edu.co\/portal\/author\/ofiprensa\/"}]}},"_links":{"self":[{"href":"https:\/\/www.ucaldas.edu.co\/portal\/wp-json\/wp\/v2\/posts\/53722","targetHints":{"allow":["GET"]}}],"collection":[{"href":"https:\/\/www.ucaldas.edu.co\/portal\/wp-json\/wp\/v2\/posts"}],"about":[{"href":"https:\/\/www.ucaldas.edu.co\/portal\/wp-json\/wp\/v2\/types\/post"}],"author":[{"embeddable":true,"href":"https:\/\/www.ucaldas.edu.co\/portal\/wp-json\/wp\/v2\/users\/2"}],"replies":[{"embeddable":true,"href":"https:\/\/www.ucaldas.edu.co\/portal\/wp-json\/wp\/v2\/comments?post=53722"}],"version-history":[{"count":0,"href":"https:\/\/www.ucaldas.edu.co\/portal\/wp-json\/wp\/v2\/posts\/53722\/revisions"}],"wp:featuredmedia":[{"embeddable":true,"href":"https:\/\/www.ucaldas.edu.co\/portal\/wp-json\/wp\/v2\/media\/53723"}],"wp:attachment":[{"href":"https:\/\/www.ucaldas.edu.co\/portal\/wp-json\/wp\/v2\/media?parent=53722"}],"wp:term":[{"taxonomy":"category","embeddable":true,"href":"https:\/\/www.ucaldas.edu.co\/portal\/wp-json\/wp\/v2\/categories?post=53722"},{"taxonomy":"post_tag","embeddable":true,"href":"https:\/\/www.ucaldas.edu.co\/portal\/wp-json\/wp\/v2\/tags?post=53722"}],"curies":[{"name":"wp","href":"https:\/\/api.w.org\/{rel}","templated":true}]}}