{"id":53656,"date":"2019-12-20T20:54:28","date_gmt":"2019-12-20T20:54:28","guid":{"rendered":"https:\/\/www.ucaldas.edu.co\/portal\/?p=53656"},"modified":"2019-12-20T21:14:09","modified_gmt":"2019-12-20T21:14:09","slug":"estan-abiertas-las-preinscripciones-para-la-maestria-en-ingenieria-computacional","status":"publish","type":"post","link":"https:\/\/www.ucaldas.edu.co\/portal\/estan-abiertas-las-preinscripciones-para-la-maestria-en-ingenieria-computacional\/","title":{"rendered":"Est\u00e1n abiertas las inscripciones para la Maestr\u00eda en Ingenier\u00eda Computacional"},"content":{"rendered":"<p style=\"text-align: center;\">EL TR\u00c1MITE SE REALIZA MEDIANTE FORMULARIO EN INTERNET<\/p>\n<p style=\"text-align: center;\"><strong>Est\u00e1n abiertas las inscripciones para la Maestr\u00eda en Ingenier\u00eda Computacional <\/strong><\/p>\n<p style=\"text-align: right;\">20\/12\/2019<\/p>\n<p style=\"text-align: center;\"><img loading=\"lazy\" decoding=\"async\" class=\"alignnone wp-image-53657 size-full\" src=\"https:\/\/www.ucaldas.edu.co\/portal\/wp-content\/uploads\/2019\/12\/MAESTRIA-INGENIERIA-COMPUTACIONAL-compressor.png\" alt=\"\" width=\"700\" height=\"400\" srcset=\"https:\/\/www.ucaldas.edu.co\/portal\/wp-content\/uploads\/2019\/12\/MAESTRIA-INGENIERIA-COMPUTACIONAL-compressor.png 700w, https:\/\/www.ucaldas.edu.co\/portal\/wp-content\/uploads\/2019\/12\/MAESTRIA-INGENIERIA-COMPUTACIONAL-compressor-300x171.png 300w\" sizes=\"auto, (max-width: 700px) 100vw, 700px\" \/><\/p>\n<p>Los interesados en cursar la Maestr\u00eda en Ingenier\u00eda Computacional de la Universidad de Caldas ya pueden realizar la preinscripci\u00f3n, mediante formulario virtual. Las clases comenzar\u00edan en el primer semestre del 2020.<!--more--><\/p>\n<p>Este programa de posgrado tiene como objetivo formar mag\u00edsteres con las competencias requeridas para la transferencia, adopci\u00f3n y apropiaci\u00f3n de la ingenier\u00eda computacional, que permitan la investigaci\u00f3n, la construcci\u00f3n, la transferencia y la aplicaci\u00f3n de conocimiento para potenciar el desarrollo personal, organizacional, local, regional y social.<\/p>\n<p>La maestr\u00eda est\u00e1 dirigida a profesionales del \u00e1rea de la ingenier\u00eda computacional o ingenier\u00edas afines, ingenier\u00eda electr\u00f3nica, el\u00e9ctrica, telecomunicaciones, adem\u00e1s de profesionales interesados en profundizar en el campo de la ingenier\u00eda computacional, orientados a la b\u00fasqueda de soluciones que satisfagan las necesidades tecnol\u00f3gicas enmarcadas en el \u00e1mbito de la investigaci\u00f3n y el desarrollo de nuevas tecnolog\u00edas.<\/p>\n<p>Tambi\u00e9n se puede considerar la aceptaci\u00f3n de profesionales en el \u00e1rea de Biolog\u00eda que deseen desarrollar su investigaci\u00f3n en el \u00e1rea de bioinform\u00e1tica, simulaci\u00f3n y de modelos biocomputacionales.<\/p>\n<p>A estos aspirantes se les realiza una valoraci\u00f3n de competencias y conocimientos previos que pueden ser apoyados por los nivelatorios. Para el profesional que no pertenezca a las \u00e1reas mencionadas anteriormente, el comit\u00e9 curricular de la maestr\u00eda determinar\u00e1 los mecanismos de aceptaci\u00f3n y puede incluso pedir asignaturas que le permitan nivelar conocimientos previos.<\/p>\n<p>Las inscripciones se pueden realizar <u><a href=\"https:\/\/docs.google.com\/forms\/d\/e\/1FAIpQLSetPKi1J0y82VFKviBv3WaZIHaTx5sIN8AaiKGNBZGuLMlz2Q\/viewform\">aqu\u00ed<\/a><\/u><\/p>\n<table style=\"width: 609.648px;\">\n<tbody>\n<tr>\n<td style=\"width: 601.648px;\"><strong>PARA DESTACAR<\/strong><\/p>\n<p>Para m\u00e1s informaci\u00f3n, los interesados pueden escribir al correo <a href=\"mailto:maestria.ingenier\u00edacomputacional@ucaldas.edu.co\">maestria.ingenier\u00edacomputacional@ucaldas.edu.co<\/a> o comunicarse al 8781500 extensi\u00f3n 13233<\/td>\n<\/tr>\n<\/tbody>\n<\/table>\n<p>&nbsp;<\/p>\n<p><strong>Informes:<\/strong> Oficina de Comunicaciones y Prensa Universidad de Caldas. Tel\u00e9fono: 8781500 Extensi\u00f3n: 12167<\/p>\n<p><strong>Redacci\u00f3n:<\/strong> Adriana Osorio Garc\u00eda<\/p>\n","protected":false},"excerpt":{"rendered":"<p>EL TR\u00c1MITE SE REALIZA MEDIANTE FORMULARIO EN INTERNET Est\u00e1n abiertas las inscripciones para la Maestr\u00eda en Ingenier\u00eda Computacional 20\/12\/2019 Los interesados en cursar la Maestr\u00eda en Ingenier\u00eda Computacional de la Universidad de Caldas ya pueden realizar la preinscripci\u00f3n, mediante formulario virtual. Las clases comenzar\u00edan en el primer semestre del 2020.<\/p>\n","protected":false},"author":2,"featured_media":53657,"comment_status":"closed","ping_status":"open","sticky":false,"template":"","format":"standard","meta":{"footnotes":""},"categories":[48,53,624],"tags":[186,528,763,4451],"class_list":["post-53656","post","type-post","status-publish","format-standard","has-post-thumbnail","hentry","category-actualidad","category-universidad-al-dia","category-ucaldas-activa","tag-ingenieria","tag-sistemas","tag-maestria","tag-preinscripciones"],"yoast_head":"<!-- This site is optimized with the Yoast SEO plugin v27.5 - https:\/\/yoast.com\/product\/yoast-seo-wordpress\/ -->\n<title>Est\u00e1n abiertas las inscripciones para la Maestr\u00eda en Ingenier\u00eda Computacional .<\/title>\n<meta name=\"robots\" content=\"index, follow, max-snippet:-1, max-image-preview:large, max-video-preview:-1\" \/>\n<link rel=\"canonical\" href=\"https:\/\/www.ucaldas.edu.co\/portal\/estan-abiertas-las-preinscripciones-para-la-maestria-en-ingenieria-computacional\/\" \/>\n<script type=\"application\/ld+json\" class=\"yoast-schema-graph\">{\"@context\":\"https:\\\/\\\/schema.org\",\"@graph\":[{\"@type\":\"Article\",\"@id\":\"https:\\\/\\\/www.ucaldas.edu.co\\\/portal\\\/estan-abiertas-las-preinscripciones-para-la-maestria-en-ingenieria-computacional\\\/#article\",\"isPartOf\":{\"@id\":\"https:\\\/\\\/www.ucaldas.edu.co\\\/portal\\\/estan-abiertas-las-preinscripciones-para-la-maestria-en-ingenieria-computacional\\\/\"},\"author\":{\"name\":\"ofiprensa\",\"@id\":\"https:\\\/\\\/www.ucaldas.edu.co\\\/portal\\\/#\\\/schema\\\/person\\\/a1b482e23449158b4bc319926c074fdf\"},\"headline\":\"Est\u00e1n abiertas las inscripciones para la Maestr\u00eda en Ingenier\u00eda Computacional\",\"datePublished\":\"2019-12-20T20:54:28+00:00\",\"dateModified\":\"2019-12-20T21:14:09+00:00\",\"mainEntityOfPage\":{\"@id\":\"https:\\\/\\\/www.ucaldas.edu.co\\\/portal\\\/estan-abiertas-las-preinscripciones-para-la-maestria-en-ingenieria-computacional\\\/\"},\"wordCount\":330,\"publisher\":{\"@id\":\"https:\\\/\\\/www.ucaldas.edu.co\\\/portal\\\/#organization\"},\"image\":{\"@id\":\"https:\\\/\\\/www.ucaldas.edu.co\\\/portal\\\/estan-abiertas-las-preinscripciones-para-la-maestria-en-ingenieria-computacional\\\/#primaryimage\"},\"thumbnailUrl\":\"https:\\\/\\\/www.ucaldas.edu.co\\\/portal\\\/wp-content\\\/uploads\\\/2019\\\/12\\\/MAESTRIA-INGENIERIA-COMPUTACIONAL-compressor.png\",\"keywords\":[\"ingenier\u00eda\",\"sistemas\",\"maestr\u00eda\",\"preinscripciones\"],\"articleSection\":[\"Actualidad\",\"Universidad al D\u00eda\",\"UCaldas Activa\"],\"inLanguage\":\"es\"},{\"@type\":\"WebPage\",\"@id\":\"https:\\\/\\\/www.ucaldas.edu.co\\\/portal\\\/estan-abiertas-las-preinscripciones-para-la-maestria-en-ingenieria-computacional\\\/\",\"url\":\"https:\\\/\\\/www.ucaldas.edu.co\\\/portal\\\/estan-abiertas-las-preinscripciones-para-la-maestria-en-ingenieria-computacional\\\/\",\"name\":\"Est\u00e1n abiertas las inscripciones para la Maestr\u00eda en Ingenier\u00eda Computacional .\",\"isPartOf\":{\"@id\":\"https:\\\/\\\/www.ucaldas.edu.co\\\/portal\\\/#website\"},\"primaryImageOfPage\":{\"@id\":\"https:\\\/\\\/www.ucaldas.edu.co\\\/portal\\\/estan-abiertas-las-preinscripciones-para-la-maestria-en-ingenieria-computacional\\\/#primaryimage\"},\"image\":{\"@id\":\"https:\\\/\\\/www.ucaldas.edu.co\\\/portal\\\/estan-abiertas-las-preinscripciones-para-la-maestria-en-ingenieria-computacional\\\/#primaryimage\"},\"thumbnailUrl\":\"https:\\\/\\\/www.ucaldas.edu.co\\\/portal\\\/wp-content\\\/uploads\\\/2019\\\/12\\\/MAESTRIA-INGENIERIA-COMPUTACIONAL-compressor.png\",\"datePublished\":\"2019-12-20T20:54:28+00:00\",\"dateModified\":\"2019-12-20T21:14:09+00:00\",\"breadcrumb\":{\"@id\":\"https:\\\/\\\/www.ucaldas.edu.co\\\/portal\\\/estan-abiertas-las-preinscripciones-para-la-maestria-en-ingenieria-computacional\\\/#breadcrumb\"},\"inLanguage\":\"es\",\"potentialAction\":[{\"@type\":\"ReadAction\",\"target\":[\"https:\\\/\\\/www.ucaldas.edu.co\\\/portal\\\/estan-abiertas-las-preinscripciones-para-la-maestria-en-ingenieria-computacional\\\/\"]}]},{\"@type\":\"ImageObject\",\"inLanguage\":\"es\",\"@id\":\"https:\\\/\\\/www.ucaldas.edu.co\\\/portal\\\/estan-abiertas-las-preinscripciones-para-la-maestria-en-ingenieria-computacional\\\/#primaryimage\",\"url\":\"https:\\\/\\\/www.ucaldas.edu.co\\\/portal\\\/wp-content\\\/uploads\\\/2019\\\/12\\\/MAESTRIA-INGENIERIA-COMPUTACIONAL-compressor.png\",\"contentUrl\":\"https:\\\/\\\/www.ucaldas.edu.co\\\/portal\\\/wp-content\\\/uploads\\\/2019\\\/12\\\/MAESTRIA-INGENIERIA-COMPUTACIONAL-compressor.png\",\"width\":700,\"height\":400},{\"@type\":\"BreadcrumbList\",\"@id\":\"https:\\\/\\\/www.ucaldas.edu.co\\\/portal\\\/estan-abiertas-las-preinscripciones-para-la-maestria-en-ingenieria-computacional\\\/#breadcrumb\",\"itemListElement\":[{\"@type\":\"ListItem\",\"position\":1,\"name\":\"Portada\",\"item\":\"https:\\\/\\\/www.ucaldas.edu.co\\\/portal\\\/\"},{\"@type\":\"ListItem\",\"position\":2,\"name\":\"Est\u00e1n abiertas las inscripciones para la Maestr\u00eda en Ingenier\u00eda Computacional\"}]},{\"@type\":\"WebSite\",\"@id\":\"https:\\\/\\\/www.ucaldas.edu.co\\\/portal\\\/#website\",\"url\":\"https:\\\/\\\/www.ucaldas.edu.co\\\/portal\\\/\",\"name\":\"Universidad de Caldas\",\"description\":\"\",\"publisher\":{\"@id\":\"https:\\\/\\\/www.ucaldas.edu.co\\\/portal\\\/#organization\"},\"alternateName\":\"U. de Caldas\",\"potentialAction\":[{\"@type\":\"SearchAction\",\"target\":{\"@type\":\"EntryPoint\",\"urlTemplate\":\"https:\\\/\\\/www.ucaldas.edu.co\\\/portal\\\/?s={search_term_string}\"},\"query-input\":{\"@type\":\"PropertyValueSpecification\",\"valueRequired\":true,\"valueName\":\"search_term_string\"}}],\"inLanguage\":\"es\"},{\"@type\":\"Organization\",\"@id\":\"https:\\\/\\\/www.ucaldas.edu.co\\\/portal\\\/#organization\",\"name\":\"Universidad de Caldas\",\"alternateName\":\"U. de Caldas\",\"url\":\"https:\\\/\\\/www.ucaldas.edu.co\\\/portal\\\/\",\"logo\":{\"@type\":\"ImageObject\",\"inLanguage\":\"es\",\"@id\":\"https:\\\/\\\/www.ucaldas.edu.co\\\/portal\\\/#\\\/schema\\\/logo\\\/image\\\/\",\"url\":\"https:\\\/\\\/www.ucaldas.edu.co\\\/portal\\\/wp-content\\\/uploads\\\/2023\\\/11\\\/Logo_horizontal_oscuroU-2023.png\",\"contentUrl\":\"https:\\\/\\\/www.ucaldas.edu.co\\\/portal\\\/wp-content\\\/uploads\\\/2023\\\/11\\\/Logo_horizontal_oscuroU-2023.png\",\"width\":263,\"height\":101,\"caption\":\"Universidad de Caldas\"},\"image\":{\"@id\":\"https:\\\/\\\/www.ucaldas.edu.co\\\/portal\\\/#\\\/schema\\\/logo\\\/image\\\/\"},\"sameAs\":[\"https:\\\/\\\/www.facebook.com\\\/udecaldas\",\"https:\\\/\\\/x.com\\\/udecaldas\",\"https:\\\/\\\/www.youtube.com\\\/universidadcaldas\",\"https:\\\/\\\/www.instagram.com\\\/udecaldas\\\/\"]},{\"@type\":\"Person\",\"@id\":\"https:\\\/\\\/www.ucaldas.edu.co\\\/portal\\\/#\\\/schema\\\/person\\\/a1b482e23449158b4bc319926c074fdf\",\"name\":\"ofiprensa\",\"image\":{\"@type\":\"ImageObject\",\"inLanguage\":\"es\",\"@id\":\"https:\\\/\\\/www.ucaldas.edu.co\\\/portal\\\/wp-content\\\/litespeed\\\/avatar\\\/09ea5085e600095a7a811142c6944527.jpg?ver=1777497608\",\"url\":\"https:\\\/\\\/www.ucaldas.edu.co\\\/portal\\\/wp-content\\\/litespeed\\\/avatar\\\/09ea5085e600095a7a811142c6944527.jpg?ver=1777497608\",\"contentUrl\":\"https:\\\/\\\/www.ucaldas.edu.co\\\/portal\\\/wp-content\\\/litespeed\\\/avatar\\\/09ea5085e600095a7a811142c6944527.jpg?ver=1777497608\",\"caption\":\"ofiprensa\"},\"url\":\"https:\\\/\\\/www.ucaldas.edu.co\\\/portal\\\/author\\\/ofiprensa\\\/\"}]}<\/script>\n<!-- \/ Yoast SEO plugin. -->","yoast_head_json":{"title":"Est\u00e1n abiertas las inscripciones para la Maestr\u00eda en Ingenier\u00eda Computacional .","robots":{"index":"index","follow":"follow","max-snippet":"max-snippet:-1","max-image-preview":"max-image-preview:large","max-video-preview":"max-video-preview:-1"},"canonical":"https:\/\/www.ucaldas.edu.co\/portal\/estan-abiertas-las-preinscripciones-para-la-maestria-en-ingenieria-computacional\/","schema":{"@context":"https:\/\/schema.org","@graph":[{"@type":"Article","@id":"https:\/\/www.ucaldas.edu.co\/portal\/estan-abiertas-las-preinscripciones-para-la-maestria-en-ingenieria-computacional\/#article","isPartOf":{"@id":"https:\/\/www.ucaldas.edu.co\/portal\/estan-abiertas-las-preinscripciones-para-la-maestria-en-ingenieria-computacional\/"},"author":{"name":"ofiprensa","@id":"https:\/\/www.ucaldas.edu.co\/portal\/#\/schema\/person\/a1b482e23449158b4bc319926c074fdf"},"headline":"Est\u00e1n abiertas las inscripciones para la Maestr\u00eda en Ingenier\u00eda Computacional","datePublished":"2019-12-20T20:54:28+00:00","dateModified":"2019-12-20T21:14:09+00:00","mainEntityOfPage":{"@id":"https:\/\/www.ucaldas.edu.co\/portal\/estan-abiertas-las-preinscripciones-para-la-maestria-en-ingenieria-computacional\/"},"wordCount":330,"publisher":{"@id":"https:\/\/www.ucaldas.edu.co\/portal\/#organization"},"image":{"@id":"https:\/\/www.ucaldas.edu.co\/portal\/estan-abiertas-las-preinscripciones-para-la-maestria-en-ingenieria-computacional\/#primaryimage"},"thumbnailUrl":"https:\/\/www.ucaldas.edu.co\/portal\/wp-content\/uploads\/2019\/12\/MAESTRIA-INGENIERIA-COMPUTACIONAL-compressor.png","keywords":["ingenier\u00eda","sistemas","maestr\u00eda","preinscripciones"],"articleSection":["Actualidad","Universidad al D\u00eda","UCaldas Activa"],"inLanguage":"es"},{"@type":"WebPage","@id":"https:\/\/www.ucaldas.edu.co\/portal\/estan-abiertas-las-preinscripciones-para-la-maestria-en-ingenieria-computacional\/","url":"https:\/\/www.ucaldas.edu.co\/portal\/estan-abiertas-las-preinscripciones-para-la-maestria-en-ingenieria-computacional\/","name":"Est\u00e1n abiertas las inscripciones para la Maestr\u00eda en Ingenier\u00eda Computacional .","isPartOf":{"@id":"https:\/\/www.ucaldas.edu.co\/portal\/#website"},"primaryImageOfPage":{"@id":"https:\/\/www.ucaldas.edu.co\/portal\/estan-abiertas-las-preinscripciones-para-la-maestria-en-ingenieria-computacional\/#primaryimage"},"image":{"@id":"https:\/\/www.ucaldas.edu.co\/portal\/estan-abiertas-las-preinscripciones-para-la-maestria-en-ingenieria-computacional\/#primaryimage"},"thumbnailUrl":"https:\/\/www.ucaldas.edu.co\/portal\/wp-content\/uploads\/2019\/12\/MAESTRIA-INGENIERIA-COMPUTACIONAL-compressor.png","datePublished":"2019-12-20T20:54:28+00:00","dateModified":"2019-12-20T21:14:09+00:00","breadcrumb":{"@id":"https:\/\/www.ucaldas.edu.co\/portal\/estan-abiertas-las-preinscripciones-para-la-maestria-en-ingenieria-computacional\/#breadcrumb"},"inLanguage":"es","potentialAction":[{"@type":"ReadAction","target":["https:\/\/www.ucaldas.edu.co\/portal\/estan-abiertas-las-preinscripciones-para-la-maestria-en-ingenieria-computacional\/"]}]},{"@type":"ImageObject","inLanguage":"es","@id":"https:\/\/www.ucaldas.edu.co\/portal\/estan-abiertas-las-preinscripciones-para-la-maestria-en-ingenieria-computacional\/#primaryimage","url":"https:\/\/www.ucaldas.edu.co\/portal\/wp-content\/uploads\/2019\/12\/MAESTRIA-INGENIERIA-COMPUTACIONAL-compressor.png","contentUrl":"https:\/\/www.ucaldas.edu.co\/portal\/wp-content\/uploads\/2019\/12\/MAESTRIA-INGENIERIA-COMPUTACIONAL-compressor.png","width":700,"height":400},{"@type":"BreadcrumbList","@id":"https:\/\/www.ucaldas.edu.co\/portal\/estan-abiertas-las-preinscripciones-para-la-maestria-en-ingenieria-computacional\/#breadcrumb","itemListElement":[{"@type":"ListItem","position":1,"name":"Portada","item":"https:\/\/www.ucaldas.edu.co\/portal\/"},{"@type":"ListItem","position":2,"name":"Est\u00e1n abiertas las inscripciones para la Maestr\u00eda en Ingenier\u00eda Computacional"}]},{"@type":"WebSite","@id":"https:\/\/www.ucaldas.edu.co\/portal\/#website","url":"https:\/\/www.ucaldas.edu.co\/portal\/","name":"Universidad de Caldas","description":"","publisher":{"@id":"https:\/\/www.ucaldas.edu.co\/portal\/#organization"},"alternateName":"U. de Caldas","potentialAction":[{"@type":"SearchAction","target":{"@type":"EntryPoint","urlTemplate":"https:\/\/www.ucaldas.edu.co\/portal\/?s={search_term_string}"},"query-input":{"@type":"PropertyValueSpecification","valueRequired":true,"valueName":"search_term_string"}}],"inLanguage":"es"},{"@type":"Organization","@id":"https:\/\/www.ucaldas.edu.co\/portal\/#organization","name":"Universidad de Caldas","alternateName":"U. de Caldas","url":"https:\/\/www.ucaldas.edu.co\/portal\/","logo":{"@type":"ImageObject","inLanguage":"es","@id":"https:\/\/www.ucaldas.edu.co\/portal\/#\/schema\/logo\/image\/","url":"https:\/\/www.ucaldas.edu.co\/portal\/wp-content\/uploads\/2023\/11\/Logo_horizontal_oscuroU-2023.png","contentUrl":"https:\/\/www.ucaldas.edu.co\/portal\/wp-content\/uploads\/2023\/11\/Logo_horizontal_oscuroU-2023.png","width":263,"height":101,"caption":"Universidad de Caldas"},"image":{"@id":"https:\/\/www.ucaldas.edu.co\/portal\/#\/schema\/logo\/image\/"},"sameAs":["https:\/\/www.facebook.com\/udecaldas","https:\/\/x.com\/udecaldas","https:\/\/www.youtube.com\/universidadcaldas","https:\/\/www.instagram.com\/udecaldas\/"]},{"@type":"Person","@id":"https:\/\/www.ucaldas.edu.co\/portal\/#\/schema\/person\/a1b482e23449158b4bc319926c074fdf","name":"ofiprensa","image":{"@type":"ImageObject","inLanguage":"es","@id":"https:\/\/www.ucaldas.edu.co\/portal\/wp-content\/litespeed\/avatar\/09ea5085e600095a7a811142c6944527.jpg?ver=1777497608","url":"https:\/\/www.ucaldas.edu.co\/portal\/wp-content\/litespeed\/avatar\/09ea5085e600095a7a811142c6944527.jpg?ver=1777497608","contentUrl":"https:\/\/www.ucaldas.edu.co\/portal\/wp-content\/litespeed\/avatar\/09ea5085e600095a7a811142c6944527.jpg?ver=1777497608","caption":"ofiprensa"},"url":"https:\/\/www.ucaldas.edu.co\/portal\/author\/ofiprensa\/"}]}},"_links":{"self":[{"href":"https:\/\/www.ucaldas.edu.co\/portal\/wp-json\/wp\/v2\/posts\/53656","targetHints":{"allow":["GET"]}}],"collection":[{"href":"https:\/\/www.ucaldas.edu.co\/portal\/wp-json\/wp\/v2\/posts"}],"about":[{"href":"https:\/\/www.ucaldas.edu.co\/portal\/wp-json\/wp\/v2\/types\/post"}],"author":[{"embeddable":true,"href":"https:\/\/www.ucaldas.edu.co\/portal\/wp-json\/wp\/v2\/users\/2"}],"replies":[{"embeddable":true,"href":"https:\/\/www.ucaldas.edu.co\/portal\/wp-json\/wp\/v2\/comments?post=53656"}],"version-history":[{"count":0,"href":"https:\/\/www.ucaldas.edu.co\/portal\/wp-json\/wp\/v2\/posts\/53656\/revisions"}],"wp:featuredmedia":[{"embeddable":true,"href":"https:\/\/www.ucaldas.edu.co\/portal\/wp-json\/wp\/v2\/media\/53657"}],"wp:attachment":[{"href":"https:\/\/www.ucaldas.edu.co\/portal\/wp-json\/wp\/v2\/media?parent=53656"}],"wp:term":[{"taxonomy":"category","embeddable":true,"href":"https:\/\/www.ucaldas.edu.co\/portal\/wp-json\/wp\/v2\/categories?post=53656"},{"taxonomy":"post_tag","embeddable":true,"href":"https:\/\/www.ucaldas.edu.co\/portal\/wp-json\/wp\/v2\/tags?post=53656"}],"curies":[{"name":"wp","href":"https:\/\/api.w.org\/{rel}","templated":true}]}}