{"id":53653,"date":"2019-12-20T20:53:22","date_gmt":"2019-12-20T20:53:22","guid":{"rendered":"https:\/\/www.ucaldas.edu.co\/portal\/?p=53653"},"modified":"2019-12-20T20:53:25","modified_gmt":"2019-12-20T20:53:25","slug":"convenio-entre-el-hospital-santa-sofia-y-la-u-de-caldas-un-gana-gana-que-aporta-a-la-salud-de-la-region","status":"publish","type":"post","link":"https:\/\/www.ucaldas.edu.co\/portal\/convenio-entre-el-hospital-santa-sofia-y-la-u-de-caldas-un-gana-gana-que-aporta-a-la-salud-de-la-region\/","title":{"rendered":"Convenio entre el Hospital Santa Sof\u00eda y la U. de Caldas, un gana-gana que aporta a la salud de la regi\u00f3n"},"content":{"rendered":"<p style=\"text-align: center;\">PR\u00c1CTICAS \u00a0EN MEDICINA, ENFERMER\u00cdA Y REGENCIA DE FARMACIA<\/p>\n<p style=\"text-align: center;\"><strong>Convenio entre el Hospital Santa Sof\u00eda y la U. de Caldas, <\/strong><\/p>\n<p style=\"text-align: center;\"><strong>un gana-gana que aporta a la salud de la regi\u00f3n<\/strong><\/p>\n<p style=\"text-align: right;\">20\/12\/2019<\/p>\n<p><img loading=\"lazy\" decoding=\"async\" class=\"aligncenter wp-image-53654 size-full\" src=\"https:\/\/www.ucaldas.edu.co\/portal\/wp-content\/uploads\/2019\/12\/SANTASOFIA-compressor.png\" alt=\"\" width=\"700\" height=\"400\" srcset=\"https:\/\/www.ucaldas.edu.co\/portal\/wp-content\/uploads\/2019\/12\/SANTASOFIA-compressor.png 700w, https:\/\/www.ucaldas.edu.co\/portal\/wp-content\/uploads\/2019\/12\/SANTASOFIA-compressor-300x171.png 300w\" sizes=\"auto, (max-width: 700px) 100vw, 700px\" \/><\/p>\n<p><span style=\"font-size: 10pt;\">Fotograf\u00eda: tomada de la p\u00e1gina web del Hospital Departamental Universitario Santa Sof\u00eda<\/span><\/p>\n<p>&nbsp;<\/p>\n<p>La generaci\u00f3n de conocimiento y la formaci\u00f3n de recurso humano que ofrece la Universidad de Caldas junto al aprovechamiento de la trayectoria en la prestaci\u00f3n de servicios de salud que tiene la ESE Hospital Departamental Santa Sof\u00eda permite fortalecer las condiciones de salud de los usuarios del centro asistencial y consolidar la capacitaci\u00f3n de los futuros profesionales y especialistas. Esta alianza entre ambas instituciones se hace mediante el convenio docente asistencial y ha permanecido por d\u00e9cadas.<!--more--><\/p>\n<p>Gustavo Betancur L\u00f3pez, asesor de Calidad y presidente de los Convenios Docencia-Servicio en el Hospital Santa Sof\u00eda, resalt\u00f3 que se trata de un gana-gana para las dos instituciones, pues el hospital se beneficia con los aportes de conocimiento, nuevas tecnolog\u00edas e investigaciones, adem\u00e1s de la\u00a0 presencia de docentes. Entre tanto, la universidad cuenta con las instalaciones y talento humano del hospital para la formaci\u00f3n de estudiantes de pregrado y posgrado de la Facultad de Ciencias para la Salud.<\/p>\n<p>\u201cDesde la misi\u00f3n tenemos establecido que somos centros de formaci\u00f3n de talento humano de la regi\u00f3n. Tenemos estudiantes de pregrado y posgrado de Medicina, Regencia de Farmacia y Enfermer\u00eda, Agradecemos a la universidad por su presencia en las instalaciones; a la decana, la doctora Claudia Jaramillo, y al rector, Alejandro Ceballos M\u00e1rquez, pues este convenio ha tra\u00eddo grandes frutos para ambas instituciones. Cabe resaltar que quienes m\u00e1s se benefician son los pacientes y sus familias\u201d, destac\u00f3 el funcionario.<\/p>\n<p>El gerente de la ESE Hospital Departamental Santa Sof\u00eda, William Arias Betancurt, record\u00f3 que esta relaci\u00f3n institucional lleva cerca de 40 a\u00f1os y es un beneficio mutuo. Dijo que al a\u00f1o el hospital recibe cerca de mil estudiantes, de los cuales cerca del 30% son de la Universidad de Caldas. \u201cEste convenio hace que la pr\u00e1ctica se desarrolle en el marco normativo y propicia esos espacios no solo para aprendizaje, sino tambi\u00e9n para la investigaci\u00f3n\u201d, indic\u00f3 el gerente.<\/p>\n<p>Adem\u00e1s, el coordinador de Talento Humano y Hospitalizaci\u00f3n, Jos\u00e9 Ignacio Londo\u00f1o Jim\u00e9nez, dijo que lo m\u00e1s importante de la alianza es el aporte al fortalecimiento de la salud de los usuarios en Caldas.<\/p>\n<p>&nbsp;<\/p>\n<p><strong>Informes:<\/strong> Oficina de Comunicaciones y Prensa Universidad de Caldas. Tel\u00e9fono: 8781500 Extensi\u00f3n: 12167<\/p>\n<p><strong>Redacci\u00f3n:<\/strong> Adriana Osorio Garc\u00eda<\/p>\n","protected":false},"excerpt":{"rendered":"<p>PR\u00c1CTICAS \u00a0EN MEDICINA, ENFERMER\u00cdA Y REGENCIA DE FARMACIA Convenio entre el Hospital Santa Sof\u00eda y la U. de Caldas, un gana-gana que aporta a la salud de la regi\u00f3n 20\/12\/2019 Fotograf\u00eda: tomada de la p\u00e1gina web del Hospital Departamental Universitario Santa Sof\u00eda &nbsp; La generaci\u00f3n de conocimiento y la formaci\u00f3n de recurso humano que ofrece [&hellip;]<\/p>\n","protected":false},"author":2,"featured_media":53654,"comment_status":"closed","ping_status":"open","sticky":false,"template":"","format":"standard","meta":{"footnotes":""},"categories":[48,53,600],"tags":[88,205,1322,4565],"class_list":["post-53653","post","type-post","status-publish","format-standard","has-post-thumbnail","hentry","category-actualidad","category-universidad-al-dia","category-ucaldas-regional","tag-medicina","tag-convenio","tag-practica","tag-hospital"],"yoast_head":"<!-- This site is optimized with the Yoast SEO plugin v27.5 - https:\/\/yoast.com\/product\/yoast-seo-wordpress\/ -->\n<title>Convenio entre el Hospital Santa Sof\u00eda y la U. de Caldas, un gana-gana que aporta a la salud de la regi\u00f3n .<\/title>\n<meta name=\"robots\" content=\"index, follow, max-snippet:-1, max-image-preview:large, max-video-preview:-1\" \/>\n<link rel=\"canonical\" href=\"https:\/\/www.ucaldas.edu.co\/portal\/convenio-entre-el-hospital-santa-sofia-y-la-u-de-caldas-un-gana-gana-que-aporta-a-la-salud-de-la-region\/\" \/>\n<script type=\"application\/ld+json\" class=\"yoast-schema-graph\">{\"@context\":\"https:\\\/\\\/schema.org\",\"@graph\":[{\"@type\":\"Article\",\"@id\":\"https:\\\/\\\/www.ucaldas.edu.co\\\/portal\\\/convenio-entre-el-hospital-santa-sofia-y-la-u-de-caldas-un-gana-gana-que-aporta-a-la-salud-de-la-region\\\/#article\",\"isPartOf\":{\"@id\":\"https:\\\/\\\/www.ucaldas.edu.co\\\/portal\\\/convenio-entre-el-hospital-santa-sofia-y-la-u-de-caldas-un-gana-gana-que-aporta-a-la-salud-de-la-region\\\/\"},\"author\":{\"name\":\"ofiprensa\",\"@id\":\"https:\\\/\\\/www.ucaldas.edu.co\\\/portal\\\/#\\\/schema\\\/person\\\/a1b482e23449158b4bc319926c074fdf\"},\"headline\":\"Convenio entre el Hospital Santa Sof\u00eda y la U. de Caldas, un gana-gana que aporta a la salud de la regi\u00f3n\",\"datePublished\":\"2019-12-20T20:53:22+00:00\",\"dateModified\":\"2019-12-20T20:53:25+00:00\",\"mainEntityOfPage\":{\"@id\":\"https:\\\/\\\/www.ucaldas.edu.co\\\/portal\\\/convenio-entre-el-hospital-santa-sofia-y-la-u-de-caldas-un-gana-gana-que-aporta-a-la-salud-de-la-region\\\/\"},\"wordCount\":463,\"publisher\":{\"@id\":\"https:\\\/\\\/www.ucaldas.edu.co\\\/portal\\\/#organization\"},\"image\":{\"@id\":\"https:\\\/\\\/www.ucaldas.edu.co\\\/portal\\\/convenio-entre-el-hospital-santa-sofia-y-la-u-de-caldas-un-gana-gana-que-aporta-a-la-salud-de-la-region\\\/#primaryimage\"},\"thumbnailUrl\":\"https:\\\/\\\/www.ucaldas.edu.co\\\/portal\\\/wp-content\\\/uploads\\\/2019\\\/12\\\/SANTASOFIA-compressor.png\",\"keywords\":[\"medicina\",\"convenio\",\"pr\u00e1ctica\",\"hospital\"],\"articleSection\":[\"Actualidad\",\"Universidad al D\u00eda\",\"UCaldas Regional\"],\"inLanguage\":\"es\"},{\"@type\":\"WebPage\",\"@id\":\"https:\\\/\\\/www.ucaldas.edu.co\\\/portal\\\/convenio-entre-el-hospital-santa-sofia-y-la-u-de-caldas-un-gana-gana-que-aporta-a-la-salud-de-la-region\\\/\",\"url\":\"https:\\\/\\\/www.ucaldas.edu.co\\\/portal\\\/convenio-entre-el-hospital-santa-sofia-y-la-u-de-caldas-un-gana-gana-que-aporta-a-la-salud-de-la-region\\\/\",\"name\":\"Convenio entre el Hospital Santa Sof\u00eda y la U. de Caldas, un gana-gana que aporta a la salud de la regi\u00f3n .\",\"isPartOf\":{\"@id\":\"https:\\\/\\\/www.ucaldas.edu.co\\\/portal\\\/#website\"},\"primaryImageOfPage\":{\"@id\":\"https:\\\/\\\/www.ucaldas.edu.co\\\/portal\\\/convenio-entre-el-hospital-santa-sofia-y-la-u-de-caldas-un-gana-gana-que-aporta-a-la-salud-de-la-region\\\/#primaryimage\"},\"image\":{\"@id\":\"https:\\\/\\\/www.ucaldas.edu.co\\\/portal\\\/convenio-entre-el-hospital-santa-sofia-y-la-u-de-caldas-un-gana-gana-que-aporta-a-la-salud-de-la-region\\\/#primaryimage\"},\"thumbnailUrl\":\"https:\\\/\\\/www.ucaldas.edu.co\\\/portal\\\/wp-content\\\/uploads\\\/2019\\\/12\\\/SANTASOFIA-compressor.png\",\"datePublished\":\"2019-12-20T20:53:22+00:00\",\"dateModified\":\"2019-12-20T20:53:25+00:00\",\"breadcrumb\":{\"@id\":\"https:\\\/\\\/www.ucaldas.edu.co\\\/portal\\\/convenio-entre-el-hospital-santa-sofia-y-la-u-de-caldas-un-gana-gana-que-aporta-a-la-salud-de-la-region\\\/#breadcrumb\"},\"inLanguage\":\"es\",\"potentialAction\":[{\"@type\":\"ReadAction\",\"target\":[\"https:\\\/\\\/www.ucaldas.edu.co\\\/portal\\\/convenio-entre-el-hospital-santa-sofia-y-la-u-de-caldas-un-gana-gana-que-aporta-a-la-salud-de-la-region\\\/\"]}]},{\"@type\":\"ImageObject\",\"inLanguage\":\"es\",\"@id\":\"https:\\\/\\\/www.ucaldas.edu.co\\\/portal\\\/convenio-entre-el-hospital-santa-sofia-y-la-u-de-caldas-un-gana-gana-que-aporta-a-la-salud-de-la-region\\\/#primaryimage\",\"url\":\"https:\\\/\\\/www.ucaldas.edu.co\\\/portal\\\/wp-content\\\/uploads\\\/2019\\\/12\\\/SANTASOFIA-compressor.png\",\"contentUrl\":\"https:\\\/\\\/www.ucaldas.edu.co\\\/portal\\\/wp-content\\\/uploads\\\/2019\\\/12\\\/SANTASOFIA-compressor.png\",\"width\":700,\"height\":400},{\"@type\":\"BreadcrumbList\",\"@id\":\"https:\\\/\\\/www.ucaldas.edu.co\\\/portal\\\/convenio-entre-el-hospital-santa-sofia-y-la-u-de-caldas-un-gana-gana-que-aporta-a-la-salud-de-la-region\\\/#breadcrumb\",\"itemListElement\":[{\"@type\":\"ListItem\",\"position\":1,\"name\":\"Portada\",\"item\":\"https:\\\/\\\/www.ucaldas.edu.co\\\/portal\\\/\"},{\"@type\":\"ListItem\",\"position\":2,\"name\":\"Convenio entre el Hospital Santa Sof\u00eda y la U. de Caldas, un gana-gana que aporta a la salud de la regi\u00f3n\"}]},{\"@type\":\"WebSite\",\"@id\":\"https:\\\/\\\/www.ucaldas.edu.co\\\/portal\\\/#website\",\"url\":\"https:\\\/\\\/www.ucaldas.edu.co\\\/portal\\\/\",\"name\":\"Universidad de Caldas\",\"description\":\"\",\"publisher\":{\"@id\":\"https:\\\/\\\/www.ucaldas.edu.co\\\/portal\\\/#organization\"},\"alternateName\":\"U. de Caldas\",\"potentialAction\":[{\"@type\":\"SearchAction\",\"target\":{\"@type\":\"EntryPoint\",\"urlTemplate\":\"https:\\\/\\\/www.ucaldas.edu.co\\\/portal\\\/?s={search_term_string}\"},\"query-input\":{\"@type\":\"PropertyValueSpecification\",\"valueRequired\":true,\"valueName\":\"search_term_string\"}}],\"inLanguage\":\"es\"},{\"@type\":\"Organization\",\"@id\":\"https:\\\/\\\/www.ucaldas.edu.co\\\/portal\\\/#organization\",\"name\":\"Universidad de Caldas\",\"alternateName\":\"U. de Caldas\",\"url\":\"https:\\\/\\\/www.ucaldas.edu.co\\\/portal\\\/\",\"logo\":{\"@type\":\"ImageObject\",\"inLanguage\":\"es\",\"@id\":\"https:\\\/\\\/www.ucaldas.edu.co\\\/portal\\\/#\\\/schema\\\/logo\\\/image\\\/\",\"url\":\"https:\\\/\\\/www.ucaldas.edu.co\\\/portal\\\/wp-content\\\/uploads\\\/2023\\\/11\\\/Logo_horizontal_oscuroU-2023.png\",\"contentUrl\":\"https:\\\/\\\/www.ucaldas.edu.co\\\/portal\\\/wp-content\\\/uploads\\\/2023\\\/11\\\/Logo_horizontal_oscuroU-2023.png\",\"width\":263,\"height\":101,\"caption\":\"Universidad de Caldas\"},\"image\":{\"@id\":\"https:\\\/\\\/www.ucaldas.edu.co\\\/portal\\\/#\\\/schema\\\/logo\\\/image\\\/\"},\"sameAs\":[\"https:\\\/\\\/www.facebook.com\\\/udecaldas\",\"https:\\\/\\\/x.com\\\/udecaldas\",\"https:\\\/\\\/www.youtube.com\\\/universidadcaldas\",\"https:\\\/\\\/www.instagram.com\\\/udecaldas\\\/\"]},{\"@type\":\"Person\",\"@id\":\"https:\\\/\\\/www.ucaldas.edu.co\\\/portal\\\/#\\\/schema\\\/person\\\/a1b482e23449158b4bc319926c074fdf\",\"name\":\"ofiprensa\",\"image\":{\"@type\":\"ImageObject\",\"inLanguage\":\"es\",\"@id\":\"https:\\\/\\\/www.ucaldas.edu.co\\\/portal\\\/wp-content\\\/litespeed\\\/avatar\\\/09ea5085e600095a7a811142c6944527.jpg?ver=1777497608\",\"url\":\"https:\\\/\\\/www.ucaldas.edu.co\\\/portal\\\/wp-content\\\/litespeed\\\/avatar\\\/09ea5085e600095a7a811142c6944527.jpg?ver=1777497608\",\"contentUrl\":\"https:\\\/\\\/www.ucaldas.edu.co\\\/portal\\\/wp-content\\\/litespeed\\\/avatar\\\/09ea5085e600095a7a811142c6944527.jpg?ver=1777497608\",\"caption\":\"ofiprensa\"},\"url\":\"https:\\\/\\\/www.ucaldas.edu.co\\\/portal\\\/author\\\/ofiprensa\\\/\"}]}<\/script>\n<!-- \/ Yoast SEO plugin. -->","yoast_head_json":{"title":"Convenio entre el Hospital Santa Sof\u00eda y la U. de Caldas, un gana-gana que aporta a la salud de la regi\u00f3n .","robots":{"index":"index","follow":"follow","max-snippet":"max-snippet:-1","max-image-preview":"max-image-preview:large","max-video-preview":"max-video-preview:-1"},"canonical":"https:\/\/www.ucaldas.edu.co\/portal\/convenio-entre-el-hospital-santa-sofia-y-la-u-de-caldas-un-gana-gana-que-aporta-a-la-salud-de-la-region\/","schema":{"@context":"https:\/\/schema.org","@graph":[{"@type":"Article","@id":"https:\/\/www.ucaldas.edu.co\/portal\/convenio-entre-el-hospital-santa-sofia-y-la-u-de-caldas-un-gana-gana-que-aporta-a-la-salud-de-la-region\/#article","isPartOf":{"@id":"https:\/\/www.ucaldas.edu.co\/portal\/convenio-entre-el-hospital-santa-sofia-y-la-u-de-caldas-un-gana-gana-que-aporta-a-la-salud-de-la-region\/"},"author":{"name":"ofiprensa","@id":"https:\/\/www.ucaldas.edu.co\/portal\/#\/schema\/person\/a1b482e23449158b4bc319926c074fdf"},"headline":"Convenio entre el Hospital Santa Sof\u00eda y la U. de Caldas, un gana-gana que aporta a la salud de la regi\u00f3n","datePublished":"2019-12-20T20:53:22+00:00","dateModified":"2019-12-20T20:53:25+00:00","mainEntityOfPage":{"@id":"https:\/\/www.ucaldas.edu.co\/portal\/convenio-entre-el-hospital-santa-sofia-y-la-u-de-caldas-un-gana-gana-que-aporta-a-la-salud-de-la-region\/"},"wordCount":463,"publisher":{"@id":"https:\/\/www.ucaldas.edu.co\/portal\/#organization"},"image":{"@id":"https:\/\/www.ucaldas.edu.co\/portal\/convenio-entre-el-hospital-santa-sofia-y-la-u-de-caldas-un-gana-gana-que-aporta-a-la-salud-de-la-region\/#primaryimage"},"thumbnailUrl":"https:\/\/www.ucaldas.edu.co\/portal\/wp-content\/uploads\/2019\/12\/SANTASOFIA-compressor.png","keywords":["medicina","convenio","pr\u00e1ctica","hospital"],"articleSection":["Actualidad","Universidad al D\u00eda","UCaldas Regional"],"inLanguage":"es"},{"@type":"WebPage","@id":"https:\/\/www.ucaldas.edu.co\/portal\/convenio-entre-el-hospital-santa-sofia-y-la-u-de-caldas-un-gana-gana-que-aporta-a-la-salud-de-la-region\/","url":"https:\/\/www.ucaldas.edu.co\/portal\/convenio-entre-el-hospital-santa-sofia-y-la-u-de-caldas-un-gana-gana-que-aporta-a-la-salud-de-la-region\/","name":"Convenio entre el Hospital Santa Sof\u00eda y la U. de Caldas, un gana-gana que aporta a la salud de la regi\u00f3n .","isPartOf":{"@id":"https:\/\/www.ucaldas.edu.co\/portal\/#website"},"primaryImageOfPage":{"@id":"https:\/\/www.ucaldas.edu.co\/portal\/convenio-entre-el-hospital-santa-sofia-y-la-u-de-caldas-un-gana-gana-que-aporta-a-la-salud-de-la-region\/#primaryimage"},"image":{"@id":"https:\/\/www.ucaldas.edu.co\/portal\/convenio-entre-el-hospital-santa-sofia-y-la-u-de-caldas-un-gana-gana-que-aporta-a-la-salud-de-la-region\/#primaryimage"},"thumbnailUrl":"https:\/\/www.ucaldas.edu.co\/portal\/wp-content\/uploads\/2019\/12\/SANTASOFIA-compressor.png","datePublished":"2019-12-20T20:53:22+00:00","dateModified":"2019-12-20T20:53:25+00:00","breadcrumb":{"@id":"https:\/\/www.ucaldas.edu.co\/portal\/convenio-entre-el-hospital-santa-sofia-y-la-u-de-caldas-un-gana-gana-que-aporta-a-la-salud-de-la-region\/#breadcrumb"},"inLanguage":"es","potentialAction":[{"@type":"ReadAction","target":["https:\/\/www.ucaldas.edu.co\/portal\/convenio-entre-el-hospital-santa-sofia-y-la-u-de-caldas-un-gana-gana-que-aporta-a-la-salud-de-la-region\/"]}]},{"@type":"ImageObject","inLanguage":"es","@id":"https:\/\/www.ucaldas.edu.co\/portal\/convenio-entre-el-hospital-santa-sofia-y-la-u-de-caldas-un-gana-gana-que-aporta-a-la-salud-de-la-region\/#primaryimage","url":"https:\/\/www.ucaldas.edu.co\/portal\/wp-content\/uploads\/2019\/12\/SANTASOFIA-compressor.png","contentUrl":"https:\/\/www.ucaldas.edu.co\/portal\/wp-content\/uploads\/2019\/12\/SANTASOFIA-compressor.png","width":700,"height":400},{"@type":"BreadcrumbList","@id":"https:\/\/www.ucaldas.edu.co\/portal\/convenio-entre-el-hospital-santa-sofia-y-la-u-de-caldas-un-gana-gana-que-aporta-a-la-salud-de-la-region\/#breadcrumb","itemListElement":[{"@type":"ListItem","position":1,"name":"Portada","item":"https:\/\/www.ucaldas.edu.co\/portal\/"},{"@type":"ListItem","position":2,"name":"Convenio entre el Hospital Santa Sof\u00eda y la U. de Caldas, un gana-gana que aporta a la salud de la regi\u00f3n"}]},{"@type":"WebSite","@id":"https:\/\/www.ucaldas.edu.co\/portal\/#website","url":"https:\/\/www.ucaldas.edu.co\/portal\/","name":"Universidad de Caldas","description":"","publisher":{"@id":"https:\/\/www.ucaldas.edu.co\/portal\/#organization"},"alternateName":"U. de Caldas","potentialAction":[{"@type":"SearchAction","target":{"@type":"EntryPoint","urlTemplate":"https:\/\/www.ucaldas.edu.co\/portal\/?s={search_term_string}"},"query-input":{"@type":"PropertyValueSpecification","valueRequired":true,"valueName":"search_term_string"}}],"inLanguage":"es"},{"@type":"Organization","@id":"https:\/\/www.ucaldas.edu.co\/portal\/#organization","name":"Universidad de Caldas","alternateName":"U. de Caldas","url":"https:\/\/www.ucaldas.edu.co\/portal\/","logo":{"@type":"ImageObject","inLanguage":"es","@id":"https:\/\/www.ucaldas.edu.co\/portal\/#\/schema\/logo\/image\/","url":"https:\/\/www.ucaldas.edu.co\/portal\/wp-content\/uploads\/2023\/11\/Logo_horizontal_oscuroU-2023.png","contentUrl":"https:\/\/www.ucaldas.edu.co\/portal\/wp-content\/uploads\/2023\/11\/Logo_horizontal_oscuroU-2023.png","width":263,"height":101,"caption":"Universidad de Caldas"},"image":{"@id":"https:\/\/www.ucaldas.edu.co\/portal\/#\/schema\/logo\/image\/"},"sameAs":["https:\/\/www.facebook.com\/udecaldas","https:\/\/x.com\/udecaldas","https:\/\/www.youtube.com\/universidadcaldas","https:\/\/www.instagram.com\/udecaldas\/"]},{"@type":"Person","@id":"https:\/\/www.ucaldas.edu.co\/portal\/#\/schema\/person\/a1b482e23449158b4bc319926c074fdf","name":"ofiprensa","image":{"@type":"ImageObject","inLanguage":"es","@id":"https:\/\/www.ucaldas.edu.co\/portal\/wp-content\/litespeed\/avatar\/09ea5085e600095a7a811142c6944527.jpg?ver=1777497608","url":"https:\/\/www.ucaldas.edu.co\/portal\/wp-content\/litespeed\/avatar\/09ea5085e600095a7a811142c6944527.jpg?ver=1777497608","contentUrl":"https:\/\/www.ucaldas.edu.co\/portal\/wp-content\/litespeed\/avatar\/09ea5085e600095a7a811142c6944527.jpg?ver=1777497608","caption":"ofiprensa"},"url":"https:\/\/www.ucaldas.edu.co\/portal\/author\/ofiprensa\/"}]}},"_links":{"self":[{"href":"https:\/\/www.ucaldas.edu.co\/portal\/wp-json\/wp\/v2\/posts\/53653","targetHints":{"allow":["GET"]}}],"collection":[{"href":"https:\/\/www.ucaldas.edu.co\/portal\/wp-json\/wp\/v2\/posts"}],"about":[{"href":"https:\/\/www.ucaldas.edu.co\/portal\/wp-json\/wp\/v2\/types\/post"}],"author":[{"embeddable":true,"href":"https:\/\/www.ucaldas.edu.co\/portal\/wp-json\/wp\/v2\/users\/2"}],"replies":[{"embeddable":true,"href":"https:\/\/www.ucaldas.edu.co\/portal\/wp-json\/wp\/v2\/comments?post=53653"}],"version-history":[{"count":0,"href":"https:\/\/www.ucaldas.edu.co\/portal\/wp-json\/wp\/v2\/posts\/53653\/revisions"}],"wp:featuredmedia":[{"embeddable":true,"href":"https:\/\/www.ucaldas.edu.co\/portal\/wp-json\/wp\/v2\/media\/53654"}],"wp:attachment":[{"href":"https:\/\/www.ucaldas.edu.co\/portal\/wp-json\/wp\/v2\/media?parent=53653"}],"wp:term":[{"taxonomy":"category","embeddable":true,"href":"https:\/\/www.ucaldas.edu.co\/portal\/wp-json\/wp\/v2\/categories?post=53653"},{"taxonomy":"post_tag","embeddable":true,"href":"https:\/\/www.ucaldas.edu.co\/portal\/wp-json\/wp\/v2\/tags?post=53653"}],"curies":[{"name":"wp","href":"https:\/\/api.w.org\/{rel}","templated":true}]}}