{"id":53628,"date":"2019-12-19T21:44:05","date_gmt":"2019-12-19T21:44:05","guid":{"rendered":"https:\/\/www.ucaldas.edu.co\/portal\/?p=53628"},"modified":"2019-12-19T21:46:18","modified_gmt":"2019-12-19T21:46:18","slug":"telesalud-logro-reconocimientos-y-fortalecio-su-labor-de-salvar-vidas-mediante-la-tecnologia","status":"publish","type":"post","link":"https:\/\/www.ucaldas.edu.co\/portal\/telesalud-logro-reconocimientos-y-fortalecio-su-labor-de-salvar-vidas-mediante-la-tecnologia\/","title":{"rendered":"Telesalud logr\u00f3 reconocimientos y fortaleci\u00f3 su labor de salvar vidas mediante la tecnolog\u00eda"},"content":{"rendered":"<p style=\"text-align: center;\">SE DESTACAN EL REGISTRO DE LA MARCA MIDOC, PREMIO TICAL Y TELEMEDICINA<\/p>\n<p style=\"text-align: center;\"><strong>Telesalud logr\u00f3 reconocimientos y fortaleci\u00f3 su labor de salvar vidas mediante la tecnolog\u00eda<\/strong><\/p>\n<p style=\"text-align: right;\">19\/12\/2019<\/p>\n<p><img loading=\"lazy\" decoding=\"async\" class=\"aligncenter wp-image-53629 size-full\" src=\"https:\/\/www.ucaldas.edu.co\/portal\/wp-content\/uploads\/2019\/12\/TELESALUD-BALANCE-compressor.png\" alt=\"\" width=\"700\" height=\"400\" srcset=\"https:\/\/www.ucaldas.edu.co\/portal\/wp-content\/uploads\/2019\/12\/TELESALUD-BALANCE-compressor.png 700w, https:\/\/www.ucaldas.edu.co\/portal\/wp-content\/uploads\/2019\/12\/TELESALUD-BALANCE-compressor-300x171.png 300w\" sizes=\"auto, (max-width: 700px) 100vw, 700px\" \/><\/p>\n<p>El registro de la marca MiDoc, reconocimientos como l\u00edderes en educaci\u00f3n virtual, la creaci\u00f3n de la plataforma Teleasesor y la participaci\u00f3n en proyectos de inclusi\u00f3n est\u00e1n entre los logros de Telesalud Universidad de Caldas en este 2019.<!--more--><\/p>\n<p>Esteban Granada, director de Telesalud, resalt\u00f3 que ya cuentan con cerca de 50 mil estudiantes en su proyecto de educaci\u00f3n virtual y destac\u00f3 el fortalecimiento del grupo de investigaci\u00f3n, que en la m\u00e1s reciente medici\u00f3n de Colciencias se ubic\u00f3 en categor\u00eda C. \u201cLa mayor\u00eda ya somos investigadores junior. Este proceso lo hacemos de la mano del docente \u00c9der Pe\u00f1a y la idea es fortalecer este aspecto el pr\u00f3ximo a\u00f1o\u201d, explic\u00f3.<\/p>\n<p>Los siguientes son los principales logros de Telesalud este a\u00f1o:<\/p>\n<ul>\n<li>La Universidad de Caldas recibi\u00f3 reconocimiento de la Presidencia de la Rep\u00fablica, Tecnova, Mintic y Colciencias por su apoyo para la construcci\u00f3n conjunta de la Spin-Off Telesalud. Se obtuvo la mejor calificaci\u00f3n.<\/li>\n<li>Se logr\u00f3 el registro de la marca de MiDoc, que es un robot para Telemedicina con el fin de prestar el servicio en lugares lejanos y de dif\u00edcil acceso en el pa\u00eds, como las prisiones, y sitios donde no hay conectividad a internet ni se cuenta con energ\u00eda.<\/li>\n<li>Desarrollo de Teleasesor, una plataforma de asesor\u00eda en Telemedicina para m\u00e9dicos que est\u00e1n en lugares distantes del pa\u00eds. Con esta herramienta, los profesionales pueden consultar a especialistas para tomar decisiones acertadas antes de remitir a un paciente.<\/li>\n<li>La red Tical entreg\u00f3 a Telesalud un reconocimiento a nivel de Latinoam\u00e9rica por su proyecto de educaci\u00f3n virtual, en el que tiene cerca de 50 mil estudiantes en las plataformas, con lo cual se disminuy\u00f3 el \u00edndice de deserci\u00f3n a menos del 10%. Se ofrecen clases en inteligencia artificial, administraci\u00f3n emotiva, coapoyo y acompa\u00f1amietno acad\u00e9mico, entre otros temas.<\/li>\n<li>En noviembre Telesalud apoy\u00f3 la realizaci\u00f3n de los cortometrajes del Short Films, sobre inclusi\u00f3n, y realizados por estudiantes de colegios de Manizales. El proyecto se present\u00f3 en Festival Los Grandes Ojos Mompelliert, en Francia. Esta visita tambi\u00e9n sirvi\u00f3 para fortalecer lazos con la Universidad de Mompellierte y la Universidad Abierta de Catalu\u00f1a. Se trabajar\u00e1 en investigaci\u00f3n, educaci\u00f3n virtual y telemedicina.<\/li>\n<\/ul>\n<ul>\n<li>Se destacan los avances de Telesalud en Europa. Se logr\u00f3 crear una alianza con el Grupo de investigaci\u00f3n The Human, que se lanzar\u00e1 en enero pr\u00f3ximo y con el que se trabajar\u00e1 en conjunto de ahora en adelante.<\/li>\n<li>En telemedicina se ofrecen servicios a una aseguradora en el Valle del Cauca. Tambi\u00e9n se llegar\u00e1 a 20 municipios de todo el pa\u00eds, adicionales a los 14 de Caldas donde ya est\u00e1 el proyecto. Esto se hace con el uso de MiDoc.<\/li>\n<li>Adem\u00e1s, Telesalud firm\u00f3 un contrato con otra aseguradora para servicios de telemedicina en prisiones, y\u00a0 se utilizar\u00e1 una nueva invenci\u00f3n, llamada Libertad Virtual. Mediante realidad virtual se les ofrece entorno inmersivos a los reclusos.<\/li>\n<li>Tambi\u00e9n se trabaja en entrenamiento en entornos industriales, con cascos de realidad virtual, que permiten mejorar el desempe\u00f1o de los trabajadores en las empresas.<\/li>\n<li>Telesalud particip\u00f3 en el Coloquio Internacional de Humanidades Digitales. De la mano de Francia lider\u00f3 dos mesas de trabajo: la de educaci\u00f3n virtual y la de e-salud, en las que se dieron a conocer experiencias colombo francesas.<\/li>\n<\/ul>\n<p>&nbsp;<\/p>\n<p><strong>Informes:<\/strong> Oficina de Comunicaciones y Prensa Universidad de Caldas. Tel\u00e9fono: 8781500 Extensi\u00f3n: 12167<\/p>\n<p><strong>Redacci\u00f3n:<\/strong> Adriana Osorio Garc\u00eda<\/p>\n","protected":false},"excerpt":{"rendered":"<p>SE DESTACAN EL REGISTRO DE LA MARCA MIDOC, PREMIO TICAL Y TELEMEDICINA Telesalud logr\u00f3 reconocimientos y fortaleci\u00f3 su labor de salvar vidas mediante la tecnolog\u00eda 19\/12\/2019 El registro de la marca MiDoc, reconocimientos como l\u00edderes en educaci\u00f3n virtual, la creaci\u00f3n de la plataforma Teleasesor y la participaci\u00f3n en proyectos de inclusi\u00f3n est\u00e1n entre los logros [&hellip;]<\/p>\n","protected":false},"author":2,"featured_media":53629,"comment_status":"closed","ping_status":"open","sticky":false,"template":"","format":"standard","meta":{"footnotes":""},"categories":[48,53,624],"tags":[275,642,1204],"class_list":["post-53628","post","type-post","status-publish","format-standard","has-post-thumbnail","hentry","category-actualidad","category-universidad-al-dia","category-ucaldas-activa","tag-telesalud","tag-tecnologia","tag-balance"],"yoast_head":"<!-- This site is optimized with the Yoast SEO plugin v27.5 - https:\/\/yoast.com\/product\/yoast-seo-wordpress\/ -->\n<title>Telesalud logr\u00f3 reconocimientos y fortaleci\u00f3 su labor de salvar vidas mediante la tecnolog\u00eda .<\/title>\n<meta name=\"robots\" content=\"index, follow, max-snippet:-1, max-image-preview:large, max-video-preview:-1\" \/>\n<link rel=\"canonical\" href=\"https:\/\/www.ucaldas.edu.co\/portal\/telesalud-logro-reconocimientos-y-fortalecio-su-labor-de-salvar-vidas-mediante-la-tecnologia\/\" \/>\n<script type=\"application\/ld+json\" class=\"yoast-schema-graph\">{\"@context\":\"https:\\\/\\\/schema.org\",\"@graph\":[{\"@type\":\"Article\",\"@id\":\"https:\\\/\\\/www.ucaldas.edu.co\\\/portal\\\/telesalud-logro-reconocimientos-y-fortalecio-su-labor-de-salvar-vidas-mediante-la-tecnologia\\\/#article\",\"isPartOf\":{\"@id\":\"https:\\\/\\\/www.ucaldas.edu.co\\\/portal\\\/telesalud-logro-reconocimientos-y-fortalecio-su-labor-de-salvar-vidas-mediante-la-tecnologia\\\/\"},\"author\":{\"name\":\"ofiprensa\",\"@id\":\"https:\\\/\\\/www.ucaldas.edu.co\\\/portal\\\/#\\\/schema\\\/person\\\/a1b482e23449158b4bc319926c074fdf\"},\"headline\":\"Telesalud logr\u00f3 reconocimientos y fortaleci\u00f3 su labor de salvar vidas mediante la tecnolog\u00eda\",\"datePublished\":\"2019-12-19T21:44:05+00:00\",\"dateModified\":\"2019-12-19T21:46:18+00:00\",\"mainEntityOfPage\":{\"@id\":\"https:\\\/\\\/www.ucaldas.edu.co\\\/portal\\\/telesalud-logro-reconocimientos-y-fortalecio-su-labor-de-salvar-vidas-mediante-la-tecnologia\\\/\"},\"wordCount\":628,\"publisher\":{\"@id\":\"https:\\\/\\\/www.ucaldas.edu.co\\\/portal\\\/#organization\"},\"image\":{\"@id\":\"https:\\\/\\\/www.ucaldas.edu.co\\\/portal\\\/telesalud-logro-reconocimientos-y-fortalecio-su-labor-de-salvar-vidas-mediante-la-tecnologia\\\/#primaryimage\"},\"thumbnailUrl\":\"https:\\\/\\\/www.ucaldas.edu.co\\\/portal\\\/wp-content\\\/uploads\\\/2019\\\/12\\\/TELESALUD-BALANCE-compressor.png\",\"keywords\":[\"Telesalud\",\"tecnolog\u00eda\",\"balance\"],\"articleSection\":[\"Actualidad\",\"Universidad al D\u00eda\",\"UCaldas Activa\"],\"inLanguage\":\"es\"},{\"@type\":\"WebPage\",\"@id\":\"https:\\\/\\\/www.ucaldas.edu.co\\\/portal\\\/telesalud-logro-reconocimientos-y-fortalecio-su-labor-de-salvar-vidas-mediante-la-tecnologia\\\/\",\"url\":\"https:\\\/\\\/www.ucaldas.edu.co\\\/portal\\\/telesalud-logro-reconocimientos-y-fortalecio-su-labor-de-salvar-vidas-mediante-la-tecnologia\\\/\",\"name\":\"Telesalud logr\u00f3 reconocimientos y fortaleci\u00f3 su labor de salvar vidas mediante la tecnolog\u00eda .\",\"isPartOf\":{\"@id\":\"https:\\\/\\\/www.ucaldas.edu.co\\\/portal\\\/#website\"},\"primaryImageOfPage\":{\"@id\":\"https:\\\/\\\/www.ucaldas.edu.co\\\/portal\\\/telesalud-logro-reconocimientos-y-fortalecio-su-labor-de-salvar-vidas-mediante-la-tecnologia\\\/#primaryimage\"},\"image\":{\"@id\":\"https:\\\/\\\/www.ucaldas.edu.co\\\/portal\\\/telesalud-logro-reconocimientos-y-fortalecio-su-labor-de-salvar-vidas-mediante-la-tecnologia\\\/#primaryimage\"},\"thumbnailUrl\":\"https:\\\/\\\/www.ucaldas.edu.co\\\/portal\\\/wp-content\\\/uploads\\\/2019\\\/12\\\/TELESALUD-BALANCE-compressor.png\",\"datePublished\":\"2019-12-19T21:44:05+00:00\",\"dateModified\":\"2019-12-19T21:46:18+00:00\",\"breadcrumb\":{\"@id\":\"https:\\\/\\\/www.ucaldas.edu.co\\\/portal\\\/telesalud-logro-reconocimientos-y-fortalecio-su-labor-de-salvar-vidas-mediante-la-tecnologia\\\/#breadcrumb\"},\"inLanguage\":\"es\",\"potentialAction\":[{\"@type\":\"ReadAction\",\"target\":[\"https:\\\/\\\/www.ucaldas.edu.co\\\/portal\\\/telesalud-logro-reconocimientos-y-fortalecio-su-labor-de-salvar-vidas-mediante-la-tecnologia\\\/\"]}]},{\"@type\":\"ImageObject\",\"inLanguage\":\"es\",\"@id\":\"https:\\\/\\\/www.ucaldas.edu.co\\\/portal\\\/telesalud-logro-reconocimientos-y-fortalecio-su-labor-de-salvar-vidas-mediante-la-tecnologia\\\/#primaryimage\",\"url\":\"https:\\\/\\\/www.ucaldas.edu.co\\\/portal\\\/wp-content\\\/uploads\\\/2019\\\/12\\\/TELESALUD-BALANCE-compressor.png\",\"contentUrl\":\"https:\\\/\\\/www.ucaldas.edu.co\\\/portal\\\/wp-content\\\/uploads\\\/2019\\\/12\\\/TELESALUD-BALANCE-compressor.png\",\"width\":700,\"height\":400},{\"@type\":\"BreadcrumbList\",\"@id\":\"https:\\\/\\\/www.ucaldas.edu.co\\\/portal\\\/telesalud-logro-reconocimientos-y-fortalecio-su-labor-de-salvar-vidas-mediante-la-tecnologia\\\/#breadcrumb\",\"itemListElement\":[{\"@type\":\"ListItem\",\"position\":1,\"name\":\"Portada\",\"item\":\"https:\\\/\\\/www.ucaldas.edu.co\\\/portal\\\/\"},{\"@type\":\"ListItem\",\"position\":2,\"name\":\"Telesalud logr\u00f3 reconocimientos y fortaleci\u00f3 su labor de salvar vidas mediante la tecnolog\u00eda\"}]},{\"@type\":\"WebSite\",\"@id\":\"https:\\\/\\\/www.ucaldas.edu.co\\\/portal\\\/#website\",\"url\":\"https:\\\/\\\/www.ucaldas.edu.co\\\/portal\\\/\",\"name\":\"Universidad de Caldas\",\"description\":\"\",\"publisher\":{\"@id\":\"https:\\\/\\\/www.ucaldas.edu.co\\\/portal\\\/#organization\"},\"alternateName\":\"U. de Caldas\",\"potentialAction\":[{\"@type\":\"SearchAction\",\"target\":{\"@type\":\"EntryPoint\",\"urlTemplate\":\"https:\\\/\\\/www.ucaldas.edu.co\\\/portal\\\/?s={search_term_string}\"},\"query-input\":{\"@type\":\"PropertyValueSpecification\",\"valueRequired\":true,\"valueName\":\"search_term_string\"}}],\"inLanguage\":\"es\"},{\"@type\":\"Organization\",\"@id\":\"https:\\\/\\\/www.ucaldas.edu.co\\\/portal\\\/#organization\",\"name\":\"Universidad de Caldas\",\"alternateName\":\"U. de Caldas\",\"url\":\"https:\\\/\\\/www.ucaldas.edu.co\\\/portal\\\/\",\"logo\":{\"@type\":\"ImageObject\",\"inLanguage\":\"es\",\"@id\":\"https:\\\/\\\/www.ucaldas.edu.co\\\/portal\\\/#\\\/schema\\\/logo\\\/image\\\/\",\"url\":\"https:\\\/\\\/www.ucaldas.edu.co\\\/portal\\\/wp-content\\\/uploads\\\/2023\\\/11\\\/Logo_horizontal_oscuroU-2023.png\",\"contentUrl\":\"https:\\\/\\\/www.ucaldas.edu.co\\\/portal\\\/wp-content\\\/uploads\\\/2023\\\/11\\\/Logo_horizontal_oscuroU-2023.png\",\"width\":263,\"height\":101,\"caption\":\"Universidad de Caldas\"},\"image\":{\"@id\":\"https:\\\/\\\/www.ucaldas.edu.co\\\/portal\\\/#\\\/schema\\\/logo\\\/image\\\/\"},\"sameAs\":[\"https:\\\/\\\/www.facebook.com\\\/udecaldas\",\"https:\\\/\\\/x.com\\\/udecaldas\",\"https:\\\/\\\/www.youtube.com\\\/universidadcaldas\",\"https:\\\/\\\/www.instagram.com\\\/udecaldas\\\/\"]},{\"@type\":\"Person\",\"@id\":\"https:\\\/\\\/www.ucaldas.edu.co\\\/portal\\\/#\\\/schema\\\/person\\\/a1b482e23449158b4bc319926c074fdf\",\"name\":\"ofiprensa\",\"image\":{\"@type\":\"ImageObject\",\"inLanguage\":\"es\",\"@id\":\"https:\\\/\\\/www.ucaldas.edu.co\\\/portal\\\/wp-content\\\/litespeed\\\/avatar\\\/09ea5085e600095a7a811142c6944527.jpg?ver=1777497608\",\"url\":\"https:\\\/\\\/www.ucaldas.edu.co\\\/portal\\\/wp-content\\\/litespeed\\\/avatar\\\/09ea5085e600095a7a811142c6944527.jpg?ver=1777497608\",\"contentUrl\":\"https:\\\/\\\/www.ucaldas.edu.co\\\/portal\\\/wp-content\\\/litespeed\\\/avatar\\\/09ea5085e600095a7a811142c6944527.jpg?ver=1777497608\",\"caption\":\"ofiprensa\"},\"url\":\"https:\\\/\\\/www.ucaldas.edu.co\\\/portal\\\/author\\\/ofiprensa\\\/\"}]}<\/script>\n<!-- \/ Yoast SEO plugin. -->","yoast_head_json":{"title":"Telesalud logr\u00f3 reconocimientos y fortaleci\u00f3 su labor de salvar vidas mediante la tecnolog\u00eda .","robots":{"index":"index","follow":"follow","max-snippet":"max-snippet:-1","max-image-preview":"max-image-preview:large","max-video-preview":"max-video-preview:-1"},"canonical":"https:\/\/www.ucaldas.edu.co\/portal\/telesalud-logro-reconocimientos-y-fortalecio-su-labor-de-salvar-vidas-mediante-la-tecnologia\/","schema":{"@context":"https:\/\/schema.org","@graph":[{"@type":"Article","@id":"https:\/\/www.ucaldas.edu.co\/portal\/telesalud-logro-reconocimientos-y-fortalecio-su-labor-de-salvar-vidas-mediante-la-tecnologia\/#article","isPartOf":{"@id":"https:\/\/www.ucaldas.edu.co\/portal\/telesalud-logro-reconocimientos-y-fortalecio-su-labor-de-salvar-vidas-mediante-la-tecnologia\/"},"author":{"name":"ofiprensa","@id":"https:\/\/www.ucaldas.edu.co\/portal\/#\/schema\/person\/a1b482e23449158b4bc319926c074fdf"},"headline":"Telesalud logr\u00f3 reconocimientos y fortaleci\u00f3 su labor de salvar vidas mediante la tecnolog\u00eda","datePublished":"2019-12-19T21:44:05+00:00","dateModified":"2019-12-19T21:46:18+00:00","mainEntityOfPage":{"@id":"https:\/\/www.ucaldas.edu.co\/portal\/telesalud-logro-reconocimientos-y-fortalecio-su-labor-de-salvar-vidas-mediante-la-tecnologia\/"},"wordCount":628,"publisher":{"@id":"https:\/\/www.ucaldas.edu.co\/portal\/#organization"},"image":{"@id":"https:\/\/www.ucaldas.edu.co\/portal\/telesalud-logro-reconocimientos-y-fortalecio-su-labor-de-salvar-vidas-mediante-la-tecnologia\/#primaryimage"},"thumbnailUrl":"https:\/\/www.ucaldas.edu.co\/portal\/wp-content\/uploads\/2019\/12\/TELESALUD-BALANCE-compressor.png","keywords":["Telesalud","tecnolog\u00eda","balance"],"articleSection":["Actualidad","Universidad al D\u00eda","UCaldas Activa"],"inLanguage":"es"},{"@type":"WebPage","@id":"https:\/\/www.ucaldas.edu.co\/portal\/telesalud-logro-reconocimientos-y-fortalecio-su-labor-de-salvar-vidas-mediante-la-tecnologia\/","url":"https:\/\/www.ucaldas.edu.co\/portal\/telesalud-logro-reconocimientos-y-fortalecio-su-labor-de-salvar-vidas-mediante-la-tecnologia\/","name":"Telesalud logr\u00f3 reconocimientos y fortaleci\u00f3 su labor de salvar vidas mediante la tecnolog\u00eda .","isPartOf":{"@id":"https:\/\/www.ucaldas.edu.co\/portal\/#website"},"primaryImageOfPage":{"@id":"https:\/\/www.ucaldas.edu.co\/portal\/telesalud-logro-reconocimientos-y-fortalecio-su-labor-de-salvar-vidas-mediante-la-tecnologia\/#primaryimage"},"image":{"@id":"https:\/\/www.ucaldas.edu.co\/portal\/telesalud-logro-reconocimientos-y-fortalecio-su-labor-de-salvar-vidas-mediante-la-tecnologia\/#primaryimage"},"thumbnailUrl":"https:\/\/www.ucaldas.edu.co\/portal\/wp-content\/uploads\/2019\/12\/TELESALUD-BALANCE-compressor.png","datePublished":"2019-12-19T21:44:05+00:00","dateModified":"2019-12-19T21:46:18+00:00","breadcrumb":{"@id":"https:\/\/www.ucaldas.edu.co\/portal\/telesalud-logro-reconocimientos-y-fortalecio-su-labor-de-salvar-vidas-mediante-la-tecnologia\/#breadcrumb"},"inLanguage":"es","potentialAction":[{"@type":"ReadAction","target":["https:\/\/www.ucaldas.edu.co\/portal\/telesalud-logro-reconocimientos-y-fortalecio-su-labor-de-salvar-vidas-mediante-la-tecnologia\/"]}]},{"@type":"ImageObject","inLanguage":"es","@id":"https:\/\/www.ucaldas.edu.co\/portal\/telesalud-logro-reconocimientos-y-fortalecio-su-labor-de-salvar-vidas-mediante-la-tecnologia\/#primaryimage","url":"https:\/\/www.ucaldas.edu.co\/portal\/wp-content\/uploads\/2019\/12\/TELESALUD-BALANCE-compressor.png","contentUrl":"https:\/\/www.ucaldas.edu.co\/portal\/wp-content\/uploads\/2019\/12\/TELESALUD-BALANCE-compressor.png","width":700,"height":400},{"@type":"BreadcrumbList","@id":"https:\/\/www.ucaldas.edu.co\/portal\/telesalud-logro-reconocimientos-y-fortalecio-su-labor-de-salvar-vidas-mediante-la-tecnologia\/#breadcrumb","itemListElement":[{"@type":"ListItem","position":1,"name":"Portada","item":"https:\/\/www.ucaldas.edu.co\/portal\/"},{"@type":"ListItem","position":2,"name":"Telesalud logr\u00f3 reconocimientos y fortaleci\u00f3 su labor de salvar vidas mediante la tecnolog\u00eda"}]},{"@type":"WebSite","@id":"https:\/\/www.ucaldas.edu.co\/portal\/#website","url":"https:\/\/www.ucaldas.edu.co\/portal\/","name":"Universidad de Caldas","description":"","publisher":{"@id":"https:\/\/www.ucaldas.edu.co\/portal\/#organization"},"alternateName":"U. de Caldas","potentialAction":[{"@type":"SearchAction","target":{"@type":"EntryPoint","urlTemplate":"https:\/\/www.ucaldas.edu.co\/portal\/?s={search_term_string}"},"query-input":{"@type":"PropertyValueSpecification","valueRequired":true,"valueName":"search_term_string"}}],"inLanguage":"es"},{"@type":"Organization","@id":"https:\/\/www.ucaldas.edu.co\/portal\/#organization","name":"Universidad de Caldas","alternateName":"U. de Caldas","url":"https:\/\/www.ucaldas.edu.co\/portal\/","logo":{"@type":"ImageObject","inLanguage":"es","@id":"https:\/\/www.ucaldas.edu.co\/portal\/#\/schema\/logo\/image\/","url":"https:\/\/www.ucaldas.edu.co\/portal\/wp-content\/uploads\/2023\/11\/Logo_horizontal_oscuroU-2023.png","contentUrl":"https:\/\/www.ucaldas.edu.co\/portal\/wp-content\/uploads\/2023\/11\/Logo_horizontal_oscuroU-2023.png","width":263,"height":101,"caption":"Universidad de Caldas"},"image":{"@id":"https:\/\/www.ucaldas.edu.co\/portal\/#\/schema\/logo\/image\/"},"sameAs":["https:\/\/www.facebook.com\/udecaldas","https:\/\/x.com\/udecaldas","https:\/\/www.youtube.com\/universidadcaldas","https:\/\/www.instagram.com\/udecaldas\/"]},{"@type":"Person","@id":"https:\/\/www.ucaldas.edu.co\/portal\/#\/schema\/person\/a1b482e23449158b4bc319926c074fdf","name":"ofiprensa","image":{"@type":"ImageObject","inLanguage":"es","@id":"https:\/\/www.ucaldas.edu.co\/portal\/wp-content\/litespeed\/avatar\/09ea5085e600095a7a811142c6944527.jpg?ver=1777497608","url":"https:\/\/www.ucaldas.edu.co\/portal\/wp-content\/litespeed\/avatar\/09ea5085e600095a7a811142c6944527.jpg?ver=1777497608","contentUrl":"https:\/\/www.ucaldas.edu.co\/portal\/wp-content\/litespeed\/avatar\/09ea5085e600095a7a811142c6944527.jpg?ver=1777497608","caption":"ofiprensa"},"url":"https:\/\/www.ucaldas.edu.co\/portal\/author\/ofiprensa\/"}]}},"_links":{"self":[{"href":"https:\/\/www.ucaldas.edu.co\/portal\/wp-json\/wp\/v2\/posts\/53628","targetHints":{"allow":["GET"]}}],"collection":[{"href":"https:\/\/www.ucaldas.edu.co\/portal\/wp-json\/wp\/v2\/posts"}],"about":[{"href":"https:\/\/www.ucaldas.edu.co\/portal\/wp-json\/wp\/v2\/types\/post"}],"author":[{"embeddable":true,"href":"https:\/\/www.ucaldas.edu.co\/portal\/wp-json\/wp\/v2\/users\/2"}],"replies":[{"embeddable":true,"href":"https:\/\/www.ucaldas.edu.co\/portal\/wp-json\/wp\/v2\/comments?post=53628"}],"version-history":[{"count":0,"href":"https:\/\/www.ucaldas.edu.co\/portal\/wp-json\/wp\/v2\/posts\/53628\/revisions"}],"wp:featuredmedia":[{"embeddable":true,"href":"https:\/\/www.ucaldas.edu.co\/portal\/wp-json\/wp\/v2\/media\/53629"}],"wp:attachment":[{"href":"https:\/\/www.ucaldas.edu.co\/portal\/wp-json\/wp\/v2\/media?parent=53628"}],"wp:term":[{"taxonomy":"category","embeddable":true,"href":"https:\/\/www.ucaldas.edu.co\/portal\/wp-json\/wp\/v2\/categories?post=53628"},{"taxonomy":"post_tag","embeddable":true,"href":"https:\/\/www.ucaldas.edu.co\/portal\/wp-json\/wp\/v2\/tags?post=53628"}],"curies":[{"name":"wp","href":"https:\/\/api.w.org\/{rel}","templated":true}]}}