{"id":53621,"date":"2019-12-18T21:52:02","date_gmt":"2019-12-18T21:52:02","guid":{"rendered":"https:\/\/www.ucaldas.edu.co\/portal\/?p=53621"},"modified":"2019-12-18T22:31:13","modified_gmt":"2019-12-18T22:31:13","slug":"rector-de-la-u-de-caldas-exalta-la-labor-del-gobernador-guido-echeverri-piedrahita-como-egresado-ilustre","status":"publish","type":"post","link":"https:\/\/www.ucaldas.edu.co\/portal\/rector-de-la-u-de-caldas-exalta-la-labor-del-gobernador-guido-echeverri-piedrahita-como-egresado-ilustre\/","title":{"rendered":"Rector de la U. de Caldas exalta la labor del gobernador Guido Echeverri Piedrah\u00edta como egresado ilustre"},"content":{"rendered":"<p style=\"text-align: center;\">EL RECONOCIMIENTO SER\u00c1 ESTA NOCHE EN EL CCU ROGELIO SALMONA<\/p>\n<p style=\"text-align: center;\"><strong>Rector de la U. de Caldas exalta la labor del gobernador Guido Echeverri Piedrah\u00edta como egresado ilustre<\/strong><\/p>\n<p style=\"text-align: right;\">18\/12\/2019<\/p>\n<p><img loading=\"lazy\" decoding=\"async\" class=\"aligncenter wp-image-53622 size-full\" src=\"https:\/\/www.ucaldas.edu.co\/portal\/wp-content\/uploads\/2019\/12\/GOBERNADOR-compressor.png\" alt=\"\" width=\"700\" height=\"400\" srcset=\"https:\/\/www.ucaldas.edu.co\/portal\/wp-content\/uploads\/2019\/12\/GOBERNADOR-compressor.png 700w, https:\/\/www.ucaldas.edu.co\/portal\/wp-content\/uploads\/2019\/12\/GOBERNADOR-compressor-300x171.png 300w\" sizes=\"auto, (max-width: 700px) 100vw, 700px\" \/><\/p>\n<p>Reconocer p\u00fablicamente la labor de Guido Echeverri Piedrah\u00edta, gobernador de Caldas, por su compromiso con la regi\u00f3n, el pa\u00eds, y su trabajo incansable por el sector educativo es el objetivo del reconocimiento que le entregar\u00e1 hoy el rector de la Universidad de Caldas, Alejandro Ceballos M\u00e1rquez, al mandatario caldense.<!--more--><\/p>\n<p>De esta manera se quiere exaltar la vida y obra de Echeverri Piedrah\u00edta y su la labor como l\u00edder y destacado egresado de la universidad.\u00a0El evento ser\u00e1 a las 7:00 p.m. en el Centro Cultural Universitario Rogelio Salmona.<\/p>\n<p>El reconocimiento destaca la trayectoria del actual gobernador, quien estudi\u00f3 Derecho en la Universidad de Caldas, es especialista en Gerencia, Gobierno y Asuntos P\u00fablicos de la Universidad de Columbia-Universidad Externado y cuenta con estudios de Doctorado en Ciencia Pol\u00edtica de la Universidad de Salamanca (Espa\u00f1a). \u201cHa ejercido su profesi\u00f3n, en insignes organizaciones y entidades, dejando en alto el nombre de la instituci\u00f3n\u201d, se indica en la resoluci\u00f3n.<\/p>\n<p>Se resalta que Echeverri Piedrah\u00edta se ha desempe\u00f1ado como concejal y alcalde de Villamar\u00eda, representante a la C\u00e1mara por Caldas y delegado por el Congreso Nacional ante la Asamblea Nacional Constituyente.<\/p>\n<p>Adem\u00e1s, fue rector de la Universidad de Caldas, director Nacional de la Escuela Superior de Administraci\u00f3n P\u00fablica (ESAP), rector de la Universidad Manuela Beltr\u00e1n, profesor de derecho p\u00fablico en las m\u00e1s importantes universidades colombianas y en la Universidad de Salamanca Espa\u00f1a, y ha sido miembro del Consejo Nacional de Educaci\u00f3n Superior CESU.<\/p>\n<p>La distinci\u00f3n se\u00f1ala que el mandatario se destaca por su gran conocimiento del departamento y por su capacidad para gestionar recursos nacionales e internacionales a favor del desarrollo local y regional en materia de educaci\u00f3n e innovaci\u00f3n.<\/p>\n<p><a href=\"https:\/\/www.ucaldas.edu.co\/portal\/wp-content\/uploads\/2019\/12\/RECONOCIMIENTO-GUIDO-ECHEVERRI-PIEDTAHITA-1.pdf\">Consulte aqu\u00ed la resoluci\u00f3n completa del reconocimiento<\/a><\/p>\n<p><strong>\u00a0<\/strong><\/p>\n<p><strong>Informes:<\/strong> Oficina de Comunicaciones y Prensa Universidad de Caldas. Tel\u00e9fono: 8781500 Extensi\u00f3n: 12167<\/p>\n<p><strong>Redacci\u00f3n:<\/strong> Adriana Osorio Garc\u00eda<\/p>\n","protected":false},"excerpt":{"rendered":"<p>EL RECONOCIMIENTO SER\u00c1 ESTA NOCHE EN EL CCU ROGELIO SALMONA Rector de la U. de Caldas exalta la labor del gobernador Guido Echeverri Piedrah\u00edta como egresado ilustre 18\/12\/2019 Reconocer p\u00fablicamente la labor de Guido Echeverri Piedrah\u00edta, gobernador de Caldas, por su compromiso con la regi\u00f3n, el pa\u00eds, y su trabajo incansable por el sector educativo [&hellip;]<\/p>\n","protected":false},"author":2,"featured_media":53622,"comment_status":"closed","ping_status":"open","sticky":false,"template":"","format":"standard","meta":{"footnotes":""},"categories":[48,53,624],"tags":[],"class_list":["post-53621","post","type-post","status-publish","format-standard","has-post-thumbnail","hentry","category-actualidad","category-universidad-al-dia","category-ucaldas-activa"],"yoast_head":"<!-- This site is optimized with the Yoast SEO plugin v27.5 - https:\/\/yoast.com\/product\/yoast-seo-wordpress\/ -->\n<title>Rector de la U. de Caldas exalta la labor del gobernador Guido Echeverri Piedrah\u00edta como egresado ilustre .<\/title>\n<meta name=\"robots\" content=\"index, follow, max-snippet:-1, max-image-preview:large, max-video-preview:-1\" \/>\n<link rel=\"canonical\" href=\"https:\/\/www.ucaldas.edu.co\/portal\/rector-de-la-u-de-caldas-exalta-la-labor-del-gobernador-guido-echeverri-piedrahita-como-egresado-ilustre\/\" \/>\n<script type=\"application\/ld+json\" class=\"yoast-schema-graph\">{\"@context\":\"https:\\\/\\\/schema.org\",\"@graph\":[{\"@type\":\"Article\",\"@id\":\"https:\\\/\\\/www.ucaldas.edu.co\\\/portal\\\/rector-de-la-u-de-caldas-exalta-la-labor-del-gobernador-guido-echeverri-piedrahita-como-egresado-ilustre\\\/#article\",\"isPartOf\":{\"@id\":\"https:\\\/\\\/www.ucaldas.edu.co\\\/portal\\\/rector-de-la-u-de-caldas-exalta-la-labor-del-gobernador-guido-echeverri-piedrahita-como-egresado-ilustre\\\/\"},\"author\":{\"name\":\"ofiprensa\",\"@id\":\"https:\\\/\\\/www.ucaldas.edu.co\\\/portal\\\/#\\\/schema\\\/person\\\/a1b482e23449158b4bc319926c074fdf\"},\"headline\":\"Rector de la U. de Caldas exalta la labor del gobernador Guido Echeverri Piedrah\u00edta como egresado ilustre\",\"datePublished\":\"2019-12-18T21:52:02+00:00\",\"dateModified\":\"2019-12-18T22:31:13+00:00\",\"mainEntityOfPage\":{\"@id\":\"https:\\\/\\\/www.ucaldas.edu.co\\\/portal\\\/rector-de-la-u-de-caldas-exalta-la-labor-del-gobernador-guido-echeverri-piedrahita-como-egresado-ilustre\\\/\"},\"wordCount\":377,\"publisher\":{\"@id\":\"https:\\\/\\\/www.ucaldas.edu.co\\\/portal\\\/#organization\"},\"image\":{\"@id\":\"https:\\\/\\\/www.ucaldas.edu.co\\\/portal\\\/rector-de-la-u-de-caldas-exalta-la-labor-del-gobernador-guido-echeverri-piedrahita-como-egresado-ilustre\\\/#primaryimage\"},\"thumbnailUrl\":\"https:\\\/\\\/www.ucaldas.edu.co\\\/portal\\\/wp-content\\\/uploads\\\/2019\\\/12\\\/GOBERNADOR-compressor.png\",\"articleSection\":[\"Actualidad\",\"Universidad al D\u00eda\",\"UCaldas Activa\"],\"inLanguage\":\"es\"},{\"@type\":\"WebPage\",\"@id\":\"https:\\\/\\\/www.ucaldas.edu.co\\\/portal\\\/rector-de-la-u-de-caldas-exalta-la-labor-del-gobernador-guido-echeverri-piedrahita-como-egresado-ilustre\\\/\",\"url\":\"https:\\\/\\\/www.ucaldas.edu.co\\\/portal\\\/rector-de-la-u-de-caldas-exalta-la-labor-del-gobernador-guido-echeverri-piedrahita-como-egresado-ilustre\\\/\",\"name\":\"Rector de la U. de Caldas exalta la labor del gobernador Guido Echeverri Piedrah\u00edta como egresado ilustre .\",\"isPartOf\":{\"@id\":\"https:\\\/\\\/www.ucaldas.edu.co\\\/portal\\\/#website\"},\"primaryImageOfPage\":{\"@id\":\"https:\\\/\\\/www.ucaldas.edu.co\\\/portal\\\/rector-de-la-u-de-caldas-exalta-la-labor-del-gobernador-guido-echeverri-piedrahita-como-egresado-ilustre\\\/#primaryimage\"},\"image\":{\"@id\":\"https:\\\/\\\/www.ucaldas.edu.co\\\/portal\\\/rector-de-la-u-de-caldas-exalta-la-labor-del-gobernador-guido-echeverri-piedrahita-como-egresado-ilustre\\\/#primaryimage\"},\"thumbnailUrl\":\"https:\\\/\\\/www.ucaldas.edu.co\\\/portal\\\/wp-content\\\/uploads\\\/2019\\\/12\\\/GOBERNADOR-compressor.png\",\"datePublished\":\"2019-12-18T21:52:02+00:00\",\"dateModified\":\"2019-12-18T22:31:13+00:00\",\"breadcrumb\":{\"@id\":\"https:\\\/\\\/www.ucaldas.edu.co\\\/portal\\\/rector-de-la-u-de-caldas-exalta-la-labor-del-gobernador-guido-echeverri-piedrahita-como-egresado-ilustre\\\/#breadcrumb\"},\"inLanguage\":\"es\",\"potentialAction\":[{\"@type\":\"ReadAction\",\"target\":[\"https:\\\/\\\/www.ucaldas.edu.co\\\/portal\\\/rector-de-la-u-de-caldas-exalta-la-labor-del-gobernador-guido-echeverri-piedrahita-como-egresado-ilustre\\\/\"]}]},{\"@type\":\"ImageObject\",\"inLanguage\":\"es\",\"@id\":\"https:\\\/\\\/www.ucaldas.edu.co\\\/portal\\\/rector-de-la-u-de-caldas-exalta-la-labor-del-gobernador-guido-echeverri-piedrahita-como-egresado-ilustre\\\/#primaryimage\",\"url\":\"https:\\\/\\\/www.ucaldas.edu.co\\\/portal\\\/wp-content\\\/uploads\\\/2019\\\/12\\\/GOBERNADOR-compressor.png\",\"contentUrl\":\"https:\\\/\\\/www.ucaldas.edu.co\\\/portal\\\/wp-content\\\/uploads\\\/2019\\\/12\\\/GOBERNADOR-compressor.png\",\"width\":700,\"height\":400},{\"@type\":\"BreadcrumbList\",\"@id\":\"https:\\\/\\\/www.ucaldas.edu.co\\\/portal\\\/rector-de-la-u-de-caldas-exalta-la-labor-del-gobernador-guido-echeverri-piedrahita-como-egresado-ilustre\\\/#breadcrumb\",\"itemListElement\":[{\"@type\":\"ListItem\",\"position\":1,\"name\":\"Portada\",\"item\":\"https:\\\/\\\/www.ucaldas.edu.co\\\/portal\\\/\"},{\"@type\":\"ListItem\",\"position\":2,\"name\":\"Rector de la U. de Caldas exalta la labor del gobernador Guido Echeverri Piedrah\u00edta como egresado ilustre\"}]},{\"@type\":\"WebSite\",\"@id\":\"https:\\\/\\\/www.ucaldas.edu.co\\\/portal\\\/#website\",\"url\":\"https:\\\/\\\/www.ucaldas.edu.co\\\/portal\\\/\",\"name\":\"Universidad de Caldas\",\"description\":\"\",\"publisher\":{\"@id\":\"https:\\\/\\\/www.ucaldas.edu.co\\\/portal\\\/#organization\"},\"alternateName\":\"U. de Caldas\",\"potentialAction\":[{\"@type\":\"SearchAction\",\"target\":{\"@type\":\"EntryPoint\",\"urlTemplate\":\"https:\\\/\\\/www.ucaldas.edu.co\\\/portal\\\/?s={search_term_string}\"},\"query-input\":{\"@type\":\"PropertyValueSpecification\",\"valueRequired\":true,\"valueName\":\"search_term_string\"}}],\"inLanguage\":\"es\"},{\"@type\":\"Organization\",\"@id\":\"https:\\\/\\\/www.ucaldas.edu.co\\\/portal\\\/#organization\",\"name\":\"Universidad de Caldas\",\"alternateName\":\"U. de Caldas\",\"url\":\"https:\\\/\\\/www.ucaldas.edu.co\\\/portal\\\/\",\"logo\":{\"@type\":\"ImageObject\",\"inLanguage\":\"es\",\"@id\":\"https:\\\/\\\/www.ucaldas.edu.co\\\/portal\\\/#\\\/schema\\\/logo\\\/image\\\/\",\"url\":\"https:\\\/\\\/www.ucaldas.edu.co\\\/portal\\\/wp-content\\\/uploads\\\/2023\\\/11\\\/Logo_horizontal_oscuroU-2023.png\",\"contentUrl\":\"https:\\\/\\\/www.ucaldas.edu.co\\\/portal\\\/wp-content\\\/uploads\\\/2023\\\/11\\\/Logo_horizontal_oscuroU-2023.png\",\"width\":263,\"height\":101,\"caption\":\"Universidad de Caldas\"},\"image\":{\"@id\":\"https:\\\/\\\/www.ucaldas.edu.co\\\/portal\\\/#\\\/schema\\\/logo\\\/image\\\/\"},\"sameAs\":[\"https:\\\/\\\/www.facebook.com\\\/udecaldas\",\"https:\\\/\\\/x.com\\\/udecaldas\",\"https:\\\/\\\/www.youtube.com\\\/universidadcaldas\",\"https:\\\/\\\/www.instagram.com\\\/udecaldas\\\/\"]},{\"@type\":\"Person\",\"@id\":\"https:\\\/\\\/www.ucaldas.edu.co\\\/portal\\\/#\\\/schema\\\/person\\\/a1b482e23449158b4bc319926c074fdf\",\"name\":\"ofiprensa\",\"image\":{\"@type\":\"ImageObject\",\"inLanguage\":\"es\",\"@id\":\"https:\\\/\\\/www.ucaldas.edu.co\\\/portal\\\/wp-content\\\/litespeed\\\/avatar\\\/09ea5085e600095a7a811142c6944527.jpg?ver=1777497608\",\"url\":\"https:\\\/\\\/www.ucaldas.edu.co\\\/portal\\\/wp-content\\\/litespeed\\\/avatar\\\/09ea5085e600095a7a811142c6944527.jpg?ver=1777497608\",\"contentUrl\":\"https:\\\/\\\/www.ucaldas.edu.co\\\/portal\\\/wp-content\\\/litespeed\\\/avatar\\\/09ea5085e600095a7a811142c6944527.jpg?ver=1777497608\",\"caption\":\"ofiprensa\"},\"url\":\"https:\\\/\\\/www.ucaldas.edu.co\\\/portal\\\/author\\\/ofiprensa\\\/\"}]}<\/script>\n<!-- \/ Yoast SEO plugin. -->","yoast_head_json":{"title":"Rector de la U. de Caldas exalta la labor del gobernador Guido Echeverri Piedrah\u00edta como egresado ilustre .","robots":{"index":"index","follow":"follow","max-snippet":"max-snippet:-1","max-image-preview":"max-image-preview:large","max-video-preview":"max-video-preview:-1"},"canonical":"https:\/\/www.ucaldas.edu.co\/portal\/rector-de-la-u-de-caldas-exalta-la-labor-del-gobernador-guido-echeverri-piedrahita-como-egresado-ilustre\/","schema":{"@context":"https:\/\/schema.org","@graph":[{"@type":"Article","@id":"https:\/\/www.ucaldas.edu.co\/portal\/rector-de-la-u-de-caldas-exalta-la-labor-del-gobernador-guido-echeverri-piedrahita-como-egresado-ilustre\/#article","isPartOf":{"@id":"https:\/\/www.ucaldas.edu.co\/portal\/rector-de-la-u-de-caldas-exalta-la-labor-del-gobernador-guido-echeverri-piedrahita-como-egresado-ilustre\/"},"author":{"name":"ofiprensa","@id":"https:\/\/www.ucaldas.edu.co\/portal\/#\/schema\/person\/a1b482e23449158b4bc319926c074fdf"},"headline":"Rector de la U. de Caldas exalta la labor del gobernador Guido Echeverri Piedrah\u00edta como egresado ilustre","datePublished":"2019-12-18T21:52:02+00:00","dateModified":"2019-12-18T22:31:13+00:00","mainEntityOfPage":{"@id":"https:\/\/www.ucaldas.edu.co\/portal\/rector-de-la-u-de-caldas-exalta-la-labor-del-gobernador-guido-echeverri-piedrahita-como-egresado-ilustre\/"},"wordCount":377,"publisher":{"@id":"https:\/\/www.ucaldas.edu.co\/portal\/#organization"},"image":{"@id":"https:\/\/www.ucaldas.edu.co\/portal\/rector-de-la-u-de-caldas-exalta-la-labor-del-gobernador-guido-echeverri-piedrahita-como-egresado-ilustre\/#primaryimage"},"thumbnailUrl":"https:\/\/www.ucaldas.edu.co\/portal\/wp-content\/uploads\/2019\/12\/GOBERNADOR-compressor.png","articleSection":["Actualidad","Universidad al D\u00eda","UCaldas Activa"],"inLanguage":"es"},{"@type":"WebPage","@id":"https:\/\/www.ucaldas.edu.co\/portal\/rector-de-la-u-de-caldas-exalta-la-labor-del-gobernador-guido-echeverri-piedrahita-como-egresado-ilustre\/","url":"https:\/\/www.ucaldas.edu.co\/portal\/rector-de-la-u-de-caldas-exalta-la-labor-del-gobernador-guido-echeverri-piedrahita-como-egresado-ilustre\/","name":"Rector de la U. de Caldas exalta la labor del gobernador Guido Echeverri Piedrah\u00edta como egresado ilustre .","isPartOf":{"@id":"https:\/\/www.ucaldas.edu.co\/portal\/#website"},"primaryImageOfPage":{"@id":"https:\/\/www.ucaldas.edu.co\/portal\/rector-de-la-u-de-caldas-exalta-la-labor-del-gobernador-guido-echeverri-piedrahita-como-egresado-ilustre\/#primaryimage"},"image":{"@id":"https:\/\/www.ucaldas.edu.co\/portal\/rector-de-la-u-de-caldas-exalta-la-labor-del-gobernador-guido-echeverri-piedrahita-como-egresado-ilustre\/#primaryimage"},"thumbnailUrl":"https:\/\/www.ucaldas.edu.co\/portal\/wp-content\/uploads\/2019\/12\/GOBERNADOR-compressor.png","datePublished":"2019-12-18T21:52:02+00:00","dateModified":"2019-12-18T22:31:13+00:00","breadcrumb":{"@id":"https:\/\/www.ucaldas.edu.co\/portal\/rector-de-la-u-de-caldas-exalta-la-labor-del-gobernador-guido-echeverri-piedrahita-como-egresado-ilustre\/#breadcrumb"},"inLanguage":"es","potentialAction":[{"@type":"ReadAction","target":["https:\/\/www.ucaldas.edu.co\/portal\/rector-de-la-u-de-caldas-exalta-la-labor-del-gobernador-guido-echeverri-piedrahita-como-egresado-ilustre\/"]}]},{"@type":"ImageObject","inLanguage":"es","@id":"https:\/\/www.ucaldas.edu.co\/portal\/rector-de-la-u-de-caldas-exalta-la-labor-del-gobernador-guido-echeverri-piedrahita-como-egresado-ilustre\/#primaryimage","url":"https:\/\/www.ucaldas.edu.co\/portal\/wp-content\/uploads\/2019\/12\/GOBERNADOR-compressor.png","contentUrl":"https:\/\/www.ucaldas.edu.co\/portal\/wp-content\/uploads\/2019\/12\/GOBERNADOR-compressor.png","width":700,"height":400},{"@type":"BreadcrumbList","@id":"https:\/\/www.ucaldas.edu.co\/portal\/rector-de-la-u-de-caldas-exalta-la-labor-del-gobernador-guido-echeverri-piedrahita-como-egresado-ilustre\/#breadcrumb","itemListElement":[{"@type":"ListItem","position":1,"name":"Portada","item":"https:\/\/www.ucaldas.edu.co\/portal\/"},{"@type":"ListItem","position":2,"name":"Rector de la U. de Caldas exalta la labor del gobernador Guido Echeverri Piedrah\u00edta como egresado ilustre"}]},{"@type":"WebSite","@id":"https:\/\/www.ucaldas.edu.co\/portal\/#website","url":"https:\/\/www.ucaldas.edu.co\/portal\/","name":"Universidad de Caldas","description":"","publisher":{"@id":"https:\/\/www.ucaldas.edu.co\/portal\/#organization"},"alternateName":"U. de Caldas","potentialAction":[{"@type":"SearchAction","target":{"@type":"EntryPoint","urlTemplate":"https:\/\/www.ucaldas.edu.co\/portal\/?s={search_term_string}"},"query-input":{"@type":"PropertyValueSpecification","valueRequired":true,"valueName":"search_term_string"}}],"inLanguage":"es"},{"@type":"Organization","@id":"https:\/\/www.ucaldas.edu.co\/portal\/#organization","name":"Universidad de Caldas","alternateName":"U. de Caldas","url":"https:\/\/www.ucaldas.edu.co\/portal\/","logo":{"@type":"ImageObject","inLanguage":"es","@id":"https:\/\/www.ucaldas.edu.co\/portal\/#\/schema\/logo\/image\/","url":"https:\/\/www.ucaldas.edu.co\/portal\/wp-content\/uploads\/2023\/11\/Logo_horizontal_oscuroU-2023.png","contentUrl":"https:\/\/www.ucaldas.edu.co\/portal\/wp-content\/uploads\/2023\/11\/Logo_horizontal_oscuroU-2023.png","width":263,"height":101,"caption":"Universidad de Caldas"},"image":{"@id":"https:\/\/www.ucaldas.edu.co\/portal\/#\/schema\/logo\/image\/"},"sameAs":["https:\/\/www.facebook.com\/udecaldas","https:\/\/x.com\/udecaldas","https:\/\/www.youtube.com\/universidadcaldas","https:\/\/www.instagram.com\/udecaldas\/"]},{"@type":"Person","@id":"https:\/\/www.ucaldas.edu.co\/portal\/#\/schema\/person\/a1b482e23449158b4bc319926c074fdf","name":"ofiprensa","image":{"@type":"ImageObject","inLanguage":"es","@id":"https:\/\/www.ucaldas.edu.co\/portal\/wp-content\/litespeed\/avatar\/09ea5085e600095a7a811142c6944527.jpg?ver=1777497608","url":"https:\/\/www.ucaldas.edu.co\/portal\/wp-content\/litespeed\/avatar\/09ea5085e600095a7a811142c6944527.jpg?ver=1777497608","contentUrl":"https:\/\/www.ucaldas.edu.co\/portal\/wp-content\/litespeed\/avatar\/09ea5085e600095a7a811142c6944527.jpg?ver=1777497608","caption":"ofiprensa"},"url":"https:\/\/www.ucaldas.edu.co\/portal\/author\/ofiprensa\/"}]}},"_links":{"self":[{"href":"https:\/\/www.ucaldas.edu.co\/portal\/wp-json\/wp\/v2\/posts\/53621","targetHints":{"allow":["GET"]}}],"collection":[{"href":"https:\/\/www.ucaldas.edu.co\/portal\/wp-json\/wp\/v2\/posts"}],"about":[{"href":"https:\/\/www.ucaldas.edu.co\/portal\/wp-json\/wp\/v2\/types\/post"}],"author":[{"embeddable":true,"href":"https:\/\/www.ucaldas.edu.co\/portal\/wp-json\/wp\/v2\/users\/2"}],"replies":[{"embeddable":true,"href":"https:\/\/www.ucaldas.edu.co\/portal\/wp-json\/wp\/v2\/comments?post=53621"}],"version-history":[{"count":0,"href":"https:\/\/www.ucaldas.edu.co\/portal\/wp-json\/wp\/v2\/posts\/53621\/revisions"}],"wp:featuredmedia":[{"embeddable":true,"href":"https:\/\/www.ucaldas.edu.co\/portal\/wp-json\/wp\/v2\/media\/53622"}],"wp:attachment":[{"href":"https:\/\/www.ucaldas.edu.co\/portal\/wp-json\/wp\/v2\/media?parent=53621"}],"wp:term":[{"taxonomy":"category","embeddable":true,"href":"https:\/\/www.ucaldas.edu.co\/portal\/wp-json\/wp\/v2\/categories?post=53621"},{"taxonomy":"post_tag","embeddable":true,"href":"https:\/\/www.ucaldas.edu.co\/portal\/wp-json\/wp\/v2\/tags?post=53621"}],"curies":[{"name":"wp","href":"https:\/\/api.w.org\/{rel}","templated":true}]}}