{"id":53618,"date":"2019-12-18T21:48:33","date_gmt":"2019-12-18T21:48:33","guid":{"rendered":"https:\/\/www.ucaldas.edu.co\/portal\/?p=53618"},"modified":"2019-12-18T21:50:47","modified_gmt":"2019-12-18T21:50:47","slug":"docente-del-departamento-de-historia-recibio-distincion-por-fortalecer-la-sociedad-de-la-cultura","status":"publish","type":"post","link":"https:\/\/www.ucaldas.edu.co\/portal\/docente-del-departamento-de-historia-recibio-distincion-por-fortalecer-la-sociedad-de-la-cultura\/","title":{"rendered":"Docente del Departamento de Historia recibi\u00f3 distinci\u00f3n por fortalecer la sociedad de la cultura"},"content":{"rendered":"<p style=\"text-align: center;\">EL RECONOCIMIENTO LO ENTREG\u00d3 EL INSTITUTO LE\u00d3N TOLSTOI<\/p>\n<p style=\"text-align: center;\"><strong>Docente del Departamento de Historia recibi\u00f3 distinci\u00f3n por fortalecer la sociedad de la cultura<\/strong><\/p>\n<p style=\"text-align: right;\">18\/12\/2019<\/p>\n<p><img loading=\"lazy\" decoding=\"async\" class=\"aligncenter wp-image-53619 size-full\" src=\"https:\/\/www.ucaldas.edu.co\/portal\/wp-content\/uploads\/2019\/12\/DOCENTE-HISTORIA-compressor.png\" alt=\"\" width=\"700\" height=\"400\" srcset=\"https:\/\/www.ucaldas.edu.co\/portal\/wp-content\/uploads\/2019\/12\/DOCENTE-HISTORIA-compressor.png 700w, https:\/\/www.ucaldas.edu.co\/portal\/wp-content\/uploads\/2019\/12\/DOCENTE-HISTORIA-compressor-300x171.png 300w\" sizes=\"auto, (max-width: 700px) 100vw, 700px\" \/><\/p>\n<p>El docente Vladimir Daza Villar, del Departamento de Historia de la Universidad de Caldas, recibi\u00f3 la Medalla al M\u00e9rito Cultural Sergei Esenin, que le otorg\u00f3 el pasado 14 de diciembre el Instituto Cultural Le\u00f3n Tolstoi de Bogot\u00e1.<!--more--><\/p>\n<p>Esta distinci\u00f3n se concede a \u00abpersonalidades colombianas, latinoamericanas y rusas, que por sus m\u00e9ritos sociales, acad\u00e9micos, intelectuales, art\u00edsticos han contribuido al fortalecimiento en la sociedad de la cultura como lenguaje, legado e innovaci\u00f3n que permite el progreso, la democracia y el florecimiento de las letras, las humanidades, las humanidades, las artes y las ciencias\u201d.<\/p>\n<p>El profesor explic\u00f3 que este reconocimiento lo reciben los profesionales que han estudiado en Rusia y promueven la cultura de ese pa\u00eds en otros lugares del mundo. Daza Villar estudi\u00f3 su pregrado en Historia en la Universidad de La Amistad, en Mosc\u00fa.<\/p>\n<p>El Instituto Le\u00f3n Tolstoi realiz\u00f3 este reconocimiento como parte de la celebraci\u00f3n de sus 75 a\u00f1os de labores. El director del instituto, el poeta Rub\u00e9n Dar\u00edo Fl\u00f3rez, entreg\u00f3 la condecoraci\u00f3n. Es ling\u00fcista, traductor de la lengua rusa, poeta y escritor y fue Ministro Consejero de la Embajada de Colombia en Rusia.<\/p>\n<p>Daza Villar es mag\u00edster en Historia de la Universidad Nacional de Colombia, sede Bogot\u00e1, y PhD en Historia de la Universidad Federal de Juiz de Fora, en Brasil. Es Coordinador Acad\u00e9mico del Coloquio Anual de Historia, el cual realiza con apoyo del Centro Cultural del Banco de la Rep\u00fablica de Manizales y la Vicerrector\u00eda de Proyecci\u00f3n de la Universidad de Caldas.<\/p>\n<p><strong>\u00a0<\/strong><\/p>\n<p><strong>Informes:<\/strong> Oficina de Comunicaciones y Prensa Universidad de Caldas. Tel\u00e9fono: 8781500 Extensi\u00f3n: 12167<\/p>\n<p><strong>Redacci\u00f3n:<\/strong> Adriana Osorio Garc\u00eda<\/p>\n","protected":false},"excerpt":{"rendered":"<p>EL RECONOCIMIENTO LO ENTREG\u00d3 EL INSTITUTO LE\u00d3N TOLSTOI Docente del Departamento de Historia recibi\u00f3 distinci\u00f3n por fortalecer la sociedad de la cultura 18\/12\/2019 El docente Vladimir Daza Villar, del Departamento de Historia de la Universidad de Caldas, recibi\u00f3 la Medalla al M\u00e9rito Cultural Sergei Esenin, que le otorg\u00f3 el pasado 14 de diciembre el Instituto [&hellip;]<\/p>\n","protected":false},"author":2,"featured_media":53619,"comment_status":"closed","ping_status":"open","sticky":false,"template":"","format":"standard","meta":{"footnotes":""},"categories":[48,53,614],"tags":[129,176,327],"class_list":["post-53618","post","type-post","status-publish","format-standard","has-post-thumbnail","hentry","category-actualidad","category-universidad-al-dia","category-ucaldas-internacional","tag-reconocimiento","tag-historia","tag-docente"],"yoast_head":"<!-- This site is optimized with the Yoast SEO plugin v27.5 - https:\/\/yoast.com\/product\/yoast-seo-wordpress\/ -->\n<title>Docente del Departamento de Historia recibi\u00f3 distinci\u00f3n por fortalecer la sociedad de la cultura .<\/title>\n<meta name=\"robots\" content=\"index, follow, max-snippet:-1, max-image-preview:large, max-video-preview:-1\" \/>\n<link rel=\"canonical\" href=\"https:\/\/www.ucaldas.edu.co\/portal\/docente-del-departamento-de-historia-recibio-distincion-por-fortalecer-la-sociedad-de-la-cultura\/\" \/>\n<script type=\"application\/ld+json\" class=\"yoast-schema-graph\">{\"@context\":\"https:\\\/\\\/schema.org\",\"@graph\":[{\"@type\":\"Article\",\"@id\":\"https:\\\/\\\/www.ucaldas.edu.co\\\/portal\\\/docente-del-departamento-de-historia-recibio-distincion-por-fortalecer-la-sociedad-de-la-cultura\\\/#article\",\"isPartOf\":{\"@id\":\"https:\\\/\\\/www.ucaldas.edu.co\\\/portal\\\/docente-del-departamento-de-historia-recibio-distincion-por-fortalecer-la-sociedad-de-la-cultura\\\/\"},\"author\":{\"name\":\"ofiprensa\",\"@id\":\"https:\\\/\\\/www.ucaldas.edu.co\\\/portal\\\/#\\\/schema\\\/person\\\/a1b482e23449158b4bc319926c074fdf\"},\"headline\":\"Docente del Departamento de Historia recibi\u00f3 distinci\u00f3n por fortalecer la sociedad de la cultura\",\"datePublished\":\"2019-12-18T21:48:33+00:00\",\"dateModified\":\"2019-12-18T21:50:47+00:00\",\"mainEntityOfPage\":{\"@id\":\"https:\\\/\\\/www.ucaldas.edu.co\\\/portal\\\/docente-del-departamento-de-historia-recibio-distincion-por-fortalecer-la-sociedad-de-la-cultura\\\/\"},\"wordCount\":322,\"publisher\":{\"@id\":\"https:\\\/\\\/www.ucaldas.edu.co\\\/portal\\\/#organization\"},\"image\":{\"@id\":\"https:\\\/\\\/www.ucaldas.edu.co\\\/portal\\\/docente-del-departamento-de-historia-recibio-distincion-por-fortalecer-la-sociedad-de-la-cultura\\\/#primaryimage\"},\"thumbnailUrl\":\"https:\\\/\\\/www.ucaldas.edu.co\\\/portal\\\/wp-content\\\/uploads\\\/2019\\\/12\\\/DOCENTE-HISTORIA-compressor.png\",\"keywords\":[\"Reconocimiento\",\"historia\",\"docente\"],\"articleSection\":[\"Actualidad\",\"Universidad al D\u00eda\",\"Ucaldas Internacional\"],\"inLanguage\":\"es\"},{\"@type\":\"WebPage\",\"@id\":\"https:\\\/\\\/www.ucaldas.edu.co\\\/portal\\\/docente-del-departamento-de-historia-recibio-distincion-por-fortalecer-la-sociedad-de-la-cultura\\\/\",\"url\":\"https:\\\/\\\/www.ucaldas.edu.co\\\/portal\\\/docente-del-departamento-de-historia-recibio-distincion-por-fortalecer-la-sociedad-de-la-cultura\\\/\",\"name\":\"Docente del Departamento de Historia recibi\u00f3 distinci\u00f3n por fortalecer la sociedad de la cultura .\",\"isPartOf\":{\"@id\":\"https:\\\/\\\/www.ucaldas.edu.co\\\/portal\\\/#website\"},\"primaryImageOfPage\":{\"@id\":\"https:\\\/\\\/www.ucaldas.edu.co\\\/portal\\\/docente-del-departamento-de-historia-recibio-distincion-por-fortalecer-la-sociedad-de-la-cultura\\\/#primaryimage\"},\"image\":{\"@id\":\"https:\\\/\\\/www.ucaldas.edu.co\\\/portal\\\/docente-del-departamento-de-historia-recibio-distincion-por-fortalecer-la-sociedad-de-la-cultura\\\/#primaryimage\"},\"thumbnailUrl\":\"https:\\\/\\\/www.ucaldas.edu.co\\\/portal\\\/wp-content\\\/uploads\\\/2019\\\/12\\\/DOCENTE-HISTORIA-compressor.png\",\"datePublished\":\"2019-12-18T21:48:33+00:00\",\"dateModified\":\"2019-12-18T21:50:47+00:00\",\"breadcrumb\":{\"@id\":\"https:\\\/\\\/www.ucaldas.edu.co\\\/portal\\\/docente-del-departamento-de-historia-recibio-distincion-por-fortalecer-la-sociedad-de-la-cultura\\\/#breadcrumb\"},\"inLanguage\":\"es\",\"potentialAction\":[{\"@type\":\"ReadAction\",\"target\":[\"https:\\\/\\\/www.ucaldas.edu.co\\\/portal\\\/docente-del-departamento-de-historia-recibio-distincion-por-fortalecer-la-sociedad-de-la-cultura\\\/\"]}]},{\"@type\":\"ImageObject\",\"inLanguage\":\"es\",\"@id\":\"https:\\\/\\\/www.ucaldas.edu.co\\\/portal\\\/docente-del-departamento-de-historia-recibio-distincion-por-fortalecer-la-sociedad-de-la-cultura\\\/#primaryimage\",\"url\":\"https:\\\/\\\/www.ucaldas.edu.co\\\/portal\\\/wp-content\\\/uploads\\\/2019\\\/12\\\/DOCENTE-HISTORIA-compressor.png\",\"contentUrl\":\"https:\\\/\\\/www.ucaldas.edu.co\\\/portal\\\/wp-content\\\/uploads\\\/2019\\\/12\\\/DOCENTE-HISTORIA-compressor.png\",\"width\":700,\"height\":400},{\"@type\":\"BreadcrumbList\",\"@id\":\"https:\\\/\\\/www.ucaldas.edu.co\\\/portal\\\/docente-del-departamento-de-historia-recibio-distincion-por-fortalecer-la-sociedad-de-la-cultura\\\/#breadcrumb\",\"itemListElement\":[{\"@type\":\"ListItem\",\"position\":1,\"name\":\"Portada\",\"item\":\"https:\\\/\\\/www.ucaldas.edu.co\\\/portal\\\/\"},{\"@type\":\"ListItem\",\"position\":2,\"name\":\"Docente del Departamento de Historia recibi\u00f3 distinci\u00f3n por fortalecer la sociedad de la cultura\"}]},{\"@type\":\"WebSite\",\"@id\":\"https:\\\/\\\/www.ucaldas.edu.co\\\/portal\\\/#website\",\"url\":\"https:\\\/\\\/www.ucaldas.edu.co\\\/portal\\\/\",\"name\":\"Universidad de Caldas\",\"description\":\"\",\"publisher\":{\"@id\":\"https:\\\/\\\/www.ucaldas.edu.co\\\/portal\\\/#organization\"},\"alternateName\":\"U. de Caldas\",\"potentialAction\":[{\"@type\":\"SearchAction\",\"target\":{\"@type\":\"EntryPoint\",\"urlTemplate\":\"https:\\\/\\\/www.ucaldas.edu.co\\\/portal\\\/?s={search_term_string}\"},\"query-input\":{\"@type\":\"PropertyValueSpecification\",\"valueRequired\":true,\"valueName\":\"search_term_string\"}}],\"inLanguage\":\"es\"},{\"@type\":\"Organization\",\"@id\":\"https:\\\/\\\/www.ucaldas.edu.co\\\/portal\\\/#organization\",\"name\":\"Universidad de Caldas\",\"alternateName\":\"U. de Caldas\",\"url\":\"https:\\\/\\\/www.ucaldas.edu.co\\\/portal\\\/\",\"logo\":{\"@type\":\"ImageObject\",\"inLanguage\":\"es\",\"@id\":\"https:\\\/\\\/www.ucaldas.edu.co\\\/portal\\\/#\\\/schema\\\/logo\\\/image\\\/\",\"url\":\"https:\\\/\\\/www.ucaldas.edu.co\\\/portal\\\/wp-content\\\/uploads\\\/2023\\\/11\\\/Logo_horizontal_oscuroU-2023.png\",\"contentUrl\":\"https:\\\/\\\/www.ucaldas.edu.co\\\/portal\\\/wp-content\\\/uploads\\\/2023\\\/11\\\/Logo_horizontal_oscuroU-2023.png\",\"width\":263,\"height\":101,\"caption\":\"Universidad de Caldas\"},\"image\":{\"@id\":\"https:\\\/\\\/www.ucaldas.edu.co\\\/portal\\\/#\\\/schema\\\/logo\\\/image\\\/\"},\"sameAs\":[\"https:\\\/\\\/www.facebook.com\\\/udecaldas\",\"https:\\\/\\\/x.com\\\/udecaldas\",\"https:\\\/\\\/www.youtube.com\\\/universidadcaldas\",\"https:\\\/\\\/www.instagram.com\\\/udecaldas\\\/\"]},{\"@type\":\"Person\",\"@id\":\"https:\\\/\\\/www.ucaldas.edu.co\\\/portal\\\/#\\\/schema\\\/person\\\/a1b482e23449158b4bc319926c074fdf\",\"name\":\"ofiprensa\",\"image\":{\"@type\":\"ImageObject\",\"inLanguage\":\"es\",\"@id\":\"https:\\\/\\\/www.ucaldas.edu.co\\\/portal\\\/wp-content\\\/litespeed\\\/avatar\\\/09ea5085e600095a7a811142c6944527.jpg?ver=1777497608\",\"url\":\"https:\\\/\\\/www.ucaldas.edu.co\\\/portal\\\/wp-content\\\/litespeed\\\/avatar\\\/09ea5085e600095a7a811142c6944527.jpg?ver=1777497608\",\"contentUrl\":\"https:\\\/\\\/www.ucaldas.edu.co\\\/portal\\\/wp-content\\\/litespeed\\\/avatar\\\/09ea5085e600095a7a811142c6944527.jpg?ver=1777497608\",\"caption\":\"ofiprensa\"},\"url\":\"https:\\\/\\\/www.ucaldas.edu.co\\\/portal\\\/author\\\/ofiprensa\\\/\"}]}<\/script>\n<!-- \/ Yoast SEO plugin. -->","yoast_head_json":{"title":"Docente del Departamento de Historia recibi\u00f3 distinci\u00f3n por fortalecer la sociedad de la cultura .","robots":{"index":"index","follow":"follow","max-snippet":"max-snippet:-1","max-image-preview":"max-image-preview:large","max-video-preview":"max-video-preview:-1"},"canonical":"https:\/\/www.ucaldas.edu.co\/portal\/docente-del-departamento-de-historia-recibio-distincion-por-fortalecer-la-sociedad-de-la-cultura\/","schema":{"@context":"https:\/\/schema.org","@graph":[{"@type":"Article","@id":"https:\/\/www.ucaldas.edu.co\/portal\/docente-del-departamento-de-historia-recibio-distincion-por-fortalecer-la-sociedad-de-la-cultura\/#article","isPartOf":{"@id":"https:\/\/www.ucaldas.edu.co\/portal\/docente-del-departamento-de-historia-recibio-distincion-por-fortalecer-la-sociedad-de-la-cultura\/"},"author":{"name":"ofiprensa","@id":"https:\/\/www.ucaldas.edu.co\/portal\/#\/schema\/person\/a1b482e23449158b4bc319926c074fdf"},"headline":"Docente del Departamento de Historia recibi\u00f3 distinci\u00f3n por fortalecer la sociedad de la cultura","datePublished":"2019-12-18T21:48:33+00:00","dateModified":"2019-12-18T21:50:47+00:00","mainEntityOfPage":{"@id":"https:\/\/www.ucaldas.edu.co\/portal\/docente-del-departamento-de-historia-recibio-distincion-por-fortalecer-la-sociedad-de-la-cultura\/"},"wordCount":322,"publisher":{"@id":"https:\/\/www.ucaldas.edu.co\/portal\/#organization"},"image":{"@id":"https:\/\/www.ucaldas.edu.co\/portal\/docente-del-departamento-de-historia-recibio-distincion-por-fortalecer-la-sociedad-de-la-cultura\/#primaryimage"},"thumbnailUrl":"https:\/\/www.ucaldas.edu.co\/portal\/wp-content\/uploads\/2019\/12\/DOCENTE-HISTORIA-compressor.png","keywords":["Reconocimiento","historia","docente"],"articleSection":["Actualidad","Universidad al D\u00eda","Ucaldas Internacional"],"inLanguage":"es"},{"@type":"WebPage","@id":"https:\/\/www.ucaldas.edu.co\/portal\/docente-del-departamento-de-historia-recibio-distincion-por-fortalecer-la-sociedad-de-la-cultura\/","url":"https:\/\/www.ucaldas.edu.co\/portal\/docente-del-departamento-de-historia-recibio-distincion-por-fortalecer-la-sociedad-de-la-cultura\/","name":"Docente del Departamento de Historia recibi\u00f3 distinci\u00f3n por fortalecer la sociedad de la cultura .","isPartOf":{"@id":"https:\/\/www.ucaldas.edu.co\/portal\/#website"},"primaryImageOfPage":{"@id":"https:\/\/www.ucaldas.edu.co\/portal\/docente-del-departamento-de-historia-recibio-distincion-por-fortalecer-la-sociedad-de-la-cultura\/#primaryimage"},"image":{"@id":"https:\/\/www.ucaldas.edu.co\/portal\/docente-del-departamento-de-historia-recibio-distincion-por-fortalecer-la-sociedad-de-la-cultura\/#primaryimage"},"thumbnailUrl":"https:\/\/www.ucaldas.edu.co\/portal\/wp-content\/uploads\/2019\/12\/DOCENTE-HISTORIA-compressor.png","datePublished":"2019-12-18T21:48:33+00:00","dateModified":"2019-12-18T21:50:47+00:00","breadcrumb":{"@id":"https:\/\/www.ucaldas.edu.co\/portal\/docente-del-departamento-de-historia-recibio-distincion-por-fortalecer-la-sociedad-de-la-cultura\/#breadcrumb"},"inLanguage":"es","potentialAction":[{"@type":"ReadAction","target":["https:\/\/www.ucaldas.edu.co\/portal\/docente-del-departamento-de-historia-recibio-distincion-por-fortalecer-la-sociedad-de-la-cultura\/"]}]},{"@type":"ImageObject","inLanguage":"es","@id":"https:\/\/www.ucaldas.edu.co\/portal\/docente-del-departamento-de-historia-recibio-distincion-por-fortalecer-la-sociedad-de-la-cultura\/#primaryimage","url":"https:\/\/www.ucaldas.edu.co\/portal\/wp-content\/uploads\/2019\/12\/DOCENTE-HISTORIA-compressor.png","contentUrl":"https:\/\/www.ucaldas.edu.co\/portal\/wp-content\/uploads\/2019\/12\/DOCENTE-HISTORIA-compressor.png","width":700,"height":400},{"@type":"BreadcrumbList","@id":"https:\/\/www.ucaldas.edu.co\/portal\/docente-del-departamento-de-historia-recibio-distincion-por-fortalecer-la-sociedad-de-la-cultura\/#breadcrumb","itemListElement":[{"@type":"ListItem","position":1,"name":"Portada","item":"https:\/\/www.ucaldas.edu.co\/portal\/"},{"@type":"ListItem","position":2,"name":"Docente del Departamento de Historia recibi\u00f3 distinci\u00f3n por fortalecer la sociedad de la cultura"}]},{"@type":"WebSite","@id":"https:\/\/www.ucaldas.edu.co\/portal\/#website","url":"https:\/\/www.ucaldas.edu.co\/portal\/","name":"Universidad de Caldas","description":"","publisher":{"@id":"https:\/\/www.ucaldas.edu.co\/portal\/#organization"},"alternateName":"U. de Caldas","potentialAction":[{"@type":"SearchAction","target":{"@type":"EntryPoint","urlTemplate":"https:\/\/www.ucaldas.edu.co\/portal\/?s={search_term_string}"},"query-input":{"@type":"PropertyValueSpecification","valueRequired":true,"valueName":"search_term_string"}}],"inLanguage":"es"},{"@type":"Organization","@id":"https:\/\/www.ucaldas.edu.co\/portal\/#organization","name":"Universidad de Caldas","alternateName":"U. de Caldas","url":"https:\/\/www.ucaldas.edu.co\/portal\/","logo":{"@type":"ImageObject","inLanguage":"es","@id":"https:\/\/www.ucaldas.edu.co\/portal\/#\/schema\/logo\/image\/","url":"https:\/\/www.ucaldas.edu.co\/portal\/wp-content\/uploads\/2023\/11\/Logo_horizontal_oscuroU-2023.png","contentUrl":"https:\/\/www.ucaldas.edu.co\/portal\/wp-content\/uploads\/2023\/11\/Logo_horizontal_oscuroU-2023.png","width":263,"height":101,"caption":"Universidad de Caldas"},"image":{"@id":"https:\/\/www.ucaldas.edu.co\/portal\/#\/schema\/logo\/image\/"},"sameAs":["https:\/\/www.facebook.com\/udecaldas","https:\/\/x.com\/udecaldas","https:\/\/www.youtube.com\/universidadcaldas","https:\/\/www.instagram.com\/udecaldas\/"]},{"@type":"Person","@id":"https:\/\/www.ucaldas.edu.co\/portal\/#\/schema\/person\/a1b482e23449158b4bc319926c074fdf","name":"ofiprensa","image":{"@type":"ImageObject","inLanguage":"es","@id":"https:\/\/www.ucaldas.edu.co\/portal\/wp-content\/litespeed\/avatar\/09ea5085e600095a7a811142c6944527.jpg?ver=1777497608","url":"https:\/\/www.ucaldas.edu.co\/portal\/wp-content\/litespeed\/avatar\/09ea5085e600095a7a811142c6944527.jpg?ver=1777497608","contentUrl":"https:\/\/www.ucaldas.edu.co\/portal\/wp-content\/litespeed\/avatar\/09ea5085e600095a7a811142c6944527.jpg?ver=1777497608","caption":"ofiprensa"},"url":"https:\/\/www.ucaldas.edu.co\/portal\/author\/ofiprensa\/"}]}},"_links":{"self":[{"href":"https:\/\/www.ucaldas.edu.co\/portal\/wp-json\/wp\/v2\/posts\/53618","targetHints":{"allow":["GET"]}}],"collection":[{"href":"https:\/\/www.ucaldas.edu.co\/portal\/wp-json\/wp\/v2\/posts"}],"about":[{"href":"https:\/\/www.ucaldas.edu.co\/portal\/wp-json\/wp\/v2\/types\/post"}],"author":[{"embeddable":true,"href":"https:\/\/www.ucaldas.edu.co\/portal\/wp-json\/wp\/v2\/users\/2"}],"replies":[{"embeddable":true,"href":"https:\/\/www.ucaldas.edu.co\/portal\/wp-json\/wp\/v2\/comments?post=53618"}],"version-history":[{"count":0,"href":"https:\/\/www.ucaldas.edu.co\/portal\/wp-json\/wp\/v2\/posts\/53618\/revisions"}],"wp:featuredmedia":[{"embeddable":true,"href":"https:\/\/www.ucaldas.edu.co\/portal\/wp-json\/wp\/v2\/media\/53619"}],"wp:attachment":[{"href":"https:\/\/www.ucaldas.edu.co\/portal\/wp-json\/wp\/v2\/media?parent=53618"}],"wp:term":[{"taxonomy":"category","embeddable":true,"href":"https:\/\/www.ucaldas.edu.co\/portal\/wp-json\/wp\/v2\/categories?post=53618"},{"taxonomy":"post_tag","embeddable":true,"href":"https:\/\/www.ucaldas.edu.co\/portal\/wp-json\/wp\/v2\/tags?post=53618"}],"curies":[{"name":"wp","href":"https:\/\/api.w.org\/{rel}","templated":true}]}}