{"id":53607,"date":"2019-12-17T22:34:20","date_gmt":"2019-12-17T22:34:20","guid":{"rendered":"https:\/\/www.ucaldas.edu.co\/portal\/?p=53607"},"modified":"2019-12-17T22:34:25","modified_gmt":"2019-12-17T22:34:25","slug":"superintendencia-de-industria-y-comercio-otorga-novena-patente-a-la-universidad-de-caldas","status":"publish","type":"post","link":"https:\/\/www.ucaldas.edu.co\/portal\/superintendencia-de-industria-y-comercio-otorga-novena-patente-a-la-universidad-de-caldas\/","title":{"rendered":"Superintendencia de Industria y Comercio otorga novena patente a la Universidad de Caldas"},"content":{"rendered":"<p style=\"text-align: center;\">OTRAS NUEVE PATENTES EST\u00c1N EN TR\u00c1MITE<\/p>\n<p style=\"text-align: center;\"><strong>Superintendencia de Industria y Comercio otorga novena patente a la Universidad de Caldas<\/strong><\/p>\n<p style=\"text-align: right;\">17\/12\/2019<\/p>\n<p><img loading=\"lazy\" decoding=\"async\" class=\"aligncenter wp-image-53608 size-full\" src=\"https:\/\/www.ucaldas.edu.co\/portal\/wp-content\/uploads\/2019\/12\/PATENTE-compressor.png\" alt=\"\" width=\"700\" height=\"400\" srcset=\"https:\/\/www.ucaldas.edu.co\/portal\/wp-content\/uploads\/2019\/12\/PATENTE-compressor.png 700w, https:\/\/www.ucaldas.edu.co\/portal\/wp-content\/uploads\/2019\/12\/PATENTE-compressor-300x171.png 300w\" sizes=\"auto, (max-width: 700px) 100vw, 700px\" \/><\/p>\n<p>La Universidad de Caldas logr\u00f3 la novena patente con la investigaci\u00f3n \u201cProducto adsorbente que comprende una arcilla modificada con l\u00edquidos i\u00f3nicos, su proceso de fabricaci\u00f3n y membrana empacada en el mismo\u201d. Esta iniciativa la desarroll\u00f3 en conjunto con la Universidad de Antioquia.\u00a0<!--more--><\/p>\n<p>La nueva patente es para una arcilla modificada qu\u00edmicamente que permite mejorar las propiedades de adsorci\u00f3n, la cual se usa en experimentos de desarrollos cromatogr\u00e1ficos y de preparaci\u00f3n de muestras para an\u00e1lisis qu\u00edmicos. La cromatograf\u00eda es una t\u00e9cnica que permite la separaci\u00f3n y caracterizaci\u00f3n de mezclas complejas de compuestos.<\/p>\n<p>El docente Milton Rosero Moreano, adscrito al Departamento de Qu\u00edmica de la Universidad de Caldas y quien lidera el proceso, explic\u00f3 que la investigaci\u00f3n consiste en el desarrollo de un adsorbente a base de arcilla natural, a trav\u00e9s de una modificaci\u00f3n en el laboratorio, el cual adquiere mejores propiedades de retenci\u00f3n de compuestos en su mayor\u00eda org\u00e1nicos y que presentan cierta toxicidad al medio ambiente. Agreg\u00f3 que se trata de un grupo de mol\u00e9culas que est\u00e1n estudiando y que son las que se retienen en dicha arcilla, las cuales revisten alg\u00fan grado de peligro a la salud de las personas y del medio ambiente.<\/p>\n<p>De igual manera precis\u00f3 que los campos en los que se podr\u00eda utilizar este desarrollo son:<\/p>\n<p>-En medio ambiente y el campo de la potabilizaci\u00f3n del agua y en la industria alimenticia como medio filtrante y retenedor de compuestos t\u00f3xicos.<\/p>\n<p>-En la salud animal y humana como transportador para liberaci\u00f3n controlada de f\u00e1rmacos, regeneraci\u00f3n, reparaci\u00f3n, e ingenier\u00eda de tejidos.<\/p>\n<p>-En qu\u00edmica anal\u00edtica como adsorbente para sensor y biosensor electroqu\u00edmico.<\/p>\n<p>-En agroindustria para blanqueamiento de aceites comestibles de palma y aplicaci\u00f3n como fina capa de biopol\u00edmeros.<\/p>\n<p>-En petroqu\u00edmica como sellante hidr\u00e1ulico y retenedor de fugas de hidrocarburos.<\/p>\n<p>Los inventores son M\u00f3nica Obando Ceballos, Viviana C\u00e1rdenas Ocampo, Diego Fernando Montoya Monta\u00f1o, Wilson Cardona, Luis Fernando Giraldo, Herley Casanova y Milton Rosero Moreano. Este \u00faltimo es docente de la Universidad de Caldas.<\/p>\n<p>Ahora, ambas universidades continuar\u00e1n en la comercializaci\u00f3n de este invento. Hoy en d\u00eda se sellan acuerdos con dos compa\u00f1\u00edas de Manizales la ciudad (Bentominercol S.A.S. y Outsourcing Comercial S.A.S. de los empresarios manizale\u00f1os Carlos Alberto Henao y Julio C\u00e9sar Ocampo L\u00f3pez respectivamente) para la producci\u00f3n y comercializaci\u00f3n en serie de fibras SPME (microextracci\u00f3n en fase s\u00f3lida) para uso en cromatograf\u00eda.<\/p>\n<p>Esta es la novena patente que logra la Universidad de Caldas, pues en mayo de este a\u00f1o la Superintendencia de Industria y Comercio concedi\u00f3 la octava patente a la instituci\u00f3n, con la invenci\u00f3n \u201cEquipo para impregnaci\u00f3n a vac\u00edo de compuestos activos, bioactivos, sales y minerales en matrices s\u00f3lidas porosas\u201d, un dispositivo que permite obtener productos alimenticios enriquecidos con mayor cantidad de sustancias de inter\u00e9s, sin deformar la matriz, en comparaci\u00f3n con el proceso convencional.<\/p>\n<p>De acuerdo con la\u00a0<strong>Superintendencia de Industria y Comercio<\/strong>,\u00a0<strong>la patente<\/strong>\u00a0es un privilegio que le otorga el\u00a0<strong>Estado\u00a0<\/strong>al inventor como reconocimiento de la inversi\u00f3n y esfuerzos realizados por \u00e9ste para lograr una soluci\u00f3n t\u00e9cnica que le aporte beneficios a la humanidad. Dicho privilegio consiste en el derecho a explotar exclusivamente el invento durante 10 a\u00f1os cuando se trata de una patente modelo de utilidad. El aprovechamiento consiste en comercializar exclusiva y directamente el producto patentado.<\/p>\n<p>La universidad tiene en proceso\u00a0 otras 9 solicitudes de patente: 1 en India, 1 en Brasil, 1 en USA y 6 en Colombia<\/p>\n<p><u><a href=\"https:\/\/www.ucaldas.edu.co\/portal\/wp-content\/uploads\/2019\/12\/Resoluci%C3%B3n-No.-66548-Exp.-NC20160000271.pdf\">Consulte aqu\u00ed la resoluci\u00f3n de la Superintendencia sobre la nueva patente de la U. de Caldas<\/a><\/u><\/p>\n<p>&nbsp;<\/p>\n<p><strong>Informes:<\/strong> Oficina de Comunicaciones y Prensa Universidad de Caldas. Tel\u00e9fono: 8781500 Extensi\u00f3n: 12167<\/p>\n<p><strong>Redacci\u00f3n:<\/strong> Adriana Osorio Garc\u00eda<\/p>\n","protected":false},"excerpt":{"rendered":"<p>OTRAS NUEVE PATENTES EST\u00c1N EN TR\u00c1MITE Superintendencia de Industria y Comercio otorga novena patente a la Universidad de Caldas 17\/12\/2019 La Universidad de Caldas logr\u00f3 la novena patente con la investigaci\u00f3n \u201cProducto adsorbente que comprende una arcilla modificada con l\u00edquidos i\u00f3nicos, su proceso de fabricaci\u00f3n y membrana empacada en el mismo\u201d. Esta iniciativa la desarroll\u00f3 [&hellip;]<\/p>\n","protected":false},"author":2,"featured_media":53608,"comment_status":"closed","ping_status":"open","sticky":false,"template":"","format":"standard","meta":{"footnotes":""},"categories":[48,53,624],"tags":[191,262,4564],"class_list":["post-53607","post","type-post","status-publish","format-standard","has-post-thumbnail","hentry","category-actualidad","category-universidad-al-dia","category-ucaldas-activa","tag-investigacion","tag-patente","tag-invento"],"yoast_head":"<!-- This site is optimized with the Yoast SEO plugin v27.5 - https:\/\/yoast.com\/product\/yoast-seo-wordpress\/ -->\n<title>Superintendencia de Industria y Comercio otorga novena patente a la Universidad de Caldas .<\/title>\n<meta name=\"robots\" content=\"index, follow, max-snippet:-1, max-image-preview:large, max-video-preview:-1\" \/>\n<link rel=\"canonical\" href=\"https:\/\/www.ucaldas.edu.co\/portal\/superintendencia-de-industria-y-comercio-otorga-novena-patente-a-la-universidad-de-caldas\/\" \/>\n<script type=\"application\/ld+json\" class=\"yoast-schema-graph\">{\"@context\":\"https:\\\/\\\/schema.org\",\"@graph\":[{\"@type\":\"Article\",\"@id\":\"https:\\\/\\\/www.ucaldas.edu.co\\\/portal\\\/superintendencia-de-industria-y-comercio-otorga-novena-patente-a-la-universidad-de-caldas\\\/#article\",\"isPartOf\":{\"@id\":\"https:\\\/\\\/www.ucaldas.edu.co\\\/portal\\\/superintendencia-de-industria-y-comercio-otorga-novena-patente-a-la-universidad-de-caldas\\\/\"},\"author\":{\"name\":\"ofiprensa\",\"@id\":\"https:\\\/\\\/www.ucaldas.edu.co\\\/portal\\\/#\\\/schema\\\/person\\\/a1b482e23449158b4bc319926c074fdf\"},\"headline\":\"Superintendencia de Industria y Comercio otorga novena patente a la Universidad de Caldas\",\"datePublished\":\"2019-12-17T22:34:20+00:00\",\"dateModified\":\"2019-12-17T22:34:25+00:00\",\"mainEntityOfPage\":{\"@id\":\"https:\\\/\\\/www.ucaldas.edu.co\\\/portal\\\/superintendencia-de-industria-y-comercio-otorga-novena-patente-a-la-universidad-de-caldas\\\/\"},\"wordCount\":693,\"publisher\":{\"@id\":\"https:\\\/\\\/www.ucaldas.edu.co\\\/portal\\\/#organization\"},\"image\":{\"@id\":\"https:\\\/\\\/www.ucaldas.edu.co\\\/portal\\\/superintendencia-de-industria-y-comercio-otorga-novena-patente-a-la-universidad-de-caldas\\\/#primaryimage\"},\"thumbnailUrl\":\"https:\\\/\\\/www.ucaldas.edu.co\\\/portal\\\/wp-content\\\/uploads\\\/2019\\\/12\\\/PATENTE-compressor.png\",\"keywords\":[\"investigaci\u00f3n\",\"patente\",\"invento\"],\"articleSection\":[\"Actualidad\",\"Universidad al D\u00eda\",\"UCaldas Activa\"],\"inLanguage\":\"es\"},{\"@type\":\"WebPage\",\"@id\":\"https:\\\/\\\/www.ucaldas.edu.co\\\/portal\\\/superintendencia-de-industria-y-comercio-otorga-novena-patente-a-la-universidad-de-caldas\\\/\",\"url\":\"https:\\\/\\\/www.ucaldas.edu.co\\\/portal\\\/superintendencia-de-industria-y-comercio-otorga-novena-patente-a-la-universidad-de-caldas\\\/\",\"name\":\"Superintendencia de Industria y Comercio otorga novena patente a la Universidad de Caldas .\",\"isPartOf\":{\"@id\":\"https:\\\/\\\/www.ucaldas.edu.co\\\/portal\\\/#website\"},\"primaryImageOfPage\":{\"@id\":\"https:\\\/\\\/www.ucaldas.edu.co\\\/portal\\\/superintendencia-de-industria-y-comercio-otorga-novena-patente-a-la-universidad-de-caldas\\\/#primaryimage\"},\"image\":{\"@id\":\"https:\\\/\\\/www.ucaldas.edu.co\\\/portal\\\/superintendencia-de-industria-y-comercio-otorga-novena-patente-a-la-universidad-de-caldas\\\/#primaryimage\"},\"thumbnailUrl\":\"https:\\\/\\\/www.ucaldas.edu.co\\\/portal\\\/wp-content\\\/uploads\\\/2019\\\/12\\\/PATENTE-compressor.png\",\"datePublished\":\"2019-12-17T22:34:20+00:00\",\"dateModified\":\"2019-12-17T22:34:25+00:00\",\"breadcrumb\":{\"@id\":\"https:\\\/\\\/www.ucaldas.edu.co\\\/portal\\\/superintendencia-de-industria-y-comercio-otorga-novena-patente-a-la-universidad-de-caldas\\\/#breadcrumb\"},\"inLanguage\":\"es\",\"potentialAction\":[{\"@type\":\"ReadAction\",\"target\":[\"https:\\\/\\\/www.ucaldas.edu.co\\\/portal\\\/superintendencia-de-industria-y-comercio-otorga-novena-patente-a-la-universidad-de-caldas\\\/\"]}]},{\"@type\":\"ImageObject\",\"inLanguage\":\"es\",\"@id\":\"https:\\\/\\\/www.ucaldas.edu.co\\\/portal\\\/superintendencia-de-industria-y-comercio-otorga-novena-patente-a-la-universidad-de-caldas\\\/#primaryimage\",\"url\":\"https:\\\/\\\/www.ucaldas.edu.co\\\/portal\\\/wp-content\\\/uploads\\\/2019\\\/12\\\/PATENTE-compressor.png\",\"contentUrl\":\"https:\\\/\\\/www.ucaldas.edu.co\\\/portal\\\/wp-content\\\/uploads\\\/2019\\\/12\\\/PATENTE-compressor.png\",\"width\":700,\"height\":400},{\"@type\":\"BreadcrumbList\",\"@id\":\"https:\\\/\\\/www.ucaldas.edu.co\\\/portal\\\/superintendencia-de-industria-y-comercio-otorga-novena-patente-a-la-universidad-de-caldas\\\/#breadcrumb\",\"itemListElement\":[{\"@type\":\"ListItem\",\"position\":1,\"name\":\"Portada\",\"item\":\"https:\\\/\\\/www.ucaldas.edu.co\\\/portal\\\/\"},{\"@type\":\"ListItem\",\"position\":2,\"name\":\"Superintendencia de Industria y Comercio otorga novena patente a la Universidad de Caldas\"}]},{\"@type\":\"WebSite\",\"@id\":\"https:\\\/\\\/www.ucaldas.edu.co\\\/portal\\\/#website\",\"url\":\"https:\\\/\\\/www.ucaldas.edu.co\\\/portal\\\/\",\"name\":\"Universidad de Caldas\",\"description\":\"\",\"publisher\":{\"@id\":\"https:\\\/\\\/www.ucaldas.edu.co\\\/portal\\\/#organization\"},\"alternateName\":\"U. de Caldas\",\"potentialAction\":[{\"@type\":\"SearchAction\",\"target\":{\"@type\":\"EntryPoint\",\"urlTemplate\":\"https:\\\/\\\/www.ucaldas.edu.co\\\/portal\\\/?s={search_term_string}\"},\"query-input\":{\"@type\":\"PropertyValueSpecification\",\"valueRequired\":true,\"valueName\":\"search_term_string\"}}],\"inLanguage\":\"es\"},{\"@type\":\"Organization\",\"@id\":\"https:\\\/\\\/www.ucaldas.edu.co\\\/portal\\\/#organization\",\"name\":\"Universidad de Caldas\",\"alternateName\":\"U. de Caldas\",\"url\":\"https:\\\/\\\/www.ucaldas.edu.co\\\/portal\\\/\",\"logo\":{\"@type\":\"ImageObject\",\"inLanguage\":\"es\",\"@id\":\"https:\\\/\\\/www.ucaldas.edu.co\\\/portal\\\/#\\\/schema\\\/logo\\\/image\\\/\",\"url\":\"https:\\\/\\\/www.ucaldas.edu.co\\\/portal\\\/wp-content\\\/uploads\\\/2023\\\/11\\\/Logo_horizontal_oscuroU-2023.png\",\"contentUrl\":\"https:\\\/\\\/www.ucaldas.edu.co\\\/portal\\\/wp-content\\\/uploads\\\/2023\\\/11\\\/Logo_horizontal_oscuroU-2023.png\",\"width\":263,\"height\":101,\"caption\":\"Universidad de Caldas\"},\"image\":{\"@id\":\"https:\\\/\\\/www.ucaldas.edu.co\\\/portal\\\/#\\\/schema\\\/logo\\\/image\\\/\"},\"sameAs\":[\"https:\\\/\\\/www.facebook.com\\\/udecaldas\",\"https:\\\/\\\/x.com\\\/udecaldas\",\"https:\\\/\\\/www.youtube.com\\\/universidadcaldas\",\"https:\\\/\\\/www.instagram.com\\\/udecaldas\\\/\"]},{\"@type\":\"Person\",\"@id\":\"https:\\\/\\\/www.ucaldas.edu.co\\\/portal\\\/#\\\/schema\\\/person\\\/a1b482e23449158b4bc319926c074fdf\",\"name\":\"ofiprensa\",\"image\":{\"@type\":\"ImageObject\",\"inLanguage\":\"es\",\"@id\":\"https:\\\/\\\/www.ucaldas.edu.co\\\/portal\\\/wp-content\\\/litespeed\\\/avatar\\\/09ea5085e600095a7a811142c6944527.jpg?ver=1777497608\",\"url\":\"https:\\\/\\\/www.ucaldas.edu.co\\\/portal\\\/wp-content\\\/litespeed\\\/avatar\\\/09ea5085e600095a7a811142c6944527.jpg?ver=1777497608\",\"contentUrl\":\"https:\\\/\\\/www.ucaldas.edu.co\\\/portal\\\/wp-content\\\/litespeed\\\/avatar\\\/09ea5085e600095a7a811142c6944527.jpg?ver=1777497608\",\"caption\":\"ofiprensa\"},\"url\":\"https:\\\/\\\/www.ucaldas.edu.co\\\/portal\\\/author\\\/ofiprensa\\\/\"}]}<\/script>\n<!-- \/ Yoast SEO plugin. -->","yoast_head_json":{"title":"Superintendencia de Industria y Comercio otorga novena patente a la Universidad de Caldas .","robots":{"index":"index","follow":"follow","max-snippet":"max-snippet:-1","max-image-preview":"max-image-preview:large","max-video-preview":"max-video-preview:-1"},"canonical":"https:\/\/www.ucaldas.edu.co\/portal\/superintendencia-de-industria-y-comercio-otorga-novena-patente-a-la-universidad-de-caldas\/","schema":{"@context":"https:\/\/schema.org","@graph":[{"@type":"Article","@id":"https:\/\/www.ucaldas.edu.co\/portal\/superintendencia-de-industria-y-comercio-otorga-novena-patente-a-la-universidad-de-caldas\/#article","isPartOf":{"@id":"https:\/\/www.ucaldas.edu.co\/portal\/superintendencia-de-industria-y-comercio-otorga-novena-patente-a-la-universidad-de-caldas\/"},"author":{"name":"ofiprensa","@id":"https:\/\/www.ucaldas.edu.co\/portal\/#\/schema\/person\/a1b482e23449158b4bc319926c074fdf"},"headline":"Superintendencia de Industria y Comercio otorga novena patente a la Universidad de Caldas","datePublished":"2019-12-17T22:34:20+00:00","dateModified":"2019-12-17T22:34:25+00:00","mainEntityOfPage":{"@id":"https:\/\/www.ucaldas.edu.co\/portal\/superintendencia-de-industria-y-comercio-otorga-novena-patente-a-la-universidad-de-caldas\/"},"wordCount":693,"publisher":{"@id":"https:\/\/www.ucaldas.edu.co\/portal\/#organization"},"image":{"@id":"https:\/\/www.ucaldas.edu.co\/portal\/superintendencia-de-industria-y-comercio-otorga-novena-patente-a-la-universidad-de-caldas\/#primaryimage"},"thumbnailUrl":"https:\/\/www.ucaldas.edu.co\/portal\/wp-content\/uploads\/2019\/12\/PATENTE-compressor.png","keywords":["investigaci\u00f3n","patente","invento"],"articleSection":["Actualidad","Universidad al D\u00eda","UCaldas Activa"],"inLanguage":"es"},{"@type":"WebPage","@id":"https:\/\/www.ucaldas.edu.co\/portal\/superintendencia-de-industria-y-comercio-otorga-novena-patente-a-la-universidad-de-caldas\/","url":"https:\/\/www.ucaldas.edu.co\/portal\/superintendencia-de-industria-y-comercio-otorga-novena-patente-a-la-universidad-de-caldas\/","name":"Superintendencia de Industria y Comercio otorga novena patente a la Universidad de Caldas .","isPartOf":{"@id":"https:\/\/www.ucaldas.edu.co\/portal\/#website"},"primaryImageOfPage":{"@id":"https:\/\/www.ucaldas.edu.co\/portal\/superintendencia-de-industria-y-comercio-otorga-novena-patente-a-la-universidad-de-caldas\/#primaryimage"},"image":{"@id":"https:\/\/www.ucaldas.edu.co\/portal\/superintendencia-de-industria-y-comercio-otorga-novena-patente-a-la-universidad-de-caldas\/#primaryimage"},"thumbnailUrl":"https:\/\/www.ucaldas.edu.co\/portal\/wp-content\/uploads\/2019\/12\/PATENTE-compressor.png","datePublished":"2019-12-17T22:34:20+00:00","dateModified":"2019-12-17T22:34:25+00:00","breadcrumb":{"@id":"https:\/\/www.ucaldas.edu.co\/portal\/superintendencia-de-industria-y-comercio-otorga-novena-patente-a-la-universidad-de-caldas\/#breadcrumb"},"inLanguage":"es","potentialAction":[{"@type":"ReadAction","target":["https:\/\/www.ucaldas.edu.co\/portal\/superintendencia-de-industria-y-comercio-otorga-novena-patente-a-la-universidad-de-caldas\/"]}]},{"@type":"ImageObject","inLanguage":"es","@id":"https:\/\/www.ucaldas.edu.co\/portal\/superintendencia-de-industria-y-comercio-otorga-novena-patente-a-la-universidad-de-caldas\/#primaryimage","url":"https:\/\/www.ucaldas.edu.co\/portal\/wp-content\/uploads\/2019\/12\/PATENTE-compressor.png","contentUrl":"https:\/\/www.ucaldas.edu.co\/portal\/wp-content\/uploads\/2019\/12\/PATENTE-compressor.png","width":700,"height":400},{"@type":"BreadcrumbList","@id":"https:\/\/www.ucaldas.edu.co\/portal\/superintendencia-de-industria-y-comercio-otorga-novena-patente-a-la-universidad-de-caldas\/#breadcrumb","itemListElement":[{"@type":"ListItem","position":1,"name":"Portada","item":"https:\/\/www.ucaldas.edu.co\/portal\/"},{"@type":"ListItem","position":2,"name":"Superintendencia de Industria y Comercio otorga novena patente a la Universidad de Caldas"}]},{"@type":"WebSite","@id":"https:\/\/www.ucaldas.edu.co\/portal\/#website","url":"https:\/\/www.ucaldas.edu.co\/portal\/","name":"Universidad de Caldas","description":"","publisher":{"@id":"https:\/\/www.ucaldas.edu.co\/portal\/#organization"},"alternateName":"U. de Caldas","potentialAction":[{"@type":"SearchAction","target":{"@type":"EntryPoint","urlTemplate":"https:\/\/www.ucaldas.edu.co\/portal\/?s={search_term_string}"},"query-input":{"@type":"PropertyValueSpecification","valueRequired":true,"valueName":"search_term_string"}}],"inLanguage":"es"},{"@type":"Organization","@id":"https:\/\/www.ucaldas.edu.co\/portal\/#organization","name":"Universidad de Caldas","alternateName":"U. de Caldas","url":"https:\/\/www.ucaldas.edu.co\/portal\/","logo":{"@type":"ImageObject","inLanguage":"es","@id":"https:\/\/www.ucaldas.edu.co\/portal\/#\/schema\/logo\/image\/","url":"https:\/\/www.ucaldas.edu.co\/portal\/wp-content\/uploads\/2023\/11\/Logo_horizontal_oscuroU-2023.png","contentUrl":"https:\/\/www.ucaldas.edu.co\/portal\/wp-content\/uploads\/2023\/11\/Logo_horizontal_oscuroU-2023.png","width":263,"height":101,"caption":"Universidad de Caldas"},"image":{"@id":"https:\/\/www.ucaldas.edu.co\/portal\/#\/schema\/logo\/image\/"},"sameAs":["https:\/\/www.facebook.com\/udecaldas","https:\/\/x.com\/udecaldas","https:\/\/www.youtube.com\/universidadcaldas","https:\/\/www.instagram.com\/udecaldas\/"]},{"@type":"Person","@id":"https:\/\/www.ucaldas.edu.co\/portal\/#\/schema\/person\/a1b482e23449158b4bc319926c074fdf","name":"ofiprensa","image":{"@type":"ImageObject","inLanguage":"es","@id":"https:\/\/www.ucaldas.edu.co\/portal\/wp-content\/litespeed\/avatar\/09ea5085e600095a7a811142c6944527.jpg?ver=1777497608","url":"https:\/\/www.ucaldas.edu.co\/portal\/wp-content\/litespeed\/avatar\/09ea5085e600095a7a811142c6944527.jpg?ver=1777497608","contentUrl":"https:\/\/www.ucaldas.edu.co\/portal\/wp-content\/litespeed\/avatar\/09ea5085e600095a7a811142c6944527.jpg?ver=1777497608","caption":"ofiprensa"},"url":"https:\/\/www.ucaldas.edu.co\/portal\/author\/ofiprensa\/"}]}},"_links":{"self":[{"href":"https:\/\/www.ucaldas.edu.co\/portal\/wp-json\/wp\/v2\/posts\/53607","targetHints":{"allow":["GET"]}}],"collection":[{"href":"https:\/\/www.ucaldas.edu.co\/portal\/wp-json\/wp\/v2\/posts"}],"about":[{"href":"https:\/\/www.ucaldas.edu.co\/portal\/wp-json\/wp\/v2\/types\/post"}],"author":[{"embeddable":true,"href":"https:\/\/www.ucaldas.edu.co\/portal\/wp-json\/wp\/v2\/users\/2"}],"replies":[{"embeddable":true,"href":"https:\/\/www.ucaldas.edu.co\/portal\/wp-json\/wp\/v2\/comments?post=53607"}],"version-history":[{"count":0,"href":"https:\/\/www.ucaldas.edu.co\/portal\/wp-json\/wp\/v2\/posts\/53607\/revisions"}],"wp:featuredmedia":[{"embeddable":true,"href":"https:\/\/www.ucaldas.edu.co\/portal\/wp-json\/wp\/v2\/media\/53608"}],"wp:attachment":[{"href":"https:\/\/www.ucaldas.edu.co\/portal\/wp-json\/wp\/v2\/media?parent=53607"}],"wp:term":[{"taxonomy":"category","embeddable":true,"href":"https:\/\/www.ucaldas.edu.co\/portal\/wp-json\/wp\/v2\/categories?post=53607"},{"taxonomy":"post_tag","embeddable":true,"href":"https:\/\/www.ucaldas.edu.co\/portal\/wp-json\/wp\/v2\/tags?post=53607"}],"curies":[{"name":"wp","href":"https:\/\/api.w.org\/{rel}","templated":true}]}}