{"id":53584,"date":"2019-12-16T21:58:43","date_gmt":"2019-12-16T21:58:43","guid":{"rendered":"https:\/\/www.ucaldas.edu.co\/portal\/?p=53584"},"modified":"2019-12-16T21:58:47","modified_gmt":"2019-12-16T21:58:47","slug":"icetex-abrio-la-convocatoria-de-credito-para-estudios-de-pregrado-y-posgrado-para-primer-semestre-de-2020","status":"publish","type":"post","link":"https:\/\/www.ucaldas.edu.co\/portal\/icetex-abrio-la-convocatoria-de-credito-para-estudios-de-pregrado-y-posgrado-para-primer-semestre-de-2020\/","title":{"rendered":"Icetex abri\u00f3 la convocatoria de cr\u00e9dito para estudios de pregrado y posgrado para primer semestre de 2020"},"content":{"rendered":"<p style=\"text-align: center;\">LAS POSTULACIONES DEBER\u00c1N HACERSE A TRAV\u00c9S DEL PORTAL WEB<\/p>\n<p style=\"text-align: center;\"><strong>Icetex abri\u00f3 la convocatoria de cr\u00e9dito para estudios de pregrado y posgrado para primer semestre de 2020<\/strong><\/p>\n<p style=\"text-align: right;\">16\/12\/2019<\/p>\n<p><img loading=\"lazy\" decoding=\"async\" class=\"alignnone wp-image-53585 size-full\" src=\"https:\/\/www.ucaldas.edu.co\/portal\/wp-content\/uploads\/2019\/12\/ESTUDIANTES-compressor.png\" alt=\"\" width=\"700\" height=\"400\" srcset=\"https:\/\/www.ucaldas.edu.co\/portal\/wp-content\/uploads\/2019\/12\/ESTUDIANTES-compressor.png 700w, https:\/\/www.ucaldas.edu.co\/portal\/wp-content\/uploads\/2019\/12\/ESTUDIANTES-compressor-300x171.png 300w\" sizes=\"auto, (max-width: 700px) 100vw, 700px\" \/><\/p>\n<p>El Instituto Colombiano de Cr\u00e9dito Educativo y Estudios T\u00e9cnicos en el Exterior\u00a0<strong>ICETEX<\/strong>\u200b tiene abierta la convocatoria para acceder\u00a0 a cr\u00e9ditos de financiaci\u00f3n para pregrado y posgrado.<!--more--><\/p>\n<p>Hasta el pr\u00f3ximo 28 de febrero de 2020 para pregrados y 27 de marzo para posgrados. La convocatoria para actualizaci\u00f3n de datos del estudiante que ya cuenta con un cr\u00e9dito de la entidad est\u00e1 abierta hasta el 17 de febrero de 2020 y para renovaciones en las Instituciones de Educaci\u00f3n Superior hasta el 28 de febrero.<\/p>\n<p>Las solicitudes de cr\u00e9dito educativo se deben realizar a trav\u00e9s de la p\u00e1gina web de ICETEX, en\u00a0<a href=\"https:\/\/portal.icetex.gov.co\/Portal\/Home\/prensa\/2019\/11\/12\/www.icetex.gov.co\">www.icetex.gov.co<\/a>.<\/p>\n<p>Con la conferencia \u201cG\u00e9nero, afecto y territorio en la Comisi\u00f3n Corogr\u00e1fica del Siglo XIX\u201d, el Grupo Territorialidades del Instituto de Investigaciones en Ciencias Sociales y Humanas de la Universidad de Caldas celebrar\u00e1 sus 20 a\u00f1os de labores este viernes 13 de diciembre. El cr\u00e9dito brinda adem\u00e1s, de acuerdo con la disponibilidad presupuestal, beneficios para la poblaci\u00f3n con SISBEN (dentro de los puntajes establecidos en la convocatoria) como el subsidio a la tasa y de apoyo de sostenimiento, as\u00ed como la condonaci\u00f3n del 25% por graduaci\u00f3n.<\/p>\n<p>Las inscripciones para acceder a este cr\u00e9dito se deben realizar en la p\u00e1gina web <a href=\"https:\/\/portal.icetex.gov.co\/Portal\/Home\/HomeEstudiante\/creditos-tu-eliges\">https:\/\/portal.icetex.gov.co\/Portal\/Home\/HomeEstudiante\/creditos-tu-eliges<\/a> donde adem\u00e1s los aspirantes pueden encontrar todas las caracter\u00edsticas y requisitos necesarios para acceder a cualquiera de las l\u00edneas de financiaci\u00f3n disponibles.<\/p>\n<p>Para posgrado en el pa\u00eds los estudiantes pueden acceder a una l\u00ednea en la que pagan el 20% del cr\u00e9dito otorgado durante sus estudios y reembolsan el porcentaje restante al terminarlos. Tambi\u00e9n, quienes acceden a estudios de especializaci\u00f3n en Medicina en Colombia pueden pagar la totalidad del cr\u00e9dito al finalizarlos.<\/p>\n<p>Para cr\u00e9ditos de posgrado en el exterior, los estudiantes pagan la totalidad de su cr\u00e9dito luego de culminado el programa acad\u00e9mico. Esta caracter\u00edstica de financiaci\u00f3n tambi\u00e9n est\u00e1 disponible en las dem\u00e1s l\u00edneas de estudios en el exterior: cr\u00e9ditos para sostenimiento, complemento a beca, perfeccionamiento en idiomas, pasant\u00edas y programas de investigaci\u00f3n e intercambio educativo.<\/p>\n<p>La informaci\u00f3n de la convocatoria de cr\u00e9ditos, as\u00ed como las caracter\u00edsticas y requisitos de cada l\u00ednea de financiaci\u00f3n, se\u00a0 pueden conocer en\u00a0<a href=\"https:\/\/portal.icetex.gov.co\/Portal\/Home\/prensa\/2019\/11\/12\/www.icetex.gov.co\">www.icetex.gov.co<\/a>.<\/p>\n<p>Tambi\u00e9n puede conocer el video general sobre qu\u00e9 es y c\u00f3mo funciona el cr\u00e9dito educativo en el siguiente enlace:\u00a0<a href=\"https:\/\/bit.ly\/2YU4yMj\">https:\/\/bit.ly\/2YU4yMj<\/a> \u00a0y la descripci\u00f3n de sus l\u00edneas de financiaci\u00f3n en el siguiente enlace:\u00a0<a href=\"https:\/\/bit.ly\/36RkaDp\">https:\/\/bit.ly\/36RkaDp<\/a><\/p>\n<p>&nbsp;<\/p>\n<p><strong>Informes:<\/strong> Oficina de Comunicaciones y Prensa Universidad de Caldas. Tel\u00e9fono: 8781500 Extensi\u00f3n: 12167<\/p>\n<p><strong>Redacci\u00f3n:<\/strong> Adriana Salazar<\/p>\n","protected":false},"excerpt":{"rendered":"<p>LAS POSTULACIONES DEBER\u00c1N HACERSE A TRAV\u00c9S DEL PORTAL WEB Icetex abri\u00f3 la convocatoria de cr\u00e9dito para estudios de pregrado y posgrado para primer semestre de 2020 16\/12\/2019 El Instituto Colombiano de Cr\u00e9dito Educativo y Estudios T\u00e9cnicos en el Exterior\u00a0ICETEX\u200b tiene abierta la convocatoria para acceder\u00a0 a cr\u00e9ditos de financiaci\u00f3n para pregrado y posgrado.<\/p>\n","protected":false},"author":2,"featured_media":53585,"comment_status":"closed","ping_status":"open","sticky":false,"template":"","format":"standard","meta":{"footnotes":""},"categories":[48,53,617],"tags":[351,4527,4558],"class_list":["post-53584","post","type-post","status-publish","format-standard","has-post-thumbnail","hentry","category-actualidad","category-universidad-al-dia","category-ucaldas-colaborativa","tag-icetex","tag-creditos","tag-pregrado-y-posgrado"],"yoast_head":"<!-- This site is optimized with the Yoast SEO plugin v27.5 - https:\/\/yoast.com\/product\/yoast-seo-wordpress\/ -->\n<title>Icetex abri\u00f3 la convocatoria de cr\u00e9dito para estudios de pregrado y posgrado para primer semestre de 2020 .<\/title>\n<meta name=\"robots\" content=\"index, follow, max-snippet:-1, max-image-preview:large, max-video-preview:-1\" \/>\n<link rel=\"canonical\" href=\"https:\/\/www.ucaldas.edu.co\/portal\/icetex-abrio-la-convocatoria-de-credito-para-estudios-de-pregrado-y-posgrado-para-primer-semestre-de-2020\/\" \/>\n<script type=\"application\/ld+json\" class=\"yoast-schema-graph\">{\"@context\":\"https:\\\/\\\/schema.org\",\"@graph\":[{\"@type\":\"Article\",\"@id\":\"https:\\\/\\\/www.ucaldas.edu.co\\\/portal\\\/icetex-abrio-la-convocatoria-de-credito-para-estudios-de-pregrado-y-posgrado-para-primer-semestre-de-2020\\\/#article\",\"isPartOf\":{\"@id\":\"https:\\\/\\\/www.ucaldas.edu.co\\\/portal\\\/icetex-abrio-la-convocatoria-de-credito-para-estudios-de-pregrado-y-posgrado-para-primer-semestre-de-2020\\\/\"},\"author\":{\"name\":\"ofiprensa\",\"@id\":\"https:\\\/\\\/www.ucaldas.edu.co\\\/portal\\\/#\\\/schema\\\/person\\\/a1b482e23449158b4bc319926c074fdf\"},\"headline\":\"Icetex abri\u00f3 la convocatoria de cr\u00e9dito para estudios de pregrado y posgrado para primer semestre de 2020\",\"datePublished\":\"2019-12-16T21:58:43+00:00\",\"dateModified\":\"2019-12-16T21:58:47+00:00\",\"mainEntityOfPage\":{\"@id\":\"https:\\\/\\\/www.ucaldas.edu.co\\\/portal\\\/icetex-abrio-la-convocatoria-de-credito-para-estudios-de-pregrado-y-posgrado-para-primer-semestre-de-2020\\\/\"},\"wordCount\":511,\"publisher\":{\"@id\":\"https:\\\/\\\/www.ucaldas.edu.co\\\/portal\\\/#organization\"},\"image\":{\"@id\":\"https:\\\/\\\/www.ucaldas.edu.co\\\/portal\\\/icetex-abrio-la-convocatoria-de-credito-para-estudios-de-pregrado-y-posgrado-para-primer-semestre-de-2020\\\/#primaryimage\"},\"thumbnailUrl\":\"https:\\\/\\\/www.ucaldas.edu.co\\\/portal\\\/wp-content\\\/uploads\\\/2019\\\/12\\\/ESTUDIANTES-compressor.png\",\"keywords\":[\"Icetex\",\"cr\u00e9ditos\",\"pregrado y posgrado\"],\"articleSection\":[\"Actualidad\",\"Universidad al D\u00eda\",\"UCaldas Colaborativa\"],\"inLanguage\":\"es\"},{\"@type\":\"WebPage\",\"@id\":\"https:\\\/\\\/www.ucaldas.edu.co\\\/portal\\\/icetex-abrio-la-convocatoria-de-credito-para-estudios-de-pregrado-y-posgrado-para-primer-semestre-de-2020\\\/\",\"url\":\"https:\\\/\\\/www.ucaldas.edu.co\\\/portal\\\/icetex-abrio-la-convocatoria-de-credito-para-estudios-de-pregrado-y-posgrado-para-primer-semestre-de-2020\\\/\",\"name\":\"Icetex abri\u00f3 la convocatoria de cr\u00e9dito para estudios de pregrado y posgrado para primer semestre de 2020 .\",\"isPartOf\":{\"@id\":\"https:\\\/\\\/www.ucaldas.edu.co\\\/portal\\\/#website\"},\"primaryImageOfPage\":{\"@id\":\"https:\\\/\\\/www.ucaldas.edu.co\\\/portal\\\/icetex-abrio-la-convocatoria-de-credito-para-estudios-de-pregrado-y-posgrado-para-primer-semestre-de-2020\\\/#primaryimage\"},\"image\":{\"@id\":\"https:\\\/\\\/www.ucaldas.edu.co\\\/portal\\\/icetex-abrio-la-convocatoria-de-credito-para-estudios-de-pregrado-y-posgrado-para-primer-semestre-de-2020\\\/#primaryimage\"},\"thumbnailUrl\":\"https:\\\/\\\/www.ucaldas.edu.co\\\/portal\\\/wp-content\\\/uploads\\\/2019\\\/12\\\/ESTUDIANTES-compressor.png\",\"datePublished\":\"2019-12-16T21:58:43+00:00\",\"dateModified\":\"2019-12-16T21:58:47+00:00\",\"breadcrumb\":{\"@id\":\"https:\\\/\\\/www.ucaldas.edu.co\\\/portal\\\/icetex-abrio-la-convocatoria-de-credito-para-estudios-de-pregrado-y-posgrado-para-primer-semestre-de-2020\\\/#breadcrumb\"},\"inLanguage\":\"es\",\"potentialAction\":[{\"@type\":\"ReadAction\",\"target\":[\"https:\\\/\\\/www.ucaldas.edu.co\\\/portal\\\/icetex-abrio-la-convocatoria-de-credito-para-estudios-de-pregrado-y-posgrado-para-primer-semestre-de-2020\\\/\"]}]},{\"@type\":\"ImageObject\",\"inLanguage\":\"es\",\"@id\":\"https:\\\/\\\/www.ucaldas.edu.co\\\/portal\\\/icetex-abrio-la-convocatoria-de-credito-para-estudios-de-pregrado-y-posgrado-para-primer-semestre-de-2020\\\/#primaryimage\",\"url\":\"https:\\\/\\\/www.ucaldas.edu.co\\\/portal\\\/wp-content\\\/uploads\\\/2019\\\/12\\\/ESTUDIANTES-compressor.png\",\"contentUrl\":\"https:\\\/\\\/www.ucaldas.edu.co\\\/portal\\\/wp-content\\\/uploads\\\/2019\\\/12\\\/ESTUDIANTES-compressor.png\",\"width\":700,\"height\":400},{\"@type\":\"BreadcrumbList\",\"@id\":\"https:\\\/\\\/www.ucaldas.edu.co\\\/portal\\\/icetex-abrio-la-convocatoria-de-credito-para-estudios-de-pregrado-y-posgrado-para-primer-semestre-de-2020\\\/#breadcrumb\",\"itemListElement\":[{\"@type\":\"ListItem\",\"position\":1,\"name\":\"Portada\",\"item\":\"https:\\\/\\\/www.ucaldas.edu.co\\\/portal\\\/\"},{\"@type\":\"ListItem\",\"position\":2,\"name\":\"Icetex abri\u00f3 la convocatoria de cr\u00e9dito para estudios de pregrado y posgrado para primer semestre de 2020\"}]},{\"@type\":\"WebSite\",\"@id\":\"https:\\\/\\\/www.ucaldas.edu.co\\\/portal\\\/#website\",\"url\":\"https:\\\/\\\/www.ucaldas.edu.co\\\/portal\\\/\",\"name\":\"Universidad de Caldas\",\"description\":\"\",\"publisher\":{\"@id\":\"https:\\\/\\\/www.ucaldas.edu.co\\\/portal\\\/#organization\"},\"alternateName\":\"U. de Caldas\",\"potentialAction\":[{\"@type\":\"SearchAction\",\"target\":{\"@type\":\"EntryPoint\",\"urlTemplate\":\"https:\\\/\\\/www.ucaldas.edu.co\\\/portal\\\/?s={search_term_string}\"},\"query-input\":{\"@type\":\"PropertyValueSpecification\",\"valueRequired\":true,\"valueName\":\"search_term_string\"}}],\"inLanguage\":\"es\"},{\"@type\":\"Organization\",\"@id\":\"https:\\\/\\\/www.ucaldas.edu.co\\\/portal\\\/#organization\",\"name\":\"Universidad de Caldas\",\"alternateName\":\"U. de Caldas\",\"url\":\"https:\\\/\\\/www.ucaldas.edu.co\\\/portal\\\/\",\"logo\":{\"@type\":\"ImageObject\",\"inLanguage\":\"es\",\"@id\":\"https:\\\/\\\/www.ucaldas.edu.co\\\/portal\\\/#\\\/schema\\\/logo\\\/image\\\/\",\"url\":\"https:\\\/\\\/www.ucaldas.edu.co\\\/portal\\\/wp-content\\\/uploads\\\/2023\\\/11\\\/Logo_horizontal_oscuroU-2023.png\",\"contentUrl\":\"https:\\\/\\\/www.ucaldas.edu.co\\\/portal\\\/wp-content\\\/uploads\\\/2023\\\/11\\\/Logo_horizontal_oscuroU-2023.png\",\"width\":263,\"height\":101,\"caption\":\"Universidad de Caldas\"},\"image\":{\"@id\":\"https:\\\/\\\/www.ucaldas.edu.co\\\/portal\\\/#\\\/schema\\\/logo\\\/image\\\/\"},\"sameAs\":[\"https:\\\/\\\/www.facebook.com\\\/udecaldas\",\"https:\\\/\\\/x.com\\\/udecaldas\",\"https:\\\/\\\/www.youtube.com\\\/universidadcaldas\",\"https:\\\/\\\/www.instagram.com\\\/udecaldas\\\/\"]},{\"@type\":\"Person\",\"@id\":\"https:\\\/\\\/www.ucaldas.edu.co\\\/portal\\\/#\\\/schema\\\/person\\\/a1b482e23449158b4bc319926c074fdf\",\"name\":\"ofiprensa\",\"image\":{\"@type\":\"ImageObject\",\"inLanguage\":\"es\",\"@id\":\"https:\\\/\\\/www.ucaldas.edu.co\\\/portal\\\/wp-content\\\/litespeed\\\/avatar\\\/09ea5085e600095a7a811142c6944527.jpg?ver=1777497608\",\"url\":\"https:\\\/\\\/www.ucaldas.edu.co\\\/portal\\\/wp-content\\\/litespeed\\\/avatar\\\/09ea5085e600095a7a811142c6944527.jpg?ver=1777497608\",\"contentUrl\":\"https:\\\/\\\/www.ucaldas.edu.co\\\/portal\\\/wp-content\\\/litespeed\\\/avatar\\\/09ea5085e600095a7a811142c6944527.jpg?ver=1777497608\",\"caption\":\"ofiprensa\"},\"url\":\"https:\\\/\\\/www.ucaldas.edu.co\\\/portal\\\/author\\\/ofiprensa\\\/\"}]}<\/script>\n<!-- \/ Yoast SEO plugin. -->","yoast_head_json":{"title":"Icetex abri\u00f3 la convocatoria de cr\u00e9dito para estudios de pregrado y posgrado para primer semestre de 2020 .","robots":{"index":"index","follow":"follow","max-snippet":"max-snippet:-1","max-image-preview":"max-image-preview:large","max-video-preview":"max-video-preview:-1"},"canonical":"https:\/\/www.ucaldas.edu.co\/portal\/icetex-abrio-la-convocatoria-de-credito-para-estudios-de-pregrado-y-posgrado-para-primer-semestre-de-2020\/","schema":{"@context":"https:\/\/schema.org","@graph":[{"@type":"Article","@id":"https:\/\/www.ucaldas.edu.co\/portal\/icetex-abrio-la-convocatoria-de-credito-para-estudios-de-pregrado-y-posgrado-para-primer-semestre-de-2020\/#article","isPartOf":{"@id":"https:\/\/www.ucaldas.edu.co\/portal\/icetex-abrio-la-convocatoria-de-credito-para-estudios-de-pregrado-y-posgrado-para-primer-semestre-de-2020\/"},"author":{"name":"ofiprensa","@id":"https:\/\/www.ucaldas.edu.co\/portal\/#\/schema\/person\/a1b482e23449158b4bc319926c074fdf"},"headline":"Icetex abri\u00f3 la convocatoria de cr\u00e9dito para estudios de pregrado y posgrado para primer semestre de 2020","datePublished":"2019-12-16T21:58:43+00:00","dateModified":"2019-12-16T21:58:47+00:00","mainEntityOfPage":{"@id":"https:\/\/www.ucaldas.edu.co\/portal\/icetex-abrio-la-convocatoria-de-credito-para-estudios-de-pregrado-y-posgrado-para-primer-semestre-de-2020\/"},"wordCount":511,"publisher":{"@id":"https:\/\/www.ucaldas.edu.co\/portal\/#organization"},"image":{"@id":"https:\/\/www.ucaldas.edu.co\/portal\/icetex-abrio-la-convocatoria-de-credito-para-estudios-de-pregrado-y-posgrado-para-primer-semestre-de-2020\/#primaryimage"},"thumbnailUrl":"https:\/\/www.ucaldas.edu.co\/portal\/wp-content\/uploads\/2019\/12\/ESTUDIANTES-compressor.png","keywords":["Icetex","cr\u00e9ditos","pregrado y posgrado"],"articleSection":["Actualidad","Universidad al D\u00eda","UCaldas Colaborativa"],"inLanguage":"es"},{"@type":"WebPage","@id":"https:\/\/www.ucaldas.edu.co\/portal\/icetex-abrio-la-convocatoria-de-credito-para-estudios-de-pregrado-y-posgrado-para-primer-semestre-de-2020\/","url":"https:\/\/www.ucaldas.edu.co\/portal\/icetex-abrio-la-convocatoria-de-credito-para-estudios-de-pregrado-y-posgrado-para-primer-semestre-de-2020\/","name":"Icetex abri\u00f3 la convocatoria de cr\u00e9dito para estudios de pregrado y posgrado para primer semestre de 2020 .","isPartOf":{"@id":"https:\/\/www.ucaldas.edu.co\/portal\/#website"},"primaryImageOfPage":{"@id":"https:\/\/www.ucaldas.edu.co\/portal\/icetex-abrio-la-convocatoria-de-credito-para-estudios-de-pregrado-y-posgrado-para-primer-semestre-de-2020\/#primaryimage"},"image":{"@id":"https:\/\/www.ucaldas.edu.co\/portal\/icetex-abrio-la-convocatoria-de-credito-para-estudios-de-pregrado-y-posgrado-para-primer-semestre-de-2020\/#primaryimage"},"thumbnailUrl":"https:\/\/www.ucaldas.edu.co\/portal\/wp-content\/uploads\/2019\/12\/ESTUDIANTES-compressor.png","datePublished":"2019-12-16T21:58:43+00:00","dateModified":"2019-12-16T21:58:47+00:00","breadcrumb":{"@id":"https:\/\/www.ucaldas.edu.co\/portal\/icetex-abrio-la-convocatoria-de-credito-para-estudios-de-pregrado-y-posgrado-para-primer-semestre-de-2020\/#breadcrumb"},"inLanguage":"es","potentialAction":[{"@type":"ReadAction","target":["https:\/\/www.ucaldas.edu.co\/portal\/icetex-abrio-la-convocatoria-de-credito-para-estudios-de-pregrado-y-posgrado-para-primer-semestre-de-2020\/"]}]},{"@type":"ImageObject","inLanguage":"es","@id":"https:\/\/www.ucaldas.edu.co\/portal\/icetex-abrio-la-convocatoria-de-credito-para-estudios-de-pregrado-y-posgrado-para-primer-semestre-de-2020\/#primaryimage","url":"https:\/\/www.ucaldas.edu.co\/portal\/wp-content\/uploads\/2019\/12\/ESTUDIANTES-compressor.png","contentUrl":"https:\/\/www.ucaldas.edu.co\/portal\/wp-content\/uploads\/2019\/12\/ESTUDIANTES-compressor.png","width":700,"height":400},{"@type":"BreadcrumbList","@id":"https:\/\/www.ucaldas.edu.co\/portal\/icetex-abrio-la-convocatoria-de-credito-para-estudios-de-pregrado-y-posgrado-para-primer-semestre-de-2020\/#breadcrumb","itemListElement":[{"@type":"ListItem","position":1,"name":"Portada","item":"https:\/\/www.ucaldas.edu.co\/portal\/"},{"@type":"ListItem","position":2,"name":"Icetex abri\u00f3 la convocatoria de cr\u00e9dito para estudios de pregrado y posgrado para primer semestre de 2020"}]},{"@type":"WebSite","@id":"https:\/\/www.ucaldas.edu.co\/portal\/#website","url":"https:\/\/www.ucaldas.edu.co\/portal\/","name":"Universidad de Caldas","description":"","publisher":{"@id":"https:\/\/www.ucaldas.edu.co\/portal\/#organization"},"alternateName":"U. de Caldas","potentialAction":[{"@type":"SearchAction","target":{"@type":"EntryPoint","urlTemplate":"https:\/\/www.ucaldas.edu.co\/portal\/?s={search_term_string}"},"query-input":{"@type":"PropertyValueSpecification","valueRequired":true,"valueName":"search_term_string"}}],"inLanguage":"es"},{"@type":"Organization","@id":"https:\/\/www.ucaldas.edu.co\/portal\/#organization","name":"Universidad de Caldas","alternateName":"U. de Caldas","url":"https:\/\/www.ucaldas.edu.co\/portal\/","logo":{"@type":"ImageObject","inLanguage":"es","@id":"https:\/\/www.ucaldas.edu.co\/portal\/#\/schema\/logo\/image\/","url":"https:\/\/www.ucaldas.edu.co\/portal\/wp-content\/uploads\/2023\/11\/Logo_horizontal_oscuroU-2023.png","contentUrl":"https:\/\/www.ucaldas.edu.co\/portal\/wp-content\/uploads\/2023\/11\/Logo_horizontal_oscuroU-2023.png","width":263,"height":101,"caption":"Universidad de Caldas"},"image":{"@id":"https:\/\/www.ucaldas.edu.co\/portal\/#\/schema\/logo\/image\/"},"sameAs":["https:\/\/www.facebook.com\/udecaldas","https:\/\/x.com\/udecaldas","https:\/\/www.youtube.com\/universidadcaldas","https:\/\/www.instagram.com\/udecaldas\/"]},{"@type":"Person","@id":"https:\/\/www.ucaldas.edu.co\/portal\/#\/schema\/person\/a1b482e23449158b4bc319926c074fdf","name":"ofiprensa","image":{"@type":"ImageObject","inLanguage":"es","@id":"https:\/\/www.ucaldas.edu.co\/portal\/wp-content\/litespeed\/avatar\/09ea5085e600095a7a811142c6944527.jpg?ver=1777497608","url":"https:\/\/www.ucaldas.edu.co\/portal\/wp-content\/litespeed\/avatar\/09ea5085e600095a7a811142c6944527.jpg?ver=1777497608","contentUrl":"https:\/\/www.ucaldas.edu.co\/portal\/wp-content\/litespeed\/avatar\/09ea5085e600095a7a811142c6944527.jpg?ver=1777497608","caption":"ofiprensa"},"url":"https:\/\/www.ucaldas.edu.co\/portal\/author\/ofiprensa\/"}]}},"_links":{"self":[{"href":"https:\/\/www.ucaldas.edu.co\/portal\/wp-json\/wp\/v2\/posts\/53584","targetHints":{"allow":["GET"]}}],"collection":[{"href":"https:\/\/www.ucaldas.edu.co\/portal\/wp-json\/wp\/v2\/posts"}],"about":[{"href":"https:\/\/www.ucaldas.edu.co\/portal\/wp-json\/wp\/v2\/types\/post"}],"author":[{"embeddable":true,"href":"https:\/\/www.ucaldas.edu.co\/portal\/wp-json\/wp\/v2\/users\/2"}],"replies":[{"embeddable":true,"href":"https:\/\/www.ucaldas.edu.co\/portal\/wp-json\/wp\/v2\/comments?post=53584"}],"version-history":[{"count":0,"href":"https:\/\/www.ucaldas.edu.co\/portal\/wp-json\/wp\/v2\/posts\/53584\/revisions"}],"wp:featuredmedia":[{"embeddable":true,"href":"https:\/\/www.ucaldas.edu.co\/portal\/wp-json\/wp\/v2\/media\/53585"}],"wp:attachment":[{"href":"https:\/\/www.ucaldas.edu.co\/portal\/wp-json\/wp\/v2\/media?parent=53584"}],"wp:term":[{"taxonomy":"category","embeddable":true,"href":"https:\/\/www.ucaldas.edu.co\/portal\/wp-json\/wp\/v2\/categories?post=53584"},{"taxonomy":"post_tag","embeddable":true,"href":"https:\/\/www.ucaldas.edu.co\/portal\/wp-json\/wp\/v2\/tags?post=53584"}],"curies":[{"name":"wp","href":"https:\/\/api.w.org\/{rel}","templated":true}]}}