{"id":53577,"date":"2019-12-13T21:25:35","date_gmt":"2019-12-13T21:25:35","guid":{"rendered":"https:\/\/www.ucaldas.edu.co\/portal\/?p=53577"},"modified":"2019-12-13T21:25:40","modified_gmt":"2019-12-13T21:25:40","slug":"docente-de-la-u-de-caldas-se-destaco-con-ponencia-en-el-congreso-latinoamericano-de-sociologia","status":"publish","type":"post","link":"https:\/\/www.ucaldas.edu.co\/portal\/docente-de-la-u-de-caldas-se-destaco-con-ponencia-en-el-congreso-latinoamericano-de-sociologia\/","title":{"rendered":"Docente de la U. de Caldas se destac\u00f3 con ponencia en el Congreso Latinoamericano de Sociolog\u00eda"},"content":{"rendered":"<p style=\"text-align: center;\">EL EVENTO SE REALIZ\u00d3 EN LIMA (PER\u00da)<\/p>\n<p style=\"text-align: center;\"><strong>Docente de la U. de Caldas se destac\u00f3 con ponencia en el Congreso Latinoamericano de Sociolog\u00eda<\/strong><\/p>\n<p style=\"text-align: right;\">13\/12\/2019<\/p>\n<p><img loading=\"lazy\" decoding=\"async\" class=\"aligncenter wp-image-53578 size-full\" src=\"https:\/\/www.ucaldas.edu.co\/portal\/wp-content\/uploads\/2019\/12\/SOCIOLOGA-compressor.png\" alt=\"\" width=\"700\" height=\"400\" srcset=\"https:\/\/www.ucaldas.edu.co\/portal\/wp-content\/uploads\/2019\/12\/SOCIOLOGA-compressor.png 700w, https:\/\/www.ucaldas.edu.co\/portal\/wp-content\/uploads\/2019\/12\/SOCIOLOGA-compressor-300x171.png 300w\" sizes=\"auto, (max-width: 700px) 100vw, 700px\" \/><\/p>\n<p>La soci\u00f3loga y profesora asociada de la Universidad de Caldas Mary Luz Sandoval Robayo (Ph.D) particip\u00f3 en el trig\u00e9simo segundo \u00a0Congreso Latinoamericano de Sociolog\u00eda (ALAS), en Lima (Per\u00fa). La docente present\u00f3 una ponencia derivada de su trabajo de tesis de doctorado, denominada \u00abFactores obstructivos al ascenso de las izquierdas: paralelismos entre Per\u00fa y Colombia\u00bb, en el marco del grupo de trabajo \u00abEstado, legitimidad, gobernabilidad y democracia\u00bb.<!--more--><\/p>\n<p>La intervenci\u00f3n llam\u00f3 la atenci\u00f3n de los expertos asistentes de diferentes pa\u00edses por su novedosa propuesta de un modelo metodol\u00f3gico que implica la iniciativa de una investigaci\u00f3n comparativa binacional, donde no se llev\u00f3 a cabo el denominado \u00abgiro a la izquierda\u00bb.<\/p>\n<p>El evento se llev\u00f3 a cabo entre el 1 y el 6 de diciembre de este a\u00f1o en las instalaciones de la Universidad Nacional Mayor de San Marcos.<\/p>\n<p>El congreso tiene una tradici\u00f3n de 69 a\u00f1os de actividades. Es un encuentro del gremio de sociolog\u00eda con la participaci\u00f3n de cerca de 3 mil 600 soci\u00f3logos, entre asistentes y ponentes. En esta oportunidad el nombre del congreso fue \u00abHacia un nuevo horizonte de sentido hist\u00f3rico de una civilizaci\u00f3n de vida\u00bb.<\/p>\n<p>El congreso ALAS fue patrocinado por la Asociaci\u00f3n Mundial de Sociolog\u00eda, ISA, CLACSO, la Universidad de San Marcos y varias instituciones con alto reconocimiento acad\u00e9mico.<\/p>\n<p>&nbsp;<\/p>\n<p><strong>Informes:<\/strong> Oficina de Comunicaciones y Prensa Universidad de Caldas. Tel\u00e9fono: 8781500 Extensi\u00f3n: 12167<\/p>\n<p><strong>Redacci\u00f3n:<\/strong> Adriana Osorio Garc\u00eda<\/p>\n","protected":false},"excerpt":{"rendered":"<p>EL EVENTO SE REALIZ\u00d3 EN LIMA (PER\u00da) Docente de la U. de Caldas se destac\u00f3 con ponencia en el Congreso Latinoamericano de Sociolog\u00eda 13\/12\/2019 La soci\u00f3loga y profesora asociada de la Universidad de Caldas Mary Luz Sandoval Robayo (Ph.D) particip\u00f3 en el trig\u00e9simo segundo \u00a0Congreso Latinoamericano de Sociolog\u00eda (ALAS), en Lima (Per\u00fa). La docente present\u00f3 [&hellip;]<\/p>\n","protected":false},"author":2,"featured_media":53578,"comment_status":"closed","ping_status":"open","sticky":false,"template":"","format":"standard","meta":{"footnotes":""},"categories":[48,53,614],"tags":[171,367,1915],"class_list":["post-53577","post","type-post","status-publish","format-standard","has-post-thumbnail","hentry","category-actualidad","category-universidad-al-dia","category-ucaldas-internacional","tag-congreso","tag-sociologia","tag-ponencia"],"yoast_head":"<!-- This site is optimized with the Yoast SEO plugin v27.5 - https:\/\/yoast.com\/product\/yoast-seo-wordpress\/ -->\n<title>Docente de la U. de Caldas se destac\u00f3 con ponencia en el Congreso Latinoamericano de Sociolog\u00eda .<\/title>\n<meta name=\"robots\" content=\"index, follow, max-snippet:-1, max-image-preview:large, max-video-preview:-1\" \/>\n<link rel=\"canonical\" href=\"https:\/\/www.ucaldas.edu.co\/portal\/docente-de-la-u-de-caldas-se-destaco-con-ponencia-en-el-congreso-latinoamericano-de-sociologia\/\" \/>\n<script type=\"application\/ld+json\" class=\"yoast-schema-graph\">{\"@context\":\"https:\\\/\\\/schema.org\",\"@graph\":[{\"@type\":\"Article\",\"@id\":\"https:\\\/\\\/www.ucaldas.edu.co\\\/portal\\\/docente-de-la-u-de-caldas-se-destaco-con-ponencia-en-el-congreso-latinoamericano-de-sociologia\\\/#article\",\"isPartOf\":{\"@id\":\"https:\\\/\\\/www.ucaldas.edu.co\\\/portal\\\/docente-de-la-u-de-caldas-se-destaco-con-ponencia-en-el-congreso-latinoamericano-de-sociologia\\\/\"},\"author\":{\"name\":\"ofiprensa\",\"@id\":\"https:\\\/\\\/www.ucaldas.edu.co\\\/portal\\\/#\\\/schema\\\/person\\\/a1b482e23449158b4bc319926c074fdf\"},\"headline\":\"Docente de la U. de Caldas se destac\u00f3 con ponencia en el Congreso Latinoamericano de Sociolog\u00eda\",\"datePublished\":\"2019-12-13T21:25:35+00:00\",\"dateModified\":\"2019-12-13T21:25:40+00:00\",\"mainEntityOfPage\":{\"@id\":\"https:\\\/\\\/www.ucaldas.edu.co\\\/portal\\\/docente-de-la-u-de-caldas-se-destaco-con-ponencia-en-el-congreso-latinoamericano-de-sociologia\\\/\"},\"wordCount\":287,\"publisher\":{\"@id\":\"https:\\\/\\\/www.ucaldas.edu.co\\\/portal\\\/#organization\"},\"image\":{\"@id\":\"https:\\\/\\\/www.ucaldas.edu.co\\\/portal\\\/docente-de-la-u-de-caldas-se-destaco-con-ponencia-en-el-congreso-latinoamericano-de-sociologia\\\/#primaryimage\"},\"thumbnailUrl\":\"https:\\\/\\\/www.ucaldas.edu.co\\\/portal\\\/wp-content\\\/uploads\\\/2019\\\/12\\\/SOCIOLOGA-compressor.png\",\"keywords\":[\"congreso\",\"Sociolog\u00eda\",\"ponencia\"],\"articleSection\":[\"Actualidad\",\"Universidad al D\u00eda\",\"Ucaldas Internacional\"],\"inLanguage\":\"es\"},{\"@type\":\"WebPage\",\"@id\":\"https:\\\/\\\/www.ucaldas.edu.co\\\/portal\\\/docente-de-la-u-de-caldas-se-destaco-con-ponencia-en-el-congreso-latinoamericano-de-sociologia\\\/\",\"url\":\"https:\\\/\\\/www.ucaldas.edu.co\\\/portal\\\/docente-de-la-u-de-caldas-se-destaco-con-ponencia-en-el-congreso-latinoamericano-de-sociologia\\\/\",\"name\":\"Docente de la U. de Caldas se destac\u00f3 con ponencia en el Congreso Latinoamericano de Sociolog\u00eda .\",\"isPartOf\":{\"@id\":\"https:\\\/\\\/www.ucaldas.edu.co\\\/portal\\\/#website\"},\"primaryImageOfPage\":{\"@id\":\"https:\\\/\\\/www.ucaldas.edu.co\\\/portal\\\/docente-de-la-u-de-caldas-se-destaco-con-ponencia-en-el-congreso-latinoamericano-de-sociologia\\\/#primaryimage\"},\"image\":{\"@id\":\"https:\\\/\\\/www.ucaldas.edu.co\\\/portal\\\/docente-de-la-u-de-caldas-se-destaco-con-ponencia-en-el-congreso-latinoamericano-de-sociologia\\\/#primaryimage\"},\"thumbnailUrl\":\"https:\\\/\\\/www.ucaldas.edu.co\\\/portal\\\/wp-content\\\/uploads\\\/2019\\\/12\\\/SOCIOLOGA-compressor.png\",\"datePublished\":\"2019-12-13T21:25:35+00:00\",\"dateModified\":\"2019-12-13T21:25:40+00:00\",\"breadcrumb\":{\"@id\":\"https:\\\/\\\/www.ucaldas.edu.co\\\/portal\\\/docente-de-la-u-de-caldas-se-destaco-con-ponencia-en-el-congreso-latinoamericano-de-sociologia\\\/#breadcrumb\"},\"inLanguage\":\"es\",\"potentialAction\":[{\"@type\":\"ReadAction\",\"target\":[\"https:\\\/\\\/www.ucaldas.edu.co\\\/portal\\\/docente-de-la-u-de-caldas-se-destaco-con-ponencia-en-el-congreso-latinoamericano-de-sociologia\\\/\"]}]},{\"@type\":\"ImageObject\",\"inLanguage\":\"es\",\"@id\":\"https:\\\/\\\/www.ucaldas.edu.co\\\/portal\\\/docente-de-la-u-de-caldas-se-destaco-con-ponencia-en-el-congreso-latinoamericano-de-sociologia\\\/#primaryimage\",\"url\":\"https:\\\/\\\/www.ucaldas.edu.co\\\/portal\\\/wp-content\\\/uploads\\\/2019\\\/12\\\/SOCIOLOGA-compressor.png\",\"contentUrl\":\"https:\\\/\\\/www.ucaldas.edu.co\\\/portal\\\/wp-content\\\/uploads\\\/2019\\\/12\\\/SOCIOLOGA-compressor.png\",\"width\":700,\"height\":400},{\"@type\":\"BreadcrumbList\",\"@id\":\"https:\\\/\\\/www.ucaldas.edu.co\\\/portal\\\/docente-de-la-u-de-caldas-se-destaco-con-ponencia-en-el-congreso-latinoamericano-de-sociologia\\\/#breadcrumb\",\"itemListElement\":[{\"@type\":\"ListItem\",\"position\":1,\"name\":\"Portada\",\"item\":\"https:\\\/\\\/www.ucaldas.edu.co\\\/portal\\\/\"},{\"@type\":\"ListItem\",\"position\":2,\"name\":\"Docente de la U. de Caldas se destac\u00f3 con ponencia en el Congreso Latinoamericano de Sociolog\u00eda\"}]},{\"@type\":\"WebSite\",\"@id\":\"https:\\\/\\\/www.ucaldas.edu.co\\\/portal\\\/#website\",\"url\":\"https:\\\/\\\/www.ucaldas.edu.co\\\/portal\\\/\",\"name\":\"Universidad de Caldas\",\"description\":\"\",\"publisher\":{\"@id\":\"https:\\\/\\\/www.ucaldas.edu.co\\\/portal\\\/#organization\"},\"alternateName\":\"U. de Caldas\",\"potentialAction\":[{\"@type\":\"SearchAction\",\"target\":{\"@type\":\"EntryPoint\",\"urlTemplate\":\"https:\\\/\\\/www.ucaldas.edu.co\\\/portal\\\/?s={search_term_string}\"},\"query-input\":{\"@type\":\"PropertyValueSpecification\",\"valueRequired\":true,\"valueName\":\"search_term_string\"}}],\"inLanguage\":\"es\"},{\"@type\":\"Organization\",\"@id\":\"https:\\\/\\\/www.ucaldas.edu.co\\\/portal\\\/#organization\",\"name\":\"Universidad de Caldas\",\"alternateName\":\"U. de Caldas\",\"url\":\"https:\\\/\\\/www.ucaldas.edu.co\\\/portal\\\/\",\"logo\":{\"@type\":\"ImageObject\",\"inLanguage\":\"es\",\"@id\":\"https:\\\/\\\/www.ucaldas.edu.co\\\/portal\\\/#\\\/schema\\\/logo\\\/image\\\/\",\"url\":\"https:\\\/\\\/www.ucaldas.edu.co\\\/portal\\\/wp-content\\\/uploads\\\/2023\\\/11\\\/Logo_horizontal_oscuroU-2023.png\",\"contentUrl\":\"https:\\\/\\\/www.ucaldas.edu.co\\\/portal\\\/wp-content\\\/uploads\\\/2023\\\/11\\\/Logo_horizontal_oscuroU-2023.png\",\"width\":263,\"height\":101,\"caption\":\"Universidad de Caldas\"},\"image\":{\"@id\":\"https:\\\/\\\/www.ucaldas.edu.co\\\/portal\\\/#\\\/schema\\\/logo\\\/image\\\/\"},\"sameAs\":[\"https:\\\/\\\/www.facebook.com\\\/udecaldas\",\"https:\\\/\\\/x.com\\\/udecaldas\",\"https:\\\/\\\/www.youtube.com\\\/universidadcaldas\",\"https:\\\/\\\/www.instagram.com\\\/udecaldas\\\/\"]},{\"@type\":\"Person\",\"@id\":\"https:\\\/\\\/www.ucaldas.edu.co\\\/portal\\\/#\\\/schema\\\/person\\\/a1b482e23449158b4bc319926c074fdf\",\"name\":\"ofiprensa\",\"image\":{\"@type\":\"ImageObject\",\"inLanguage\":\"es\",\"@id\":\"https:\\\/\\\/www.ucaldas.edu.co\\\/portal\\\/wp-content\\\/litespeed\\\/avatar\\\/09ea5085e600095a7a811142c6944527.jpg?ver=1777497608\",\"url\":\"https:\\\/\\\/www.ucaldas.edu.co\\\/portal\\\/wp-content\\\/litespeed\\\/avatar\\\/09ea5085e600095a7a811142c6944527.jpg?ver=1777497608\",\"contentUrl\":\"https:\\\/\\\/www.ucaldas.edu.co\\\/portal\\\/wp-content\\\/litespeed\\\/avatar\\\/09ea5085e600095a7a811142c6944527.jpg?ver=1777497608\",\"caption\":\"ofiprensa\"},\"url\":\"https:\\\/\\\/www.ucaldas.edu.co\\\/portal\\\/author\\\/ofiprensa\\\/\"}]}<\/script>\n<!-- \/ Yoast SEO plugin. -->","yoast_head_json":{"title":"Docente de la U. de Caldas se destac\u00f3 con ponencia en el Congreso Latinoamericano de Sociolog\u00eda .","robots":{"index":"index","follow":"follow","max-snippet":"max-snippet:-1","max-image-preview":"max-image-preview:large","max-video-preview":"max-video-preview:-1"},"canonical":"https:\/\/www.ucaldas.edu.co\/portal\/docente-de-la-u-de-caldas-se-destaco-con-ponencia-en-el-congreso-latinoamericano-de-sociologia\/","schema":{"@context":"https:\/\/schema.org","@graph":[{"@type":"Article","@id":"https:\/\/www.ucaldas.edu.co\/portal\/docente-de-la-u-de-caldas-se-destaco-con-ponencia-en-el-congreso-latinoamericano-de-sociologia\/#article","isPartOf":{"@id":"https:\/\/www.ucaldas.edu.co\/portal\/docente-de-la-u-de-caldas-se-destaco-con-ponencia-en-el-congreso-latinoamericano-de-sociologia\/"},"author":{"name":"ofiprensa","@id":"https:\/\/www.ucaldas.edu.co\/portal\/#\/schema\/person\/a1b482e23449158b4bc319926c074fdf"},"headline":"Docente de la U. de Caldas se destac\u00f3 con ponencia en el Congreso Latinoamericano de Sociolog\u00eda","datePublished":"2019-12-13T21:25:35+00:00","dateModified":"2019-12-13T21:25:40+00:00","mainEntityOfPage":{"@id":"https:\/\/www.ucaldas.edu.co\/portal\/docente-de-la-u-de-caldas-se-destaco-con-ponencia-en-el-congreso-latinoamericano-de-sociologia\/"},"wordCount":287,"publisher":{"@id":"https:\/\/www.ucaldas.edu.co\/portal\/#organization"},"image":{"@id":"https:\/\/www.ucaldas.edu.co\/portal\/docente-de-la-u-de-caldas-se-destaco-con-ponencia-en-el-congreso-latinoamericano-de-sociologia\/#primaryimage"},"thumbnailUrl":"https:\/\/www.ucaldas.edu.co\/portal\/wp-content\/uploads\/2019\/12\/SOCIOLOGA-compressor.png","keywords":["congreso","Sociolog\u00eda","ponencia"],"articleSection":["Actualidad","Universidad al D\u00eda","Ucaldas Internacional"],"inLanguage":"es"},{"@type":"WebPage","@id":"https:\/\/www.ucaldas.edu.co\/portal\/docente-de-la-u-de-caldas-se-destaco-con-ponencia-en-el-congreso-latinoamericano-de-sociologia\/","url":"https:\/\/www.ucaldas.edu.co\/portal\/docente-de-la-u-de-caldas-se-destaco-con-ponencia-en-el-congreso-latinoamericano-de-sociologia\/","name":"Docente de la U. de Caldas se destac\u00f3 con ponencia en el Congreso Latinoamericano de Sociolog\u00eda .","isPartOf":{"@id":"https:\/\/www.ucaldas.edu.co\/portal\/#website"},"primaryImageOfPage":{"@id":"https:\/\/www.ucaldas.edu.co\/portal\/docente-de-la-u-de-caldas-se-destaco-con-ponencia-en-el-congreso-latinoamericano-de-sociologia\/#primaryimage"},"image":{"@id":"https:\/\/www.ucaldas.edu.co\/portal\/docente-de-la-u-de-caldas-se-destaco-con-ponencia-en-el-congreso-latinoamericano-de-sociologia\/#primaryimage"},"thumbnailUrl":"https:\/\/www.ucaldas.edu.co\/portal\/wp-content\/uploads\/2019\/12\/SOCIOLOGA-compressor.png","datePublished":"2019-12-13T21:25:35+00:00","dateModified":"2019-12-13T21:25:40+00:00","breadcrumb":{"@id":"https:\/\/www.ucaldas.edu.co\/portal\/docente-de-la-u-de-caldas-se-destaco-con-ponencia-en-el-congreso-latinoamericano-de-sociologia\/#breadcrumb"},"inLanguage":"es","potentialAction":[{"@type":"ReadAction","target":["https:\/\/www.ucaldas.edu.co\/portal\/docente-de-la-u-de-caldas-se-destaco-con-ponencia-en-el-congreso-latinoamericano-de-sociologia\/"]}]},{"@type":"ImageObject","inLanguage":"es","@id":"https:\/\/www.ucaldas.edu.co\/portal\/docente-de-la-u-de-caldas-se-destaco-con-ponencia-en-el-congreso-latinoamericano-de-sociologia\/#primaryimage","url":"https:\/\/www.ucaldas.edu.co\/portal\/wp-content\/uploads\/2019\/12\/SOCIOLOGA-compressor.png","contentUrl":"https:\/\/www.ucaldas.edu.co\/portal\/wp-content\/uploads\/2019\/12\/SOCIOLOGA-compressor.png","width":700,"height":400},{"@type":"BreadcrumbList","@id":"https:\/\/www.ucaldas.edu.co\/portal\/docente-de-la-u-de-caldas-se-destaco-con-ponencia-en-el-congreso-latinoamericano-de-sociologia\/#breadcrumb","itemListElement":[{"@type":"ListItem","position":1,"name":"Portada","item":"https:\/\/www.ucaldas.edu.co\/portal\/"},{"@type":"ListItem","position":2,"name":"Docente de la U. de Caldas se destac\u00f3 con ponencia en el Congreso Latinoamericano de Sociolog\u00eda"}]},{"@type":"WebSite","@id":"https:\/\/www.ucaldas.edu.co\/portal\/#website","url":"https:\/\/www.ucaldas.edu.co\/portal\/","name":"Universidad de Caldas","description":"","publisher":{"@id":"https:\/\/www.ucaldas.edu.co\/portal\/#organization"},"alternateName":"U. de Caldas","potentialAction":[{"@type":"SearchAction","target":{"@type":"EntryPoint","urlTemplate":"https:\/\/www.ucaldas.edu.co\/portal\/?s={search_term_string}"},"query-input":{"@type":"PropertyValueSpecification","valueRequired":true,"valueName":"search_term_string"}}],"inLanguage":"es"},{"@type":"Organization","@id":"https:\/\/www.ucaldas.edu.co\/portal\/#organization","name":"Universidad de Caldas","alternateName":"U. de Caldas","url":"https:\/\/www.ucaldas.edu.co\/portal\/","logo":{"@type":"ImageObject","inLanguage":"es","@id":"https:\/\/www.ucaldas.edu.co\/portal\/#\/schema\/logo\/image\/","url":"https:\/\/www.ucaldas.edu.co\/portal\/wp-content\/uploads\/2023\/11\/Logo_horizontal_oscuroU-2023.png","contentUrl":"https:\/\/www.ucaldas.edu.co\/portal\/wp-content\/uploads\/2023\/11\/Logo_horizontal_oscuroU-2023.png","width":263,"height":101,"caption":"Universidad de Caldas"},"image":{"@id":"https:\/\/www.ucaldas.edu.co\/portal\/#\/schema\/logo\/image\/"},"sameAs":["https:\/\/www.facebook.com\/udecaldas","https:\/\/x.com\/udecaldas","https:\/\/www.youtube.com\/universidadcaldas","https:\/\/www.instagram.com\/udecaldas\/"]},{"@type":"Person","@id":"https:\/\/www.ucaldas.edu.co\/portal\/#\/schema\/person\/a1b482e23449158b4bc319926c074fdf","name":"ofiprensa","image":{"@type":"ImageObject","inLanguage":"es","@id":"https:\/\/www.ucaldas.edu.co\/portal\/wp-content\/litespeed\/avatar\/09ea5085e600095a7a811142c6944527.jpg?ver=1777497608","url":"https:\/\/www.ucaldas.edu.co\/portal\/wp-content\/litespeed\/avatar\/09ea5085e600095a7a811142c6944527.jpg?ver=1777497608","contentUrl":"https:\/\/www.ucaldas.edu.co\/portal\/wp-content\/litespeed\/avatar\/09ea5085e600095a7a811142c6944527.jpg?ver=1777497608","caption":"ofiprensa"},"url":"https:\/\/www.ucaldas.edu.co\/portal\/author\/ofiprensa\/"}]}},"_links":{"self":[{"href":"https:\/\/www.ucaldas.edu.co\/portal\/wp-json\/wp\/v2\/posts\/53577","targetHints":{"allow":["GET"]}}],"collection":[{"href":"https:\/\/www.ucaldas.edu.co\/portal\/wp-json\/wp\/v2\/posts"}],"about":[{"href":"https:\/\/www.ucaldas.edu.co\/portal\/wp-json\/wp\/v2\/types\/post"}],"author":[{"embeddable":true,"href":"https:\/\/www.ucaldas.edu.co\/portal\/wp-json\/wp\/v2\/users\/2"}],"replies":[{"embeddable":true,"href":"https:\/\/www.ucaldas.edu.co\/portal\/wp-json\/wp\/v2\/comments?post=53577"}],"version-history":[{"count":0,"href":"https:\/\/www.ucaldas.edu.co\/portal\/wp-json\/wp\/v2\/posts\/53577\/revisions"}],"wp:featuredmedia":[{"embeddable":true,"href":"https:\/\/www.ucaldas.edu.co\/portal\/wp-json\/wp\/v2\/media\/53578"}],"wp:attachment":[{"href":"https:\/\/www.ucaldas.edu.co\/portal\/wp-json\/wp\/v2\/media?parent=53577"}],"wp:term":[{"taxonomy":"category","embeddable":true,"href":"https:\/\/www.ucaldas.edu.co\/portal\/wp-json\/wp\/v2\/categories?post=53577"},{"taxonomy":"post_tag","embeddable":true,"href":"https:\/\/www.ucaldas.edu.co\/portal\/wp-json\/wp\/v2\/tags?post=53577"}],"curies":[{"name":"wp","href":"https:\/\/api.w.org\/{rel}","templated":true}]}}