{"id":53571,"date":"2019-12-13T21:22:52","date_gmt":"2019-12-13T21:22:52","guid":{"rendered":"https:\/\/www.ucaldas.edu.co\/portal\/?p=53571"},"modified":"2019-12-13T21:22:57","modified_gmt":"2019-12-13T21:22:57","slug":"mercado-agroecologico-cierra-sus-actividades-anuales-con-natilla-elaborada-a-la-usanza","status":"publish","type":"post","link":"https:\/\/www.ucaldas.edu.co\/portal\/mercado-agroecologico-cierra-sus-actividades-anuales-con-natilla-elaborada-a-la-usanza\/","title":{"rendered":"Mercado Agroecol\u00f3gico cierra sus actividades anuales con natilla elaborada a la usanza"},"content":{"rendered":"<p style=\"text-align: center;\">ESTE S\u00c1BADO 14 DE DICIEMBRE EN EL CAMPUS PALOGRANDE<\/p>\n<p style=\"text-align: center;\"><strong>Mercado Agroecol\u00f3gico cierra sus actividades anuales con natilla elaborada a la usanza<\/strong><\/p>\n<p style=\"text-align: right;\">13\/12\/2019<\/p>\n<p><img loading=\"lazy\" decoding=\"async\" class=\"aligncenter wp-image-53572 size-full\" src=\"https:\/\/www.ucaldas.edu.co\/portal\/wp-content\/uploads\/2019\/12\/MERCADO-AGROECOLOGICO-compressor.png\" alt=\"\" width=\"700\" height=\"400\" srcset=\"https:\/\/www.ucaldas.edu.co\/portal\/wp-content\/uploads\/2019\/12\/MERCADO-AGROECOLOGICO-compressor.png 700w, https:\/\/www.ucaldas.edu.co\/portal\/wp-content\/uploads\/2019\/12\/MERCADO-AGROECOLOGICO-compressor-300x171.png 300w\" sizes=\"auto, (max-width: 700px) 100vw, 700px\" \/><\/p>\n<p>Con natilla elaborada a la usanza, este s\u00e1bado 14 de diciembre se realizar\u00e1 el \u00faltimo Mercado Agroecol\u00f3gico de este a\u00f1o en el campus Palogrande de la Universidad de Caldas.<!--more--><\/p>\n<p>Este espacio, que se realiza el tercer s\u00e1bado de cada mes, busca apoyar la producci\u00f3n local de alimentos naturales y agroecol\u00f3gicos.<\/p>\n<p>Cerca de 35 productores de la regi\u00f3n participan en el evento, provenientes de municipios como Neira, Chinchin\u00e1, Anserma, Manizales, e incluso llegan invitados de Risaralda y Quind\u00edo.<\/p>\n<p>\u201cLa intencionalidad siempre est\u00e1 en productos agroalimentarios que no es un mercado artesanal, ni tampoco es de innovaci\u00f3n agropecuaria, es mercado de productos agroalimentarios sanos que propenden generar alimentos\u201d, agreg\u00f3 Gallego Aristiz\u00e1bal.<\/p>\n<p>Se recomienda a los visitantes llevar su propia bolsa de compras. La actividad no tiene costo y se desarrolla de 9:00 de la ma\u00f1ana a 3:00 de la tarde.<\/p>\n<p>&nbsp;<\/p>\n<p><strong>Informes:<\/strong> Oficina de Comunicaciones y Prensa Universidad de Caldas. Tel\u00e9fono: 8781500 Extensi\u00f3n: 12167<\/p>\n<p><strong>Redacci\u00f3n:<\/strong> Adriana Osorio Garc\u00eda<\/p>\n","protected":false},"excerpt":{"rendered":"<p>ESTE S\u00c1BADO 14 DE DICIEMBRE EN EL CAMPUS PALOGRANDE Mercado Agroecol\u00f3gico cierra sus actividades anuales con natilla elaborada a la usanza 13\/12\/2019 Con natilla elaborada a la usanza, este s\u00e1bado 14 de diciembre se realizar\u00e1 el \u00faltimo Mercado Agroecol\u00f3gico de este a\u00f1o en el campus Palogrande de la Universidad de Caldas.<\/p>\n","protected":false},"author":2,"featured_media":53572,"comment_status":"closed","ping_status":"open","sticky":false,"template":"","format":"standard","meta":{"footnotes":""},"categories":[48,53,756],"tags":[641,2575,3909],"class_list":["post-53571","post","type-post","status-publish","format-standard","has-post-thumbnail","hentry","category-actualidad","category-universidad-al-dia","category-ucaldas-verde","tag-mercado","tag-campo","tag-agroecologico"],"yoast_head":"<!-- This site is optimized with the Yoast SEO plugin v27.5 - https:\/\/yoast.com\/product\/yoast-seo-wordpress\/ -->\n<title>Mercado Agroecol\u00f3gico cierra sus actividades anuales con natilla elaborada a la usanza .<\/title>\n<meta name=\"robots\" content=\"index, follow, max-snippet:-1, max-image-preview:large, max-video-preview:-1\" \/>\n<link rel=\"canonical\" href=\"https:\/\/www.ucaldas.edu.co\/portal\/mercado-agroecologico-cierra-sus-actividades-anuales-con-natilla-elaborada-a-la-usanza\/\" \/>\n<script type=\"application\/ld+json\" class=\"yoast-schema-graph\">{\"@context\":\"https:\\\/\\\/schema.org\",\"@graph\":[{\"@type\":\"Article\",\"@id\":\"https:\\\/\\\/www.ucaldas.edu.co\\\/portal\\\/mercado-agroecologico-cierra-sus-actividades-anuales-con-natilla-elaborada-a-la-usanza\\\/#article\",\"isPartOf\":{\"@id\":\"https:\\\/\\\/www.ucaldas.edu.co\\\/portal\\\/mercado-agroecologico-cierra-sus-actividades-anuales-con-natilla-elaborada-a-la-usanza\\\/\"},\"author\":{\"name\":\"ofiprensa\",\"@id\":\"https:\\\/\\\/www.ucaldas.edu.co\\\/portal\\\/#\\\/schema\\\/person\\\/a1b482e23449158b4bc319926c074fdf\"},\"headline\":\"Mercado Agroecol\u00f3gico cierra sus actividades anuales con natilla elaborada a la usanza\",\"datePublished\":\"2019-12-13T21:22:52+00:00\",\"dateModified\":\"2019-12-13T21:22:57+00:00\",\"mainEntityOfPage\":{\"@id\":\"https:\\\/\\\/www.ucaldas.edu.co\\\/portal\\\/mercado-agroecologico-cierra-sus-actividades-anuales-con-natilla-elaborada-a-la-usanza\\\/\"},\"wordCount\":200,\"publisher\":{\"@id\":\"https:\\\/\\\/www.ucaldas.edu.co\\\/portal\\\/#organization\"},\"image\":{\"@id\":\"https:\\\/\\\/www.ucaldas.edu.co\\\/portal\\\/mercado-agroecologico-cierra-sus-actividades-anuales-con-natilla-elaborada-a-la-usanza\\\/#primaryimage\"},\"thumbnailUrl\":\"https:\\\/\\\/www.ucaldas.edu.co\\\/portal\\\/wp-content\\\/uploads\\\/2019\\\/12\\\/MERCADO-AGROECOLOGICO-compressor.png\",\"keywords\":[\"mercado\",\"campo\",\"agroecol\u00f3gico\"],\"articleSection\":[\"Actualidad\",\"Universidad al D\u00eda\",\"UCaldas Verde\"],\"inLanguage\":\"es\"},{\"@type\":\"WebPage\",\"@id\":\"https:\\\/\\\/www.ucaldas.edu.co\\\/portal\\\/mercado-agroecologico-cierra-sus-actividades-anuales-con-natilla-elaborada-a-la-usanza\\\/\",\"url\":\"https:\\\/\\\/www.ucaldas.edu.co\\\/portal\\\/mercado-agroecologico-cierra-sus-actividades-anuales-con-natilla-elaborada-a-la-usanza\\\/\",\"name\":\"Mercado Agroecol\u00f3gico cierra sus actividades anuales con natilla elaborada a la usanza .\",\"isPartOf\":{\"@id\":\"https:\\\/\\\/www.ucaldas.edu.co\\\/portal\\\/#website\"},\"primaryImageOfPage\":{\"@id\":\"https:\\\/\\\/www.ucaldas.edu.co\\\/portal\\\/mercado-agroecologico-cierra-sus-actividades-anuales-con-natilla-elaborada-a-la-usanza\\\/#primaryimage\"},\"image\":{\"@id\":\"https:\\\/\\\/www.ucaldas.edu.co\\\/portal\\\/mercado-agroecologico-cierra-sus-actividades-anuales-con-natilla-elaborada-a-la-usanza\\\/#primaryimage\"},\"thumbnailUrl\":\"https:\\\/\\\/www.ucaldas.edu.co\\\/portal\\\/wp-content\\\/uploads\\\/2019\\\/12\\\/MERCADO-AGROECOLOGICO-compressor.png\",\"datePublished\":\"2019-12-13T21:22:52+00:00\",\"dateModified\":\"2019-12-13T21:22:57+00:00\",\"breadcrumb\":{\"@id\":\"https:\\\/\\\/www.ucaldas.edu.co\\\/portal\\\/mercado-agroecologico-cierra-sus-actividades-anuales-con-natilla-elaborada-a-la-usanza\\\/#breadcrumb\"},\"inLanguage\":\"es\",\"potentialAction\":[{\"@type\":\"ReadAction\",\"target\":[\"https:\\\/\\\/www.ucaldas.edu.co\\\/portal\\\/mercado-agroecologico-cierra-sus-actividades-anuales-con-natilla-elaborada-a-la-usanza\\\/\"]}]},{\"@type\":\"ImageObject\",\"inLanguage\":\"es\",\"@id\":\"https:\\\/\\\/www.ucaldas.edu.co\\\/portal\\\/mercado-agroecologico-cierra-sus-actividades-anuales-con-natilla-elaborada-a-la-usanza\\\/#primaryimage\",\"url\":\"https:\\\/\\\/www.ucaldas.edu.co\\\/portal\\\/wp-content\\\/uploads\\\/2019\\\/12\\\/MERCADO-AGROECOLOGICO-compressor.png\",\"contentUrl\":\"https:\\\/\\\/www.ucaldas.edu.co\\\/portal\\\/wp-content\\\/uploads\\\/2019\\\/12\\\/MERCADO-AGROECOLOGICO-compressor.png\",\"width\":700,\"height\":400},{\"@type\":\"BreadcrumbList\",\"@id\":\"https:\\\/\\\/www.ucaldas.edu.co\\\/portal\\\/mercado-agroecologico-cierra-sus-actividades-anuales-con-natilla-elaborada-a-la-usanza\\\/#breadcrumb\",\"itemListElement\":[{\"@type\":\"ListItem\",\"position\":1,\"name\":\"Portada\",\"item\":\"https:\\\/\\\/www.ucaldas.edu.co\\\/portal\\\/\"},{\"@type\":\"ListItem\",\"position\":2,\"name\":\"Mercado Agroecol\u00f3gico cierra sus actividades anuales con natilla elaborada a la usanza\"}]},{\"@type\":\"WebSite\",\"@id\":\"https:\\\/\\\/www.ucaldas.edu.co\\\/portal\\\/#website\",\"url\":\"https:\\\/\\\/www.ucaldas.edu.co\\\/portal\\\/\",\"name\":\"Universidad de Caldas\",\"description\":\"\",\"publisher\":{\"@id\":\"https:\\\/\\\/www.ucaldas.edu.co\\\/portal\\\/#organization\"},\"alternateName\":\"U. de Caldas\",\"potentialAction\":[{\"@type\":\"SearchAction\",\"target\":{\"@type\":\"EntryPoint\",\"urlTemplate\":\"https:\\\/\\\/www.ucaldas.edu.co\\\/portal\\\/?s={search_term_string}\"},\"query-input\":{\"@type\":\"PropertyValueSpecification\",\"valueRequired\":true,\"valueName\":\"search_term_string\"}}],\"inLanguage\":\"es\"},{\"@type\":\"Organization\",\"@id\":\"https:\\\/\\\/www.ucaldas.edu.co\\\/portal\\\/#organization\",\"name\":\"Universidad de Caldas\",\"alternateName\":\"U. de Caldas\",\"url\":\"https:\\\/\\\/www.ucaldas.edu.co\\\/portal\\\/\",\"logo\":{\"@type\":\"ImageObject\",\"inLanguage\":\"es\",\"@id\":\"https:\\\/\\\/www.ucaldas.edu.co\\\/portal\\\/#\\\/schema\\\/logo\\\/image\\\/\",\"url\":\"https:\\\/\\\/www.ucaldas.edu.co\\\/portal\\\/wp-content\\\/uploads\\\/2023\\\/11\\\/Logo_horizontal_oscuroU-2023.png\",\"contentUrl\":\"https:\\\/\\\/www.ucaldas.edu.co\\\/portal\\\/wp-content\\\/uploads\\\/2023\\\/11\\\/Logo_horizontal_oscuroU-2023.png\",\"width\":263,\"height\":101,\"caption\":\"Universidad de Caldas\"},\"image\":{\"@id\":\"https:\\\/\\\/www.ucaldas.edu.co\\\/portal\\\/#\\\/schema\\\/logo\\\/image\\\/\"},\"sameAs\":[\"https:\\\/\\\/www.facebook.com\\\/udecaldas\",\"https:\\\/\\\/x.com\\\/udecaldas\",\"https:\\\/\\\/www.youtube.com\\\/universidadcaldas\",\"https:\\\/\\\/www.instagram.com\\\/udecaldas\\\/\"]},{\"@type\":\"Person\",\"@id\":\"https:\\\/\\\/www.ucaldas.edu.co\\\/portal\\\/#\\\/schema\\\/person\\\/a1b482e23449158b4bc319926c074fdf\",\"name\":\"ofiprensa\",\"image\":{\"@type\":\"ImageObject\",\"inLanguage\":\"es\",\"@id\":\"https:\\\/\\\/www.ucaldas.edu.co\\\/portal\\\/wp-content\\\/litespeed\\\/avatar\\\/09ea5085e600095a7a811142c6944527.jpg?ver=1777497608\",\"url\":\"https:\\\/\\\/www.ucaldas.edu.co\\\/portal\\\/wp-content\\\/litespeed\\\/avatar\\\/09ea5085e600095a7a811142c6944527.jpg?ver=1777497608\",\"contentUrl\":\"https:\\\/\\\/www.ucaldas.edu.co\\\/portal\\\/wp-content\\\/litespeed\\\/avatar\\\/09ea5085e600095a7a811142c6944527.jpg?ver=1777497608\",\"caption\":\"ofiprensa\"},\"url\":\"https:\\\/\\\/www.ucaldas.edu.co\\\/portal\\\/author\\\/ofiprensa\\\/\"}]}<\/script>\n<!-- \/ Yoast SEO plugin. -->","yoast_head_json":{"title":"Mercado Agroecol\u00f3gico cierra sus actividades anuales con natilla elaborada a la usanza .","robots":{"index":"index","follow":"follow","max-snippet":"max-snippet:-1","max-image-preview":"max-image-preview:large","max-video-preview":"max-video-preview:-1"},"canonical":"https:\/\/www.ucaldas.edu.co\/portal\/mercado-agroecologico-cierra-sus-actividades-anuales-con-natilla-elaborada-a-la-usanza\/","schema":{"@context":"https:\/\/schema.org","@graph":[{"@type":"Article","@id":"https:\/\/www.ucaldas.edu.co\/portal\/mercado-agroecologico-cierra-sus-actividades-anuales-con-natilla-elaborada-a-la-usanza\/#article","isPartOf":{"@id":"https:\/\/www.ucaldas.edu.co\/portal\/mercado-agroecologico-cierra-sus-actividades-anuales-con-natilla-elaborada-a-la-usanza\/"},"author":{"name":"ofiprensa","@id":"https:\/\/www.ucaldas.edu.co\/portal\/#\/schema\/person\/a1b482e23449158b4bc319926c074fdf"},"headline":"Mercado Agroecol\u00f3gico cierra sus actividades anuales con natilla elaborada a la usanza","datePublished":"2019-12-13T21:22:52+00:00","dateModified":"2019-12-13T21:22:57+00:00","mainEntityOfPage":{"@id":"https:\/\/www.ucaldas.edu.co\/portal\/mercado-agroecologico-cierra-sus-actividades-anuales-con-natilla-elaborada-a-la-usanza\/"},"wordCount":200,"publisher":{"@id":"https:\/\/www.ucaldas.edu.co\/portal\/#organization"},"image":{"@id":"https:\/\/www.ucaldas.edu.co\/portal\/mercado-agroecologico-cierra-sus-actividades-anuales-con-natilla-elaborada-a-la-usanza\/#primaryimage"},"thumbnailUrl":"https:\/\/www.ucaldas.edu.co\/portal\/wp-content\/uploads\/2019\/12\/MERCADO-AGROECOLOGICO-compressor.png","keywords":["mercado","campo","agroecol\u00f3gico"],"articleSection":["Actualidad","Universidad al D\u00eda","UCaldas Verde"],"inLanguage":"es"},{"@type":"WebPage","@id":"https:\/\/www.ucaldas.edu.co\/portal\/mercado-agroecologico-cierra-sus-actividades-anuales-con-natilla-elaborada-a-la-usanza\/","url":"https:\/\/www.ucaldas.edu.co\/portal\/mercado-agroecologico-cierra-sus-actividades-anuales-con-natilla-elaborada-a-la-usanza\/","name":"Mercado Agroecol\u00f3gico cierra sus actividades anuales con natilla elaborada a la usanza .","isPartOf":{"@id":"https:\/\/www.ucaldas.edu.co\/portal\/#website"},"primaryImageOfPage":{"@id":"https:\/\/www.ucaldas.edu.co\/portal\/mercado-agroecologico-cierra-sus-actividades-anuales-con-natilla-elaborada-a-la-usanza\/#primaryimage"},"image":{"@id":"https:\/\/www.ucaldas.edu.co\/portal\/mercado-agroecologico-cierra-sus-actividades-anuales-con-natilla-elaborada-a-la-usanza\/#primaryimage"},"thumbnailUrl":"https:\/\/www.ucaldas.edu.co\/portal\/wp-content\/uploads\/2019\/12\/MERCADO-AGROECOLOGICO-compressor.png","datePublished":"2019-12-13T21:22:52+00:00","dateModified":"2019-12-13T21:22:57+00:00","breadcrumb":{"@id":"https:\/\/www.ucaldas.edu.co\/portal\/mercado-agroecologico-cierra-sus-actividades-anuales-con-natilla-elaborada-a-la-usanza\/#breadcrumb"},"inLanguage":"es","potentialAction":[{"@type":"ReadAction","target":["https:\/\/www.ucaldas.edu.co\/portal\/mercado-agroecologico-cierra-sus-actividades-anuales-con-natilla-elaborada-a-la-usanza\/"]}]},{"@type":"ImageObject","inLanguage":"es","@id":"https:\/\/www.ucaldas.edu.co\/portal\/mercado-agroecologico-cierra-sus-actividades-anuales-con-natilla-elaborada-a-la-usanza\/#primaryimage","url":"https:\/\/www.ucaldas.edu.co\/portal\/wp-content\/uploads\/2019\/12\/MERCADO-AGROECOLOGICO-compressor.png","contentUrl":"https:\/\/www.ucaldas.edu.co\/portal\/wp-content\/uploads\/2019\/12\/MERCADO-AGROECOLOGICO-compressor.png","width":700,"height":400},{"@type":"BreadcrumbList","@id":"https:\/\/www.ucaldas.edu.co\/portal\/mercado-agroecologico-cierra-sus-actividades-anuales-con-natilla-elaborada-a-la-usanza\/#breadcrumb","itemListElement":[{"@type":"ListItem","position":1,"name":"Portada","item":"https:\/\/www.ucaldas.edu.co\/portal\/"},{"@type":"ListItem","position":2,"name":"Mercado Agroecol\u00f3gico cierra sus actividades anuales con natilla elaborada a la usanza"}]},{"@type":"WebSite","@id":"https:\/\/www.ucaldas.edu.co\/portal\/#website","url":"https:\/\/www.ucaldas.edu.co\/portal\/","name":"Universidad de Caldas","description":"","publisher":{"@id":"https:\/\/www.ucaldas.edu.co\/portal\/#organization"},"alternateName":"U. de Caldas","potentialAction":[{"@type":"SearchAction","target":{"@type":"EntryPoint","urlTemplate":"https:\/\/www.ucaldas.edu.co\/portal\/?s={search_term_string}"},"query-input":{"@type":"PropertyValueSpecification","valueRequired":true,"valueName":"search_term_string"}}],"inLanguage":"es"},{"@type":"Organization","@id":"https:\/\/www.ucaldas.edu.co\/portal\/#organization","name":"Universidad de Caldas","alternateName":"U. de Caldas","url":"https:\/\/www.ucaldas.edu.co\/portal\/","logo":{"@type":"ImageObject","inLanguage":"es","@id":"https:\/\/www.ucaldas.edu.co\/portal\/#\/schema\/logo\/image\/","url":"https:\/\/www.ucaldas.edu.co\/portal\/wp-content\/uploads\/2023\/11\/Logo_horizontal_oscuroU-2023.png","contentUrl":"https:\/\/www.ucaldas.edu.co\/portal\/wp-content\/uploads\/2023\/11\/Logo_horizontal_oscuroU-2023.png","width":263,"height":101,"caption":"Universidad de Caldas"},"image":{"@id":"https:\/\/www.ucaldas.edu.co\/portal\/#\/schema\/logo\/image\/"},"sameAs":["https:\/\/www.facebook.com\/udecaldas","https:\/\/x.com\/udecaldas","https:\/\/www.youtube.com\/universidadcaldas","https:\/\/www.instagram.com\/udecaldas\/"]},{"@type":"Person","@id":"https:\/\/www.ucaldas.edu.co\/portal\/#\/schema\/person\/a1b482e23449158b4bc319926c074fdf","name":"ofiprensa","image":{"@type":"ImageObject","inLanguage":"es","@id":"https:\/\/www.ucaldas.edu.co\/portal\/wp-content\/litespeed\/avatar\/09ea5085e600095a7a811142c6944527.jpg?ver=1777497608","url":"https:\/\/www.ucaldas.edu.co\/portal\/wp-content\/litespeed\/avatar\/09ea5085e600095a7a811142c6944527.jpg?ver=1777497608","contentUrl":"https:\/\/www.ucaldas.edu.co\/portal\/wp-content\/litespeed\/avatar\/09ea5085e600095a7a811142c6944527.jpg?ver=1777497608","caption":"ofiprensa"},"url":"https:\/\/www.ucaldas.edu.co\/portal\/author\/ofiprensa\/"}]}},"_links":{"self":[{"href":"https:\/\/www.ucaldas.edu.co\/portal\/wp-json\/wp\/v2\/posts\/53571","targetHints":{"allow":["GET"]}}],"collection":[{"href":"https:\/\/www.ucaldas.edu.co\/portal\/wp-json\/wp\/v2\/posts"}],"about":[{"href":"https:\/\/www.ucaldas.edu.co\/portal\/wp-json\/wp\/v2\/types\/post"}],"author":[{"embeddable":true,"href":"https:\/\/www.ucaldas.edu.co\/portal\/wp-json\/wp\/v2\/users\/2"}],"replies":[{"embeddable":true,"href":"https:\/\/www.ucaldas.edu.co\/portal\/wp-json\/wp\/v2\/comments?post=53571"}],"version-history":[{"count":0,"href":"https:\/\/www.ucaldas.edu.co\/portal\/wp-json\/wp\/v2\/posts\/53571\/revisions"}],"wp:featuredmedia":[{"embeddable":true,"href":"https:\/\/www.ucaldas.edu.co\/portal\/wp-json\/wp\/v2\/media\/53572"}],"wp:attachment":[{"href":"https:\/\/www.ucaldas.edu.co\/portal\/wp-json\/wp\/v2\/media?parent=53571"}],"wp:term":[{"taxonomy":"category","embeddable":true,"href":"https:\/\/www.ucaldas.edu.co\/portal\/wp-json\/wp\/v2\/categories?post=53571"},{"taxonomy":"post_tag","embeddable":true,"href":"https:\/\/www.ucaldas.edu.co\/portal\/wp-json\/wp\/v2\/tags?post=53571"}],"curies":[{"name":"wp","href":"https:\/\/api.w.org\/{rel}","templated":true}]}}