{"id":53521,"date":"2019-12-10T23:11:13","date_gmt":"2019-12-10T23:11:13","guid":{"rendered":"https:\/\/www.ucaldas.edu.co\/portal\/?p=53521"},"modified":"2019-12-11T20:34:56","modified_gmt":"2019-12-11T20:34:56","slug":"la-educacion-y-su-rol-en-la-construccion-de-una-cultura-del-respeto-de-los-ddhh","status":"publish","type":"post","link":"https:\/\/www.ucaldas.edu.co\/portal\/la-educacion-y-su-rol-en-la-construccion-de-una-cultura-del-respeto-de-los-ddhh\/","title":{"rendered":"La educaci\u00f3n y su rol en la construcci\u00f3n de una cultura del respeto de los DDHH"},"content":{"rendered":"<p style=\"text-align: center;\">CONMEMORACI\u00d3N DE LOS 71 A\u00d1OS DE LA DECLARACI\u00d3N DE LOS DERECHOS HUMANOS<\/p>\n<p style=\"text-align: center;\"><strong>La educaci\u00f3n y su rol en la construcci\u00f3n de una cultura del respeto de los DDHH<\/strong><\/p>\n<p style=\"text-align: right;\">10\/12\/2019<\/p>\n<p><strong><img loading=\"lazy\" decoding=\"async\" class=\"aligncenter wp-image-53522 size-full\" src=\"https:\/\/www.ucaldas.edu.co\/portal\/wp-content\/uploads\/2019\/12\/RECTOR-PONENCIA-compressor.png\" alt=\"\" width=\"700\" height=\"400\" srcset=\"https:\/\/www.ucaldas.edu.co\/portal\/wp-content\/uploads\/2019\/12\/RECTOR-PONENCIA-compressor.png 700w, https:\/\/www.ucaldas.edu.co\/portal\/wp-content\/uploads\/2019\/12\/RECTOR-PONENCIA-compressor-300x171.png 300w\" sizes=\"auto, (max-width: 700px) 100vw, 700px\" \/>\u00a0<\/strong><\/p>\n<p>El rector de la Universidad de Caldas Alejandro Ceballos M\u00e1rquez fue invitado por el Ministerio del Interior, como panelista a la presentaci\u00f3n de la Pol\u00edtica de Protecci\u00f3n Integral y Garant\u00edas para l\u00edderes comunales, periodistas y defensores de derechos humanos que se realiz\u00f3 en Cartagena (Bol\u00edvar).<!--more--><\/p>\n<p>Durante el certamen en el que particip\u00f3 el Secretario General de la Organizaci\u00f3n de Estados Americanos OEA Luis Almagro tambi\u00e9n se rindi\u00f3 un homenaje y reconocimiento a l\u00edderes sociales por parte del Gobierno Nacional y la sociedad.<\/p>\n<p>\u201cLo que hicimos fue contar desde nuestra experiencia lo que hemos hecho desde la Universidad de Caldas y uno de los principales factores es velar por cumplimiento del art\u00edculo 26 de los derechos humanos que enuncia el acceso de las personas a educaci\u00f3n de calidad, sin embargo la tarea es encontrar los mecanismos para la que la educaci\u00f3n superior p\u00fablica pueda ser gratuita para los colombianos\u201d, dijo Ceballos M\u00e1rquez durante su intervenci\u00f3n en el panel, en el que lo acompa\u00f1aron la rectora de la Universidad Jorge Tadeo Lozano Cecilia Mar\u00eda V\u00e9lez White y el representante de la organizaci\u00f3n de Estados Iberoamericanos para la Educaci\u00f3n, la Ciencia y la Tecnolog\u00eda.<\/p>\n<p><strong>Anexo:<\/strong><\/p>\n<p><a href=\"https:\/\/www.ivoox.com\/rector-universidad-caldas-alejandro-ceballos-audios-mp3_rf_45323416_1.html\">Audio Rector Universidad de Caldas, Alejandro Ceballos M\u00e1rquez<\/a><\/p>\n<p><strong>\u00a0<\/strong><\/p>\n<p><strong>Informes:<\/strong> Oficina de Comunicaciones y Prensa Universidad de Caldas. Tel\u00e9fono: 8781500 Extensi\u00f3n: 12167<\/p>\n<p><strong>Redacci\u00f3n:<\/strong> Adriana Salazar Villegas<\/p>\n","protected":false},"excerpt":{"rendered":"<p>CONMEMORACI\u00d3N DE LOS 71 A\u00d1OS DE LA DECLARACI\u00d3N DE LOS DERECHOS HUMANOS La educaci\u00f3n y su rol en la construcci\u00f3n de una cultura del respeto de los DDHH 10\/12\/2019 \u00a0 El rector de la Universidad de Caldas Alejandro Ceballos M\u00e1rquez fue invitado por el Ministerio del Interior, como panelista a la presentaci\u00f3n de la Pol\u00edtica [&hellip;]<\/p>\n","protected":false},"author":2,"featured_media":53522,"comment_status":"closed","ping_status":"open","sticky":false,"template":"","format":"standard","meta":{"footnotes":""},"categories":[48,53,600],"tags":[196,1116,1181,4544,4545],"class_list":["post-53521","post","type-post","status-publish","format-standard","has-post-thumbnail","hentry","category-actualidad","category-universidad-al-dia","category-ucaldas-regional","tag-conmemoracion","tag-rector","tag-educacion","tag-dd-hh","tag-mininterior"],"yoast_head":"<!-- This site is optimized with the Yoast SEO plugin v27.5 - https:\/\/yoast.com\/product\/yoast-seo-wordpress\/ -->\n<title>La educaci\u00f3n y su rol en la construcci\u00f3n de una cultura del respeto de los DDHH .<\/title>\n<meta name=\"robots\" content=\"index, follow, max-snippet:-1, max-image-preview:large, max-video-preview:-1\" \/>\n<link rel=\"canonical\" href=\"https:\/\/www.ucaldas.edu.co\/portal\/la-educacion-y-su-rol-en-la-construccion-de-una-cultura-del-respeto-de-los-ddhh\/\" \/>\n<script type=\"application\/ld+json\" class=\"yoast-schema-graph\">{\"@context\":\"https:\\\/\\\/schema.org\",\"@graph\":[{\"@type\":\"Article\",\"@id\":\"https:\\\/\\\/www.ucaldas.edu.co\\\/portal\\\/la-educacion-y-su-rol-en-la-construccion-de-una-cultura-del-respeto-de-los-ddhh\\\/#article\",\"isPartOf\":{\"@id\":\"https:\\\/\\\/www.ucaldas.edu.co\\\/portal\\\/la-educacion-y-su-rol-en-la-construccion-de-una-cultura-del-respeto-de-los-ddhh\\\/\"},\"author\":{\"name\":\"ofiprensa\",\"@id\":\"https:\\\/\\\/www.ucaldas.edu.co\\\/portal\\\/#\\\/schema\\\/person\\\/a1b482e23449158b4bc319926c074fdf\"},\"headline\":\"La educaci\u00f3n y su rol en la construcci\u00f3n de una cultura del respeto de los DDHH\",\"datePublished\":\"2019-12-10T23:11:13+00:00\",\"dateModified\":\"2019-12-11T20:34:56+00:00\",\"mainEntityOfPage\":{\"@id\":\"https:\\\/\\\/www.ucaldas.edu.co\\\/portal\\\/la-educacion-y-su-rol-en-la-construccion-de-una-cultura-del-respeto-de-los-ddhh\\\/\"},\"wordCount\":290,\"publisher\":{\"@id\":\"https:\\\/\\\/www.ucaldas.edu.co\\\/portal\\\/#organization\"},\"image\":{\"@id\":\"https:\\\/\\\/www.ucaldas.edu.co\\\/portal\\\/la-educacion-y-su-rol-en-la-construccion-de-una-cultura-del-respeto-de-los-ddhh\\\/#primaryimage\"},\"thumbnailUrl\":\"https:\\\/\\\/www.ucaldas.edu.co\\\/portal\\\/wp-content\\\/uploads\\\/2019\\\/12\\\/RECTOR-PONENCIA-compressor.png\",\"keywords\":[\"conmemoraci\u00f3n\",\"Rector\",\"educaci\u00f3n\",\"DD HH\",\"Mininterior\"],\"articleSection\":[\"Actualidad\",\"Universidad al D\u00eda\",\"UCaldas Regional\"],\"inLanguage\":\"es\"},{\"@type\":\"WebPage\",\"@id\":\"https:\\\/\\\/www.ucaldas.edu.co\\\/portal\\\/la-educacion-y-su-rol-en-la-construccion-de-una-cultura-del-respeto-de-los-ddhh\\\/\",\"url\":\"https:\\\/\\\/www.ucaldas.edu.co\\\/portal\\\/la-educacion-y-su-rol-en-la-construccion-de-una-cultura-del-respeto-de-los-ddhh\\\/\",\"name\":\"La educaci\u00f3n y su rol en la construcci\u00f3n de una cultura del respeto de los DDHH .\",\"isPartOf\":{\"@id\":\"https:\\\/\\\/www.ucaldas.edu.co\\\/portal\\\/#website\"},\"primaryImageOfPage\":{\"@id\":\"https:\\\/\\\/www.ucaldas.edu.co\\\/portal\\\/la-educacion-y-su-rol-en-la-construccion-de-una-cultura-del-respeto-de-los-ddhh\\\/#primaryimage\"},\"image\":{\"@id\":\"https:\\\/\\\/www.ucaldas.edu.co\\\/portal\\\/la-educacion-y-su-rol-en-la-construccion-de-una-cultura-del-respeto-de-los-ddhh\\\/#primaryimage\"},\"thumbnailUrl\":\"https:\\\/\\\/www.ucaldas.edu.co\\\/portal\\\/wp-content\\\/uploads\\\/2019\\\/12\\\/RECTOR-PONENCIA-compressor.png\",\"datePublished\":\"2019-12-10T23:11:13+00:00\",\"dateModified\":\"2019-12-11T20:34:56+00:00\",\"breadcrumb\":{\"@id\":\"https:\\\/\\\/www.ucaldas.edu.co\\\/portal\\\/la-educacion-y-su-rol-en-la-construccion-de-una-cultura-del-respeto-de-los-ddhh\\\/#breadcrumb\"},\"inLanguage\":\"es\",\"potentialAction\":[{\"@type\":\"ReadAction\",\"target\":[\"https:\\\/\\\/www.ucaldas.edu.co\\\/portal\\\/la-educacion-y-su-rol-en-la-construccion-de-una-cultura-del-respeto-de-los-ddhh\\\/\"]}]},{\"@type\":\"ImageObject\",\"inLanguage\":\"es\",\"@id\":\"https:\\\/\\\/www.ucaldas.edu.co\\\/portal\\\/la-educacion-y-su-rol-en-la-construccion-de-una-cultura-del-respeto-de-los-ddhh\\\/#primaryimage\",\"url\":\"https:\\\/\\\/www.ucaldas.edu.co\\\/portal\\\/wp-content\\\/uploads\\\/2019\\\/12\\\/RECTOR-PONENCIA-compressor.png\",\"contentUrl\":\"https:\\\/\\\/www.ucaldas.edu.co\\\/portal\\\/wp-content\\\/uploads\\\/2019\\\/12\\\/RECTOR-PONENCIA-compressor.png\",\"width\":700,\"height\":400},{\"@type\":\"BreadcrumbList\",\"@id\":\"https:\\\/\\\/www.ucaldas.edu.co\\\/portal\\\/la-educacion-y-su-rol-en-la-construccion-de-una-cultura-del-respeto-de-los-ddhh\\\/#breadcrumb\",\"itemListElement\":[{\"@type\":\"ListItem\",\"position\":1,\"name\":\"Portada\",\"item\":\"https:\\\/\\\/www.ucaldas.edu.co\\\/portal\\\/\"},{\"@type\":\"ListItem\",\"position\":2,\"name\":\"La educaci\u00f3n y su rol en la construcci\u00f3n de una cultura del respeto de los DDHH\"}]},{\"@type\":\"WebSite\",\"@id\":\"https:\\\/\\\/www.ucaldas.edu.co\\\/portal\\\/#website\",\"url\":\"https:\\\/\\\/www.ucaldas.edu.co\\\/portal\\\/\",\"name\":\"Universidad de Caldas\",\"description\":\"\",\"publisher\":{\"@id\":\"https:\\\/\\\/www.ucaldas.edu.co\\\/portal\\\/#organization\"},\"alternateName\":\"U. de Caldas\",\"potentialAction\":[{\"@type\":\"SearchAction\",\"target\":{\"@type\":\"EntryPoint\",\"urlTemplate\":\"https:\\\/\\\/www.ucaldas.edu.co\\\/portal\\\/?s={search_term_string}\"},\"query-input\":{\"@type\":\"PropertyValueSpecification\",\"valueRequired\":true,\"valueName\":\"search_term_string\"}}],\"inLanguage\":\"es\"},{\"@type\":\"Organization\",\"@id\":\"https:\\\/\\\/www.ucaldas.edu.co\\\/portal\\\/#organization\",\"name\":\"Universidad de Caldas\",\"alternateName\":\"U. de Caldas\",\"url\":\"https:\\\/\\\/www.ucaldas.edu.co\\\/portal\\\/\",\"logo\":{\"@type\":\"ImageObject\",\"inLanguage\":\"es\",\"@id\":\"https:\\\/\\\/www.ucaldas.edu.co\\\/portal\\\/#\\\/schema\\\/logo\\\/image\\\/\",\"url\":\"https:\\\/\\\/www.ucaldas.edu.co\\\/portal\\\/wp-content\\\/uploads\\\/2023\\\/11\\\/Logo_horizontal_oscuroU-2023.png\",\"contentUrl\":\"https:\\\/\\\/www.ucaldas.edu.co\\\/portal\\\/wp-content\\\/uploads\\\/2023\\\/11\\\/Logo_horizontal_oscuroU-2023.png\",\"width\":263,\"height\":101,\"caption\":\"Universidad de Caldas\"},\"image\":{\"@id\":\"https:\\\/\\\/www.ucaldas.edu.co\\\/portal\\\/#\\\/schema\\\/logo\\\/image\\\/\"},\"sameAs\":[\"https:\\\/\\\/www.facebook.com\\\/udecaldas\",\"https:\\\/\\\/x.com\\\/udecaldas\",\"https:\\\/\\\/www.youtube.com\\\/universidadcaldas\",\"https:\\\/\\\/www.instagram.com\\\/udecaldas\\\/\"]},{\"@type\":\"Person\",\"@id\":\"https:\\\/\\\/www.ucaldas.edu.co\\\/portal\\\/#\\\/schema\\\/person\\\/a1b482e23449158b4bc319926c074fdf\",\"name\":\"ofiprensa\",\"image\":{\"@type\":\"ImageObject\",\"inLanguage\":\"es\",\"@id\":\"https:\\\/\\\/www.ucaldas.edu.co\\\/portal\\\/wp-content\\\/litespeed\\\/avatar\\\/09ea5085e600095a7a811142c6944527.jpg?ver=1777497608\",\"url\":\"https:\\\/\\\/www.ucaldas.edu.co\\\/portal\\\/wp-content\\\/litespeed\\\/avatar\\\/09ea5085e600095a7a811142c6944527.jpg?ver=1777497608\",\"contentUrl\":\"https:\\\/\\\/www.ucaldas.edu.co\\\/portal\\\/wp-content\\\/litespeed\\\/avatar\\\/09ea5085e600095a7a811142c6944527.jpg?ver=1777497608\",\"caption\":\"ofiprensa\"},\"url\":\"https:\\\/\\\/www.ucaldas.edu.co\\\/portal\\\/author\\\/ofiprensa\\\/\"}]}<\/script>\n<!-- \/ Yoast SEO plugin. -->","yoast_head_json":{"title":"La educaci\u00f3n y su rol en la construcci\u00f3n de una cultura del respeto de los DDHH .","robots":{"index":"index","follow":"follow","max-snippet":"max-snippet:-1","max-image-preview":"max-image-preview:large","max-video-preview":"max-video-preview:-1"},"canonical":"https:\/\/www.ucaldas.edu.co\/portal\/la-educacion-y-su-rol-en-la-construccion-de-una-cultura-del-respeto-de-los-ddhh\/","schema":{"@context":"https:\/\/schema.org","@graph":[{"@type":"Article","@id":"https:\/\/www.ucaldas.edu.co\/portal\/la-educacion-y-su-rol-en-la-construccion-de-una-cultura-del-respeto-de-los-ddhh\/#article","isPartOf":{"@id":"https:\/\/www.ucaldas.edu.co\/portal\/la-educacion-y-su-rol-en-la-construccion-de-una-cultura-del-respeto-de-los-ddhh\/"},"author":{"name":"ofiprensa","@id":"https:\/\/www.ucaldas.edu.co\/portal\/#\/schema\/person\/a1b482e23449158b4bc319926c074fdf"},"headline":"La educaci\u00f3n y su rol en la construcci\u00f3n de una cultura del respeto de los DDHH","datePublished":"2019-12-10T23:11:13+00:00","dateModified":"2019-12-11T20:34:56+00:00","mainEntityOfPage":{"@id":"https:\/\/www.ucaldas.edu.co\/portal\/la-educacion-y-su-rol-en-la-construccion-de-una-cultura-del-respeto-de-los-ddhh\/"},"wordCount":290,"publisher":{"@id":"https:\/\/www.ucaldas.edu.co\/portal\/#organization"},"image":{"@id":"https:\/\/www.ucaldas.edu.co\/portal\/la-educacion-y-su-rol-en-la-construccion-de-una-cultura-del-respeto-de-los-ddhh\/#primaryimage"},"thumbnailUrl":"https:\/\/www.ucaldas.edu.co\/portal\/wp-content\/uploads\/2019\/12\/RECTOR-PONENCIA-compressor.png","keywords":["conmemoraci\u00f3n","Rector","educaci\u00f3n","DD HH","Mininterior"],"articleSection":["Actualidad","Universidad al D\u00eda","UCaldas Regional"],"inLanguage":"es"},{"@type":"WebPage","@id":"https:\/\/www.ucaldas.edu.co\/portal\/la-educacion-y-su-rol-en-la-construccion-de-una-cultura-del-respeto-de-los-ddhh\/","url":"https:\/\/www.ucaldas.edu.co\/portal\/la-educacion-y-su-rol-en-la-construccion-de-una-cultura-del-respeto-de-los-ddhh\/","name":"La educaci\u00f3n y su rol en la construcci\u00f3n de una cultura del respeto de los DDHH .","isPartOf":{"@id":"https:\/\/www.ucaldas.edu.co\/portal\/#website"},"primaryImageOfPage":{"@id":"https:\/\/www.ucaldas.edu.co\/portal\/la-educacion-y-su-rol-en-la-construccion-de-una-cultura-del-respeto-de-los-ddhh\/#primaryimage"},"image":{"@id":"https:\/\/www.ucaldas.edu.co\/portal\/la-educacion-y-su-rol-en-la-construccion-de-una-cultura-del-respeto-de-los-ddhh\/#primaryimage"},"thumbnailUrl":"https:\/\/www.ucaldas.edu.co\/portal\/wp-content\/uploads\/2019\/12\/RECTOR-PONENCIA-compressor.png","datePublished":"2019-12-10T23:11:13+00:00","dateModified":"2019-12-11T20:34:56+00:00","breadcrumb":{"@id":"https:\/\/www.ucaldas.edu.co\/portal\/la-educacion-y-su-rol-en-la-construccion-de-una-cultura-del-respeto-de-los-ddhh\/#breadcrumb"},"inLanguage":"es","potentialAction":[{"@type":"ReadAction","target":["https:\/\/www.ucaldas.edu.co\/portal\/la-educacion-y-su-rol-en-la-construccion-de-una-cultura-del-respeto-de-los-ddhh\/"]}]},{"@type":"ImageObject","inLanguage":"es","@id":"https:\/\/www.ucaldas.edu.co\/portal\/la-educacion-y-su-rol-en-la-construccion-de-una-cultura-del-respeto-de-los-ddhh\/#primaryimage","url":"https:\/\/www.ucaldas.edu.co\/portal\/wp-content\/uploads\/2019\/12\/RECTOR-PONENCIA-compressor.png","contentUrl":"https:\/\/www.ucaldas.edu.co\/portal\/wp-content\/uploads\/2019\/12\/RECTOR-PONENCIA-compressor.png","width":700,"height":400},{"@type":"BreadcrumbList","@id":"https:\/\/www.ucaldas.edu.co\/portal\/la-educacion-y-su-rol-en-la-construccion-de-una-cultura-del-respeto-de-los-ddhh\/#breadcrumb","itemListElement":[{"@type":"ListItem","position":1,"name":"Portada","item":"https:\/\/www.ucaldas.edu.co\/portal\/"},{"@type":"ListItem","position":2,"name":"La educaci\u00f3n y su rol en la construcci\u00f3n de una cultura del respeto de los DDHH"}]},{"@type":"WebSite","@id":"https:\/\/www.ucaldas.edu.co\/portal\/#website","url":"https:\/\/www.ucaldas.edu.co\/portal\/","name":"Universidad de Caldas","description":"","publisher":{"@id":"https:\/\/www.ucaldas.edu.co\/portal\/#organization"},"alternateName":"U. de Caldas","potentialAction":[{"@type":"SearchAction","target":{"@type":"EntryPoint","urlTemplate":"https:\/\/www.ucaldas.edu.co\/portal\/?s={search_term_string}"},"query-input":{"@type":"PropertyValueSpecification","valueRequired":true,"valueName":"search_term_string"}}],"inLanguage":"es"},{"@type":"Organization","@id":"https:\/\/www.ucaldas.edu.co\/portal\/#organization","name":"Universidad de Caldas","alternateName":"U. de Caldas","url":"https:\/\/www.ucaldas.edu.co\/portal\/","logo":{"@type":"ImageObject","inLanguage":"es","@id":"https:\/\/www.ucaldas.edu.co\/portal\/#\/schema\/logo\/image\/","url":"https:\/\/www.ucaldas.edu.co\/portal\/wp-content\/uploads\/2023\/11\/Logo_horizontal_oscuroU-2023.png","contentUrl":"https:\/\/www.ucaldas.edu.co\/portal\/wp-content\/uploads\/2023\/11\/Logo_horizontal_oscuroU-2023.png","width":263,"height":101,"caption":"Universidad de Caldas"},"image":{"@id":"https:\/\/www.ucaldas.edu.co\/portal\/#\/schema\/logo\/image\/"},"sameAs":["https:\/\/www.facebook.com\/udecaldas","https:\/\/x.com\/udecaldas","https:\/\/www.youtube.com\/universidadcaldas","https:\/\/www.instagram.com\/udecaldas\/"]},{"@type":"Person","@id":"https:\/\/www.ucaldas.edu.co\/portal\/#\/schema\/person\/a1b482e23449158b4bc319926c074fdf","name":"ofiprensa","image":{"@type":"ImageObject","inLanguage":"es","@id":"https:\/\/www.ucaldas.edu.co\/portal\/wp-content\/litespeed\/avatar\/09ea5085e600095a7a811142c6944527.jpg?ver=1777497608","url":"https:\/\/www.ucaldas.edu.co\/portal\/wp-content\/litespeed\/avatar\/09ea5085e600095a7a811142c6944527.jpg?ver=1777497608","contentUrl":"https:\/\/www.ucaldas.edu.co\/portal\/wp-content\/litespeed\/avatar\/09ea5085e600095a7a811142c6944527.jpg?ver=1777497608","caption":"ofiprensa"},"url":"https:\/\/www.ucaldas.edu.co\/portal\/author\/ofiprensa\/"}]}},"_links":{"self":[{"href":"https:\/\/www.ucaldas.edu.co\/portal\/wp-json\/wp\/v2\/posts\/53521","targetHints":{"allow":["GET"]}}],"collection":[{"href":"https:\/\/www.ucaldas.edu.co\/portal\/wp-json\/wp\/v2\/posts"}],"about":[{"href":"https:\/\/www.ucaldas.edu.co\/portal\/wp-json\/wp\/v2\/types\/post"}],"author":[{"embeddable":true,"href":"https:\/\/www.ucaldas.edu.co\/portal\/wp-json\/wp\/v2\/users\/2"}],"replies":[{"embeddable":true,"href":"https:\/\/www.ucaldas.edu.co\/portal\/wp-json\/wp\/v2\/comments?post=53521"}],"version-history":[{"count":0,"href":"https:\/\/www.ucaldas.edu.co\/portal\/wp-json\/wp\/v2\/posts\/53521\/revisions"}],"wp:featuredmedia":[{"embeddable":true,"href":"https:\/\/www.ucaldas.edu.co\/portal\/wp-json\/wp\/v2\/media\/53522"}],"wp:attachment":[{"href":"https:\/\/www.ucaldas.edu.co\/portal\/wp-json\/wp\/v2\/media?parent=53521"}],"wp:term":[{"taxonomy":"category","embeddable":true,"href":"https:\/\/www.ucaldas.edu.co\/portal\/wp-json\/wp\/v2\/categories?post=53521"},{"taxonomy":"post_tag","embeddable":true,"href":"https:\/\/www.ucaldas.edu.co\/portal\/wp-json\/wp\/v2\/tags?post=53521"}],"curies":[{"name":"wp","href":"https:\/\/api.w.org\/{rel}","templated":true}]}}