{"id":53498,"date":"2019-12-09T22:27:47","date_gmt":"2019-12-09T22:27:47","guid":{"rendered":"https:\/\/www.ucaldas.edu.co\/portal\/?p=53498"},"modified":"2019-12-09T22:27:57","modified_gmt":"2019-12-09T22:27:57","slug":"82-personas-presentaron-proyectos-a-la-u-de-caldas-para-optar-por-becas-de-excelencia-doctoral-del-bicentenario","status":"publish","type":"post","link":"https:\/\/www.ucaldas.edu.co\/portal\/82-personas-presentaron-proyectos-a-la-u-de-caldas-para-optar-por-becas-de-excelencia-doctoral-del-bicentenario\/","title":{"rendered":"82 personas presentaron proyectos a la U. de Caldas para optar por Becas de Excelencia Doctoral del Bicentenario"},"content":{"rendered":"<p style=\"text-align: center;\">LA UNIVERSIDAD PRESENTAR\u00c1 ANTE MINCIENCIAS PROYECTO EN EL QUE INCLUYE LAS INICIATIVAS<\/p>\n<p style=\"text-align: center;\"><strong>82 personas presentaron proyectos a la U. de Caldas para optar por Becas de Excelencia Doctoral del Bicentenario<\/strong><\/p>\n<p style=\"text-align: right;\">09\/12\/2019<\/p>\n<p><img loading=\"lazy\" decoding=\"async\" class=\"aligncenter wp-image-53499 size-full\" src=\"https:\/\/www.ucaldas.edu.co\/portal\/wp-content\/uploads\/2019\/12\/BECAS-BICENTENARIO-compressor.png\" alt=\"\" width=\"700\" height=\"400\" srcset=\"https:\/\/www.ucaldas.edu.co\/portal\/wp-content\/uploads\/2019\/12\/BECAS-BICENTENARIO-compressor.png 700w, https:\/\/www.ucaldas.edu.co\/portal\/wp-content\/uploads\/2019\/12\/BECAS-BICENTENARIO-compressor-300x171.png 300w\" sizes=\"auto, (max-width: 700px) 100vw, 700px\" \/><\/p>\n<p>82 profesionales inscribieron sus proyectos ante la Vicerrector\u00eda de Investigaciones y Posgrados de la Universidad de Caldas para optar por Becas de Excelencia Doctoral del Bicentenario.<!--more--><\/p>\n<p>Las inscripciones cerraron el pasado 2 de diciembre y la formalizaci\u00f3n de las inscripciones se hizo hasta el 3 de diciembre. \u00a0El paso a seguir es que la Universidad de Caldas presente ante Minciencias el proyecto institucional en el que se incluyan las 82 propuestas. Para esto, la fecha m\u00e1xima es el 31 de enero del 2020. Despu\u00e9s contin\u00faa la revisi\u00f3n y evaluaci\u00f3n de la propuesta, proceso que realiza Minciencias.<\/p>\n<p>El objetivo del Programa Becas de Excelencia Doctoral del Bicentenario es fomentar la investigaci\u00f3n con calidad e impacto. Minciencias, el Ministerio de Educaci\u00f3n Nacional con el apoyo de la Federaci\u00f3n Nacional de Departamentos y el Congreso de la Rep\u00fablica estructuraron esta iniciativa.Los aspirantes pueden optar por las becas doctorales para realizar estudios en la instituci\u00f3n, siempre y cuando se cumpla con los requisitos de admisi\u00f3n a los programas.<\/p>\n<p>Estos beneficios se financian mediante el Presupuesto del Sistema General de Regal\u00edas (Ley 1942 de 2018) con un monto que asciende a $250.000 millones de pesos del Fondo de Ciencia, Tecnolog\u00eda e Innovaci\u00f3n.<\/p>\n<p>En total se asignan hasta 237 millones 500 mil pesos por estudiante, en un periodo de hasta 4 a\u00f1os.<\/p>\n<p>&nbsp;<\/p>\n<p><strong>Informes:<\/strong> Oficina de Comunicaciones y Prensa Universidad de Caldas. Tel\u00e9fono: 8781500 Extensi\u00f3n: 12167<\/p>\n<p><strong>Redacci\u00f3n:<\/strong> Adriana Osorio Garc\u00eda<\/p>\n","protected":false},"excerpt":{"rendered":"<p>LA UNIVERSIDAD PRESENTAR\u00c1 ANTE MINCIENCIAS PROYECTO EN EL QUE INCLUYE LAS INICIATIVAS 82 personas presentaron proyectos a la U. de Caldas para optar por Becas de Excelencia Doctoral del Bicentenario 09\/12\/2019 82 profesionales inscribieron sus proyectos ante la Vicerrector\u00eda de Investigaciones y Posgrados de la Universidad de Caldas para optar por Becas de Excelencia Doctoral [&hellip;]<\/p>\n","protected":false},"author":2,"featured_media":53499,"comment_status":"closed","ping_status":"open","sticky":false,"template":"","format":"standard","meta":{"footnotes":""},"categories":[48,53,600],"tags":[297,534,1204,4543],"class_list":["post-53498","post","type-post","status-publish","format-standard","has-post-thumbnail","hentry","category-actualidad","category-universidad-al-dia","category-ucaldas-regional","tag-inscripciones","tag-becas","tag-balance","tag-minciencias"],"yoast_head":"<!-- This site is optimized with the Yoast SEO plugin v27.5 - https:\/\/yoast.com\/product\/yoast-seo-wordpress\/ -->\n<title>82 personas presentaron proyectos a la U. de Caldas para optar por Becas de Excelencia Doctoral del Bicentenario .<\/title>\n<meta name=\"robots\" content=\"index, follow, max-snippet:-1, max-image-preview:large, max-video-preview:-1\" \/>\n<link rel=\"canonical\" href=\"https:\/\/www.ucaldas.edu.co\/portal\/82-personas-presentaron-proyectos-a-la-u-de-caldas-para-optar-por-becas-de-excelencia-doctoral-del-bicentenario\/\" \/>\n<script type=\"application\/ld+json\" class=\"yoast-schema-graph\">{\"@context\":\"https:\\\/\\\/schema.org\",\"@graph\":[{\"@type\":\"Article\",\"@id\":\"https:\\\/\\\/www.ucaldas.edu.co\\\/portal\\\/82-personas-presentaron-proyectos-a-la-u-de-caldas-para-optar-por-becas-de-excelencia-doctoral-del-bicentenario\\\/#article\",\"isPartOf\":{\"@id\":\"https:\\\/\\\/www.ucaldas.edu.co\\\/portal\\\/82-personas-presentaron-proyectos-a-la-u-de-caldas-para-optar-por-becas-de-excelencia-doctoral-del-bicentenario\\\/\"},\"author\":{\"name\":\"ofiprensa\",\"@id\":\"https:\\\/\\\/www.ucaldas.edu.co\\\/portal\\\/#\\\/schema\\\/person\\\/a1b482e23449158b4bc319926c074fdf\"},\"headline\":\"82 personas presentaron proyectos a la U. de Caldas para optar por Becas de Excelencia Doctoral del Bicentenario\",\"datePublished\":\"2019-12-09T22:27:47+00:00\",\"dateModified\":\"2019-12-09T22:27:57+00:00\",\"mainEntityOfPage\":{\"@id\":\"https:\\\/\\\/www.ucaldas.edu.co\\\/portal\\\/82-personas-presentaron-proyectos-a-la-u-de-caldas-para-optar-por-becas-de-excelencia-doctoral-del-bicentenario\\\/\"},\"wordCount\":288,\"publisher\":{\"@id\":\"https:\\\/\\\/www.ucaldas.edu.co\\\/portal\\\/#organization\"},\"image\":{\"@id\":\"https:\\\/\\\/www.ucaldas.edu.co\\\/portal\\\/82-personas-presentaron-proyectos-a-la-u-de-caldas-para-optar-por-becas-de-excelencia-doctoral-del-bicentenario\\\/#primaryimage\"},\"thumbnailUrl\":\"https:\\\/\\\/www.ucaldas.edu.co\\\/portal\\\/wp-content\\\/uploads\\\/2019\\\/12\\\/BECAS-BICENTENARIO-compressor.png\",\"keywords\":[\"Inscripciones\",\"Becas\",\"balance\",\"Minciencias\"],\"articleSection\":[\"Actualidad\",\"Universidad al D\u00eda\",\"UCaldas Regional\"],\"inLanguage\":\"es\"},{\"@type\":\"WebPage\",\"@id\":\"https:\\\/\\\/www.ucaldas.edu.co\\\/portal\\\/82-personas-presentaron-proyectos-a-la-u-de-caldas-para-optar-por-becas-de-excelencia-doctoral-del-bicentenario\\\/\",\"url\":\"https:\\\/\\\/www.ucaldas.edu.co\\\/portal\\\/82-personas-presentaron-proyectos-a-la-u-de-caldas-para-optar-por-becas-de-excelencia-doctoral-del-bicentenario\\\/\",\"name\":\"82 personas presentaron proyectos a la U. de Caldas para optar por Becas de Excelencia Doctoral del Bicentenario .\",\"isPartOf\":{\"@id\":\"https:\\\/\\\/www.ucaldas.edu.co\\\/portal\\\/#website\"},\"primaryImageOfPage\":{\"@id\":\"https:\\\/\\\/www.ucaldas.edu.co\\\/portal\\\/82-personas-presentaron-proyectos-a-la-u-de-caldas-para-optar-por-becas-de-excelencia-doctoral-del-bicentenario\\\/#primaryimage\"},\"image\":{\"@id\":\"https:\\\/\\\/www.ucaldas.edu.co\\\/portal\\\/82-personas-presentaron-proyectos-a-la-u-de-caldas-para-optar-por-becas-de-excelencia-doctoral-del-bicentenario\\\/#primaryimage\"},\"thumbnailUrl\":\"https:\\\/\\\/www.ucaldas.edu.co\\\/portal\\\/wp-content\\\/uploads\\\/2019\\\/12\\\/BECAS-BICENTENARIO-compressor.png\",\"datePublished\":\"2019-12-09T22:27:47+00:00\",\"dateModified\":\"2019-12-09T22:27:57+00:00\",\"breadcrumb\":{\"@id\":\"https:\\\/\\\/www.ucaldas.edu.co\\\/portal\\\/82-personas-presentaron-proyectos-a-la-u-de-caldas-para-optar-por-becas-de-excelencia-doctoral-del-bicentenario\\\/#breadcrumb\"},\"inLanguage\":\"es\",\"potentialAction\":[{\"@type\":\"ReadAction\",\"target\":[\"https:\\\/\\\/www.ucaldas.edu.co\\\/portal\\\/82-personas-presentaron-proyectos-a-la-u-de-caldas-para-optar-por-becas-de-excelencia-doctoral-del-bicentenario\\\/\"]}]},{\"@type\":\"ImageObject\",\"inLanguage\":\"es\",\"@id\":\"https:\\\/\\\/www.ucaldas.edu.co\\\/portal\\\/82-personas-presentaron-proyectos-a-la-u-de-caldas-para-optar-por-becas-de-excelencia-doctoral-del-bicentenario\\\/#primaryimage\",\"url\":\"https:\\\/\\\/www.ucaldas.edu.co\\\/portal\\\/wp-content\\\/uploads\\\/2019\\\/12\\\/BECAS-BICENTENARIO-compressor.png\",\"contentUrl\":\"https:\\\/\\\/www.ucaldas.edu.co\\\/portal\\\/wp-content\\\/uploads\\\/2019\\\/12\\\/BECAS-BICENTENARIO-compressor.png\",\"width\":700,\"height\":400},{\"@type\":\"BreadcrumbList\",\"@id\":\"https:\\\/\\\/www.ucaldas.edu.co\\\/portal\\\/82-personas-presentaron-proyectos-a-la-u-de-caldas-para-optar-por-becas-de-excelencia-doctoral-del-bicentenario\\\/#breadcrumb\",\"itemListElement\":[{\"@type\":\"ListItem\",\"position\":1,\"name\":\"Portada\",\"item\":\"https:\\\/\\\/www.ucaldas.edu.co\\\/portal\\\/\"},{\"@type\":\"ListItem\",\"position\":2,\"name\":\"82 personas presentaron proyectos a la U. de Caldas para optar por Becas de Excelencia Doctoral del Bicentenario\"}]},{\"@type\":\"WebSite\",\"@id\":\"https:\\\/\\\/www.ucaldas.edu.co\\\/portal\\\/#website\",\"url\":\"https:\\\/\\\/www.ucaldas.edu.co\\\/portal\\\/\",\"name\":\"Universidad de Caldas\",\"description\":\"\",\"publisher\":{\"@id\":\"https:\\\/\\\/www.ucaldas.edu.co\\\/portal\\\/#organization\"},\"alternateName\":\"U. de Caldas\",\"potentialAction\":[{\"@type\":\"SearchAction\",\"target\":{\"@type\":\"EntryPoint\",\"urlTemplate\":\"https:\\\/\\\/www.ucaldas.edu.co\\\/portal\\\/?s={search_term_string}\"},\"query-input\":{\"@type\":\"PropertyValueSpecification\",\"valueRequired\":true,\"valueName\":\"search_term_string\"}}],\"inLanguage\":\"es\"},{\"@type\":\"Organization\",\"@id\":\"https:\\\/\\\/www.ucaldas.edu.co\\\/portal\\\/#organization\",\"name\":\"Universidad de Caldas\",\"alternateName\":\"U. de Caldas\",\"url\":\"https:\\\/\\\/www.ucaldas.edu.co\\\/portal\\\/\",\"logo\":{\"@type\":\"ImageObject\",\"inLanguage\":\"es\",\"@id\":\"https:\\\/\\\/www.ucaldas.edu.co\\\/portal\\\/#\\\/schema\\\/logo\\\/image\\\/\",\"url\":\"https:\\\/\\\/www.ucaldas.edu.co\\\/portal\\\/wp-content\\\/uploads\\\/2023\\\/11\\\/Logo_horizontal_oscuroU-2023.png\",\"contentUrl\":\"https:\\\/\\\/www.ucaldas.edu.co\\\/portal\\\/wp-content\\\/uploads\\\/2023\\\/11\\\/Logo_horizontal_oscuroU-2023.png\",\"width\":263,\"height\":101,\"caption\":\"Universidad de Caldas\"},\"image\":{\"@id\":\"https:\\\/\\\/www.ucaldas.edu.co\\\/portal\\\/#\\\/schema\\\/logo\\\/image\\\/\"},\"sameAs\":[\"https:\\\/\\\/www.facebook.com\\\/udecaldas\",\"https:\\\/\\\/x.com\\\/udecaldas\",\"https:\\\/\\\/www.youtube.com\\\/universidadcaldas\",\"https:\\\/\\\/www.instagram.com\\\/udecaldas\\\/\"]},{\"@type\":\"Person\",\"@id\":\"https:\\\/\\\/www.ucaldas.edu.co\\\/portal\\\/#\\\/schema\\\/person\\\/a1b482e23449158b4bc319926c074fdf\",\"name\":\"ofiprensa\",\"image\":{\"@type\":\"ImageObject\",\"inLanguage\":\"es\",\"@id\":\"https:\\\/\\\/www.ucaldas.edu.co\\\/portal\\\/wp-content\\\/litespeed\\\/avatar\\\/09ea5085e600095a7a811142c6944527.jpg?ver=1777497608\",\"url\":\"https:\\\/\\\/www.ucaldas.edu.co\\\/portal\\\/wp-content\\\/litespeed\\\/avatar\\\/09ea5085e600095a7a811142c6944527.jpg?ver=1777497608\",\"contentUrl\":\"https:\\\/\\\/www.ucaldas.edu.co\\\/portal\\\/wp-content\\\/litespeed\\\/avatar\\\/09ea5085e600095a7a811142c6944527.jpg?ver=1777497608\",\"caption\":\"ofiprensa\"},\"url\":\"https:\\\/\\\/www.ucaldas.edu.co\\\/portal\\\/author\\\/ofiprensa\\\/\"}]}<\/script>\n<!-- \/ Yoast SEO plugin. -->","yoast_head_json":{"title":"82 personas presentaron proyectos a la U. de Caldas para optar por Becas de Excelencia Doctoral del Bicentenario .","robots":{"index":"index","follow":"follow","max-snippet":"max-snippet:-1","max-image-preview":"max-image-preview:large","max-video-preview":"max-video-preview:-1"},"canonical":"https:\/\/www.ucaldas.edu.co\/portal\/82-personas-presentaron-proyectos-a-la-u-de-caldas-para-optar-por-becas-de-excelencia-doctoral-del-bicentenario\/","schema":{"@context":"https:\/\/schema.org","@graph":[{"@type":"Article","@id":"https:\/\/www.ucaldas.edu.co\/portal\/82-personas-presentaron-proyectos-a-la-u-de-caldas-para-optar-por-becas-de-excelencia-doctoral-del-bicentenario\/#article","isPartOf":{"@id":"https:\/\/www.ucaldas.edu.co\/portal\/82-personas-presentaron-proyectos-a-la-u-de-caldas-para-optar-por-becas-de-excelencia-doctoral-del-bicentenario\/"},"author":{"name":"ofiprensa","@id":"https:\/\/www.ucaldas.edu.co\/portal\/#\/schema\/person\/a1b482e23449158b4bc319926c074fdf"},"headline":"82 personas presentaron proyectos a la U. de Caldas para optar por Becas de Excelencia Doctoral del Bicentenario","datePublished":"2019-12-09T22:27:47+00:00","dateModified":"2019-12-09T22:27:57+00:00","mainEntityOfPage":{"@id":"https:\/\/www.ucaldas.edu.co\/portal\/82-personas-presentaron-proyectos-a-la-u-de-caldas-para-optar-por-becas-de-excelencia-doctoral-del-bicentenario\/"},"wordCount":288,"publisher":{"@id":"https:\/\/www.ucaldas.edu.co\/portal\/#organization"},"image":{"@id":"https:\/\/www.ucaldas.edu.co\/portal\/82-personas-presentaron-proyectos-a-la-u-de-caldas-para-optar-por-becas-de-excelencia-doctoral-del-bicentenario\/#primaryimage"},"thumbnailUrl":"https:\/\/www.ucaldas.edu.co\/portal\/wp-content\/uploads\/2019\/12\/BECAS-BICENTENARIO-compressor.png","keywords":["Inscripciones","Becas","balance","Minciencias"],"articleSection":["Actualidad","Universidad al D\u00eda","UCaldas Regional"],"inLanguage":"es"},{"@type":"WebPage","@id":"https:\/\/www.ucaldas.edu.co\/portal\/82-personas-presentaron-proyectos-a-la-u-de-caldas-para-optar-por-becas-de-excelencia-doctoral-del-bicentenario\/","url":"https:\/\/www.ucaldas.edu.co\/portal\/82-personas-presentaron-proyectos-a-la-u-de-caldas-para-optar-por-becas-de-excelencia-doctoral-del-bicentenario\/","name":"82 personas presentaron proyectos a la U. de Caldas para optar por Becas de Excelencia Doctoral del Bicentenario .","isPartOf":{"@id":"https:\/\/www.ucaldas.edu.co\/portal\/#website"},"primaryImageOfPage":{"@id":"https:\/\/www.ucaldas.edu.co\/portal\/82-personas-presentaron-proyectos-a-la-u-de-caldas-para-optar-por-becas-de-excelencia-doctoral-del-bicentenario\/#primaryimage"},"image":{"@id":"https:\/\/www.ucaldas.edu.co\/portal\/82-personas-presentaron-proyectos-a-la-u-de-caldas-para-optar-por-becas-de-excelencia-doctoral-del-bicentenario\/#primaryimage"},"thumbnailUrl":"https:\/\/www.ucaldas.edu.co\/portal\/wp-content\/uploads\/2019\/12\/BECAS-BICENTENARIO-compressor.png","datePublished":"2019-12-09T22:27:47+00:00","dateModified":"2019-12-09T22:27:57+00:00","breadcrumb":{"@id":"https:\/\/www.ucaldas.edu.co\/portal\/82-personas-presentaron-proyectos-a-la-u-de-caldas-para-optar-por-becas-de-excelencia-doctoral-del-bicentenario\/#breadcrumb"},"inLanguage":"es","potentialAction":[{"@type":"ReadAction","target":["https:\/\/www.ucaldas.edu.co\/portal\/82-personas-presentaron-proyectos-a-la-u-de-caldas-para-optar-por-becas-de-excelencia-doctoral-del-bicentenario\/"]}]},{"@type":"ImageObject","inLanguage":"es","@id":"https:\/\/www.ucaldas.edu.co\/portal\/82-personas-presentaron-proyectos-a-la-u-de-caldas-para-optar-por-becas-de-excelencia-doctoral-del-bicentenario\/#primaryimage","url":"https:\/\/www.ucaldas.edu.co\/portal\/wp-content\/uploads\/2019\/12\/BECAS-BICENTENARIO-compressor.png","contentUrl":"https:\/\/www.ucaldas.edu.co\/portal\/wp-content\/uploads\/2019\/12\/BECAS-BICENTENARIO-compressor.png","width":700,"height":400},{"@type":"BreadcrumbList","@id":"https:\/\/www.ucaldas.edu.co\/portal\/82-personas-presentaron-proyectos-a-la-u-de-caldas-para-optar-por-becas-de-excelencia-doctoral-del-bicentenario\/#breadcrumb","itemListElement":[{"@type":"ListItem","position":1,"name":"Portada","item":"https:\/\/www.ucaldas.edu.co\/portal\/"},{"@type":"ListItem","position":2,"name":"82 personas presentaron proyectos a la U. de Caldas para optar por Becas de Excelencia Doctoral del Bicentenario"}]},{"@type":"WebSite","@id":"https:\/\/www.ucaldas.edu.co\/portal\/#website","url":"https:\/\/www.ucaldas.edu.co\/portal\/","name":"Universidad de Caldas","description":"","publisher":{"@id":"https:\/\/www.ucaldas.edu.co\/portal\/#organization"},"alternateName":"U. de Caldas","potentialAction":[{"@type":"SearchAction","target":{"@type":"EntryPoint","urlTemplate":"https:\/\/www.ucaldas.edu.co\/portal\/?s={search_term_string}"},"query-input":{"@type":"PropertyValueSpecification","valueRequired":true,"valueName":"search_term_string"}}],"inLanguage":"es"},{"@type":"Organization","@id":"https:\/\/www.ucaldas.edu.co\/portal\/#organization","name":"Universidad de Caldas","alternateName":"U. de Caldas","url":"https:\/\/www.ucaldas.edu.co\/portal\/","logo":{"@type":"ImageObject","inLanguage":"es","@id":"https:\/\/www.ucaldas.edu.co\/portal\/#\/schema\/logo\/image\/","url":"https:\/\/www.ucaldas.edu.co\/portal\/wp-content\/uploads\/2023\/11\/Logo_horizontal_oscuroU-2023.png","contentUrl":"https:\/\/www.ucaldas.edu.co\/portal\/wp-content\/uploads\/2023\/11\/Logo_horizontal_oscuroU-2023.png","width":263,"height":101,"caption":"Universidad de Caldas"},"image":{"@id":"https:\/\/www.ucaldas.edu.co\/portal\/#\/schema\/logo\/image\/"},"sameAs":["https:\/\/www.facebook.com\/udecaldas","https:\/\/x.com\/udecaldas","https:\/\/www.youtube.com\/universidadcaldas","https:\/\/www.instagram.com\/udecaldas\/"]},{"@type":"Person","@id":"https:\/\/www.ucaldas.edu.co\/portal\/#\/schema\/person\/a1b482e23449158b4bc319926c074fdf","name":"ofiprensa","image":{"@type":"ImageObject","inLanguage":"es","@id":"https:\/\/www.ucaldas.edu.co\/portal\/wp-content\/litespeed\/avatar\/09ea5085e600095a7a811142c6944527.jpg?ver=1777497608","url":"https:\/\/www.ucaldas.edu.co\/portal\/wp-content\/litespeed\/avatar\/09ea5085e600095a7a811142c6944527.jpg?ver=1777497608","contentUrl":"https:\/\/www.ucaldas.edu.co\/portal\/wp-content\/litespeed\/avatar\/09ea5085e600095a7a811142c6944527.jpg?ver=1777497608","caption":"ofiprensa"},"url":"https:\/\/www.ucaldas.edu.co\/portal\/author\/ofiprensa\/"}]}},"_links":{"self":[{"href":"https:\/\/www.ucaldas.edu.co\/portal\/wp-json\/wp\/v2\/posts\/53498","targetHints":{"allow":["GET"]}}],"collection":[{"href":"https:\/\/www.ucaldas.edu.co\/portal\/wp-json\/wp\/v2\/posts"}],"about":[{"href":"https:\/\/www.ucaldas.edu.co\/portal\/wp-json\/wp\/v2\/types\/post"}],"author":[{"embeddable":true,"href":"https:\/\/www.ucaldas.edu.co\/portal\/wp-json\/wp\/v2\/users\/2"}],"replies":[{"embeddable":true,"href":"https:\/\/www.ucaldas.edu.co\/portal\/wp-json\/wp\/v2\/comments?post=53498"}],"version-history":[{"count":0,"href":"https:\/\/www.ucaldas.edu.co\/portal\/wp-json\/wp\/v2\/posts\/53498\/revisions"}],"wp:featuredmedia":[{"embeddable":true,"href":"https:\/\/www.ucaldas.edu.co\/portal\/wp-json\/wp\/v2\/media\/53499"}],"wp:attachment":[{"href":"https:\/\/www.ucaldas.edu.co\/portal\/wp-json\/wp\/v2\/media?parent=53498"}],"wp:term":[{"taxonomy":"category","embeddable":true,"href":"https:\/\/www.ucaldas.edu.co\/portal\/wp-json\/wp\/v2\/categories?post=53498"},{"taxonomy":"post_tag","embeddable":true,"href":"https:\/\/www.ucaldas.edu.co\/portal\/wp-json\/wp\/v2\/tags?post=53498"}],"curies":[{"name":"wp","href":"https:\/\/api.w.org\/{rel}","templated":true}]}}