{"id":53489,"date":"2019-12-09T22:23:01","date_gmt":"2019-12-09T22:23:01","guid":{"rendered":"https:\/\/www.ucaldas.edu.co\/portal\/?p=53489"},"modified":"2019-12-09T22:23:07","modified_gmt":"2019-12-09T22:23:07","slug":"abiertas-inscripciones-para-el-programa-de-administracion-financiera","status":"publish","type":"post","link":"https:\/\/www.ucaldas.edu.co\/portal\/abiertas-inscripciones-para-el-programa-de-administracion-financiera\/","title":{"rendered":"Abiertas inscripciones para el programa de Administraci\u00f3n Financiera"},"content":{"rendered":"<p style=\"text-align: center;\">HASTA EL 16 DE DICIEMBRE DEL 2019<\/p>\n<p style=\"text-align: center;\"><strong>Abiertas inscripciones para el programa de Administraci\u00f3n Financiera <\/strong><\/p>\n<p style=\"text-align: right;\">09\/12\/2019<\/p>\n<p><img loading=\"lazy\" decoding=\"async\" class=\"aligncenter wp-image-53490 size-full\" src=\"https:\/\/www.ucaldas.edu.co\/portal\/wp-content\/uploads\/2019\/12\/ADMINISTRACION-FINANCIERA-compressor.png\" alt=\"\" width=\"700\" height=\"400\" srcset=\"https:\/\/www.ucaldas.edu.co\/portal\/wp-content\/uploads\/2019\/12\/ADMINISTRACION-FINANCIERA-compressor.png 700w, https:\/\/www.ucaldas.edu.co\/portal\/wp-content\/uploads\/2019\/12\/ADMINISTRACION-FINANCIERA-compressor-300x171.png 300w\" sizes=\"auto, (max-width: 700px) 100vw, 700px\" \/><\/p>\n<p>Hasta el 16 de diciembre est\u00e1n abiertas las inscripciones para el programa de Administraci\u00f3n Financiera de la Universidad de Caldas en Manizales y La Dorada, para el ingreso en el 2020-1. Esta carrera es \u00fanicamente en jornada nocturna de lunes a viernes de 6:00 a 10:00 p.m.<!--more--><\/p>\n<p>Las personas interesadas podr\u00e1n seguir los siguientes pasos:<\/p>\n<ul>\n<li>Consignar en la cuenta DAVIVIENDA 0845-00007467 por valor de\u00a0<strong><u>$12.400.<\/u><\/strong><\/li>\n<\/ul>\n<p>Referencia 1: Identificaci\u00f3n del aspirante<\/p>\n<p>Referencia 2: C\u00f3digo de recaudo 0116<\/p>\n<p>Titular Universidad de Caldas<\/p>\n<ul>\n<li>Con la consignaci\u00f3n original reclama el PIN en la direcci\u00f3n del programa de Administraci\u00f3n Financiera.<\/li>\n<\/ul>\n<p>En la carrera 23 N\u00b0 58-65, tercer piso (Frente a la estaci\u00f3n de las Palmas).<\/p>\n<ul>\n<li>Entre a la p\u00e1gina web de la Universidad de Caldas, en <u><a href=\"http:\/\/www.ucaldas.edu.co\">ucaldas.edu.co<\/a><\/u> en el \u00edtem III. Programas especiales (T\u00e9cnicos, tecnol\u00f3gicos, profesionales). Ingresa y procesa la informaci\u00f3n de inscripci\u00f3n.<\/li>\n<\/ul>\n<ul>\n<li>El valor de la matr\u00edcula son\u00a02 salarios m\u00ednimos\u00a0mensuales legales vigentes, por semestre para 2020<strong>;<\/strong>si tiene certificado de las \u00faltimas elecciones\u00a0le descuentan el 10% del 70% del valor total del recibo. La matr\u00edcula se paga despu\u00e9s\u00a0de ser admitido y una vez se expida el recibo de pago de matr\u00edcula\u00a0correspondiente.<\/li>\n<\/ul>\n<ul>\n<li>Se requieren PRUEBAS SABER-11 posteriores al a\u00f1o 2000.\u00a0 No hay un puntaje m\u00ednimo, la clasificaci\u00f3n se hace sobre los puntajes de los aspirantes que se presenten. Los ponderados son los siguientes para la carrera: Ciencias Sociales 25%, lectura cr\u00edtica 30%, Matem\u00e1ticas 35% y Ciencias Naturales 10%.<\/li>\n<\/ul>\n<ul>\n<li>Tener en cuenta que debe inscribirse con el n\u00famero de documento con el que present\u00f3 las pruebas SABER-11.<\/li>\n<\/ul>\n<p>El programa Administraci\u00f3n Financiera, tiene como objetivo la formaci\u00f3n integral de profesionales con amplia capacidad para la gesti\u00f3n financiera, la incursi\u00f3n en los mercados financieros, la formaci\u00f3n del precio de los activos financieros, el an\u00e1lisis del riegos, la creaci\u00f3n del valor y\u00a0 optimizaci\u00f3n de los recursos en la toma de\u00a0 decisiones en las empresas p\u00fablicas.<\/p>\n<p>&nbsp;<\/p>\n<p><strong>Informes:<\/strong> Oficina de Comunicaciones y Prensa Universidad de Caldas. Tel\u00e9fono: 8781500 Extensi\u00f3n: 12167<\/p>\n<p><strong>Redacci\u00f3n:<\/strong> Diego Fernando R\u00edos Laserna<\/p>\n","protected":false},"excerpt":{"rendered":"<p>HASTA EL 16 DE DICIEMBRE DEL 2019 Abiertas inscripciones para el programa de Administraci\u00f3n Financiera 09\/12\/2019 Hasta el 16 de diciembre est\u00e1n abiertas las inscripciones para el programa de Administraci\u00f3n Financiera de la Universidad de Caldas en Manizales y La Dorada, para el ingreso en el 2020-1. Esta carrera es \u00fanicamente en jornada nocturna de [&hellip;]<\/p>\n","protected":false},"author":2,"featured_media":53490,"comment_status":"closed","ping_status":"open","sticky":false,"template":"","format":"standard","meta":{"footnotes":""},"categories":[48,53,624],"tags":[203,1097,1422,4541],"class_list":["post-53489","post","type-post","status-publish","format-standard","has-post-thumbnail","hentry","category-actualidad","category-universidad-al-dia","category-ucaldas-activa","tag-universidad","tag-descuentos","tag-proceso","tag-consignacion"],"yoast_head":"<!-- This site is optimized with the Yoast SEO plugin v27.4 - https:\/\/yoast.com\/product\/yoast-seo-wordpress\/ -->\n<title>Abiertas inscripciones para el programa de Administraci\u00f3n Financiera .<\/title>\n<meta name=\"robots\" content=\"index, follow, max-snippet:-1, max-image-preview:large, max-video-preview:-1\" \/>\n<link rel=\"canonical\" href=\"https:\/\/www.ucaldas.edu.co\/portal\/abiertas-inscripciones-para-el-programa-de-administracion-financiera\/\" \/>\n<script type=\"application\/ld+json\" class=\"yoast-schema-graph\">{\"@context\":\"https:\\\/\\\/schema.org\",\"@graph\":[{\"@type\":\"Article\",\"@id\":\"https:\\\/\\\/www.ucaldas.edu.co\\\/portal\\\/abiertas-inscripciones-para-el-programa-de-administracion-financiera\\\/#article\",\"isPartOf\":{\"@id\":\"https:\\\/\\\/www.ucaldas.edu.co\\\/portal\\\/abiertas-inscripciones-para-el-programa-de-administracion-financiera\\\/\"},\"author\":{\"name\":\"ofiprensa\",\"@id\":\"https:\\\/\\\/www.ucaldas.edu.co\\\/portal\\\/#\\\/schema\\\/person\\\/a1b482e23449158b4bc319926c074fdf\"},\"headline\":\"Abiertas inscripciones para el programa de Administraci\u00f3n Financiera\",\"datePublished\":\"2019-12-09T22:23:01+00:00\",\"dateModified\":\"2019-12-09T22:23:07+00:00\",\"mainEntityOfPage\":{\"@id\":\"https:\\\/\\\/www.ucaldas.edu.co\\\/portal\\\/abiertas-inscripciones-para-el-programa-de-administracion-financiera\\\/\"},\"wordCount\":375,\"publisher\":{\"@id\":\"https:\\\/\\\/www.ucaldas.edu.co\\\/portal\\\/#organization\"},\"image\":{\"@id\":\"https:\\\/\\\/www.ucaldas.edu.co\\\/portal\\\/abiertas-inscripciones-para-el-programa-de-administracion-financiera\\\/#primaryimage\"},\"thumbnailUrl\":\"https:\\\/\\\/www.ucaldas.edu.co\\\/portal\\\/wp-content\\\/uploads\\\/2019\\\/12\\\/ADMINISTRACION-FINANCIERA-compressor.png\",\"keywords\":[\"universidad\",\"Descuentos\",\"proceso\",\"consignaci\u00f3n\"],\"articleSection\":[\"Actualidad\",\"Universidad al D\u00eda\",\"UCaldas Activa\"],\"inLanguage\":\"es\"},{\"@type\":\"WebPage\",\"@id\":\"https:\\\/\\\/www.ucaldas.edu.co\\\/portal\\\/abiertas-inscripciones-para-el-programa-de-administracion-financiera\\\/\",\"url\":\"https:\\\/\\\/www.ucaldas.edu.co\\\/portal\\\/abiertas-inscripciones-para-el-programa-de-administracion-financiera\\\/\",\"name\":\"Abiertas inscripciones para el programa de Administraci\u00f3n Financiera .\",\"isPartOf\":{\"@id\":\"https:\\\/\\\/www.ucaldas.edu.co\\\/portal\\\/#website\"},\"primaryImageOfPage\":{\"@id\":\"https:\\\/\\\/www.ucaldas.edu.co\\\/portal\\\/abiertas-inscripciones-para-el-programa-de-administracion-financiera\\\/#primaryimage\"},\"image\":{\"@id\":\"https:\\\/\\\/www.ucaldas.edu.co\\\/portal\\\/abiertas-inscripciones-para-el-programa-de-administracion-financiera\\\/#primaryimage\"},\"thumbnailUrl\":\"https:\\\/\\\/www.ucaldas.edu.co\\\/portal\\\/wp-content\\\/uploads\\\/2019\\\/12\\\/ADMINISTRACION-FINANCIERA-compressor.png\",\"datePublished\":\"2019-12-09T22:23:01+00:00\",\"dateModified\":\"2019-12-09T22:23:07+00:00\",\"breadcrumb\":{\"@id\":\"https:\\\/\\\/www.ucaldas.edu.co\\\/portal\\\/abiertas-inscripciones-para-el-programa-de-administracion-financiera\\\/#breadcrumb\"},\"inLanguage\":\"es\",\"potentialAction\":[{\"@type\":\"ReadAction\",\"target\":[\"https:\\\/\\\/www.ucaldas.edu.co\\\/portal\\\/abiertas-inscripciones-para-el-programa-de-administracion-financiera\\\/\"]}]},{\"@type\":\"ImageObject\",\"inLanguage\":\"es\",\"@id\":\"https:\\\/\\\/www.ucaldas.edu.co\\\/portal\\\/abiertas-inscripciones-para-el-programa-de-administracion-financiera\\\/#primaryimage\",\"url\":\"https:\\\/\\\/www.ucaldas.edu.co\\\/portal\\\/wp-content\\\/uploads\\\/2019\\\/12\\\/ADMINISTRACION-FINANCIERA-compressor.png\",\"contentUrl\":\"https:\\\/\\\/www.ucaldas.edu.co\\\/portal\\\/wp-content\\\/uploads\\\/2019\\\/12\\\/ADMINISTRACION-FINANCIERA-compressor.png\",\"width\":700,\"height\":400},{\"@type\":\"BreadcrumbList\",\"@id\":\"https:\\\/\\\/www.ucaldas.edu.co\\\/portal\\\/abiertas-inscripciones-para-el-programa-de-administracion-financiera\\\/#breadcrumb\",\"itemListElement\":[{\"@type\":\"ListItem\",\"position\":1,\"name\":\"Portada\",\"item\":\"https:\\\/\\\/www.ucaldas.edu.co\\\/portal\\\/\"},{\"@type\":\"ListItem\",\"position\":2,\"name\":\"Abiertas inscripciones para el programa de Administraci\u00f3n Financiera\"}]},{\"@type\":\"WebSite\",\"@id\":\"https:\\\/\\\/www.ucaldas.edu.co\\\/portal\\\/#website\",\"url\":\"https:\\\/\\\/www.ucaldas.edu.co\\\/portal\\\/\",\"name\":\"Universidad de Caldas\",\"description\":\"\",\"publisher\":{\"@id\":\"https:\\\/\\\/www.ucaldas.edu.co\\\/portal\\\/#organization\"},\"alternateName\":\"U. de Caldas\",\"potentialAction\":[{\"@type\":\"SearchAction\",\"target\":{\"@type\":\"EntryPoint\",\"urlTemplate\":\"https:\\\/\\\/www.ucaldas.edu.co\\\/portal\\\/?s={search_term_string}\"},\"query-input\":{\"@type\":\"PropertyValueSpecification\",\"valueRequired\":true,\"valueName\":\"search_term_string\"}}],\"inLanguage\":\"es\"},{\"@type\":\"Organization\",\"@id\":\"https:\\\/\\\/www.ucaldas.edu.co\\\/portal\\\/#organization\",\"name\":\"Universidad de Caldas\",\"alternateName\":\"U. de Caldas\",\"url\":\"https:\\\/\\\/www.ucaldas.edu.co\\\/portal\\\/\",\"logo\":{\"@type\":\"ImageObject\",\"inLanguage\":\"es\",\"@id\":\"https:\\\/\\\/www.ucaldas.edu.co\\\/portal\\\/#\\\/schema\\\/logo\\\/image\\\/\",\"url\":\"https:\\\/\\\/www.ucaldas.edu.co\\\/portal\\\/wp-content\\\/uploads\\\/2023\\\/11\\\/Logo_horizontal_oscuroU-2023.png\",\"contentUrl\":\"https:\\\/\\\/www.ucaldas.edu.co\\\/portal\\\/wp-content\\\/uploads\\\/2023\\\/11\\\/Logo_horizontal_oscuroU-2023.png\",\"width\":263,\"height\":101,\"caption\":\"Universidad de Caldas\"},\"image\":{\"@id\":\"https:\\\/\\\/www.ucaldas.edu.co\\\/portal\\\/#\\\/schema\\\/logo\\\/image\\\/\"},\"sameAs\":[\"https:\\\/\\\/www.facebook.com\\\/udecaldas\",\"https:\\\/\\\/x.com\\\/udecaldas\",\"https:\\\/\\\/www.youtube.com\\\/universidadcaldas\",\"https:\\\/\\\/www.instagram.com\\\/udecaldas\\\/\"]},{\"@type\":\"Person\",\"@id\":\"https:\\\/\\\/www.ucaldas.edu.co\\\/portal\\\/#\\\/schema\\\/person\\\/a1b482e23449158b4bc319926c074fdf\",\"name\":\"ofiprensa\",\"image\":{\"@type\":\"ImageObject\",\"inLanguage\":\"es\",\"@id\":\"https:\\\/\\\/www.ucaldas.edu.co\\\/portal\\\/wp-content\\\/litespeed\\\/avatar\\\/09ea5085e600095a7a811142c6944527.jpg?ver=1776892805\",\"url\":\"https:\\\/\\\/www.ucaldas.edu.co\\\/portal\\\/wp-content\\\/litespeed\\\/avatar\\\/09ea5085e600095a7a811142c6944527.jpg?ver=1776892805\",\"contentUrl\":\"https:\\\/\\\/www.ucaldas.edu.co\\\/portal\\\/wp-content\\\/litespeed\\\/avatar\\\/09ea5085e600095a7a811142c6944527.jpg?ver=1776892805\",\"caption\":\"ofiprensa\"},\"url\":\"https:\\\/\\\/www.ucaldas.edu.co\\\/portal\\\/author\\\/ofiprensa\\\/\"}]}<\/script>\n<!-- \/ Yoast SEO plugin. -->","yoast_head_json":{"title":"Abiertas inscripciones para el programa de Administraci\u00f3n Financiera .","robots":{"index":"index","follow":"follow","max-snippet":"max-snippet:-1","max-image-preview":"max-image-preview:large","max-video-preview":"max-video-preview:-1"},"canonical":"https:\/\/www.ucaldas.edu.co\/portal\/abiertas-inscripciones-para-el-programa-de-administracion-financiera\/","schema":{"@context":"https:\/\/schema.org","@graph":[{"@type":"Article","@id":"https:\/\/www.ucaldas.edu.co\/portal\/abiertas-inscripciones-para-el-programa-de-administracion-financiera\/#article","isPartOf":{"@id":"https:\/\/www.ucaldas.edu.co\/portal\/abiertas-inscripciones-para-el-programa-de-administracion-financiera\/"},"author":{"name":"ofiprensa","@id":"https:\/\/www.ucaldas.edu.co\/portal\/#\/schema\/person\/a1b482e23449158b4bc319926c074fdf"},"headline":"Abiertas inscripciones para el programa de Administraci\u00f3n Financiera","datePublished":"2019-12-09T22:23:01+00:00","dateModified":"2019-12-09T22:23:07+00:00","mainEntityOfPage":{"@id":"https:\/\/www.ucaldas.edu.co\/portal\/abiertas-inscripciones-para-el-programa-de-administracion-financiera\/"},"wordCount":375,"publisher":{"@id":"https:\/\/www.ucaldas.edu.co\/portal\/#organization"},"image":{"@id":"https:\/\/www.ucaldas.edu.co\/portal\/abiertas-inscripciones-para-el-programa-de-administracion-financiera\/#primaryimage"},"thumbnailUrl":"https:\/\/www.ucaldas.edu.co\/portal\/wp-content\/uploads\/2019\/12\/ADMINISTRACION-FINANCIERA-compressor.png","keywords":["universidad","Descuentos","proceso","consignaci\u00f3n"],"articleSection":["Actualidad","Universidad al D\u00eda","UCaldas Activa"],"inLanguage":"es"},{"@type":"WebPage","@id":"https:\/\/www.ucaldas.edu.co\/portal\/abiertas-inscripciones-para-el-programa-de-administracion-financiera\/","url":"https:\/\/www.ucaldas.edu.co\/portal\/abiertas-inscripciones-para-el-programa-de-administracion-financiera\/","name":"Abiertas inscripciones para el programa de Administraci\u00f3n Financiera .","isPartOf":{"@id":"https:\/\/www.ucaldas.edu.co\/portal\/#website"},"primaryImageOfPage":{"@id":"https:\/\/www.ucaldas.edu.co\/portal\/abiertas-inscripciones-para-el-programa-de-administracion-financiera\/#primaryimage"},"image":{"@id":"https:\/\/www.ucaldas.edu.co\/portal\/abiertas-inscripciones-para-el-programa-de-administracion-financiera\/#primaryimage"},"thumbnailUrl":"https:\/\/www.ucaldas.edu.co\/portal\/wp-content\/uploads\/2019\/12\/ADMINISTRACION-FINANCIERA-compressor.png","datePublished":"2019-12-09T22:23:01+00:00","dateModified":"2019-12-09T22:23:07+00:00","breadcrumb":{"@id":"https:\/\/www.ucaldas.edu.co\/portal\/abiertas-inscripciones-para-el-programa-de-administracion-financiera\/#breadcrumb"},"inLanguage":"es","potentialAction":[{"@type":"ReadAction","target":["https:\/\/www.ucaldas.edu.co\/portal\/abiertas-inscripciones-para-el-programa-de-administracion-financiera\/"]}]},{"@type":"ImageObject","inLanguage":"es","@id":"https:\/\/www.ucaldas.edu.co\/portal\/abiertas-inscripciones-para-el-programa-de-administracion-financiera\/#primaryimage","url":"https:\/\/www.ucaldas.edu.co\/portal\/wp-content\/uploads\/2019\/12\/ADMINISTRACION-FINANCIERA-compressor.png","contentUrl":"https:\/\/www.ucaldas.edu.co\/portal\/wp-content\/uploads\/2019\/12\/ADMINISTRACION-FINANCIERA-compressor.png","width":700,"height":400},{"@type":"BreadcrumbList","@id":"https:\/\/www.ucaldas.edu.co\/portal\/abiertas-inscripciones-para-el-programa-de-administracion-financiera\/#breadcrumb","itemListElement":[{"@type":"ListItem","position":1,"name":"Portada","item":"https:\/\/www.ucaldas.edu.co\/portal\/"},{"@type":"ListItem","position":2,"name":"Abiertas inscripciones para el programa de Administraci\u00f3n Financiera"}]},{"@type":"WebSite","@id":"https:\/\/www.ucaldas.edu.co\/portal\/#website","url":"https:\/\/www.ucaldas.edu.co\/portal\/","name":"Universidad de Caldas","description":"","publisher":{"@id":"https:\/\/www.ucaldas.edu.co\/portal\/#organization"},"alternateName":"U. de Caldas","potentialAction":[{"@type":"SearchAction","target":{"@type":"EntryPoint","urlTemplate":"https:\/\/www.ucaldas.edu.co\/portal\/?s={search_term_string}"},"query-input":{"@type":"PropertyValueSpecification","valueRequired":true,"valueName":"search_term_string"}}],"inLanguage":"es"},{"@type":"Organization","@id":"https:\/\/www.ucaldas.edu.co\/portal\/#organization","name":"Universidad de Caldas","alternateName":"U. de Caldas","url":"https:\/\/www.ucaldas.edu.co\/portal\/","logo":{"@type":"ImageObject","inLanguage":"es","@id":"https:\/\/www.ucaldas.edu.co\/portal\/#\/schema\/logo\/image\/","url":"https:\/\/www.ucaldas.edu.co\/portal\/wp-content\/uploads\/2023\/11\/Logo_horizontal_oscuroU-2023.png","contentUrl":"https:\/\/www.ucaldas.edu.co\/portal\/wp-content\/uploads\/2023\/11\/Logo_horizontal_oscuroU-2023.png","width":263,"height":101,"caption":"Universidad de Caldas"},"image":{"@id":"https:\/\/www.ucaldas.edu.co\/portal\/#\/schema\/logo\/image\/"},"sameAs":["https:\/\/www.facebook.com\/udecaldas","https:\/\/x.com\/udecaldas","https:\/\/www.youtube.com\/universidadcaldas","https:\/\/www.instagram.com\/udecaldas\/"]},{"@type":"Person","@id":"https:\/\/www.ucaldas.edu.co\/portal\/#\/schema\/person\/a1b482e23449158b4bc319926c074fdf","name":"ofiprensa","image":{"@type":"ImageObject","inLanguage":"es","@id":"https:\/\/www.ucaldas.edu.co\/portal\/wp-content\/litespeed\/avatar\/09ea5085e600095a7a811142c6944527.jpg?ver=1776892805","url":"https:\/\/www.ucaldas.edu.co\/portal\/wp-content\/litespeed\/avatar\/09ea5085e600095a7a811142c6944527.jpg?ver=1776892805","contentUrl":"https:\/\/www.ucaldas.edu.co\/portal\/wp-content\/litespeed\/avatar\/09ea5085e600095a7a811142c6944527.jpg?ver=1776892805","caption":"ofiprensa"},"url":"https:\/\/www.ucaldas.edu.co\/portal\/author\/ofiprensa\/"}]}},"_links":{"self":[{"href":"https:\/\/www.ucaldas.edu.co\/portal\/wp-json\/wp\/v2\/posts\/53489","targetHints":{"allow":["GET"]}}],"collection":[{"href":"https:\/\/www.ucaldas.edu.co\/portal\/wp-json\/wp\/v2\/posts"}],"about":[{"href":"https:\/\/www.ucaldas.edu.co\/portal\/wp-json\/wp\/v2\/types\/post"}],"author":[{"embeddable":true,"href":"https:\/\/www.ucaldas.edu.co\/portal\/wp-json\/wp\/v2\/users\/2"}],"replies":[{"embeddable":true,"href":"https:\/\/www.ucaldas.edu.co\/portal\/wp-json\/wp\/v2\/comments?post=53489"}],"version-history":[{"count":0,"href":"https:\/\/www.ucaldas.edu.co\/portal\/wp-json\/wp\/v2\/posts\/53489\/revisions"}],"wp:featuredmedia":[{"embeddable":true,"href":"https:\/\/www.ucaldas.edu.co\/portal\/wp-json\/wp\/v2\/media\/53490"}],"wp:attachment":[{"href":"https:\/\/www.ucaldas.edu.co\/portal\/wp-json\/wp\/v2\/media?parent=53489"}],"wp:term":[{"taxonomy":"category","embeddable":true,"href":"https:\/\/www.ucaldas.edu.co\/portal\/wp-json\/wp\/v2\/categories?post=53489"},{"taxonomy":"post_tag","embeddable":true,"href":"https:\/\/www.ucaldas.edu.co\/portal\/wp-json\/wp\/v2\/tags?post=53489"}],"curies":[{"name":"wp","href":"https:\/\/api.w.org\/{rel}","templated":true}]}}