{"id":53412,"date":"2019-12-03T21:49:37","date_gmt":"2019-12-03T21:49:37","guid":{"rendered":"https:\/\/www.ucaldas.edu.co\/portal\/?p=53412"},"modified":"2019-12-03T21:50:51","modified_gmt":"2019-12-03T21:50:51","slug":"el-ceres-de-la-u-de-caldas-en-anserma-tiene-abiertas-inscripciones-para-cuatro-programas-academicos","status":"publish","type":"post","link":"https:\/\/www.ucaldas.edu.co\/portal\/el-ceres-de-la-u-de-caldas-en-anserma-tiene-abiertas-inscripciones-para-cuatro-programas-academicos\/","title":{"rendered":"El Ceres de la U. de Caldas en Anserma tiene abiertas inscripciones para cuatro programas acad\u00e9micos"},"content":{"rendered":"<p style=\"text-align: center;\">HASTA EL 15 DE DICIEMBRE<\/p>\n<p style=\"text-align: center;\"><strong>El Ceres de la U. de Caldas en Anserma tiene abiertas inscripciones para cuatro programas acad\u00e9micos <\/strong><\/p>\n<p style=\"text-align: right;\">03\/12\/2019<\/p>\n<p><img loading=\"lazy\" decoding=\"async\" class=\"aligncenter wp-image-53413 size-full\" src=\"https:\/\/www.ucaldas.edu.co\/portal\/wp-content\/uploads\/2019\/12\/CERES-ANSERMA-compressor.png\" alt=\"\" width=\"700\" height=\"400\" srcset=\"https:\/\/www.ucaldas.edu.co\/portal\/wp-content\/uploads\/2019\/12\/CERES-ANSERMA-compressor.png 700w, https:\/\/www.ucaldas.edu.co\/portal\/wp-content\/uploads\/2019\/12\/CERES-ANSERMA-compressor-300x171.png 300w\" sizes=\"auto, (max-width: 700px) 100vw, 700px\" \/><\/p>\n<p>Hasta el 15 de diciembre est\u00e1n abiertas las inscripciones en el Ceres de la Universidad de Caldas en Anserma para estudiar cinco tecnolog\u00edas: en Regencia de Farmacia, en Finanzas, en Agroindustria, en Log\u00edstica y en Electr\u00f3nica.<!--more--><\/p>\n<p>La coordinadora del centro, Alba Roc\u00eda Cardona Orozco, record\u00f3 que quienes estudian las tecnolog\u00edas en finanzas, agroindustria y electr\u00f3nica pude seguir con el ciclo profesional en Manizales. En ese caso obtienen el 80% de descuento de la matr\u00edcula en el pregrado.<\/p>\n<p>En la actualidad el Ceres de la U. de Caldas en Anserma tiene 50 cupos para cada uno de los cinco programas.<\/p>\n<p>La coordinadora resalt\u00f3 que la oferta de la universidad en los municipios de Caldas es fundamental para el desarrollo de las familias y de la regi\u00f3n, pues abre oportunidades a los j\u00f3venes que no viven en Manizales.<\/p>\n<p>Resalt\u00f3 que los j\u00f3venes menores de 24 a\u00f1os, con Sisb\u00e9n o que pertenecen a comunidades vulnerables, acceden al programa J\u00f3venes en Acci\u00f3n, que les da 200 mil pesos mensuales y hasta 800 mil en el semestre para su manutenci\u00f3n. Adem\u00e1s, quienes tienen promedios de m\u00e1s de 4.0 reciben hasta 1 mill\u00f3n de pesos en el semestre.<\/p>\n<p>Los interesados en inscribirse deben tener en cuenta los siguientes datos:<\/p>\n<ul>\n<li>Comprar el PIN de inscripci\u00f3n, que cuesta $12.400<\/li>\n<li>Enviar copia del documento de identidad<\/li>\n<li>Copia de los resultados del Icfes<\/li>\n<\/ul>\n<p>Pasos siguientes:<\/p>\n<ul>\n<li>En enero del 2020 cada aspirante recibe una respuesta para saber si lo aceptaron al programa.<\/li>\n<li>Si resulta elegido, debe presentar los siguientes documentos:<\/li>\n<li>Fotocopia resultado de Icfes<\/li>\n<li>Diploma y acta de grado de bachiller<\/li>\n<li>Registro Civil de Nacimiento<\/li>\n<li>Fotocopia documento de identidad<\/li>\n<li>Foto en fondo blanco o azul<\/li>\n<li>Certificado electoral de las m\u00e1s recientes elecciones<\/li>\n<li>Certificado de afiliaci\u00f3n al sistema de salud<\/li>\n<\/ul>\n<p>&nbsp;<\/p>\n<p><strong>Informes:<\/strong> Oficina de Comunicaciones y Prensa Universidad de Caldas. Tel\u00e9fono: 8781500 Extensi\u00f3n: 12167<\/p>\n<p><strong>Redacci\u00f3n:<\/strong> Adriana Osorio Garc\u00eda<\/p>\n","protected":false},"excerpt":{"rendered":"<p>HASTA EL 15 DE DICIEMBRE El Ceres de la U. de Caldas en Anserma tiene abiertas inscripciones para cuatro programas acad\u00e9micos 03\/12\/2019 Hasta el 15 de diciembre est\u00e1n abiertas las inscripciones en el Ceres de la Universidad de Caldas en Anserma para estudiar cinco tecnolog\u00edas: en Regencia de Farmacia, en Finanzas, en Agroindustria, en Log\u00edstica [&hellip;]<\/p>\n","protected":false},"author":2,"featured_media":53413,"comment_status":"closed","ping_status":"open","sticky":false,"template":"","format":"standard","meta":{"footnotes":""},"categories":[48,53,600],"tags":[297,871,1583],"class_list":["post-53412","post","type-post","status-publish","format-standard","has-post-thumbnail","hentry","category-actualidad","category-universidad-al-dia","category-ucaldas-regional","tag-inscripciones","tag-ceres","tag-tecnologias"],"yoast_head":"<!-- This site is optimized with the Yoast SEO plugin v27.5 - https:\/\/yoast.com\/product\/yoast-seo-wordpress\/ -->\n<title>El Ceres de la U. de Caldas en Anserma tiene abiertas inscripciones para cuatro programas acad\u00e9micos .<\/title>\n<meta name=\"robots\" content=\"index, follow, max-snippet:-1, max-image-preview:large, max-video-preview:-1\" \/>\n<link rel=\"canonical\" href=\"https:\/\/www.ucaldas.edu.co\/portal\/el-ceres-de-la-u-de-caldas-en-anserma-tiene-abiertas-inscripciones-para-cuatro-programas-academicos\/\" \/>\n<script type=\"application\/ld+json\" class=\"yoast-schema-graph\">{\"@context\":\"https:\\\/\\\/schema.org\",\"@graph\":[{\"@type\":\"Article\",\"@id\":\"https:\\\/\\\/www.ucaldas.edu.co\\\/portal\\\/el-ceres-de-la-u-de-caldas-en-anserma-tiene-abiertas-inscripciones-para-cuatro-programas-academicos\\\/#article\",\"isPartOf\":{\"@id\":\"https:\\\/\\\/www.ucaldas.edu.co\\\/portal\\\/el-ceres-de-la-u-de-caldas-en-anserma-tiene-abiertas-inscripciones-para-cuatro-programas-academicos\\\/\"},\"author\":{\"name\":\"ofiprensa\",\"@id\":\"https:\\\/\\\/www.ucaldas.edu.co\\\/portal\\\/#\\\/schema\\\/person\\\/a1b482e23449158b4bc319926c074fdf\"},\"headline\":\"El Ceres de la U. de Caldas en Anserma tiene abiertas inscripciones para cuatro programas acad\u00e9micos\",\"datePublished\":\"2019-12-03T21:49:37+00:00\",\"dateModified\":\"2019-12-03T21:50:51+00:00\",\"mainEntityOfPage\":{\"@id\":\"https:\\\/\\\/www.ucaldas.edu.co\\\/portal\\\/el-ceres-de-la-u-de-caldas-en-anserma-tiene-abiertas-inscripciones-para-cuatro-programas-academicos\\\/\"},\"wordCount\":358,\"publisher\":{\"@id\":\"https:\\\/\\\/www.ucaldas.edu.co\\\/portal\\\/#organization\"},\"image\":{\"@id\":\"https:\\\/\\\/www.ucaldas.edu.co\\\/portal\\\/el-ceres-de-la-u-de-caldas-en-anserma-tiene-abiertas-inscripciones-para-cuatro-programas-academicos\\\/#primaryimage\"},\"thumbnailUrl\":\"https:\\\/\\\/www.ucaldas.edu.co\\\/portal\\\/wp-content\\\/uploads\\\/2019\\\/12\\\/CERES-ANSERMA-compressor.png\",\"keywords\":[\"Inscripciones\",\"Ceres\",\"tecnolog\u00edas\"],\"articleSection\":[\"Actualidad\",\"Universidad al D\u00eda\",\"UCaldas Regional\"],\"inLanguage\":\"es\"},{\"@type\":\"WebPage\",\"@id\":\"https:\\\/\\\/www.ucaldas.edu.co\\\/portal\\\/el-ceres-de-la-u-de-caldas-en-anserma-tiene-abiertas-inscripciones-para-cuatro-programas-academicos\\\/\",\"url\":\"https:\\\/\\\/www.ucaldas.edu.co\\\/portal\\\/el-ceres-de-la-u-de-caldas-en-anserma-tiene-abiertas-inscripciones-para-cuatro-programas-academicos\\\/\",\"name\":\"El Ceres de la U. de Caldas en Anserma tiene abiertas inscripciones para cuatro programas acad\u00e9micos .\",\"isPartOf\":{\"@id\":\"https:\\\/\\\/www.ucaldas.edu.co\\\/portal\\\/#website\"},\"primaryImageOfPage\":{\"@id\":\"https:\\\/\\\/www.ucaldas.edu.co\\\/portal\\\/el-ceres-de-la-u-de-caldas-en-anserma-tiene-abiertas-inscripciones-para-cuatro-programas-academicos\\\/#primaryimage\"},\"image\":{\"@id\":\"https:\\\/\\\/www.ucaldas.edu.co\\\/portal\\\/el-ceres-de-la-u-de-caldas-en-anserma-tiene-abiertas-inscripciones-para-cuatro-programas-academicos\\\/#primaryimage\"},\"thumbnailUrl\":\"https:\\\/\\\/www.ucaldas.edu.co\\\/portal\\\/wp-content\\\/uploads\\\/2019\\\/12\\\/CERES-ANSERMA-compressor.png\",\"datePublished\":\"2019-12-03T21:49:37+00:00\",\"dateModified\":\"2019-12-03T21:50:51+00:00\",\"breadcrumb\":{\"@id\":\"https:\\\/\\\/www.ucaldas.edu.co\\\/portal\\\/el-ceres-de-la-u-de-caldas-en-anserma-tiene-abiertas-inscripciones-para-cuatro-programas-academicos\\\/#breadcrumb\"},\"inLanguage\":\"es\",\"potentialAction\":[{\"@type\":\"ReadAction\",\"target\":[\"https:\\\/\\\/www.ucaldas.edu.co\\\/portal\\\/el-ceres-de-la-u-de-caldas-en-anserma-tiene-abiertas-inscripciones-para-cuatro-programas-academicos\\\/\"]}]},{\"@type\":\"ImageObject\",\"inLanguage\":\"es\",\"@id\":\"https:\\\/\\\/www.ucaldas.edu.co\\\/portal\\\/el-ceres-de-la-u-de-caldas-en-anserma-tiene-abiertas-inscripciones-para-cuatro-programas-academicos\\\/#primaryimage\",\"url\":\"https:\\\/\\\/www.ucaldas.edu.co\\\/portal\\\/wp-content\\\/uploads\\\/2019\\\/12\\\/CERES-ANSERMA-compressor.png\",\"contentUrl\":\"https:\\\/\\\/www.ucaldas.edu.co\\\/portal\\\/wp-content\\\/uploads\\\/2019\\\/12\\\/CERES-ANSERMA-compressor.png\",\"width\":700,\"height\":400},{\"@type\":\"BreadcrumbList\",\"@id\":\"https:\\\/\\\/www.ucaldas.edu.co\\\/portal\\\/el-ceres-de-la-u-de-caldas-en-anserma-tiene-abiertas-inscripciones-para-cuatro-programas-academicos\\\/#breadcrumb\",\"itemListElement\":[{\"@type\":\"ListItem\",\"position\":1,\"name\":\"Portada\",\"item\":\"https:\\\/\\\/www.ucaldas.edu.co\\\/portal\\\/\"},{\"@type\":\"ListItem\",\"position\":2,\"name\":\"El Ceres de la U. de Caldas en Anserma tiene abiertas inscripciones para cuatro programas acad\u00e9micos\"}]},{\"@type\":\"WebSite\",\"@id\":\"https:\\\/\\\/www.ucaldas.edu.co\\\/portal\\\/#website\",\"url\":\"https:\\\/\\\/www.ucaldas.edu.co\\\/portal\\\/\",\"name\":\"Universidad de Caldas\",\"description\":\"\",\"publisher\":{\"@id\":\"https:\\\/\\\/www.ucaldas.edu.co\\\/portal\\\/#organization\"},\"alternateName\":\"U. de Caldas\",\"potentialAction\":[{\"@type\":\"SearchAction\",\"target\":{\"@type\":\"EntryPoint\",\"urlTemplate\":\"https:\\\/\\\/www.ucaldas.edu.co\\\/portal\\\/?s={search_term_string}\"},\"query-input\":{\"@type\":\"PropertyValueSpecification\",\"valueRequired\":true,\"valueName\":\"search_term_string\"}}],\"inLanguage\":\"es\"},{\"@type\":\"Organization\",\"@id\":\"https:\\\/\\\/www.ucaldas.edu.co\\\/portal\\\/#organization\",\"name\":\"Universidad de Caldas\",\"alternateName\":\"U. de Caldas\",\"url\":\"https:\\\/\\\/www.ucaldas.edu.co\\\/portal\\\/\",\"logo\":{\"@type\":\"ImageObject\",\"inLanguage\":\"es\",\"@id\":\"https:\\\/\\\/www.ucaldas.edu.co\\\/portal\\\/#\\\/schema\\\/logo\\\/image\\\/\",\"url\":\"https:\\\/\\\/www.ucaldas.edu.co\\\/portal\\\/wp-content\\\/uploads\\\/2023\\\/11\\\/Logo_horizontal_oscuroU-2023.png\",\"contentUrl\":\"https:\\\/\\\/www.ucaldas.edu.co\\\/portal\\\/wp-content\\\/uploads\\\/2023\\\/11\\\/Logo_horizontal_oscuroU-2023.png\",\"width\":263,\"height\":101,\"caption\":\"Universidad de Caldas\"},\"image\":{\"@id\":\"https:\\\/\\\/www.ucaldas.edu.co\\\/portal\\\/#\\\/schema\\\/logo\\\/image\\\/\"},\"sameAs\":[\"https:\\\/\\\/www.facebook.com\\\/udecaldas\",\"https:\\\/\\\/x.com\\\/udecaldas\",\"https:\\\/\\\/www.youtube.com\\\/universidadcaldas\",\"https:\\\/\\\/www.instagram.com\\\/udecaldas\\\/\"]},{\"@type\":\"Person\",\"@id\":\"https:\\\/\\\/www.ucaldas.edu.co\\\/portal\\\/#\\\/schema\\\/person\\\/a1b482e23449158b4bc319926c074fdf\",\"name\":\"ofiprensa\",\"image\":{\"@type\":\"ImageObject\",\"inLanguage\":\"es\",\"@id\":\"https:\\\/\\\/www.ucaldas.edu.co\\\/portal\\\/wp-content\\\/litespeed\\\/avatar\\\/09ea5085e600095a7a811142c6944527.jpg?ver=1777497608\",\"url\":\"https:\\\/\\\/www.ucaldas.edu.co\\\/portal\\\/wp-content\\\/litespeed\\\/avatar\\\/09ea5085e600095a7a811142c6944527.jpg?ver=1777497608\",\"contentUrl\":\"https:\\\/\\\/www.ucaldas.edu.co\\\/portal\\\/wp-content\\\/litespeed\\\/avatar\\\/09ea5085e600095a7a811142c6944527.jpg?ver=1777497608\",\"caption\":\"ofiprensa\"},\"url\":\"https:\\\/\\\/www.ucaldas.edu.co\\\/portal\\\/author\\\/ofiprensa\\\/\"}]}<\/script>\n<!-- \/ Yoast SEO plugin. -->","yoast_head_json":{"title":"El Ceres de la U. de Caldas en Anserma tiene abiertas inscripciones para cuatro programas acad\u00e9micos .","robots":{"index":"index","follow":"follow","max-snippet":"max-snippet:-1","max-image-preview":"max-image-preview:large","max-video-preview":"max-video-preview:-1"},"canonical":"https:\/\/www.ucaldas.edu.co\/portal\/el-ceres-de-la-u-de-caldas-en-anserma-tiene-abiertas-inscripciones-para-cuatro-programas-academicos\/","schema":{"@context":"https:\/\/schema.org","@graph":[{"@type":"Article","@id":"https:\/\/www.ucaldas.edu.co\/portal\/el-ceres-de-la-u-de-caldas-en-anserma-tiene-abiertas-inscripciones-para-cuatro-programas-academicos\/#article","isPartOf":{"@id":"https:\/\/www.ucaldas.edu.co\/portal\/el-ceres-de-la-u-de-caldas-en-anserma-tiene-abiertas-inscripciones-para-cuatro-programas-academicos\/"},"author":{"name":"ofiprensa","@id":"https:\/\/www.ucaldas.edu.co\/portal\/#\/schema\/person\/a1b482e23449158b4bc319926c074fdf"},"headline":"El Ceres de la U. de Caldas en Anserma tiene abiertas inscripciones para cuatro programas acad\u00e9micos","datePublished":"2019-12-03T21:49:37+00:00","dateModified":"2019-12-03T21:50:51+00:00","mainEntityOfPage":{"@id":"https:\/\/www.ucaldas.edu.co\/portal\/el-ceres-de-la-u-de-caldas-en-anserma-tiene-abiertas-inscripciones-para-cuatro-programas-academicos\/"},"wordCount":358,"publisher":{"@id":"https:\/\/www.ucaldas.edu.co\/portal\/#organization"},"image":{"@id":"https:\/\/www.ucaldas.edu.co\/portal\/el-ceres-de-la-u-de-caldas-en-anserma-tiene-abiertas-inscripciones-para-cuatro-programas-academicos\/#primaryimage"},"thumbnailUrl":"https:\/\/www.ucaldas.edu.co\/portal\/wp-content\/uploads\/2019\/12\/CERES-ANSERMA-compressor.png","keywords":["Inscripciones","Ceres","tecnolog\u00edas"],"articleSection":["Actualidad","Universidad al D\u00eda","UCaldas Regional"],"inLanguage":"es"},{"@type":"WebPage","@id":"https:\/\/www.ucaldas.edu.co\/portal\/el-ceres-de-la-u-de-caldas-en-anserma-tiene-abiertas-inscripciones-para-cuatro-programas-academicos\/","url":"https:\/\/www.ucaldas.edu.co\/portal\/el-ceres-de-la-u-de-caldas-en-anserma-tiene-abiertas-inscripciones-para-cuatro-programas-academicos\/","name":"El Ceres de la U. de Caldas en Anserma tiene abiertas inscripciones para cuatro programas acad\u00e9micos .","isPartOf":{"@id":"https:\/\/www.ucaldas.edu.co\/portal\/#website"},"primaryImageOfPage":{"@id":"https:\/\/www.ucaldas.edu.co\/portal\/el-ceres-de-la-u-de-caldas-en-anserma-tiene-abiertas-inscripciones-para-cuatro-programas-academicos\/#primaryimage"},"image":{"@id":"https:\/\/www.ucaldas.edu.co\/portal\/el-ceres-de-la-u-de-caldas-en-anserma-tiene-abiertas-inscripciones-para-cuatro-programas-academicos\/#primaryimage"},"thumbnailUrl":"https:\/\/www.ucaldas.edu.co\/portal\/wp-content\/uploads\/2019\/12\/CERES-ANSERMA-compressor.png","datePublished":"2019-12-03T21:49:37+00:00","dateModified":"2019-12-03T21:50:51+00:00","breadcrumb":{"@id":"https:\/\/www.ucaldas.edu.co\/portal\/el-ceres-de-la-u-de-caldas-en-anserma-tiene-abiertas-inscripciones-para-cuatro-programas-academicos\/#breadcrumb"},"inLanguage":"es","potentialAction":[{"@type":"ReadAction","target":["https:\/\/www.ucaldas.edu.co\/portal\/el-ceres-de-la-u-de-caldas-en-anserma-tiene-abiertas-inscripciones-para-cuatro-programas-academicos\/"]}]},{"@type":"ImageObject","inLanguage":"es","@id":"https:\/\/www.ucaldas.edu.co\/portal\/el-ceres-de-la-u-de-caldas-en-anserma-tiene-abiertas-inscripciones-para-cuatro-programas-academicos\/#primaryimage","url":"https:\/\/www.ucaldas.edu.co\/portal\/wp-content\/uploads\/2019\/12\/CERES-ANSERMA-compressor.png","contentUrl":"https:\/\/www.ucaldas.edu.co\/portal\/wp-content\/uploads\/2019\/12\/CERES-ANSERMA-compressor.png","width":700,"height":400},{"@type":"BreadcrumbList","@id":"https:\/\/www.ucaldas.edu.co\/portal\/el-ceres-de-la-u-de-caldas-en-anserma-tiene-abiertas-inscripciones-para-cuatro-programas-academicos\/#breadcrumb","itemListElement":[{"@type":"ListItem","position":1,"name":"Portada","item":"https:\/\/www.ucaldas.edu.co\/portal\/"},{"@type":"ListItem","position":2,"name":"El Ceres de la U. de Caldas en Anserma tiene abiertas inscripciones para cuatro programas acad\u00e9micos"}]},{"@type":"WebSite","@id":"https:\/\/www.ucaldas.edu.co\/portal\/#website","url":"https:\/\/www.ucaldas.edu.co\/portal\/","name":"Universidad de Caldas","description":"","publisher":{"@id":"https:\/\/www.ucaldas.edu.co\/portal\/#organization"},"alternateName":"U. de Caldas","potentialAction":[{"@type":"SearchAction","target":{"@type":"EntryPoint","urlTemplate":"https:\/\/www.ucaldas.edu.co\/portal\/?s={search_term_string}"},"query-input":{"@type":"PropertyValueSpecification","valueRequired":true,"valueName":"search_term_string"}}],"inLanguage":"es"},{"@type":"Organization","@id":"https:\/\/www.ucaldas.edu.co\/portal\/#organization","name":"Universidad de Caldas","alternateName":"U. de Caldas","url":"https:\/\/www.ucaldas.edu.co\/portal\/","logo":{"@type":"ImageObject","inLanguage":"es","@id":"https:\/\/www.ucaldas.edu.co\/portal\/#\/schema\/logo\/image\/","url":"https:\/\/www.ucaldas.edu.co\/portal\/wp-content\/uploads\/2023\/11\/Logo_horizontal_oscuroU-2023.png","contentUrl":"https:\/\/www.ucaldas.edu.co\/portal\/wp-content\/uploads\/2023\/11\/Logo_horizontal_oscuroU-2023.png","width":263,"height":101,"caption":"Universidad de Caldas"},"image":{"@id":"https:\/\/www.ucaldas.edu.co\/portal\/#\/schema\/logo\/image\/"},"sameAs":["https:\/\/www.facebook.com\/udecaldas","https:\/\/x.com\/udecaldas","https:\/\/www.youtube.com\/universidadcaldas","https:\/\/www.instagram.com\/udecaldas\/"]},{"@type":"Person","@id":"https:\/\/www.ucaldas.edu.co\/portal\/#\/schema\/person\/a1b482e23449158b4bc319926c074fdf","name":"ofiprensa","image":{"@type":"ImageObject","inLanguage":"es","@id":"https:\/\/www.ucaldas.edu.co\/portal\/wp-content\/litespeed\/avatar\/09ea5085e600095a7a811142c6944527.jpg?ver=1777497608","url":"https:\/\/www.ucaldas.edu.co\/portal\/wp-content\/litespeed\/avatar\/09ea5085e600095a7a811142c6944527.jpg?ver=1777497608","contentUrl":"https:\/\/www.ucaldas.edu.co\/portal\/wp-content\/litespeed\/avatar\/09ea5085e600095a7a811142c6944527.jpg?ver=1777497608","caption":"ofiprensa"},"url":"https:\/\/www.ucaldas.edu.co\/portal\/author\/ofiprensa\/"}]}},"_links":{"self":[{"href":"https:\/\/www.ucaldas.edu.co\/portal\/wp-json\/wp\/v2\/posts\/53412","targetHints":{"allow":["GET"]}}],"collection":[{"href":"https:\/\/www.ucaldas.edu.co\/portal\/wp-json\/wp\/v2\/posts"}],"about":[{"href":"https:\/\/www.ucaldas.edu.co\/portal\/wp-json\/wp\/v2\/types\/post"}],"author":[{"embeddable":true,"href":"https:\/\/www.ucaldas.edu.co\/portal\/wp-json\/wp\/v2\/users\/2"}],"replies":[{"embeddable":true,"href":"https:\/\/www.ucaldas.edu.co\/portal\/wp-json\/wp\/v2\/comments?post=53412"}],"version-history":[{"count":0,"href":"https:\/\/www.ucaldas.edu.co\/portal\/wp-json\/wp\/v2\/posts\/53412\/revisions"}],"wp:featuredmedia":[{"embeddable":true,"href":"https:\/\/www.ucaldas.edu.co\/portal\/wp-json\/wp\/v2\/media\/53413"}],"wp:attachment":[{"href":"https:\/\/www.ucaldas.edu.co\/portal\/wp-json\/wp\/v2\/media?parent=53412"}],"wp:term":[{"taxonomy":"category","embeddable":true,"href":"https:\/\/www.ucaldas.edu.co\/portal\/wp-json\/wp\/v2\/categories?post=53412"},{"taxonomy":"post_tag","embeddable":true,"href":"https:\/\/www.ucaldas.edu.co\/portal\/wp-json\/wp\/v2\/tags?post=53412"}],"curies":[{"name":"wp","href":"https:\/\/api.w.org\/{rel}","templated":true}]}}