{"id":53406,"date":"2019-12-03T21:45:35","date_gmt":"2019-12-03T21:45:35","guid":{"rendered":"https:\/\/www.ucaldas.edu.co\/portal\/?p=53406"},"modified":"2019-12-03T21:45:40","modified_gmt":"2019-12-03T21:45:40","slug":"convocatoria-nacional-para-el-apoyo-a-la-presentacion-de-patentes-via-nacional-y-via-pct-y-apoyo-a-la-gestion-de-la-propiedad-intelectual","status":"publish","type":"post","link":"https:\/\/www.ucaldas.edu.co\/portal\/convocatoria-nacional-para-el-apoyo-a-la-presentacion-de-patentes-via-nacional-y-via-pct-y-apoyo-a-la-gestion-de-la-propiedad-intelectual\/","title":{"rendered":"Convocatoria nacional para el apoyo a la presentaci\u00f3n de patentes v\u00eda nacional y v\u00eda PCT y apoyo a la gesti\u00f3n de la propiedad intelectual"},"content":{"rendered":"<p style=\"text-align: center;\">ABIERTA HASTA EL 7 DE FEBRERO DE 2020<\/p>\n<p style=\"text-align: center;\"><strong>Convocatoria nacional para el apoyo a la presentaci\u00f3n de patentes v\u00eda nacional y v\u00eda PCT <\/strong><\/p>\n<p style=\"text-align: center;\"><strong>y apoyo a la gesti\u00f3n de la propiedad intelectual<\/strong><\/p>\n<p style=\"text-align: right;\">03\/12\/2019<\/p>\n<p><img loading=\"lazy\" decoding=\"async\" class=\"aligncenter wp-image-53407 size-full\" src=\"https:\/\/www.ucaldas.edu.co\/portal\/wp-content\/uploads\/2019\/12\/COLCIENCIAS-compressor.png\" alt=\"\" width=\"700\" height=\"400\" srcset=\"https:\/\/www.ucaldas.edu.co\/portal\/wp-content\/uploads\/2019\/12\/COLCIENCIAS-compressor.png 700w, https:\/\/www.ucaldas.edu.co\/portal\/wp-content\/uploads\/2019\/12\/COLCIENCIAS-compressor-300x171.png 300w\" sizes=\"auto, (max-width: 700px) 100vw, 700px\" \/><\/p>\n<p>El Departamento Administrativo de Ciencia, Tecnolog\u00eda e Innovaci\u00f3n (<strong>Colciencias<\/strong>) tiene abierta la convocatoria 857 con el objetivo de\u00a0 de apoyar actividades relacionadas con la protecci\u00f3n de invenciones derivadas de actividades de investigaci\u00f3n, desarrollo tecnol\u00f3gico e innovaci\u00f3n (I+D+i) en todos los sectores tecnol\u00f3gicos que sean susceptibles de protecci\u00f3n mediante patente.<!--more--><\/p>\n<p>La invitaci\u00f3n estar\u00e1 abierta hasta el 7 de febrero de 2020 y est\u00e1 dirigida a personas naturales o jur\u00eddicas domiciliadas en Colombia, que demuestren la obtenci\u00f3n de un adelanto tecnol\u00f3gico en actividades de investigaci\u00f3n, desarrollo tecnol\u00f3gico e innovaci\u00f3n (I+D+i) interesadas en la protecci\u00f3n de invenciones.<\/p>\n<p>Los requisitos generales y las bases espec\u00edficas de la participaci\u00f3n se encuentran establecidos en los t\u00e9rminos de referencia publicados en el portal <a href=\"http:\/\/www.colciencias.gov.co\">www.colciencias.gov.co<\/a> y cuenta con unos recursos disponibles 2 mil 800 millones de pesos.<\/p>\n<p>Mayor informaci\u00f3n consulte <a href=\"https:\/\/www.colciencias.gov.co\/convocatorias\/innovacion\/convocatoria-nacional-para-el-apoyo-la-presentacion-patentes-nacional-y-pct\">aqu\u00ed<\/a><\/p>\n<p>&nbsp;<\/p>\n<p><strong>Informes:<\/strong> Oficina de Comunicaciones y Prensa Universidad de Caldas. Tel\u00e9fono: 8781500 Extensi\u00f3n: 12167<\/p>\n<p><strong>Redacci\u00f3n:<\/strong> Adriana Salazar Villegas<\/p>\n","protected":false},"excerpt":{"rendered":"<p>ABIERTA HASTA EL 7 DE FEBRERO DE 2020 Convocatoria nacional para el apoyo a la presentaci\u00f3n de patentes v\u00eda nacional y v\u00eda PCT y apoyo a la gesti\u00f3n de la propiedad intelectual 03\/12\/2019 El Departamento Administrativo de Ciencia, Tecnolog\u00eda e Innovaci\u00f3n (Colciencias) tiene abierta la convocatoria 857 con el objetivo de\u00a0 de apoyar actividades relacionadas [&hellip;]<\/p>\n","protected":false},"author":2,"featured_media":53407,"comment_status":"closed","ping_status":"open","sticky":false,"template":"","format":"standard","meta":{"footnotes":""},"categories":[48,53,617],"tags":[141,577,4535],"class_list":["post-53406","post","type-post","status-publish","format-standard","has-post-thumbnail","hentry","category-actualidad","category-universidad-al-dia","category-ucaldas-colaborativa","tag-convocatoria","tag-colciencias","tag-idi"],"yoast_head":"<!-- This site is optimized with the Yoast SEO plugin v27.5 - https:\/\/yoast.com\/product\/yoast-seo-wordpress\/ -->\n<title>Convocatoria nacional para el apoyo a la presentaci\u00f3n de patentes v\u00eda nacional y v\u00eda PCT y apoyo a la gesti\u00f3n de la propiedad intelectual .<\/title>\n<meta name=\"robots\" content=\"index, follow, max-snippet:-1, max-image-preview:large, max-video-preview:-1\" \/>\n<link rel=\"canonical\" href=\"https:\/\/www.ucaldas.edu.co\/portal\/convocatoria-nacional-para-el-apoyo-a-la-presentacion-de-patentes-via-nacional-y-via-pct-y-apoyo-a-la-gestion-de-la-propiedad-intelectual\/\" \/>\n<script type=\"application\/ld+json\" class=\"yoast-schema-graph\">{\"@context\":\"https:\\\/\\\/schema.org\",\"@graph\":[{\"@type\":\"Article\",\"@id\":\"https:\\\/\\\/www.ucaldas.edu.co\\\/portal\\\/convocatoria-nacional-para-el-apoyo-a-la-presentacion-de-patentes-via-nacional-y-via-pct-y-apoyo-a-la-gestion-de-la-propiedad-intelectual\\\/#article\",\"isPartOf\":{\"@id\":\"https:\\\/\\\/www.ucaldas.edu.co\\\/portal\\\/convocatoria-nacional-para-el-apoyo-a-la-presentacion-de-patentes-via-nacional-y-via-pct-y-apoyo-a-la-gestion-de-la-propiedad-intelectual\\\/\"},\"author\":{\"name\":\"ofiprensa\",\"@id\":\"https:\\\/\\\/www.ucaldas.edu.co\\\/portal\\\/#\\\/schema\\\/person\\\/a1b482e23449158b4bc319926c074fdf\"},\"headline\":\"Convocatoria nacional para el apoyo a la presentaci\u00f3n de patentes v\u00eda nacional y v\u00eda PCT y apoyo a la gesti\u00f3n de la propiedad intelectual\",\"datePublished\":\"2019-12-03T21:45:35+00:00\",\"dateModified\":\"2019-12-03T21:45:40+00:00\",\"mainEntityOfPage\":{\"@id\":\"https:\\\/\\\/www.ucaldas.edu.co\\\/portal\\\/convocatoria-nacional-para-el-apoyo-a-la-presentacion-de-patentes-via-nacional-y-via-pct-y-apoyo-a-la-gestion-de-la-propiedad-intelectual\\\/\"},\"wordCount\":236,\"publisher\":{\"@id\":\"https:\\\/\\\/www.ucaldas.edu.co\\\/portal\\\/#organization\"},\"image\":{\"@id\":\"https:\\\/\\\/www.ucaldas.edu.co\\\/portal\\\/convocatoria-nacional-para-el-apoyo-a-la-presentacion-de-patentes-via-nacional-y-via-pct-y-apoyo-a-la-gestion-de-la-propiedad-intelectual\\\/#primaryimage\"},\"thumbnailUrl\":\"https:\\\/\\\/www.ucaldas.edu.co\\\/portal\\\/wp-content\\\/uploads\\\/2019\\\/12\\\/COLCIENCIAS-compressor.png\",\"keywords\":[\"Convocatoria\",\"Colciencias\",\"(I+D+i)\"],\"articleSection\":[\"Actualidad\",\"Universidad al D\u00eda\",\"UCaldas Colaborativa\"],\"inLanguage\":\"es\"},{\"@type\":\"WebPage\",\"@id\":\"https:\\\/\\\/www.ucaldas.edu.co\\\/portal\\\/convocatoria-nacional-para-el-apoyo-a-la-presentacion-de-patentes-via-nacional-y-via-pct-y-apoyo-a-la-gestion-de-la-propiedad-intelectual\\\/\",\"url\":\"https:\\\/\\\/www.ucaldas.edu.co\\\/portal\\\/convocatoria-nacional-para-el-apoyo-a-la-presentacion-de-patentes-via-nacional-y-via-pct-y-apoyo-a-la-gestion-de-la-propiedad-intelectual\\\/\",\"name\":\"Convocatoria nacional para el apoyo a la presentaci\u00f3n de patentes v\u00eda nacional y v\u00eda PCT y apoyo a la gesti\u00f3n de la propiedad intelectual .\",\"isPartOf\":{\"@id\":\"https:\\\/\\\/www.ucaldas.edu.co\\\/portal\\\/#website\"},\"primaryImageOfPage\":{\"@id\":\"https:\\\/\\\/www.ucaldas.edu.co\\\/portal\\\/convocatoria-nacional-para-el-apoyo-a-la-presentacion-de-patentes-via-nacional-y-via-pct-y-apoyo-a-la-gestion-de-la-propiedad-intelectual\\\/#primaryimage\"},\"image\":{\"@id\":\"https:\\\/\\\/www.ucaldas.edu.co\\\/portal\\\/convocatoria-nacional-para-el-apoyo-a-la-presentacion-de-patentes-via-nacional-y-via-pct-y-apoyo-a-la-gestion-de-la-propiedad-intelectual\\\/#primaryimage\"},\"thumbnailUrl\":\"https:\\\/\\\/www.ucaldas.edu.co\\\/portal\\\/wp-content\\\/uploads\\\/2019\\\/12\\\/COLCIENCIAS-compressor.png\",\"datePublished\":\"2019-12-03T21:45:35+00:00\",\"dateModified\":\"2019-12-03T21:45:40+00:00\",\"breadcrumb\":{\"@id\":\"https:\\\/\\\/www.ucaldas.edu.co\\\/portal\\\/convocatoria-nacional-para-el-apoyo-a-la-presentacion-de-patentes-via-nacional-y-via-pct-y-apoyo-a-la-gestion-de-la-propiedad-intelectual\\\/#breadcrumb\"},\"inLanguage\":\"es\",\"potentialAction\":[{\"@type\":\"ReadAction\",\"target\":[\"https:\\\/\\\/www.ucaldas.edu.co\\\/portal\\\/convocatoria-nacional-para-el-apoyo-a-la-presentacion-de-patentes-via-nacional-y-via-pct-y-apoyo-a-la-gestion-de-la-propiedad-intelectual\\\/\"]}]},{\"@type\":\"ImageObject\",\"inLanguage\":\"es\",\"@id\":\"https:\\\/\\\/www.ucaldas.edu.co\\\/portal\\\/convocatoria-nacional-para-el-apoyo-a-la-presentacion-de-patentes-via-nacional-y-via-pct-y-apoyo-a-la-gestion-de-la-propiedad-intelectual\\\/#primaryimage\",\"url\":\"https:\\\/\\\/www.ucaldas.edu.co\\\/portal\\\/wp-content\\\/uploads\\\/2019\\\/12\\\/COLCIENCIAS-compressor.png\",\"contentUrl\":\"https:\\\/\\\/www.ucaldas.edu.co\\\/portal\\\/wp-content\\\/uploads\\\/2019\\\/12\\\/COLCIENCIAS-compressor.png\",\"width\":700,\"height\":400},{\"@type\":\"BreadcrumbList\",\"@id\":\"https:\\\/\\\/www.ucaldas.edu.co\\\/portal\\\/convocatoria-nacional-para-el-apoyo-a-la-presentacion-de-patentes-via-nacional-y-via-pct-y-apoyo-a-la-gestion-de-la-propiedad-intelectual\\\/#breadcrumb\",\"itemListElement\":[{\"@type\":\"ListItem\",\"position\":1,\"name\":\"Portada\",\"item\":\"https:\\\/\\\/www.ucaldas.edu.co\\\/portal\\\/\"},{\"@type\":\"ListItem\",\"position\":2,\"name\":\"Convocatoria nacional para el apoyo a la presentaci\u00f3n de patentes v\u00eda nacional y v\u00eda PCT y apoyo a la gesti\u00f3n de la propiedad intelectual\"}]},{\"@type\":\"WebSite\",\"@id\":\"https:\\\/\\\/www.ucaldas.edu.co\\\/portal\\\/#website\",\"url\":\"https:\\\/\\\/www.ucaldas.edu.co\\\/portal\\\/\",\"name\":\"Universidad de Caldas\",\"description\":\"\",\"publisher\":{\"@id\":\"https:\\\/\\\/www.ucaldas.edu.co\\\/portal\\\/#organization\"},\"alternateName\":\"U. de Caldas\",\"potentialAction\":[{\"@type\":\"SearchAction\",\"target\":{\"@type\":\"EntryPoint\",\"urlTemplate\":\"https:\\\/\\\/www.ucaldas.edu.co\\\/portal\\\/?s={search_term_string}\"},\"query-input\":{\"@type\":\"PropertyValueSpecification\",\"valueRequired\":true,\"valueName\":\"search_term_string\"}}],\"inLanguage\":\"es\"},{\"@type\":\"Organization\",\"@id\":\"https:\\\/\\\/www.ucaldas.edu.co\\\/portal\\\/#organization\",\"name\":\"Universidad de Caldas\",\"alternateName\":\"U. de Caldas\",\"url\":\"https:\\\/\\\/www.ucaldas.edu.co\\\/portal\\\/\",\"logo\":{\"@type\":\"ImageObject\",\"inLanguage\":\"es\",\"@id\":\"https:\\\/\\\/www.ucaldas.edu.co\\\/portal\\\/#\\\/schema\\\/logo\\\/image\\\/\",\"url\":\"https:\\\/\\\/www.ucaldas.edu.co\\\/portal\\\/wp-content\\\/uploads\\\/2023\\\/11\\\/Logo_horizontal_oscuroU-2023.png\",\"contentUrl\":\"https:\\\/\\\/www.ucaldas.edu.co\\\/portal\\\/wp-content\\\/uploads\\\/2023\\\/11\\\/Logo_horizontal_oscuroU-2023.png\",\"width\":263,\"height\":101,\"caption\":\"Universidad de Caldas\"},\"image\":{\"@id\":\"https:\\\/\\\/www.ucaldas.edu.co\\\/portal\\\/#\\\/schema\\\/logo\\\/image\\\/\"},\"sameAs\":[\"https:\\\/\\\/www.facebook.com\\\/udecaldas\",\"https:\\\/\\\/x.com\\\/udecaldas\",\"https:\\\/\\\/www.youtube.com\\\/universidadcaldas\",\"https:\\\/\\\/www.instagram.com\\\/udecaldas\\\/\"]},{\"@type\":\"Person\",\"@id\":\"https:\\\/\\\/www.ucaldas.edu.co\\\/portal\\\/#\\\/schema\\\/person\\\/a1b482e23449158b4bc319926c074fdf\",\"name\":\"ofiprensa\",\"image\":{\"@type\":\"ImageObject\",\"inLanguage\":\"es\",\"@id\":\"https:\\\/\\\/www.ucaldas.edu.co\\\/portal\\\/wp-content\\\/litespeed\\\/avatar\\\/09ea5085e600095a7a811142c6944527.jpg?ver=1777497608\",\"url\":\"https:\\\/\\\/www.ucaldas.edu.co\\\/portal\\\/wp-content\\\/litespeed\\\/avatar\\\/09ea5085e600095a7a811142c6944527.jpg?ver=1777497608\",\"contentUrl\":\"https:\\\/\\\/www.ucaldas.edu.co\\\/portal\\\/wp-content\\\/litespeed\\\/avatar\\\/09ea5085e600095a7a811142c6944527.jpg?ver=1777497608\",\"caption\":\"ofiprensa\"},\"url\":\"https:\\\/\\\/www.ucaldas.edu.co\\\/portal\\\/author\\\/ofiprensa\\\/\"}]}<\/script>\n<!-- \/ Yoast SEO plugin. -->","yoast_head_json":{"title":"Convocatoria nacional para el apoyo a la presentaci\u00f3n de patentes v\u00eda nacional y v\u00eda PCT y apoyo a la gesti\u00f3n de la propiedad intelectual .","robots":{"index":"index","follow":"follow","max-snippet":"max-snippet:-1","max-image-preview":"max-image-preview:large","max-video-preview":"max-video-preview:-1"},"canonical":"https:\/\/www.ucaldas.edu.co\/portal\/convocatoria-nacional-para-el-apoyo-a-la-presentacion-de-patentes-via-nacional-y-via-pct-y-apoyo-a-la-gestion-de-la-propiedad-intelectual\/","schema":{"@context":"https:\/\/schema.org","@graph":[{"@type":"Article","@id":"https:\/\/www.ucaldas.edu.co\/portal\/convocatoria-nacional-para-el-apoyo-a-la-presentacion-de-patentes-via-nacional-y-via-pct-y-apoyo-a-la-gestion-de-la-propiedad-intelectual\/#article","isPartOf":{"@id":"https:\/\/www.ucaldas.edu.co\/portal\/convocatoria-nacional-para-el-apoyo-a-la-presentacion-de-patentes-via-nacional-y-via-pct-y-apoyo-a-la-gestion-de-la-propiedad-intelectual\/"},"author":{"name":"ofiprensa","@id":"https:\/\/www.ucaldas.edu.co\/portal\/#\/schema\/person\/a1b482e23449158b4bc319926c074fdf"},"headline":"Convocatoria nacional para el apoyo a la presentaci\u00f3n de patentes v\u00eda nacional y v\u00eda PCT y apoyo a la gesti\u00f3n de la propiedad intelectual","datePublished":"2019-12-03T21:45:35+00:00","dateModified":"2019-12-03T21:45:40+00:00","mainEntityOfPage":{"@id":"https:\/\/www.ucaldas.edu.co\/portal\/convocatoria-nacional-para-el-apoyo-a-la-presentacion-de-patentes-via-nacional-y-via-pct-y-apoyo-a-la-gestion-de-la-propiedad-intelectual\/"},"wordCount":236,"publisher":{"@id":"https:\/\/www.ucaldas.edu.co\/portal\/#organization"},"image":{"@id":"https:\/\/www.ucaldas.edu.co\/portal\/convocatoria-nacional-para-el-apoyo-a-la-presentacion-de-patentes-via-nacional-y-via-pct-y-apoyo-a-la-gestion-de-la-propiedad-intelectual\/#primaryimage"},"thumbnailUrl":"https:\/\/www.ucaldas.edu.co\/portal\/wp-content\/uploads\/2019\/12\/COLCIENCIAS-compressor.png","keywords":["Convocatoria","Colciencias","(I+D+i)"],"articleSection":["Actualidad","Universidad al D\u00eda","UCaldas Colaborativa"],"inLanguage":"es"},{"@type":"WebPage","@id":"https:\/\/www.ucaldas.edu.co\/portal\/convocatoria-nacional-para-el-apoyo-a-la-presentacion-de-patentes-via-nacional-y-via-pct-y-apoyo-a-la-gestion-de-la-propiedad-intelectual\/","url":"https:\/\/www.ucaldas.edu.co\/portal\/convocatoria-nacional-para-el-apoyo-a-la-presentacion-de-patentes-via-nacional-y-via-pct-y-apoyo-a-la-gestion-de-la-propiedad-intelectual\/","name":"Convocatoria nacional para el apoyo a la presentaci\u00f3n de patentes v\u00eda nacional y v\u00eda PCT y apoyo a la gesti\u00f3n de la propiedad intelectual .","isPartOf":{"@id":"https:\/\/www.ucaldas.edu.co\/portal\/#website"},"primaryImageOfPage":{"@id":"https:\/\/www.ucaldas.edu.co\/portal\/convocatoria-nacional-para-el-apoyo-a-la-presentacion-de-patentes-via-nacional-y-via-pct-y-apoyo-a-la-gestion-de-la-propiedad-intelectual\/#primaryimage"},"image":{"@id":"https:\/\/www.ucaldas.edu.co\/portal\/convocatoria-nacional-para-el-apoyo-a-la-presentacion-de-patentes-via-nacional-y-via-pct-y-apoyo-a-la-gestion-de-la-propiedad-intelectual\/#primaryimage"},"thumbnailUrl":"https:\/\/www.ucaldas.edu.co\/portal\/wp-content\/uploads\/2019\/12\/COLCIENCIAS-compressor.png","datePublished":"2019-12-03T21:45:35+00:00","dateModified":"2019-12-03T21:45:40+00:00","breadcrumb":{"@id":"https:\/\/www.ucaldas.edu.co\/portal\/convocatoria-nacional-para-el-apoyo-a-la-presentacion-de-patentes-via-nacional-y-via-pct-y-apoyo-a-la-gestion-de-la-propiedad-intelectual\/#breadcrumb"},"inLanguage":"es","potentialAction":[{"@type":"ReadAction","target":["https:\/\/www.ucaldas.edu.co\/portal\/convocatoria-nacional-para-el-apoyo-a-la-presentacion-de-patentes-via-nacional-y-via-pct-y-apoyo-a-la-gestion-de-la-propiedad-intelectual\/"]}]},{"@type":"ImageObject","inLanguage":"es","@id":"https:\/\/www.ucaldas.edu.co\/portal\/convocatoria-nacional-para-el-apoyo-a-la-presentacion-de-patentes-via-nacional-y-via-pct-y-apoyo-a-la-gestion-de-la-propiedad-intelectual\/#primaryimage","url":"https:\/\/www.ucaldas.edu.co\/portal\/wp-content\/uploads\/2019\/12\/COLCIENCIAS-compressor.png","contentUrl":"https:\/\/www.ucaldas.edu.co\/portal\/wp-content\/uploads\/2019\/12\/COLCIENCIAS-compressor.png","width":700,"height":400},{"@type":"BreadcrumbList","@id":"https:\/\/www.ucaldas.edu.co\/portal\/convocatoria-nacional-para-el-apoyo-a-la-presentacion-de-patentes-via-nacional-y-via-pct-y-apoyo-a-la-gestion-de-la-propiedad-intelectual\/#breadcrumb","itemListElement":[{"@type":"ListItem","position":1,"name":"Portada","item":"https:\/\/www.ucaldas.edu.co\/portal\/"},{"@type":"ListItem","position":2,"name":"Convocatoria nacional para el apoyo a la presentaci\u00f3n de patentes v\u00eda nacional y v\u00eda PCT y apoyo a la gesti\u00f3n de la propiedad intelectual"}]},{"@type":"WebSite","@id":"https:\/\/www.ucaldas.edu.co\/portal\/#website","url":"https:\/\/www.ucaldas.edu.co\/portal\/","name":"Universidad de Caldas","description":"","publisher":{"@id":"https:\/\/www.ucaldas.edu.co\/portal\/#organization"},"alternateName":"U. de Caldas","potentialAction":[{"@type":"SearchAction","target":{"@type":"EntryPoint","urlTemplate":"https:\/\/www.ucaldas.edu.co\/portal\/?s={search_term_string}"},"query-input":{"@type":"PropertyValueSpecification","valueRequired":true,"valueName":"search_term_string"}}],"inLanguage":"es"},{"@type":"Organization","@id":"https:\/\/www.ucaldas.edu.co\/portal\/#organization","name":"Universidad de Caldas","alternateName":"U. de Caldas","url":"https:\/\/www.ucaldas.edu.co\/portal\/","logo":{"@type":"ImageObject","inLanguage":"es","@id":"https:\/\/www.ucaldas.edu.co\/portal\/#\/schema\/logo\/image\/","url":"https:\/\/www.ucaldas.edu.co\/portal\/wp-content\/uploads\/2023\/11\/Logo_horizontal_oscuroU-2023.png","contentUrl":"https:\/\/www.ucaldas.edu.co\/portal\/wp-content\/uploads\/2023\/11\/Logo_horizontal_oscuroU-2023.png","width":263,"height":101,"caption":"Universidad de Caldas"},"image":{"@id":"https:\/\/www.ucaldas.edu.co\/portal\/#\/schema\/logo\/image\/"},"sameAs":["https:\/\/www.facebook.com\/udecaldas","https:\/\/x.com\/udecaldas","https:\/\/www.youtube.com\/universidadcaldas","https:\/\/www.instagram.com\/udecaldas\/"]},{"@type":"Person","@id":"https:\/\/www.ucaldas.edu.co\/portal\/#\/schema\/person\/a1b482e23449158b4bc319926c074fdf","name":"ofiprensa","image":{"@type":"ImageObject","inLanguage":"es","@id":"https:\/\/www.ucaldas.edu.co\/portal\/wp-content\/litespeed\/avatar\/09ea5085e600095a7a811142c6944527.jpg?ver=1777497608","url":"https:\/\/www.ucaldas.edu.co\/portal\/wp-content\/litespeed\/avatar\/09ea5085e600095a7a811142c6944527.jpg?ver=1777497608","contentUrl":"https:\/\/www.ucaldas.edu.co\/portal\/wp-content\/litespeed\/avatar\/09ea5085e600095a7a811142c6944527.jpg?ver=1777497608","caption":"ofiprensa"},"url":"https:\/\/www.ucaldas.edu.co\/portal\/author\/ofiprensa\/"}]}},"_links":{"self":[{"href":"https:\/\/www.ucaldas.edu.co\/portal\/wp-json\/wp\/v2\/posts\/53406","targetHints":{"allow":["GET"]}}],"collection":[{"href":"https:\/\/www.ucaldas.edu.co\/portal\/wp-json\/wp\/v2\/posts"}],"about":[{"href":"https:\/\/www.ucaldas.edu.co\/portal\/wp-json\/wp\/v2\/types\/post"}],"author":[{"embeddable":true,"href":"https:\/\/www.ucaldas.edu.co\/portal\/wp-json\/wp\/v2\/users\/2"}],"replies":[{"embeddable":true,"href":"https:\/\/www.ucaldas.edu.co\/portal\/wp-json\/wp\/v2\/comments?post=53406"}],"version-history":[{"count":0,"href":"https:\/\/www.ucaldas.edu.co\/portal\/wp-json\/wp\/v2\/posts\/53406\/revisions"}],"wp:featuredmedia":[{"embeddable":true,"href":"https:\/\/www.ucaldas.edu.co\/portal\/wp-json\/wp\/v2\/media\/53407"}],"wp:attachment":[{"href":"https:\/\/www.ucaldas.edu.co\/portal\/wp-json\/wp\/v2\/media?parent=53406"}],"wp:term":[{"taxonomy":"category","embeddable":true,"href":"https:\/\/www.ucaldas.edu.co\/portal\/wp-json\/wp\/v2\/categories?post=53406"},{"taxonomy":"post_tag","embeddable":true,"href":"https:\/\/www.ucaldas.edu.co\/portal\/wp-json\/wp\/v2\/tags?post=53406"}],"curies":[{"name":"wp","href":"https:\/\/api.w.org\/{rel}","templated":true}]}}