{"id":53373,"date":"2019-11-29T21:28:11","date_gmt":"2019-11-29T21:28:11","guid":{"rendered":"https:\/\/www.ucaldas.edu.co\/portal\/?p=53373"},"modified":"2019-11-29T21:28:15","modified_gmt":"2019-11-29T21:28:15","slug":"con-la-ampliacion-de-servicios-foncaldas-celebra-50-anos-de-labores","status":"publish","type":"post","link":"https:\/\/www.ucaldas.edu.co\/portal\/con-la-ampliacion-de-servicios-foncaldas-celebra-50-anos-de-labores\/","title":{"rendered":"Con la ampliaci\u00f3n de servicios, Foncaldas celebra 50 a\u00f1os de labores"},"content":{"rendered":"<p style=\"text-align: center;\">SE BENEFICIAN \u00a0TODAS LAS INSTITUCIONES DE EDUCACI\u00d3N SUPERIOR DEL EJE CAFETERO<\/p>\n<p style=\"text-align: center;\"><strong>Con la ampliaci\u00f3n de servicios, Foncaldas celebra 50 a\u00f1os de labores<\/strong><\/p>\n<p style=\"text-align: right;\">29\/11\/2019<\/p>\n<p><img loading=\"lazy\" decoding=\"async\" class=\"aligncenter wp-image-53374 size-full\" src=\"https:\/\/www.ucaldas.edu.co\/portal\/wp-content\/uploads\/2019\/11\/FONCALDAS-compressor.png\" alt=\"\" width=\"700\" height=\"400\" srcset=\"https:\/\/www.ucaldas.edu.co\/portal\/wp-content\/uploads\/2019\/11\/FONCALDAS-compressor.png 700w, https:\/\/www.ucaldas.edu.co\/portal\/wp-content\/uploads\/2019\/11\/FONCALDAS-compressor-300x171.png 300w\" sizes=\"auto, (max-width: 700px) 100vw, 700px\" \/><\/p>\n<p>50 a\u00f1os de labores cumple el Fondo de Empleados de la Universidad de Caldas, que anunci\u00f3 ampliaci\u00f3n del portafolio de servicios para que los empleados y docentes de todas las instituciones de educaci\u00f3n superior de Caldas se puedan afiliar.<!--more--><\/p>\n<p>A esto se suma la renovaci\u00f3n de la plataforma transaccional, en el a que se trabaja desde el a\u00f1o pasado y que facilitar\u00e1 el acceso a los servicios.<\/p>\n<p>El gerente de Foncaldas, Antonio Jos\u00e9 Osorio Giraldo, destac\u00f3 que el impacto del fondo es no solo para los empleados, sino tambi\u00e9n para las familias de estos que se benefician con las actividades. Record\u00f3 que la entidad cuenta con un Comit\u00e9 de Solidaridad para quienes tengan dificultades econ\u00f3micas, y subsidia el plan funerario de los hogares de los afiliados.<\/p>\n<p>Dijo que entre sus logros tambi\u00e9n est\u00e1 la creaci\u00f3n de Servifondo, empresa multiservicios que ofrecer\u00e1 seguros todo riesgo y tendr\u00e1 funciones de agencia de viajes y de corresponsal bancario.<\/p>\n<p>Foncaldas naci\u00f3 el 28 de noviembre de 1969 en una asamblea de 95 docentes y empleados de la Universidad, con el fin de tener una entidad de ahorro. Esta idea la consolidaron Octavio Garc\u00eda y Alfonso Delgadillo Parra. En febrero de 1970 se nombr\u00f3 la primera junta directiva provisional.<\/p>\n<p>&nbsp;<\/p>\n<p><strong>Informes:<\/strong> Oficina de Comunicaciones y Prensa Universidad de Caldas. Tel\u00e9fono: 8781500 Extensi\u00f3n: 12167<\/p>\n<p><strong>Redacci\u00f3n:<\/strong> Adriana Osorio Garc\u00eda<\/p>\n","protected":false},"excerpt":{"rendered":"<p>SE BENEFICIAN \u00a0TODAS LAS INSTITUCIONES DE EDUCACI\u00d3N SUPERIOR DEL EJE CAFETERO Con la ampliaci\u00f3n de servicios, Foncaldas celebra 50 a\u00f1os de labores 29\/11\/2019 50 a\u00f1os de labores cumple el Fondo de Empleados de la Universidad de Caldas, que anunci\u00f3 ampliaci\u00f3n del portafolio de servicios para que los empleados y docentes de todas las instituciones de [&hellip;]<\/p>\n","protected":false},"author":2,"featured_media":53374,"comment_status":"closed","ping_status":"open","sticky":false,"template":"","format":"standard","meta":{"footnotes":""},"categories":[617,48,53],"tags":[2850,4531,1095,2245],"class_list":["post-53373","post","type-post","status-publish","format-standard","has-post-thumbnail","hentry","category-ucaldas-colaborativa","category-actualidad","category-universidad-al-dia","tag-fondo","tag-empleados","tag-beneficios","tag-aniversario"],"yoast_head":"<!-- This site is optimized with the Yoast SEO plugin v27.5 - https:\/\/yoast.com\/product\/yoast-seo-wordpress\/ -->\n<title>Con la ampliaci\u00f3n de servicios, Foncaldas celebra 50 a\u00f1os de labores .<\/title>\n<meta name=\"robots\" content=\"index, follow, max-snippet:-1, max-image-preview:large, max-video-preview:-1\" \/>\n<link rel=\"canonical\" href=\"https:\/\/www.ucaldas.edu.co\/portal\/con-la-ampliacion-de-servicios-foncaldas-celebra-50-anos-de-labores\/\" \/>\n<script type=\"application\/ld+json\" class=\"yoast-schema-graph\">{\"@context\":\"https:\\\/\\\/schema.org\",\"@graph\":[{\"@type\":\"Article\",\"@id\":\"https:\\\/\\\/www.ucaldas.edu.co\\\/portal\\\/con-la-ampliacion-de-servicios-foncaldas-celebra-50-anos-de-labores\\\/#article\",\"isPartOf\":{\"@id\":\"https:\\\/\\\/www.ucaldas.edu.co\\\/portal\\\/con-la-ampliacion-de-servicios-foncaldas-celebra-50-anos-de-labores\\\/\"},\"author\":{\"name\":\"ofiprensa\",\"@id\":\"https:\\\/\\\/www.ucaldas.edu.co\\\/portal\\\/#\\\/schema\\\/person\\\/a1b482e23449158b4bc319926c074fdf\"},\"headline\":\"Con la ampliaci\u00f3n de servicios, Foncaldas celebra 50 a\u00f1os de labores\",\"datePublished\":\"2019-11-29T21:28:11+00:00\",\"dateModified\":\"2019-11-29T21:28:15+00:00\",\"mainEntityOfPage\":{\"@id\":\"https:\\\/\\\/www.ucaldas.edu.co\\\/portal\\\/con-la-ampliacion-de-servicios-foncaldas-celebra-50-anos-de-labores\\\/\"},\"wordCount\":265,\"publisher\":{\"@id\":\"https:\\\/\\\/www.ucaldas.edu.co\\\/portal\\\/#organization\"},\"image\":{\"@id\":\"https:\\\/\\\/www.ucaldas.edu.co\\\/portal\\\/con-la-ampliacion-de-servicios-foncaldas-celebra-50-anos-de-labores\\\/#primaryimage\"},\"thumbnailUrl\":\"https:\\\/\\\/www.ucaldas.edu.co\\\/portal\\\/wp-content\\\/uploads\\\/2019\\\/11\\\/FONCALDAS-compressor.png\",\"keywords\":[\"fondo\",\"empleados\",\"Beneficios\",\"aniversario\"],\"articleSection\":[\"UCaldas Colaborativa\",\"Actualidad\",\"Universidad al D\u00eda\"],\"inLanguage\":\"es\"},{\"@type\":\"WebPage\",\"@id\":\"https:\\\/\\\/www.ucaldas.edu.co\\\/portal\\\/con-la-ampliacion-de-servicios-foncaldas-celebra-50-anos-de-labores\\\/\",\"url\":\"https:\\\/\\\/www.ucaldas.edu.co\\\/portal\\\/con-la-ampliacion-de-servicios-foncaldas-celebra-50-anos-de-labores\\\/\",\"name\":\"Con la ampliaci\u00f3n de servicios, Foncaldas celebra 50 a\u00f1os de labores .\",\"isPartOf\":{\"@id\":\"https:\\\/\\\/www.ucaldas.edu.co\\\/portal\\\/#website\"},\"primaryImageOfPage\":{\"@id\":\"https:\\\/\\\/www.ucaldas.edu.co\\\/portal\\\/con-la-ampliacion-de-servicios-foncaldas-celebra-50-anos-de-labores\\\/#primaryimage\"},\"image\":{\"@id\":\"https:\\\/\\\/www.ucaldas.edu.co\\\/portal\\\/con-la-ampliacion-de-servicios-foncaldas-celebra-50-anos-de-labores\\\/#primaryimage\"},\"thumbnailUrl\":\"https:\\\/\\\/www.ucaldas.edu.co\\\/portal\\\/wp-content\\\/uploads\\\/2019\\\/11\\\/FONCALDAS-compressor.png\",\"datePublished\":\"2019-11-29T21:28:11+00:00\",\"dateModified\":\"2019-11-29T21:28:15+00:00\",\"breadcrumb\":{\"@id\":\"https:\\\/\\\/www.ucaldas.edu.co\\\/portal\\\/con-la-ampliacion-de-servicios-foncaldas-celebra-50-anos-de-labores\\\/#breadcrumb\"},\"inLanguage\":\"es\",\"potentialAction\":[{\"@type\":\"ReadAction\",\"target\":[\"https:\\\/\\\/www.ucaldas.edu.co\\\/portal\\\/con-la-ampliacion-de-servicios-foncaldas-celebra-50-anos-de-labores\\\/\"]}]},{\"@type\":\"ImageObject\",\"inLanguage\":\"es\",\"@id\":\"https:\\\/\\\/www.ucaldas.edu.co\\\/portal\\\/con-la-ampliacion-de-servicios-foncaldas-celebra-50-anos-de-labores\\\/#primaryimage\",\"url\":\"https:\\\/\\\/www.ucaldas.edu.co\\\/portal\\\/wp-content\\\/uploads\\\/2019\\\/11\\\/FONCALDAS-compressor.png\",\"contentUrl\":\"https:\\\/\\\/www.ucaldas.edu.co\\\/portal\\\/wp-content\\\/uploads\\\/2019\\\/11\\\/FONCALDAS-compressor.png\",\"width\":700,\"height\":400},{\"@type\":\"BreadcrumbList\",\"@id\":\"https:\\\/\\\/www.ucaldas.edu.co\\\/portal\\\/con-la-ampliacion-de-servicios-foncaldas-celebra-50-anos-de-labores\\\/#breadcrumb\",\"itemListElement\":[{\"@type\":\"ListItem\",\"position\":1,\"name\":\"Portada\",\"item\":\"https:\\\/\\\/www.ucaldas.edu.co\\\/portal\\\/\"},{\"@type\":\"ListItem\",\"position\":2,\"name\":\"Con la ampliaci\u00f3n de servicios, Foncaldas celebra 50 a\u00f1os de labores\"}]},{\"@type\":\"WebSite\",\"@id\":\"https:\\\/\\\/www.ucaldas.edu.co\\\/portal\\\/#website\",\"url\":\"https:\\\/\\\/www.ucaldas.edu.co\\\/portal\\\/\",\"name\":\"Universidad de Caldas\",\"description\":\"\",\"publisher\":{\"@id\":\"https:\\\/\\\/www.ucaldas.edu.co\\\/portal\\\/#organization\"},\"alternateName\":\"U. de Caldas\",\"potentialAction\":[{\"@type\":\"SearchAction\",\"target\":{\"@type\":\"EntryPoint\",\"urlTemplate\":\"https:\\\/\\\/www.ucaldas.edu.co\\\/portal\\\/?s={search_term_string}\"},\"query-input\":{\"@type\":\"PropertyValueSpecification\",\"valueRequired\":true,\"valueName\":\"search_term_string\"}}],\"inLanguage\":\"es\"},{\"@type\":\"Organization\",\"@id\":\"https:\\\/\\\/www.ucaldas.edu.co\\\/portal\\\/#organization\",\"name\":\"Universidad de Caldas\",\"alternateName\":\"U. de Caldas\",\"url\":\"https:\\\/\\\/www.ucaldas.edu.co\\\/portal\\\/\",\"logo\":{\"@type\":\"ImageObject\",\"inLanguage\":\"es\",\"@id\":\"https:\\\/\\\/www.ucaldas.edu.co\\\/portal\\\/#\\\/schema\\\/logo\\\/image\\\/\",\"url\":\"https:\\\/\\\/www.ucaldas.edu.co\\\/portal\\\/wp-content\\\/uploads\\\/2023\\\/11\\\/Logo_horizontal_oscuroU-2023.png\",\"contentUrl\":\"https:\\\/\\\/www.ucaldas.edu.co\\\/portal\\\/wp-content\\\/uploads\\\/2023\\\/11\\\/Logo_horizontal_oscuroU-2023.png\",\"width\":263,\"height\":101,\"caption\":\"Universidad de Caldas\"},\"image\":{\"@id\":\"https:\\\/\\\/www.ucaldas.edu.co\\\/portal\\\/#\\\/schema\\\/logo\\\/image\\\/\"},\"sameAs\":[\"https:\\\/\\\/www.facebook.com\\\/udecaldas\",\"https:\\\/\\\/x.com\\\/udecaldas\",\"https:\\\/\\\/www.youtube.com\\\/universidadcaldas\",\"https:\\\/\\\/www.instagram.com\\\/udecaldas\\\/\"]},{\"@type\":\"Person\",\"@id\":\"https:\\\/\\\/www.ucaldas.edu.co\\\/portal\\\/#\\\/schema\\\/person\\\/a1b482e23449158b4bc319926c074fdf\",\"name\":\"ofiprensa\",\"image\":{\"@type\":\"ImageObject\",\"inLanguage\":\"es\",\"@id\":\"https:\\\/\\\/www.ucaldas.edu.co\\\/portal\\\/wp-content\\\/litespeed\\\/avatar\\\/09ea5085e600095a7a811142c6944527.jpg?ver=1777497608\",\"url\":\"https:\\\/\\\/www.ucaldas.edu.co\\\/portal\\\/wp-content\\\/litespeed\\\/avatar\\\/09ea5085e600095a7a811142c6944527.jpg?ver=1777497608\",\"contentUrl\":\"https:\\\/\\\/www.ucaldas.edu.co\\\/portal\\\/wp-content\\\/litespeed\\\/avatar\\\/09ea5085e600095a7a811142c6944527.jpg?ver=1777497608\",\"caption\":\"ofiprensa\"},\"url\":\"https:\\\/\\\/www.ucaldas.edu.co\\\/portal\\\/author\\\/ofiprensa\\\/\"}]}<\/script>\n<!-- \/ Yoast SEO plugin. -->","yoast_head_json":{"title":"Con la ampliaci\u00f3n de servicios, Foncaldas celebra 50 a\u00f1os de labores .","robots":{"index":"index","follow":"follow","max-snippet":"max-snippet:-1","max-image-preview":"max-image-preview:large","max-video-preview":"max-video-preview:-1"},"canonical":"https:\/\/www.ucaldas.edu.co\/portal\/con-la-ampliacion-de-servicios-foncaldas-celebra-50-anos-de-labores\/","schema":{"@context":"https:\/\/schema.org","@graph":[{"@type":"Article","@id":"https:\/\/www.ucaldas.edu.co\/portal\/con-la-ampliacion-de-servicios-foncaldas-celebra-50-anos-de-labores\/#article","isPartOf":{"@id":"https:\/\/www.ucaldas.edu.co\/portal\/con-la-ampliacion-de-servicios-foncaldas-celebra-50-anos-de-labores\/"},"author":{"name":"ofiprensa","@id":"https:\/\/www.ucaldas.edu.co\/portal\/#\/schema\/person\/a1b482e23449158b4bc319926c074fdf"},"headline":"Con la ampliaci\u00f3n de servicios, Foncaldas celebra 50 a\u00f1os de labores","datePublished":"2019-11-29T21:28:11+00:00","dateModified":"2019-11-29T21:28:15+00:00","mainEntityOfPage":{"@id":"https:\/\/www.ucaldas.edu.co\/portal\/con-la-ampliacion-de-servicios-foncaldas-celebra-50-anos-de-labores\/"},"wordCount":265,"publisher":{"@id":"https:\/\/www.ucaldas.edu.co\/portal\/#organization"},"image":{"@id":"https:\/\/www.ucaldas.edu.co\/portal\/con-la-ampliacion-de-servicios-foncaldas-celebra-50-anos-de-labores\/#primaryimage"},"thumbnailUrl":"https:\/\/www.ucaldas.edu.co\/portal\/wp-content\/uploads\/2019\/11\/FONCALDAS-compressor.png","keywords":["fondo","empleados","Beneficios","aniversario"],"articleSection":["UCaldas Colaborativa","Actualidad","Universidad al D\u00eda"],"inLanguage":"es"},{"@type":"WebPage","@id":"https:\/\/www.ucaldas.edu.co\/portal\/con-la-ampliacion-de-servicios-foncaldas-celebra-50-anos-de-labores\/","url":"https:\/\/www.ucaldas.edu.co\/portal\/con-la-ampliacion-de-servicios-foncaldas-celebra-50-anos-de-labores\/","name":"Con la ampliaci\u00f3n de servicios, Foncaldas celebra 50 a\u00f1os de labores .","isPartOf":{"@id":"https:\/\/www.ucaldas.edu.co\/portal\/#website"},"primaryImageOfPage":{"@id":"https:\/\/www.ucaldas.edu.co\/portal\/con-la-ampliacion-de-servicios-foncaldas-celebra-50-anos-de-labores\/#primaryimage"},"image":{"@id":"https:\/\/www.ucaldas.edu.co\/portal\/con-la-ampliacion-de-servicios-foncaldas-celebra-50-anos-de-labores\/#primaryimage"},"thumbnailUrl":"https:\/\/www.ucaldas.edu.co\/portal\/wp-content\/uploads\/2019\/11\/FONCALDAS-compressor.png","datePublished":"2019-11-29T21:28:11+00:00","dateModified":"2019-11-29T21:28:15+00:00","breadcrumb":{"@id":"https:\/\/www.ucaldas.edu.co\/portal\/con-la-ampliacion-de-servicios-foncaldas-celebra-50-anos-de-labores\/#breadcrumb"},"inLanguage":"es","potentialAction":[{"@type":"ReadAction","target":["https:\/\/www.ucaldas.edu.co\/portal\/con-la-ampliacion-de-servicios-foncaldas-celebra-50-anos-de-labores\/"]}]},{"@type":"ImageObject","inLanguage":"es","@id":"https:\/\/www.ucaldas.edu.co\/portal\/con-la-ampliacion-de-servicios-foncaldas-celebra-50-anos-de-labores\/#primaryimage","url":"https:\/\/www.ucaldas.edu.co\/portal\/wp-content\/uploads\/2019\/11\/FONCALDAS-compressor.png","contentUrl":"https:\/\/www.ucaldas.edu.co\/portal\/wp-content\/uploads\/2019\/11\/FONCALDAS-compressor.png","width":700,"height":400},{"@type":"BreadcrumbList","@id":"https:\/\/www.ucaldas.edu.co\/portal\/con-la-ampliacion-de-servicios-foncaldas-celebra-50-anos-de-labores\/#breadcrumb","itemListElement":[{"@type":"ListItem","position":1,"name":"Portada","item":"https:\/\/www.ucaldas.edu.co\/portal\/"},{"@type":"ListItem","position":2,"name":"Con la ampliaci\u00f3n de servicios, Foncaldas celebra 50 a\u00f1os de labores"}]},{"@type":"WebSite","@id":"https:\/\/www.ucaldas.edu.co\/portal\/#website","url":"https:\/\/www.ucaldas.edu.co\/portal\/","name":"Universidad de Caldas","description":"","publisher":{"@id":"https:\/\/www.ucaldas.edu.co\/portal\/#organization"},"alternateName":"U. de Caldas","potentialAction":[{"@type":"SearchAction","target":{"@type":"EntryPoint","urlTemplate":"https:\/\/www.ucaldas.edu.co\/portal\/?s={search_term_string}"},"query-input":{"@type":"PropertyValueSpecification","valueRequired":true,"valueName":"search_term_string"}}],"inLanguage":"es"},{"@type":"Organization","@id":"https:\/\/www.ucaldas.edu.co\/portal\/#organization","name":"Universidad de Caldas","alternateName":"U. de Caldas","url":"https:\/\/www.ucaldas.edu.co\/portal\/","logo":{"@type":"ImageObject","inLanguage":"es","@id":"https:\/\/www.ucaldas.edu.co\/portal\/#\/schema\/logo\/image\/","url":"https:\/\/www.ucaldas.edu.co\/portal\/wp-content\/uploads\/2023\/11\/Logo_horizontal_oscuroU-2023.png","contentUrl":"https:\/\/www.ucaldas.edu.co\/portal\/wp-content\/uploads\/2023\/11\/Logo_horizontal_oscuroU-2023.png","width":263,"height":101,"caption":"Universidad de Caldas"},"image":{"@id":"https:\/\/www.ucaldas.edu.co\/portal\/#\/schema\/logo\/image\/"},"sameAs":["https:\/\/www.facebook.com\/udecaldas","https:\/\/x.com\/udecaldas","https:\/\/www.youtube.com\/universidadcaldas","https:\/\/www.instagram.com\/udecaldas\/"]},{"@type":"Person","@id":"https:\/\/www.ucaldas.edu.co\/portal\/#\/schema\/person\/a1b482e23449158b4bc319926c074fdf","name":"ofiprensa","image":{"@type":"ImageObject","inLanguage":"es","@id":"https:\/\/www.ucaldas.edu.co\/portal\/wp-content\/litespeed\/avatar\/09ea5085e600095a7a811142c6944527.jpg?ver=1777497608","url":"https:\/\/www.ucaldas.edu.co\/portal\/wp-content\/litespeed\/avatar\/09ea5085e600095a7a811142c6944527.jpg?ver=1777497608","contentUrl":"https:\/\/www.ucaldas.edu.co\/portal\/wp-content\/litespeed\/avatar\/09ea5085e600095a7a811142c6944527.jpg?ver=1777497608","caption":"ofiprensa"},"url":"https:\/\/www.ucaldas.edu.co\/portal\/author\/ofiprensa\/"}]}},"_links":{"self":[{"href":"https:\/\/www.ucaldas.edu.co\/portal\/wp-json\/wp\/v2\/posts\/53373","targetHints":{"allow":["GET"]}}],"collection":[{"href":"https:\/\/www.ucaldas.edu.co\/portal\/wp-json\/wp\/v2\/posts"}],"about":[{"href":"https:\/\/www.ucaldas.edu.co\/portal\/wp-json\/wp\/v2\/types\/post"}],"author":[{"embeddable":true,"href":"https:\/\/www.ucaldas.edu.co\/portal\/wp-json\/wp\/v2\/users\/2"}],"replies":[{"embeddable":true,"href":"https:\/\/www.ucaldas.edu.co\/portal\/wp-json\/wp\/v2\/comments?post=53373"}],"version-history":[{"count":0,"href":"https:\/\/www.ucaldas.edu.co\/portal\/wp-json\/wp\/v2\/posts\/53373\/revisions"}],"wp:featuredmedia":[{"embeddable":true,"href":"https:\/\/www.ucaldas.edu.co\/portal\/wp-json\/wp\/v2\/media\/53374"}],"wp:attachment":[{"href":"https:\/\/www.ucaldas.edu.co\/portal\/wp-json\/wp\/v2\/media?parent=53373"}],"wp:term":[{"taxonomy":"category","embeddable":true,"href":"https:\/\/www.ucaldas.edu.co\/portal\/wp-json\/wp\/v2\/categories?post=53373"},{"taxonomy":"post_tag","embeddable":true,"href":"https:\/\/www.ucaldas.edu.co\/portal\/wp-json\/wp\/v2\/tags?post=53373"}],"curies":[{"name":"wp","href":"https:\/\/api.w.org\/{rel}","templated":true}]}}