{"id":53352,"date":"2019-11-28T22:13:18","date_gmt":"2019-11-28T22:13:18","guid":{"rendered":"https:\/\/www.ucaldas.edu.co\/portal\/?p=53352"},"modified":"2019-11-28T22:13:23","modified_gmt":"2019-11-28T22:13:23","slug":"conferencia-conversatorio-y-concierto-para-prevenir-el-consumo-de-sustancias-psicoactivas-y-disfrutar-del-rock","status":"publish","type":"post","link":"https:\/\/www.ucaldas.edu.co\/portal\/conferencia-conversatorio-y-concierto-para-prevenir-el-consumo-de-sustancias-psicoactivas-y-disfrutar-del-rock\/","title":{"rendered":"Conferencia, conversatorio y concierto para prevenir el consumo de sustancias psicoactivas y disfrutar del rock"},"content":{"rendered":"<p style=\"text-align: center;\">ESTE VIERNES Y S\u00c1BADO EN MANIZALES<\/p>\n<p style=\"text-align: center;\"><strong>Conferencia, conversatorio y concierto para prevenir <\/strong><\/p>\n<p style=\"text-align: center;\"><strong>el consumo de sustancias psicoactivas y disfrutar del rock<\/strong><\/p>\n<p style=\"text-align: right;\">28\/11\/2019<\/p>\n<p><img loading=\"lazy\" decoding=\"async\" class=\"aligncenter wp-image-53353 size-full\" src=\"https:\/\/www.ucaldas.edu.co\/portal\/wp-content\/uploads\/2019\/11\/CONFERENCIA-HEAVY-METAL-compressor.png\" alt=\"\" width=\"700\" height=\"400\" srcset=\"https:\/\/www.ucaldas.edu.co\/portal\/wp-content\/uploads\/2019\/11\/CONFERENCIA-HEAVY-METAL-compressor.png 700w, https:\/\/www.ucaldas.edu.co\/portal\/wp-content\/uploads\/2019\/11\/CONFERENCIA-HEAVY-METAL-compressor-300x171.png 300w\" sizes=\"auto, (max-width: 700px) 100vw, 700px\" \/><\/p>\n<p>Disfrutar de la cultura del rock, prevenir el consumo de sustancias psicoactivas y mostrar mediante artistas reconocidos que esta pr\u00e1ctica no siempre est\u00e1 relacionada con ciertos tipos de m\u00fasica es el objetivo de la conferencia, el conversatorio y el concierto que se realizar\u00e1n estos viernes y s\u00e1bado en Manizales. Las actividades las organizan las oficinas de Bienestar Universitario de las universidades Nacional y de Caldas.<!--more--><\/p>\n<p>La primera actividad ser\u00e1 este viernes 29 de noviembre, a las 4:00 de la tarde en el auditorio Juan Hurtado de la Universidad Nacional. A esa hora ser\u00e1 la conferencia \u201cLas drogas y el heavy metal\u201d, en la cual artistas como el venezolano Paul Gillman, quien fue la voz de la agrupaci\u00f3n Arc\u00e1ngel; Arturo Huizar, de Luzbel, y Jos\u00e9 Andr\u00eba, de Mago de Oz, hablar\u00e1n de sus experiencias.<\/p>\n<p>Ma\u00f1ana tambi\u00e9n, a las 7:00 de la noche, ser\u00e1 el conversatorio sobre la vida y obra del cantante Elkin Ram\u00edrez, de Kraken, quien falleci\u00f3 en enero del 2017. Ser\u00e1 en la casa de la Secretar\u00eda de Cultura de Caldas y como moderador estar\u00e1 el diputado Juan Sebasti\u00e1n G\u00f3mez Gonz\u00e1lez.<\/p>\n<p>El concierto \u201cEl tit\u00e1n permanece, tributo internacional a Elkin Ram\u00edrez\u201d ser\u00e1 el s\u00e1bado 30 de noviembre, a las 7:00 de la noche en la Plaza de Toros de Manizales. Antes de esto, a las 3:30 p.m. realizar\u00e1n firma de aut\u00f3grafos con Paul Gillman, Arturo Huizar y Jos\u00e9 Andr\u00eba. En este espacio los seguidores podr\u00e1n compartir momentos con los artistas.<\/p>\n<p><strong>\u00a0<\/strong><\/p>\n<p><strong>Informes:<\/strong> Oficina de Comunicaciones y Prensa Universidad de Caldas. Tel\u00e9fono: 8781500 Extensi\u00f3n: 12167<\/p>\n<p><strong>Redacci\u00f3n:<\/strong> Adriana Osorio Garc\u00eda<\/p>\n","protected":false},"excerpt":{"rendered":"<p>ESTE VIERNES Y S\u00c1BADO EN MANIZALES Conferencia, conversatorio y concierto para prevenir el consumo de sustancias psicoactivas y disfrutar del rock 28\/11\/2019 Disfrutar de la cultura del rock, prevenir el consumo de sustancias psicoactivas y mostrar mediante artistas reconocidos que esta pr\u00e1ctica no siempre est\u00e1 relacionada con ciertos tipos de m\u00fasica es el objetivo de [&hellip;]<\/p>\n","protected":false},"author":2,"featured_media":53353,"comment_status":"closed","ping_status":"open","sticky":false,"template":"","format":"standard","meta":{"footnotes":""},"categories":[48,53,664],"tags":[223,247,4529],"class_list":["post-53352","post","type-post","status-publish","format-standard","has-post-thumbnail","hentry","category-actualidad","category-universidad-al-dia","category-ucaldas-cultural","tag-conferencias","tag-concierto","tag-tributo"],"yoast_head":"<!-- This site is optimized with the Yoast SEO plugin v27.5 - https:\/\/yoast.com\/product\/yoast-seo-wordpress\/ -->\n<title>Conferencia, conversatorio y concierto para prevenir el consumo de sustancias psicoactivas y disfrutar del rock .<\/title>\n<meta name=\"robots\" content=\"index, follow, max-snippet:-1, max-image-preview:large, max-video-preview:-1\" \/>\n<link rel=\"canonical\" href=\"https:\/\/www.ucaldas.edu.co\/portal\/conferencia-conversatorio-y-concierto-para-prevenir-el-consumo-de-sustancias-psicoactivas-y-disfrutar-del-rock\/\" \/>\n<script type=\"application\/ld+json\" class=\"yoast-schema-graph\">{\"@context\":\"https:\\\/\\\/schema.org\",\"@graph\":[{\"@type\":\"Article\",\"@id\":\"https:\\\/\\\/www.ucaldas.edu.co\\\/portal\\\/conferencia-conversatorio-y-concierto-para-prevenir-el-consumo-de-sustancias-psicoactivas-y-disfrutar-del-rock\\\/#article\",\"isPartOf\":{\"@id\":\"https:\\\/\\\/www.ucaldas.edu.co\\\/portal\\\/conferencia-conversatorio-y-concierto-para-prevenir-el-consumo-de-sustancias-psicoactivas-y-disfrutar-del-rock\\\/\"},\"author\":{\"name\":\"ofiprensa\",\"@id\":\"https:\\\/\\\/www.ucaldas.edu.co\\\/portal\\\/#\\\/schema\\\/person\\\/a1b482e23449158b4bc319926c074fdf\"},\"headline\":\"Conferencia, conversatorio y concierto para prevenir el consumo de sustancias psicoactivas y disfrutar del rock\",\"datePublished\":\"2019-11-28T22:13:18+00:00\",\"dateModified\":\"2019-11-28T22:13:23+00:00\",\"mainEntityOfPage\":{\"@id\":\"https:\\\/\\\/www.ucaldas.edu.co\\\/portal\\\/conferencia-conversatorio-y-concierto-para-prevenir-el-consumo-de-sustancias-psicoactivas-y-disfrutar-del-rock\\\/\"},\"wordCount\":313,\"publisher\":{\"@id\":\"https:\\\/\\\/www.ucaldas.edu.co\\\/portal\\\/#organization\"},\"image\":{\"@id\":\"https:\\\/\\\/www.ucaldas.edu.co\\\/portal\\\/conferencia-conversatorio-y-concierto-para-prevenir-el-consumo-de-sustancias-psicoactivas-y-disfrutar-del-rock\\\/#primaryimage\"},\"thumbnailUrl\":\"https:\\\/\\\/www.ucaldas.edu.co\\\/portal\\\/wp-content\\\/uploads\\\/2019\\\/11\\\/CONFERENCIA-HEAVY-METAL-compressor.png\",\"keywords\":[\"conferencias\",\"concierto\",\"tributo\"],\"articleSection\":[\"Actualidad\",\"Universidad al D\u00eda\",\"UCaldas Cultural\"],\"inLanguage\":\"es\"},{\"@type\":\"WebPage\",\"@id\":\"https:\\\/\\\/www.ucaldas.edu.co\\\/portal\\\/conferencia-conversatorio-y-concierto-para-prevenir-el-consumo-de-sustancias-psicoactivas-y-disfrutar-del-rock\\\/\",\"url\":\"https:\\\/\\\/www.ucaldas.edu.co\\\/portal\\\/conferencia-conversatorio-y-concierto-para-prevenir-el-consumo-de-sustancias-psicoactivas-y-disfrutar-del-rock\\\/\",\"name\":\"Conferencia, conversatorio y concierto para prevenir el consumo de sustancias psicoactivas y disfrutar del rock .\",\"isPartOf\":{\"@id\":\"https:\\\/\\\/www.ucaldas.edu.co\\\/portal\\\/#website\"},\"primaryImageOfPage\":{\"@id\":\"https:\\\/\\\/www.ucaldas.edu.co\\\/portal\\\/conferencia-conversatorio-y-concierto-para-prevenir-el-consumo-de-sustancias-psicoactivas-y-disfrutar-del-rock\\\/#primaryimage\"},\"image\":{\"@id\":\"https:\\\/\\\/www.ucaldas.edu.co\\\/portal\\\/conferencia-conversatorio-y-concierto-para-prevenir-el-consumo-de-sustancias-psicoactivas-y-disfrutar-del-rock\\\/#primaryimage\"},\"thumbnailUrl\":\"https:\\\/\\\/www.ucaldas.edu.co\\\/portal\\\/wp-content\\\/uploads\\\/2019\\\/11\\\/CONFERENCIA-HEAVY-METAL-compressor.png\",\"datePublished\":\"2019-11-28T22:13:18+00:00\",\"dateModified\":\"2019-11-28T22:13:23+00:00\",\"breadcrumb\":{\"@id\":\"https:\\\/\\\/www.ucaldas.edu.co\\\/portal\\\/conferencia-conversatorio-y-concierto-para-prevenir-el-consumo-de-sustancias-psicoactivas-y-disfrutar-del-rock\\\/#breadcrumb\"},\"inLanguage\":\"es\",\"potentialAction\":[{\"@type\":\"ReadAction\",\"target\":[\"https:\\\/\\\/www.ucaldas.edu.co\\\/portal\\\/conferencia-conversatorio-y-concierto-para-prevenir-el-consumo-de-sustancias-psicoactivas-y-disfrutar-del-rock\\\/\"]}]},{\"@type\":\"ImageObject\",\"inLanguage\":\"es\",\"@id\":\"https:\\\/\\\/www.ucaldas.edu.co\\\/portal\\\/conferencia-conversatorio-y-concierto-para-prevenir-el-consumo-de-sustancias-psicoactivas-y-disfrutar-del-rock\\\/#primaryimage\",\"url\":\"https:\\\/\\\/www.ucaldas.edu.co\\\/portal\\\/wp-content\\\/uploads\\\/2019\\\/11\\\/CONFERENCIA-HEAVY-METAL-compressor.png\",\"contentUrl\":\"https:\\\/\\\/www.ucaldas.edu.co\\\/portal\\\/wp-content\\\/uploads\\\/2019\\\/11\\\/CONFERENCIA-HEAVY-METAL-compressor.png\",\"width\":700,\"height\":400},{\"@type\":\"BreadcrumbList\",\"@id\":\"https:\\\/\\\/www.ucaldas.edu.co\\\/portal\\\/conferencia-conversatorio-y-concierto-para-prevenir-el-consumo-de-sustancias-psicoactivas-y-disfrutar-del-rock\\\/#breadcrumb\",\"itemListElement\":[{\"@type\":\"ListItem\",\"position\":1,\"name\":\"Portada\",\"item\":\"https:\\\/\\\/www.ucaldas.edu.co\\\/portal\\\/\"},{\"@type\":\"ListItem\",\"position\":2,\"name\":\"Conferencia, conversatorio y concierto para prevenir el consumo de sustancias psicoactivas y disfrutar del rock\"}]},{\"@type\":\"WebSite\",\"@id\":\"https:\\\/\\\/www.ucaldas.edu.co\\\/portal\\\/#website\",\"url\":\"https:\\\/\\\/www.ucaldas.edu.co\\\/portal\\\/\",\"name\":\"Universidad de Caldas\",\"description\":\"\",\"publisher\":{\"@id\":\"https:\\\/\\\/www.ucaldas.edu.co\\\/portal\\\/#organization\"},\"alternateName\":\"U. de Caldas\",\"potentialAction\":[{\"@type\":\"SearchAction\",\"target\":{\"@type\":\"EntryPoint\",\"urlTemplate\":\"https:\\\/\\\/www.ucaldas.edu.co\\\/portal\\\/?s={search_term_string}\"},\"query-input\":{\"@type\":\"PropertyValueSpecification\",\"valueRequired\":true,\"valueName\":\"search_term_string\"}}],\"inLanguage\":\"es\"},{\"@type\":\"Organization\",\"@id\":\"https:\\\/\\\/www.ucaldas.edu.co\\\/portal\\\/#organization\",\"name\":\"Universidad de Caldas\",\"alternateName\":\"U. de Caldas\",\"url\":\"https:\\\/\\\/www.ucaldas.edu.co\\\/portal\\\/\",\"logo\":{\"@type\":\"ImageObject\",\"inLanguage\":\"es\",\"@id\":\"https:\\\/\\\/www.ucaldas.edu.co\\\/portal\\\/#\\\/schema\\\/logo\\\/image\\\/\",\"url\":\"https:\\\/\\\/www.ucaldas.edu.co\\\/portal\\\/wp-content\\\/uploads\\\/2023\\\/11\\\/Logo_horizontal_oscuroU-2023.png\",\"contentUrl\":\"https:\\\/\\\/www.ucaldas.edu.co\\\/portal\\\/wp-content\\\/uploads\\\/2023\\\/11\\\/Logo_horizontal_oscuroU-2023.png\",\"width\":263,\"height\":101,\"caption\":\"Universidad de Caldas\"},\"image\":{\"@id\":\"https:\\\/\\\/www.ucaldas.edu.co\\\/portal\\\/#\\\/schema\\\/logo\\\/image\\\/\"},\"sameAs\":[\"https:\\\/\\\/www.facebook.com\\\/udecaldas\",\"https:\\\/\\\/x.com\\\/udecaldas\",\"https:\\\/\\\/www.youtube.com\\\/universidadcaldas\",\"https:\\\/\\\/www.instagram.com\\\/udecaldas\\\/\"]},{\"@type\":\"Person\",\"@id\":\"https:\\\/\\\/www.ucaldas.edu.co\\\/portal\\\/#\\\/schema\\\/person\\\/a1b482e23449158b4bc319926c074fdf\",\"name\":\"ofiprensa\",\"image\":{\"@type\":\"ImageObject\",\"inLanguage\":\"es\",\"@id\":\"https:\\\/\\\/www.ucaldas.edu.co\\\/portal\\\/wp-content\\\/litespeed\\\/avatar\\\/09ea5085e600095a7a811142c6944527.jpg?ver=1777497608\",\"url\":\"https:\\\/\\\/www.ucaldas.edu.co\\\/portal\\\/wp-content\\\/litespeed\\\/avatar\\\/09ea5085e600095a7a811142c6944527.jpg?ver=1777497608\",\"contentUrl\":\"https:\\\/\\\/www.ucaldas.edu.co\\\/portal\\\/wp-content\\\/litespeed\\\/avatar\\\/09ea5085e600095a7a811142c6944527.jpg?ver=1777497608\",\"caption\":\"ofiprensa\"},\"url\":\"https:\\\/\\\/www.ucaldas.edu.co\\\/portal\\\/author\\\/ofiprensa\\\/\"}]}<\/script>\n<!-- \/ Yoast SEO plugin. -->","yoast_head_json":{"title":"Conferencia, conversatorio y concierto para prevenir el consumo de sustancias psicoactivas y disfrutar del rock .","robots":{"index":"index","follow":"follow","max-snippet":"max-snippet:-1","max-image-preview":"max-image-preview:large","max-video-preview":"max-video-preview:-1"},"canonical":"https:\/\/www.ucaldas.edu.co\/portal\/conferencia-conversatorio-y-concierto-para-prevenir-el-consumo-de-sustancias-psicoactivas-y-disfrutar-del-rock\/","schema":{"@context":"https:\/\/schema.org","@graph":[{"@type":"Article","@id":"https:\/\/www.ucaldas.edu.co\/portal\/conferencia-conversatorio-y-concierto-para-prevenir-el-consumo-de-sustancias-psicoactivas-y-disfrutar-del-rock\/#article","isPartOf":{"@id":"https:\/\/www.ucaldas.edu.co\/portal\/conferencia-conversatorio-y-concierto-para-prevenir-el-consumo-de-sustancias-psicoactivas-y-disfrutar-del-rock\/"},"author":{"name":"ofiprensa","@id":"https:\/\/www.ucaldas.edu.co\/portal\/#\/schema\/person\/a1b482e23449158b4bc319926c074fdf"},"headline":"Conferencia, conversatorio y concierto para prevenir el consumo de sustancias psicoactivas y disfrutar del rock","datePublished":"2019-11-28T22:13:18+00:00","dateModified":"2019-11-28T22:13:23+00:00","mainEntityOfPage":{"@id":"https:\/\/www.ucaldas.edu.co\/portal\/conferencia-conversatorio-y-concierto-para-prevenir-el-consumo-de-sustancias-psicoactivas-y-disfrutar-del-rock\/"},"wordCount":313,"publisher":{"@id":"https:\/\/www.ucaldas.edu.co\/portal\/#organization"},"image":{"@id":"https:\/\/www.ucaldas.edu.co\/portal\/conferencia-conversatorio-y-concierto-para-prevenir-el-consumo-de-sustancias-psicoactivas-y-disfrutar-del-rock\/#primaryimage"},"thumbnailUrl":"https:\/\/www.ucaldas.edu.co\/portal\/wp-content\/uploads\/2019\/11\/CONFERENCIA-HEAVY-METAL-compressor.png","keywords":["conferencias","concierto","tributo"],"articleSection":["Actualidad","Universidad al D\u00eda","UCaldas Cultural"],"inLanguage":"es"},{"@type":"WebPage","@id":"https:\/\/www.ucaldas.edu.co\/portal\/conferencia-conversatorio-y-concierto-para-prevenir-el-consumo-de-sustancias-psicoactivas-y-disfrutar-del-rock\/","url":"https:\/\/www.ucaldas.edu.co\/portal\/conferencia-conversatorio-y-concierto-para-prevenir-el-consumo-de-sustancias-psicoactivas-y-disfrutar-del-rock\/","name":"Conferencia, conversatorio y concierto para prevenir el consumo de sustancias psicoactivas y disfrutar del rock .","isPartOf":{"@id":"https:\/\/www.ucaldas.edu.co\/portal\/#website"},"primaryImageOfPage":{"@id":"https:\/\/www.ucaldas.edu.co\/portal\/conferencia-conversatorio-y-concierto-para-prevenir-el-consumo-de-sustancias-psicoactivas-y-disfrutar-del-rock\/#primaryimage"},"image":{"@id":"https:\/\/www.ucaldas.edu.co\/portal\/conferencia-conversatorio-y-concierto-para-prevenir-el-consumo-de-sustancias-psicoactivas-y-disfrutar-del-rock\/#primaryimage"},"thumbnailUrl":"https:\/\/www.ucaldas.edu.co\/portal\/wp-content\/uploads\/2019\/11\/CONFERENCIA-HEAVY-METAL-compressor.png","datePublished":"2019-11-28T22:13:18+00:00","dateModified":"2019-11-28T22:13:23+00:00","breadcrumb":{"@id":"https:\/\/www.ucaldas.edu.co\/portal\/conferencia-conversatorio-y-concierto-para-prevenir-el-consumo-de-sustancias-psicoactivas-y-disfrutar-del-rock\/#breadcrumb"},"inLanguage":"es","potentialAction":[{"@type":"ReadAction","target":["https:\/\/www.ucaldas.edu.co\/portal\/conferencia-conversatorio-y-concierto-para-prevenir-el-consumo-de-sustancias-psicoactivas-y-disfrutar-del-rock\/"]}]},{"@type":"ImageObject","inLanguage":"es","@id":"https:\/\/www.ucaldas.edu.co\/portal\/conferencia-conversatorio-y-concierto-para-prevenir-el-consumo-de-sustancias-psicoactivas-y-disfrutar-del-rock\/#primaryimage","url":"https:\/\/www.ucaldas.edu.co\/portal\/wp-content\/uploads\/2019\/11\/CONFERENCIA-HEAVY-METAL-compressor.png","contentUrl":"https:\/\/www.ucaldas.edu.co\/portal\/wp-content\/uploads\/2019\/11\/CONFERENCIA-HEAVY-METAL-compressor.png","width":700,"height":400},{"@type":"BreadcrumbList","@id":"https:\/\/www.ucaldas.edu.co\/portal\/conferencia-conversatorio-y-concierto-para-prevenir-el-consumo-de-sustancias-psicoactivas-y-disfrutar-del-rock\/#breadcrumb","itemListElement":[{"@type":"ListItem","position":1,"name":"Portada","item":"https:\/\/www.ucaldas.edu.co\/portal\/"},{"@type":"ListItem","position":2,"name":"Conferencia, conversatorio y concierto para prevenir el consumo de sustancias psicoactivas y disfrutar del rock"}]},{"@type":"WebSite","@id":"https:\/\/www.ucaldas.edu.co\/portal\/#website","url":"https:\/\/www.ucaldas.edu.co\/portal\/","name":"Universidad de Caldas","description":"","publisher":{"@id":"https:\/\/www.ucaldas.edu.co\/portal\/#organization"},"alternateName":"U. de Caldas","potentialAction":[{"@type":"SearchAction","target":{"@type":"EntryPoint","urlTemplate":"https:\/\/www.ucaldas.edu.co\/portal\/?s={search_term_string}"},"query-input":{"@type":"PropertyValueSpecification","valueRequired":true,"valueName":"search_term_string"}}],"inLanguage":"es"},{"@type":"Organization","@id":"https:\/\/www.ucaldas.edu.co\/portal\/#organization","name":"Universidad de Caldas","alternateName":"U. de Caldas","url":"https:\/\/www.ucaldas.edu.co\/portal\/","logo":{"@type":"ImageObject","inLanguage":"es","@id":"https:\/\/www.ucaldas.edu.co\/portal\/#\/schema\/logo\/image\/","url":"https:\/\/www.ucaldas.edu.co\/portal\/wp-content\/uploads\/2023\/11\/Logo_horizontal_oscuroU-2023.png","contentUrl":"https:\/\/www.ucaldas.edu.co\/portal\/wp-content\/uploads\/2023\/11\/Logo_horizontal_oscuroU-2023.png","width":263,"height":101,"caption":"Universidad de Caldas"},"image":{"@id":"https:\/\/www.ucaldas.edu.co\/portal\/#\/schema\/logo\/image\/"},"sameAs":["https:\/\/www.facebook.com\/udecaldas","https:\/\/x.com\/udecaldas","https:\/\/www.youtube.com\/universidadcaldas","https:\/\/www.instagram.com\/udecaldas\/"]},{"@type":"Person","@id":"https:\/\/www.ucaldas.edu.co\/portal\/#\/schema\/person\/a1b482e23449158b4bc319926c074fdf","name":"ofiprensa","image":{"@type":"ImageObject","inLanguage":"es","@id":"https:\/\/www.ucaldas.edu.co\/portal\/wp-content\/litespeed\/avatar\/09ea5085e600095a7a811142c6944527.jpg?ver=1777497608","url":"https:\/\/www.ucaldas.edu.co\/portal\/wp-content\/litespeed\/avatar\/09ea5085e600095a7a811142c6944527.jpg?ver=1777497608","contentUrl":"https:\/\/www.ucaldas.edu.co\/portal\/wp-content\/litespeed\/avatar\/09ea5085e600095a7a811142c6944527.jpg?ver=1777497608","caption":"ofiprensa"},"url":"https:\/\/www.ucaldas.edu.co\/portal\/author\/ofiprensa\/"}]}},"_links":{"self":[{"href":"https:\/\/www.ucaldas.edu.co\/portal\/wp-json\/wp\/v2\/posts\/53352","targetHints":{"allow":["GET"]}}],"collection":[{"href":"https:\/\/www.ucaldas.edu.co\/portal\/wp-json\/wp\/v2\/posts"}],"about":[{"href":"https:\/\/www.ucaldas.edu.co\/portal\/wp-json\/wp\/v2\/types\/post"}],"author":[{"embeddable":true,"href":"https:\/\/www.ucaldas.edu.co\/portal\/wp-json\/wp\/v2\/users\/2"}],"replies":[{"embeddable":true,"href":"https:\/\/www.ucaldas.edu.co\/portal\/wp-json\/wp\/v2\/comments?post=53352"}],"version-history":[{"count":0,"href":"https:\/\/www.ucaldas.edu.co\/portal\/wp-json\/wp\/v2\/posts\/53352\/revisions"}],"wp:featuredmedia":[{"embeddable":true,"href":"https:\/\/www.ucaldas.edu.co\/portal\/wp-json\/wp\/v2\/media\/53353"}],"wp:attachment":[{"href":"https:\/\/www.ucaldas.edu.co\/portal\/wp-json\/wp\/v2\/media?parent=53352"}],"wp:term":[{"taxonomy":"category","embeddable":true,"href":"https:\/\/www.ucaldas.edu.co\/portal\/wp-json\/wp\/v2\/categories?post=53352"},{"taxonomy":"post_tag","embeddable":true,"href":"https:\/\/www.ucaldas.edu.co\/portal\/wp-json\/wp\/v2\/tags?post=53352"}],"curies":[{"name":"wp","href":"https:\/\/api.w.org\/{rel}","templated":true}]}}