{"id":53317,"date":"2019-11-27T22:29:17","date_gmt":"2019-11-27T22:29:17","guid":{"rendered":"https:\/\/www.ucaldas.edu.co\/portal\/?p=53317"},"modified":"2019-11-27T22:29:23","modified_gmt":"2019-11-27T22:29:23","slug":"el-2-de-diciembre-vence-el-plazo-para-inscribirse-a-la-maestria-en-estudios-politicos","status":"publish","type":"post","link":"https:\/\/www.ucaldas.edu.co\/portal\/el-2-de-diciembre-vence-el-plazo-para-inscribirse-a-la-maestria-en-estudios-politicos\/","title":{"rendered":"El 2 de diciembre vence el plazo para inscribirse a la Maestr\u00eda en Estudios Pol\u00edticos"},"content":{"rendered":"<p style=\"text-align: center;\">CONOZCA LOS DATOS PARA LA COMPRA DE PINES<\/p>\n<p style=\"text-align: center;\"><strong>El 2 de diciembre vence el plazo para inscribirse a la Maestr\u00eda en Estudios Pol\u00edticos <\/strong><\/p>\n<p style=\"text-align: right;\">27\/11\/2019<\/p>\n<p><img loading=\"lazy\" decoding=\"async\" class=\"aligncenter wp-image-53318 size-full\" src=\"https:\/\/www.ucaldas.edu.co\/portal\/wp-content\/uploads\/2019\/11\/MAESTRIA-ESTUDIOS-POLITICOS-compressor.png\" alt=\"\" width=\"700\" height=\"400\" srcset=\"https:\/\/www.ucaldas.edu.co\/portal\/wp-content\/uploads\/2019\/11\/MAESTRIA-ESTUDIOS-POLITICOS-compressor.png 700w, https:\/\/www.ucaldas.edu.co\/portal\/wp-content\/uploads\/2019\/11\/MAESTRIA-ESTUDIOS-POLITICOS-compressor-300x171.png 300w\" sizes=\"auto, (max-width: 700px) 100vw, 700px\" \/><\/p>\n<p>Solo hasta el 2 de diciembre est\u00e1n abiertas las inscripciones de los aspirantes a la octava cohorte de la Maestr\u00eda en Estudios Pol\u00edticos,\u00a0 de la Facultad de Ciencias Jur\u00eddicas y Sociales de la Universidad de Caldas.<!--more--><\/p>\n<p>El objetivo de este programa de posgrado es formar mag\u00edsteres competentes en la realizaci\u00f3n de investigaci\u00f3n aplicada en el campo politol\u00f3gico para implementar soluciones acordes con las caracter\u00edsticas del Estado y de la sociedad. Se hace \u00e9nfasis en los campos de la teor\u00eda pol\u00edtica, la gobernanza y las relaciones internacionales.<\/p>\n<p>La Maestr\u00eda en Estudios Pol\u00edticos nace como una iniciativa de la Universidad de Caldas ante la necesidad de continuar con el desarrollo de los programas de la Facultad de Ciencias Jur\u00eddicas y Sociales, as\u00ed como de satisfacer la demanda en estudios avanzados en el \u00e1rea, campo que en el entorno regional (Caldas, Risaralda, Quind\u00edo, Tolima, Norte de Valle) apenas inicia su camino.<\/p>\n<table>\n<tbody>\n<tr>\n<td width=\"589\"><strong>PARA DESTACAR<\/strong><\/p>\n<p>La venta de pines es en el Banco Davivienda<\/p>\n<p>Cuenta de Ahorros\u00a0 084500007467<\/p>\n<p>Referencia 1: Documento de Identidad<\/p>\n<p>Referencia 2: 0116<\/p>\n<p>Valor del Pin postgrados: $ 289.841<\/p>\n<p>Las consignaciones las env\u00edan al<\/p>\n<p>guadalupe.valdes@ucaldas.edu.co<\/p>\n<p>Este mismo medio se les dar\u00e1 el Pin de inscripci\u00f3n<\/p>\n<p>&nbsp;<\/td>\n<\/tr>\n<\/tbody>\n<\/table>\n<p>&nbsp;<\/p>\n<p><strong>Informes:<\/strong> maestrias.dpep@ucaldas.edu.co o al tel\u00e9fono: 8862720 Extensi\u00f3n: 21155<\/p>\n<p>Oficina de Comunicaciones y Prensa Universidad de Caldas. Tel\u00e9fono: 8781500 Extensi\u00f3n: 12167<\/p>\n<p><strong>Redacci\u00f3n:<\/strong> Adriana Osorio Garc\u00eda<\/p>\n","protected":false},"excerpt":{"rendered":"<p>CONOZCA LOS DATOS PARA LA COMPRA DE PINES El 2 de diciembre vence el plazo para inscribirse a la Maestr\u00eda en Estudios Pol\u00edticos 27\/11\/2019 Solo hasta el 2 de diciembre est\u00e1n abiertas las inscripciones de los aspirantes a la octava cohorte de la Maestr\u00eda en Estudios Pol\u00edticos,\u00a0 de la Facultad de Ciencias Jur\u00eddicas y Sociales [&hellip;]<\/p>\n","protected":false},"author":2,"featured_media":53318,"comment_status":"closed","ping_status":"open","sticky":false,"template":"","format":"standard","meta":{"footnotes":""},"categories":[48,53,624],"tags":[297,763,2159],"class_list":["post-53317","post","type-post","status-publish","format-standard","has-post-thumbnail","hentry","category-actualidad","category-universidad-al-dia","category-ucaldas-activa","tag-inscripciones","tag-maestria","tag-estudios-politicos"],"yoast_head":"<!-- This site is optimized with the Yoast SEO plugin v27.5 - https:\/\/yoast.com\/product\/yoast-seo-wordpress\/ -->\n<title>El 2 de diciembre vence el plazo para inscribirse a la Maestr\u00eda en Estudios Pol\u00edticos .<\/title>\n<meta name=\"robots\" content=\"index, follow, max-snippet:-1, max-image-preview:large, max-video-preview:-1\" \/>\n<link rel=\"canonical\" href=\"https:\/\/www.ucaldas.edu.co\/portal\/el-2-de-diciembre-vence-el-plazo-para-inscribirse-a-la-maestria-en-estudios-politicos\/\" \/>\n<script type=\"application\/ld+json\" class=\"yoast-schema-graph\">{\"@context\":\"https:\\\/\\\/schema.org\",\"@graph\":[{\"@type\":\"Article\",\"@id\":\"https:\\\/\\\/www.ucaldas.edu.co\\\/portal\\\/el-2-de-diciembre-vence-el-plazo-para-inscribirse-a-la-maestria-en-estudios-politicos\\\/#article\",\"isPartOf\":{\"@id\":\"https:\\\/\\\/www.ucaldas.edu.co\\\/portal\\\/el-2-de-diciembre-vence-el-plazo-para-inscribirse-a-la-maestria-en-estudios-politicos\\\/\"},\"author\":{\"name\":\"ofiprensa\",\"@id\":\"https:\\\/\\\/www.ucaldas.edu.co\\\/portal\\\/#\\\/schema\\\/person\\\/a1b482e23449158b4bc319926c074fdf\"},\"headline\":\"El 2 de diciembre vence el plazo para inscribirse a la Maestr\u00eda en Estudios Pol\u00edticos\",\"datePublished\":\"2019-11-27T22:29:17+00:00\",\"dateModified\":\"2019-11-27T22:29:23+00:00\",\"mainEntityOfPage\":{\"@id\":\"https:\\\/\\\/www.ucaldas.edu.co\\\/portal\\\/el-2-de-diciembre-vence-el-plazo-para-inscribirse-a-la-maestria-en-estudios-politicos\\\/\"},\"wordCount\":279,\"publisher\":{\"@id\":\"https:\\\/\\\/www.ucaldas.edu.co\\\/portal\\\/#organization\"},\"image\":{\"@id\":\"https:\\\/\\\/www.ucaldas.edu.co\\\/portal\\\/el-2-de-diciembre-vence-el-plazo-para-inscribirse-a-la-maestria-en-estudios-politicos\\\/#primaryimage\"},\"thumbnailUrl\":\"https:\\\/\\\/www.ucaldas.edu.co\\\/portal\\\/wp-content\\\/uploads\\\/2019\\\/11\\\/MAESTRIA-ESTUDIOS-POLITICOS-compressor.png\",\"keywords\":[\"Inscripciones\",\"maestr\u00eda\",\"estudios pol\u00edticos\"],\"articleSection\":[\"Actualidad\",\"Universidad al D\u00eda\",\"UCaldas Activa\"],\"inLanguage\":\"es\"},{\"@type\":\"WebPage\",\"@id\":\"https:\\\/\\\/www.ucaldas.edu.co\\\/portal\\\/el-2-de-diciembre-vence-el-plazo-para-inscribirse-a-la-maestria-en-estudios-politicos\\\/\",\"url\":\"https:\\\/\\\/www.ucaldas.edu.co\\\/portal\\\/el-2-de-diciembre-vence-el-plazo-para-inscribirse-a-la-maestria-en-estudios-politicos\\\/\",\"name\":\"El 2 de diciembre vence el plazo para inscribirse a la Maestr\u00eda en Estudios Pol\u00edticos .\",\"isPartOf\":{\"@id\":\"https:\\\/\\\/www.ucaldas.edu.co\\\/portal\\\/#website\"},\"primaryImageOfPage\":{\"@id\":\"https:\\\/\\\/www.ucaldas.edu.co\\\/portal\\\/el-2-de-diciembre-vence-el-plazo-para-inscribirse-a-la-maestria-en-estudios-politicos\\\/#primaryimage\"},\"image\":{\"@id\":\"https:\\\/\\\/www.ucaldas.edu.co\\\/portal\\\/el-2-de-diciembre-vence-el-plazo-para-inscribirse-a-la-maestria-en-estudios-politicos\\\/#primaryimage\"},\"thumbnailUrl\":\"https:\\\/\\\/www.ucaldas.edu.co\\\/portal\\\/wp-content\\\/uploads\\\/2019\\\/11\\\/MAESTRIA-ESTUDIOS-POLITICOS-compressor.png\",\"datePublished\":\"2019-11-27T22:29:17+00:00\",\"dateModified\":\"2019-11-27T22:29:23+00:00\",\"breadcrumb\":{\"@id\":\"https:\\\/\\\/www.ucaldas.edu.co\\\/portal\\\/el-2-de-diciembre-vence-el-plazo-para-inscribirse-a-la-maestria-en-estudios-politicos\\\/#breadcrumb\"},\"inLanguage\":\"es\",\"potentialAction\":[{\"@type\":\"ReadAction\",\"target\":[\"https:\\\/\\\/www.ucaldas.edu.co\\\/portal\\\/el-2-de-diciembre-vence-el-plazo-para-inscribirse-a-la-maestria-en-estudios-politicos\\\/\"]}]},{\"@type\":\"ImageObject\",\"inLanguage\":\"es\",\"@id\":\"https:\\\/\\\/www.ucaldas.edu.co\\\/portal\\\/el-2-de-diciembre-vence-el-plazo-para-inscribirse-a-la-maestria-en-estudios-politicos\\\/#primaryimage\",\"url\":\"https:\\\/\\\/www.ucaldas.edu.co\\\/portal\\\/wp-content\\\/uploads\\\/2019\\\/11\\\/MAESTRIA-ESTUDIOS-POLITICOS-compressor.png\",\"contentUrl\":\"https:\\\/\\\/www.ucaldas.edu.co\\\/portal\\\/wp-content\\\/uploads\\\/2019\\\/11\\\/MAESTRIA-ESTUDIOS-POLITICOS-compressor.png\",\"width\":700,\"height\":400},{\"@type\":\"BreadcrumbList\",\"@id\":\"https:\\\/\\\/www.ucaldas.edu.co\\\/portal\\\/el-2-de-diciembre-vence-el-plazo-para-inscribirse-a-la-maestria-en-estudios-politicos\\\/#breadcrumb\",\"itemListElement\":[{\"@type\":\"ListItem\",\"position\":1,\"name\":\"Portada\",\"item\":\"https:\\\/\\\/www.ucaldas.edu.co\\\/portal\\\/\"},{\"@type\":\"ListItem\",\"position\":2,\"name\":\"El 2 de diciembre vence el plazo para inscribirse a la Maestr\u00eda en Estudios Pol\u00edticos\"}]},{\"@type\":\"WebSite\",\"@id\":\"https:\\\/\\\/www.ucaldas.edu.co\\\/portal\\\/#website\",\"url\":\"https:\\\/\\\/www.ucaldas.edu.co\\\/portal\\\/\",\"name\":\"Universidad de Caldas\",\"description\":\"\",\"publisher\":{\"@id\":\"https:\\\/\\\/www.ucaldas.edu.co\\\/portal\\\/#organization\"},\"alternateName\":\"U. de Caldas\",\"potentialAction\":[{\"@type\":\"SearchAction\",\"target\":{\"@type\":\"EntryPoint\",\"urlTemplate\":\"https:\\\/\\\/www.ucaldas.edu.co\\\/portal\\\/?s={search_term_string}\"},\"query-input\":{\"@type\":\"PropertyValueSpecification\",\"valueRequired\":true,\"valueName\":\"search_term_string\"}}],\"inLanguage\":\"es\"},{\"@type\":\"Organization\",\"@id\":\"https:\\\/\\\/www.ucaldas.edu.co\\\/portal\\\/#organization\",\"name\":\"Universidad de Caldas\",\"alternateName\":\"U. de Caldas\",\"url\":\"https:\\\/\\\/www.ucaldas.edu.co\\\/portal\\\/\",\"logo\":{\"@type\":\"ImageObject\",\"inLanguage\":\"es\",\"@id\":\"https:\\\/\\\/www.ucaldas.edu.co\\\/portal\\\/#\\\/schema\\\/logo\\\/image\\\/\",\"url\":\"https:\\\/\\\/www.ucaldas.edu.co\\\/portal\\\/wp-content\\\/uploads\\\/2023\\\/11\\\/Logo_horizontal_oscuroU-2023.png\",\"contentUrl\":\"https:\\\/\\\/www.ucaldas.edu.co\\\/portal\\\/wp-content\\\/uploads\\\/2023\\\/11\\\/Logo_horizontal_oscuroU-2023.png\",\"width\":263,\"height\":101,\"caption\":\"Universidad de Caldas\"},\"image\":{\"@id\":\"https:\\\/\\\/www.ucaldas.edu.co\\\/portal\\\/#\\\/schema\\\/logo\\\/image\\\/\"},\"sameAs\":[\"https:\\\/\\\/www.facebook.com\\\/udecaldas\",\"https:\\\/\\\/x.com\\\/udecaldas\",\"https:\\\/\\\/www.youtube.com\\\/universidadcaldas\",\"https:\\\/\\\/www.instagram.com\\\/udecaldas\\\/\"]},{\"@type\":\"Person\",\"@id\":\"https:\\\/\\\/www.ucaldas.edu.co\\\/portal\\\/#\\\/schema\\\/person\\\/a1b482e23449158b4bc319926c074fdf\",\"name\":\"ofiprensa\",\"image\":{\"@type\":\"ImageObject\",\"inLanguage\":\"es\",\"@id\":\"https:\\\/\\\/www.ucaldas.edu.co\\\/portal\\\/wp-content\\\/litespeed\\\/avatar\\\/09ea5085e600095a7a811142c6944527.jpg?ver=1777497608\",\"url\":\"https:\\\/\\\/www.ucaldas.edu.co\\\/portal\\\/wp-content\\\/litespeed\\\/avatar\\\/09ea5085e600095a7a811142c6944527.jpg?ver=1777497608\",\"contentUrl\":\"https:\\\/\\\/www.ucaldas.edu.co\\\/portal\\\/wp-content\\\/litespeed\\\/avatar\\\/09ea5085e600095a7a811142c6944527.jpg?ver=1777497608\",\"caption\":\"ofiprensa\"},\"url\":\"https:\\\/\\\/www.ucaldas.edu.co\\\/portal\\\/author\\\/ofiprensa\\\/\"}]}<\/script>\n<!-- \/ Yoast SEO plugin. -->","yoast_head_json":{"title":"El 2 de diciembre vence el plazo para inscribirse a la Maestr\u00eda en Estudios Pol\u00edticos .","robots":{"index":"index","follow":"follow","max-snippet":"max-snippet:-1","max-image-preview":"max-image-preview:large","max-video-preview":"max-video-preview:-1"},"canonical":"https:\/\/www.ucaldas.edu.co\/portal\/el-2-de-diciembre-vence-el-plazo-para-inscribirse-a-la-maestria-en-estudios-politicos\/","schema":{"@context":"https:\/\/schema.org","@graph":[{"@type":"Article","@id":"https:\/\/www.ucaldas.edu.co\/portal\/el-2-de-diciembre-vence-el-plazo-para-inscribirse-a-la-maestria-en-estudios-politicos\/#article","isPartOf":{"@id":"https:\/\/www.ucaldas.edu.co\/portal\/el-2-de-diciembre-vence-el-plazo-para-inscribirse-a-la-maestria-en-estudios-politicos\/"},"author":{"name":"ofiprensa","@id":"https:\/\/www.ucaldas.edu.co\/portal\/#\/schema\/person\/a1b482e23449158b4bc319926c074fdf"},"headline":"El 2 de diciembre vence el plazo para inscribirse a la Maestr\u00eda en Estudios Pol\u00edticos","datePublished":"2019-11-27T22:29:17+00:00","dateModified":"2019-11-27T22:29:23+00:00","mainEntityOfPage":{"@id":"https:\/\/www.ucaldas.edu.co\/portal\/el-2-de-diciembre-vence-el-plazo-para-inscribirse-a-la-maestria-en-estudios-politicos\/"},"wordCount":279,"publisher":{"@id":"https:\/\/www.ucaldas.edu.co\/portal\/#organization"},"image":{"@id":"https:\/\/www.ucaldas.edu.co\/portal\/el-2-de-diciembre-vence-el-plazo-para-inscribirse-a-la-maestria-en-estudios-politicos\/#primaryimage"},"thumbnailUrl":"https:\/\/www.ucaldas.edu.co\/portal\/wp-content\/uploads\/2019\/11\/MAESTRIA-ESTUDIOS-POLITICOS-compressor.png","keywords":["Inscripciones","maestr\u00eda","estudios pol\u00edticos"],"articleSection":["Actualidad","Universidad al D\u00eda","UCaldas Activa"],"inLanguage":"es"},{"@type":"WebPage","@id":"https:\/\/www.ucaldas.edu.co\/portal\/el-2-de-diciembre-vence-el-plazo-para-inscribirse-a-la-maestria-en-estudios-politicos\/","url":"https:\/\/www.ucaldas.edu.co\/portal\/el-2-de-diciembre-vence-el-plazo-para-inscribirse-a-la-maestria-en-estudios-politicos\/","name":"El 2 de diciembre vence el plazo para inscribirse a la Maestr\u00eda en Estudios Pol\u00edticos .","isPartOf":{"@id":"https:\/\/www.ucaldas.edu.co\/portal\/#website"},"primaryImageOfPage":{"@id":"https:\/\/www.ucaldas.edu.co\/portal\/el-2-de-diciembre-vence-el-plazo-para-inscribirse-a-la-maestria-en-estudios-politicos\/#primaryimage"},"image":{"@id":"https:\/\/www.ucaldas.edu.co\/portal\/el-2-de-diciembre-vence-el-plazo-para-inscribirse-a-la-maestria-en-estudios-politicos\/#primaryimage"},"thumbnailUrl":"https:\/\/www.ucaldas.edu.co\/portal\/wp-content\/uploads\/2019\/11\/MAESTRIA-ESTUDIOS-POLITICOS-compressor.png","datePublished":"2019-11-27T22:29:17+00:00","dateModified":"2019-11-27T22:29:23+00:00","breadcrumb":{"@id":"https:\/\/www.ucaldas.edu.co\/portal\/el-2-de-diciembre-vence-el-plazo-para-inscribirse-a-la-maestria-en-estudios-politicos\/#breadcrumb"},"inLanguage":"es","potentialAction":[{"@type":"ReadAction","target":["https:\/\/www.ucaldas.edu.co\/portal\/el-2-de-diciembre-vence-el-plazo-para-inscribirse-a-la-maestria-en-estudios-politicos\/"]}]},{"@type":"ImageObject","inLanguage":"es","@id":"https:\/\/www.ucaldas.edu.co\/portal\/el-2-de-diciembre-vence-el-plazo-para-inscribirse-a-la-maestria-en-estudios-politicos\/#primaryimage","url":"https:\/\/www.ucaldas.edu.co\/portal\/wp-content\/uploads\/2019\/11\/MAESTRIA-ESTUDIOS-POLITICOS-compressor.png","contentUrl":"https:\/\/www.ucaldas.edu.co\/portal\/wp-content\/uploads\/2019\/11\/MAESTRIA-ESTUDIOS-POLITICOS-compressor.png","width":700,"height":400},{"@type":"BreadcrumbList","@id":"https:\/\/www.ucaldas.edu.co\/portal\/el-2-de-diciembre-vence-el-plazo-para-inscribirse-a-la-maestria-en-estudios-politicos\/#breadcrumb","itemListElement":[{"@type":"ListItem","position":1,"name":"Portada","item":"https:\/\/www.ucaldas.edu.co\/portal\/"},{"@type":"ListItem","position":2,"name":"El 2 de diciembre vence el plazo para inscribirse a la Maestr\u00eda en Estudios Pol\u00edticos"}]},{"@type":"WebSite","@id":"https:\/\/www.ucaldas.edu.co\/portal\/#website","url":"https:\/\/www.ucaldas.edu.co\/portal\/","name":"Universidad de Caldas","description":"","publisher":{"@id":"https:\/\/www.ucaldas.edu.co\/portal\/#organization"},"alternateName":"U. de Caldas","potentialAction":[{"@type":"SearchAction","target":{"@type":"EntryPoint","urlTemplate":"https:\/\/www.ucaldas.edu.co\/portal\/?s={search_term_string}"},"query-input":{"@type":"PropertyValueSpecification","valueRequired":true,"valueName":"search_term_string"}}],"inLanguage":"es"},{"@type":"Organization","@id":"https:\/\/www.ucaldas.edu.co\/portal\/#organization","name":"Universidad de Caldas","alternateName":"U. de Caldas","url":"https:\/\/www.ucaldas.edu.co\/portal\/","logo":{"@type":"ImageObject","inLanguage":"es","@id":"https:\/\/www.ucaldas.edu.co\/portal\/#\/schema\/logo\/image\/","url":"https:\/\/www.ucaldas.edu.co\/portal\/wp-content\/uploads\/2023\/11\/Logo_horizontal_oscuroU-2023.png","contentUrl":"https:\/\/www.ucaldas.edu.co\/portal\/wp-content\/uploads\/2023\/11\/Logo_horizontal_oscuroU-2023.png","width":263,"height":101,"caption":"Universidad de Caldas"},"image":{"@id":"https:\/\/www.ucaldas.edu.co\/portal\/#\/schema\/logo\/image\/"},"sameAs":["https:\/\/www.facebook.com\/udecaldas","https:\/\/x.com\/udecaldas","https:\/\/www.youtube.com\/universidadcaldas","https:\/\/www.instagram.com\/udecaldas\/"]},{"@type":"Person","@id":"https:\/\/www.ucaldas.edu.co\/portal\/#\/schema\/person\/a1b482e23449158b4bc319926c074fdf","name":"ofiprensa","image":{"@type":"ImageObject","inLanguage":"es","@id":"https:\/\/www.ucaldas.edu.co\/portal\/wp-content\/litespeed\/avatar\/09ea5085e600095a7a811142c6944527.jpg?ver=1777497608","url":"https:\/\/www.ucaldas.edu.co\/portal\/wp-content\/litespeed\/avatar\/09ea5085e600095a7a811142c6944527.jpg?ver=1777497608","contentUrl":"https:\/\/www.ucaldas.edu.co\/portal\/wp-content\/litespeed\/avatar\/09ea5085e600095a7a811142c6944527.jpg?ver=1777497608","caption":"ofiprensa"},"url":"https:\/\/www.ucaldas.edu.co\/portal\/author\/ofiprensa\/"}]}},"_links":{"self":[{"href":"https:\/\/www.ucaldas.edu.co\/portal\/wp-json\/wp\/v2\/posts\/53317","targetHints":{"allow":["GET"]}}],"collection":[{"href":"https:\/\/www.ucaldas.edu.co\/portal\/wp-json\/wp\/v2\/posts"}],"about":[{"href":"https:\/\/www.ucaldas.edu.co\/portal\/wp-json\/wp\/v2\/types\/post"}],"author":[{"embeddable":true,"href":"https:\/\/www.ucaldas.edu.co\/portal\/wp-json\/wp\/v2\/users\/2"}],"replies":[{"embeddable":true,"href":"https:\/\/www.ucaldas.edu.co\/portal\/wp-json\/wp\/v2\/comments?post=53317"}],"version-history":[{"count":0,"href":"https:\/\/www.ucaldas.edu.co\/portal\/wp-json\/wp\/v2\/posts\/53317\/revisions"}],"wp:featuredmedia":[{"embeddable":true,"href":"https:\/\/www.ucaldas.edu.co\/portal\/wp-json\/wp\/v2\/media\/53318"}],"wp:attachment":[{"href":"https:\/\/www.ucaldas.edu.co\/portal\/wp-json\/wp\/v2\/media?parent=53317"}],"wp:term":[{"taxonomy":"category","embeddable":true,"href":"https:\/\/www.ucaldas.edu.co\/portal\/wp-json\/wp\/v2\/categories?post=53317"},{"taxonomy":"post_tag","embeddable":true,"href":"https:\/\/www.ucaldas.edu.co\/portal\/wp-json\/wp\/v2\/tags?post=53317"}],"curies":[{"name":"wp","href":"https:\/\/api.w.org\/{rel}","templated":true}]}}