{"id":53310,"date":"2019-11-27T22:26:23","date_gmt":"2019-11-27T22:26:23","guid":{"rendered":"https:\/\/www.ucaldas.edu.co\/portal\/?p=53310"},"modified":"2019-11-27T22:26:32","modified_gmt":"2019-11-27T22:26:32","slug":"continuan-abiertas-las-inscripciones-para-la-especializacion-en-epidemiologia","status":"publish","type":"post","link":"https:\/\/www.ucaldas.edu.co\/portal\/continuan-abiertas-las-inscripciones-para-la-especializacion-en-epidemiologia\/","title":{"rendered":"Contin\u00faan abiertas las inscripciones para la Especializaci\u00f3n en Epidemiolog\u00eda"},"content":{"rendered":"<p style=\"text-align: center;\">COMPRA DE PINES ESTE A\u00d1O SE PUEDE HACER HASTA EL 20 DE DICIEMBRE<\/p>\n<p style=\"text-align: center;\"><strong>Contin\u00faan abiertas las inscripciones para la Especializaci\u00f3n en Epidemiolog\u00eda <\/strong><\/p>\n<p style=\"text-align: right;\">27\/11\/2019<\/p>\n<p><img loading=\"lazy\" decoding=\"async\" class=\"aligncenter wp-image-53311 size-full\" src=\"https:\/\/www.ucaldas.edu.co\/portal\/wp-content\/uploads\/2019\/11\/ESPECIALIZACION-EPIDEMIOLOGIA-compressor.png\" alt=\"\" width=\"700\" height=\"400\" srcset=\"https:\/\/www.ucaldas.edu.co\/portal\/wp-content\/uploads\/2019\/11\/ESPECIALIZACION-EPIDEMIOLOGIA-compressor.png 700w, https:\/\/www.ucaldas.edu.co\/portal\/wp-content\/uploads\/2019\/11\/ESPECIALIZACION-EPIDEMIOLOGIA-compressor-300x171.png 300w\" sizes=\"auto, (max-width: 700px) 100vw, 700px\" \/><\/p>\n<p>Contin\u00faan abiertas las inscripciones para la Especializaci\u00f3n en Epidemiolog\u00eda, que ofrece la Facultad de Ciencias para la Salud de la Universidad de Caldas. Este a\u00f1o la compra de PIN se puede hacer hasta el 20 de diciembre y cuesta $289 mil 841.<!--more--><\/p>\n<p>El objetivo de este programa de posgrado es formar especialistas en epidemiolog\u00eda capaces de liderar el diagn\u00f3stico y las intervenciones epidemiol\u00f3gicas derivadas de la situaci\u00f3n espec\u00edfica de cada contexto.<\/p>\n<p>La especializaci\u00f3n tiene una duraci\u00f3n de dos periodos acad\u00e9micos y los requisitos para ingresar es tener t\u00edtulo universitario y un curso b\u00e1sico de segunda lengua (es v\u00e1lido el del pregrado). Se estima que el inicio de clases es en febrero del 2020.<\/p>\n<p>El programa se desarrolla en sesiones quincenales los viernes de 5:00 a 9:00 p.m., los s\u00e1bados de 8:00 a.m. a\u00a0 12:00 m. y de 2:00 a 6:00 p.m. y los domingos de 8:00 a.m. a 12:00 m.<\/p>\n<p><u><a href=\"https:\/\/www.ucaldas.edu.co\/portal\/especializacion-en-epidemiologia\/\">Consulte aqu\u00ed m\u00e1s informaci\u00f3n de la Especializaci\u00f3n en Epidemiolog\u00eda<\/a><\/u><\/p>\n<p>&nbsp;<\/p>\n<p><strong>Informes:<\/strong> Oficina de Comunicaciones y Prensa Universidad de Caldas. Tel\u00e9fono: 8781500 Extensi\u00f3n: 12167<\/p>\n<p><strong>Redacci\u00f3n:<\/strong> Adriana Osorio Garc\u00eda<\/p>\n","protected":false},"excerpt":{"rendered":"<p>COMPRA DE PINES ESTE A\u00d1O SE PUEDE HACER HASTA EL 20 DE DICIEMBRE Contin\u00faan abiertas las inscripciones para la Especializaci\u00f3n en Epidemiolog\u00eda 27\/11\/2019 Contin\u00faan abiertas las inscripciones para la Especializaci\u00f3n en Epidemiolog\u00eda, que ofrece la Facultad de Ciencias para la Salud de la Universidad de Caldas. Este a\u00f1o la compra de PIN se puede hacer [&hellip;]<\/p>\n","protected":false},"author":2,"featured_media":53311,"comment_status":"closed","ping_status":"open","sticky":false,"template":"","format":"standard","meta":{"footnotes":""},"categories":[48,53,624],"tags":[297,2919,2920],"class_list":["post-53310","post","type-post","status-publish","format-standard","has-post-thumbnail","hentry","category-actualidad","category-universidad-al-dia","category-ucaldas-activa","tag-inscripciones","tag-especializacion","tag-epidemiologia"],"yoast_head":"<!-- This site is optimized with the Yoast SEO plugin v27.5 - https:\/\/yoast.com\/product\/yoast-seo-wordpress\/ -->\n<title>Contin\u00faan abiertas las inscripciones para la Especializaci\u00f3n en Epidemiolog\u00eda .<\/title>\n<meta name=\"robots\" content=\"index, follow, max-snippet:-1, max-image-preview:large, max-video-preview:-1\" \/>\n<link rel=\"canonical\" href=\"https:\/\/www.ucaldas.edu.co\/portal\/continuan-abiertas-las-inscripciones-para-la-especializacion-en-epidemiologia\/\" \/>\n<script type=\"application\/ld+json\" class=\"yoast-schema-graph\">{\"@context\":\"https:\\\/\\\/schema.org\",\"@graph\":[{\"@type\":\"Article\",\"@id\":\"https:\\\/\\\/www.ucaldas.edu.co\\\/portal\\\/continuan-abiertas-las-inscripciones-para-la-especializacion-en-epidemiologia\\\/#article\",\"isPartOf\":{\"@id\":\"https:\\\/\\\/www.ucaldas.edu.co\\\/portal\\\/continuan-abiertas-las-inscripciones-para-la-especializacion-en-epidemiologia\\\/\"},\"author\":{\"name\":\"ofiprensa\",\"@id\":\"https:\\\/\\\/www.ucaldas.edu.co\\\/portal\\\/#\\\/schema\\\/person\\\/a1b482e23449158b4bc319926c074fdf\"},\"headline\":\"Contin\u00faan abiertas las inscripciones para la Especializaci\u00f3n en Epidemiolog\u00eda\",\"datePublished\":\"2019-11-27T22:26:23+00:00\",\"dateModified\":\"2019-11-27T22:26:32+00:00\",\"mainEntityOfPage\":{\"@id\":\"https:\\\/\\\/www.ucaldas.edu.co\\\/portal\\\/continuan-abiertas-las-inscripciones-para-la-especializacion-en-epidemiologia\\\/\"},\"wordCount\":228,\"publisher\":{\"@id\":\"https:\\\/\\\/www.ucaldas.edu.co\\\/portal\\\/#organization\"},\"image\":{\"@id\":\"https:\\\/\\\/www.ucaldas.edu.co\\\/portal\\\/continuan-abiertas-las-inscripciones-para-la-especializacion-en-epidemiologia\\\/#primaryimage\"},\"thumbnailUrl\":\"https:\\\/\\\/www.ucaldas.edu.co\\\/portal\\\/wp-content\\\/uploads\\\/2019\\\/11\\\/ESPECIALIZACION-EPIDEMIOLOGIA-compressor.png\",\"keywords\":[\"Inscripciones\",\"especializaci\u00f3n\",\"epidemiolog\u00eda\"],\"articleSection\":[\"Actualidad\",\"Universidad al D\u00eda\",\"UCaldas Activa\"],\"inLanguage\":\"es\"},{\"@type\":\"WebPage\",\"@id\":\"https:\\\/\\\/www.ucaldas.edu.co\\\/portal\\\/continuan-abiertas-las-inscripciones-para-la-especializacion-en-epidemiologia\\\/\",\"url\":\"https:\\\/\\\/www.ucaldas.edu.co\\\/portal\\\/continuan-abiertas-las-inscripciones-para-la-especializacion-en-epidemiologia\\\/\",\"name\":\"Contin\u00faan abiertas las inscripciones para la Especializaci\u00f3n en Epidemiolog\u00eda .\",\"isPartOf\":{\"@id\":\"https:\\\/\\\/www.ucaldas.edu.co\\\/portal\\\/#website\"},\"primaryImageOfPage\":{\"@id\":\"https:\\\/\\\/www.ucaldas.edu.co\\\/portal\\\/continuan-abiertas-las-inscripciones-para-la-especializacion-en-epidemiologia\\\/#primaryimage\"},\"image\":{\"@id\":\"https:\\\/\\\/www.ucaldas.edu.co\\\/portal\\\/continuan-abiertas-las-inscripciones-para-la-especializacion-en-epidemiologia\\\/#primaryimage\"},\"thumbnailUrl\":\"https:\\\/\\\/www.ucaldas.edu.co\\\/portal\\\/wp-content\\\/uploads\\\/2019\\\/11\\\/ESPECIALIZACION-EPIDEMIOLOGIA-compressor.png\",\"datePublished\":\"2019-11-27T22:26:23+00:00\",\"dateModified\":\"2019-11-27T22:26:32+00:00\",\"breadcrumb\":{\"@id\":\"https:\\\/\\\/www.ucaldas.edu.co\\\/portal\\\/continuan-abiertas-las-inscripciones-para-la-especializacion-en-epidemiologia\\\/#breadcrumb\"},\"inLanguage\":\"es\",\"potentialAction\":[{\"@type\":\"ReadAction\",\"target\":[\"https:\\\/\\\/www.ucaldas.edu.co\\\/portal\\\/continuan-abiertas-las-inscripciones-para-la-especializacion-en-epidemiologia\\\/\"]}]},{\"@type\":\"ImageObject\",\"inLanguage\":\"es\",\"@id\":\"https:\\\/\\\/www.ucaldas.edu.co\\\/portal\\\/continuan-abiertas-las-inscripciones-para-la-especializacion-en-epidemiologia\\\/#primaryimage\",\"url\":\"https:\\\/\\\/www.ucaldas.edu.co\\\/portal\\\/wp-content\\\/uploads\\\/2019\\\/11\\\/ESPECIALIZACION-EPIDEMIOLOGIA-compressor.png\",\"contentUrl\":\"https:\\\/\\\/www.ucaldas.edu.co\\\/portal\\\/wp-content\\\/uploads\\\/2019\\\/11\\\/ESPECIALIZACION-EPIDEMIOLOGIA-compressor.png\",\"width\":700,\"height\":400},{\"@type\":\"BreadcrumbList\",\"@id\":\"https:\\\/\\\/www.ucaldas.edu.co\\\/portal\\\/continuan-abiertas-las-inscripciones-para-la-especializacion-en-epidemiologia\\\/#breadcrumb\",\"itemListElement\":[{\"@type\":\"ListItem\",\"position\":1,\"name\":\"Portada\",\"item\":\"https:\\\/\\\/www.ucaldas.edu.co\\\/portal\\\/\"},{\"@type\":\"ListItem\",\"position\":2,\"name\":\"Contin\u00faan abiertas las inscripciones para la Especializaci\u00f3n en Epidemiolog\u00eda\"}]},{\"@type\":\"WebSite\",\"@id\":\"https:\\\/\\\/www.ucaldas.edu.co\\\/portal\\\/#website\",\"url\":\"https:\\\/\\\/www.ucaldas.edu.co\\\/portal\\\/\",\"name\":\"Universidad de Caldas\",\"description\":\"\",\"publisher\":{\"@id\":\"https:\\\/\\\/www.ucaldas.edu.co\\\/portal\\\/#organization\"},\"alternateName\":\"U. de Caldas\",\"potentialAction\":[{\"@type\":\"SearchAction\",\"target\":{\"@type\":\"EntryPoint\",\"urlTemplate\":\"https:\\\/\\\/www.ucaldas.edu.co\\\/portal\\\/?s={search_term_string}\"},\"query-input\":{\"@type\":\"PropertyValueSpecification\",\"valueRequired\":true,\"valueName\":\"search_term_string\"}}],\"inLanguage\":\"es\"},{\"@type\":\"Organization\",\"@id\":\"https:\\\/\\\/www.ucaldas.edu.co\\\/portal\\\/#organization\",\"name\":\"Universidad de Caldas\",\"alternateName\":\"U. de Caldas\",\"url\":\"https:\\\/\\\/www.ucaldas.edu.co\\\/portal\\\/\",\"logo\":{\"@type\":\"ImageObject\",\"inLanguage\":\"es\",\"@id\":\"https:\\\/\\\/www.ucaldas.edu.co\\\/portal\\\/#\\\/schema\\\/logo\\\/image\\\/\",\"url\":\"https:\\\/\\\/www.ucaldas.edu.co\\\/portal\\\/wp-content\\\/uploads\\\/2023\\\/11\\\/Logo_horizontal_oscuroU-2023.png\",\"contentUrl\":\"https:\\\/\\\/www.ucaldas.edu.co\\\/portal\\\/wp-content\\\/uploads\\\/2023\\\/11\\\/Logo_horizontal_oscuroU-2023.png\",\"width\":263,\"height\":101,\"caption\":\"Universidad de Caldas\"},\"image\":{\"@id\":\"https:\\\/\\\/www.ucaldas.edu.co\\\/portal\\\/#\\\/schema\\\/logo\\\/image\\\/\"},\"sameAs\":[\"https:\\\/\\\/www.facebook.com\\\/udecaldas\",\"https:\\\/\\\/x.com\\\/udecaldas\",\"https:\\\/\\\/www.youtube.com\\\/universidadcaldas\",\"https:\\\/\\\/www.instagram.com\\\/udecaldas\\\/\"]},{\"@type\":\"Person\",\"@id\":\"https:\\\/\\\/www.ucaldas.edu.co\\\/portal\\\/#\\\/schema\\\/person\\\/a1b482e23449158b4bc319926c074fdf\",\"name\":\"ofiprensa\",\"image\":{\"@type\":\"ImageObject\",\"inLanguage\":\"es\",\"@id\":\"https:\\\/\\\/www.ucaldas.edu.co\\\/portal\\\/wp-content\\\/litespeed\\\/avatar\\\/09ea5085e600095a7a811142c6944527.jpg?ver=1777497608\",\"url\":\"https:\\\/\\\/www.ucaldas.edu.co\\\/portal\\\/wp-content\\\/litespeed\\\/avatar\\\/09ea5085e600095a7a811142c6944527.jpg?ver=1777497608\",\"contentUrl\":\"https:\\\/\\\/www.ucaldas.edu.co\\\/portal\\\/wp-content\\\/litespeed\\\/avatar\\\/09ea5085e600095a7a811142c6944527.jpg?ver=1777497608\",\"caption\":\"ofiprensa\"},\"url\":\"https:\\\/\\\/www.ucaldas.edu.co\\\/portal\\\/author\\\/ofiprensa\\\/\"}]}<\/script>\n<!-- \/ Yoast SEO plugin. -->","yoast_head_json":{"title":"Contin\u00faan abiertas las inscripciones para la Especializaci\u00f3n en Epidemiolog\u00eda .","robots":{"index":"index","follow":"follow","max-snippet":"max-snippet:-1","max-image-preview":"max-image-preview:large","max-video-preview":"max-video-preview:-1"},"canonical":"https:\/\/www.ucaldas.edu.co\/portal\/continuan-abiertas-las-inscripciones-para-la-especializacion-en-epidemiologia\/","schema":{"@context":"https:\/\/schema.org","@graph":[{"@type":"Article","@id":"https:\/\/www.ucaldas.edu.co\/portal\/continuan-abiertas-las-inscripciones-para-la-especializacion-en-epidemiologia\/#article","isPartOf":{"@id":"https:\/\/www.ucaldas.edu.co\/portal\/continuan-abiertas-las-inscripciones-para-la-especializacion-en-epidemiologia\/"},"author":{"name":"ofiprensa","@id":"https:\/\/www.ucaldas.edu.co\/portal\/#\/schema\/person\/a1b482e23449158b4bc319926c074fdf"},"headline":"Contin\u00faan abiertas las inscripciones para la Especializaci\u00f3n en Epidemiolog\u00eda","datePublished":"2019-11-27T22:26:23+00:00","dateModified":"2019-11-27T22:26:32+00:00","mainEntityOfPage":{"@id":"https:\/\/www.ucaldas.edu.co\/portal\/continuan-abiertas-las-inscripciones-para-la-especializacion-en-epidemiologia\/"},"wordCount":228,"publisher":{"@id":"https:\/\/www.ucaldas.edu.co\/portal\/#organization"},"image":{"@id":"https:\/\/www.ucaldas.edu.co\/portal\/continuan-abiertas-las-inscripciones-para-la-especializacion-en-epidemiologia\/#primaryimage"},"thumbnailUrl":"https:\/\/www.ucaldas.edu.co\/portal\/wp-content\/uploads\/2019\/11\/ESPECIALIZACION-EPIDEMIOLOGIA-compressor.png","keywords":["Inscripciones","especializaci\u00f3n","epidemiolog\u00eda"],"articleSection":["Actualidad","Universidad al D\u00eda","UCaldas Activa"],"inLanguage":"es"},{"@type":"WebPage","@id":"https:\/\/www.ucaldas.edu.co\/portal\/continuan-abiertas-las-inscripciones-para-la-especializacion-en-epidemiologia\/","url":"https:\/\/www.ucaldas.edu.co\/portal\/continuan-abiertas-las-inscripciones-para-la-especializacion-en-epidemiologia\/","name":"Contin\u00faan abiertas las inscripciones para la Especializaci\u00f3n en Epidemiolog\u00eda .","isPartOf":{"@id":"https:\/\/www.ucaldas.edu.co\/portal\/#website"},"primaryImageOfPage":{"@id":"https:\/\/www.ucaldas.edu.co\/portal\/continuan-abiertas-las-inscripciones-para-la-especializacion-en-epidemiologia\/#primaryimage"},"image":{"@id":"https:\/\/www.ucaldas.edu.co\/portal\/continuan-abiertas-las-inscripciones-para-la-especializacion-en-epidemiologia\/#primaryimage"},"thumbnailUrl":"https:\/\/www.ucaldas.edu.co\/portal\/wp-content\/uploads\/2019\/11\/ESPECIALIZACION-EPIDEMIOLOGIA-compressor.png","datePublished":"2019-11-27T22:26:23+00:00","dateModified":"2019-11-27T22:26:32+00:00","breadcrumb":{"@id":"https:\/\/www.ucaldas.edu.co\/portal\/continuan-abiertas-las-inscripciones-para-la-especializacion-en-epidemiologia\/#breadcrumb"},"inLanguage":"es","potentialAction":[{"@type":"ReadAction","target":["https:\/\/www.ucaldas.edu.co\/portal\/continuan-abiertas-las-inscripciones-para-la-especializacion-en-epidemiologia\/"]}]},{"@type":"ImageObject","inLanguage":"es","@id":"https:\/\/www.ucaldas.edu.co\/portal\/continuan-abiertas-las-inscripciones-para-la-especializacion-en-epidemiologia\/#primaryimage","url":"https:\/\/www.ucaldas.edu.co\/portal\/wp-content\/uploads\/2019\/11\/ESPECIALIZACION-EPIDEMIOLOGIA-compressor.png","contentUrl":"https:\/\/www.ucaldas.edu.co\/portal\/wp-content\/uploads\/2019\/11\/ESPECIALIZACION-EPIDEMIOLOGIA-compressor.png","width":700,"height":400},{"@type":"BreadcrumbList","@id":"https:\/\/www.ucaldas.edu.co\/portal\/continuan-abiertas-las-inscripciones-para-la-especializacion-en-epidemiologia\/#breadcrumb","itemListElement":[{"@type":"ListItem","position":1,"name":"Portada","item":"https:\/\/www.ucaldas.edu.co\/portal\/"},{"@type":"ListItem","position":2,"name":"Contin\u00faan abiertas las inscripciones para la Especializaci\u00f3n en Epidemiolog\u00eda"}]},{"@type":"WebSite","@id":"https:\/\/www.ucaldas.edu.co\/portal\/#website","url":"https:\/\/www.ucaldas.edu.co\/portal\/","name":"Universidad de Caldas","description":"","publisher":{"@id":"https:\/\/www.ucaldas.edu.co\/portal\/#organization"},"alternateName":"U. de Caldas","potentialAction":[{"@type":"SearchAction","target":{"@type":"EntryPoint","urlTemplate":"https:\/\/www.ucaldas.edu.co\/portal\/?s={search_term_string}"},"query-input":{"@type":"PropertyValueSpecification","valueRequired":true,"valueName":"search_term_string"}}],"inLanguage":"es"},{"@type":"Organization","@id":"https:\/\/www.ucaldas.edu.co\/portal\/#organization","name":"Universidad de Caldas","alternateName":"U. de Caldas","url":"https:\/\/www.ucaldas.edu.co\/portal\/","logo":{"@type":"ImageObject","inLanguage":"es","@id":"https:\/\/www.ucaldas.edu.co\/portal\/#\/schema\/logo\/image\/","url":"https:\/\/www.ucaldas.edu.co\/portal\/wp-content\/uploads\/2023\/11\/Logo_horizontal_oscuroU-2023.png","contentUrl":"https:\/\/www.ucaldas.edu.co\/portal\/wp-content\/uploads\/2023\/11\/Logo_horizontal_oscuroU-2023.png","width":263,"height":101,"caption":"Universidad de Caldas"},"image":{"@id":"https:\/\/www.ucaldas.edu.co\/portal\/#\/schema\/logo\/image\/"},"sameAs":["https:\/\/www.facebook.com\/udecaldas","https:\/\/x.com\/udecaldas","https:\/\/www.youtube.com\/universidadcaldas","https:\/\/www.instagram.com\/udecaldas\/"]},{"@type":"Person","@id":"https:\/\/www.ucaldas.edu.co\/portal\/#\/schema\/person\/a1b482e23449158b4bc319926c074fdf","name":"ofiprensa","image":{"@type":"ImageObject","inLanguage":"es","@id":"https:\/\/www.ucaldas.edu.co\/portal\/wp-content\/litespeed\/avatar\/09ea5085e600095a7a811142c6944527.jpg?ver=1777497608","url":"https:\/\/www.ucaldas.edu.co\/portal\/wp-content\/litespeed\/avatar\/09ea5085e600095a7a811142c6944527.jpg?ver=1777497608","contentUrl":"https:\/\/www.ucaldas.edu.co\/portal\/wp-content\/litespeed\/avatar\/09ea5085e600095a7a811142c6944527.jpg?ver=1777497608","caption":"ofiprensa"},"url":"https:\/\/www.ucaldas.edu.co\/portal\/author\/ofiprensa\/"}]}},"_links":{"self":[{"href":"https:\/\/www.ucaldas.edu.co\/portal\/wp-json\/wp\/v2\/posts\/53310","targetHints":{"allow":["GET"]}}],"collection":[{"href":"https:\/\/www.ucaldas.edu.co\/portal\/wp-json\/wp\/v2\/posts"}],"about":[{"href":"https:\/\/www.ucaldas.edu.co\/portal\/wp-json\/wp\/v2\/types\/post"}],"author":[{"embeddable":true,"href":"https:\/\/www.ucaldas.edu.co\/portal\/wp-json\/wp\/v2\/users\/2"}],"replies":[{"embeddable":true,"href":"https:\/\/www.ucaldas.edu.co\/portal\/wp-json\/wp\/v2\/comments?post=53310"}],"version-history":[{"count":0,"href":"https:\/\/www.ucaldas.edu.co\/portal\/wp-json\/wp\/v2\/posts\/53310\/revisions"}],"wp:featuredmedia":[{"embeddable":true,"href":"https:\/\/www.ucaldas.edu.co\/portal\/wp-json\/wp\/v2\/media\/53311"}],"wp:attachment":[{"href":"https:\/\/www.ucaldas.edu.co\/portal\/wp-json\/wp\/v2\/media?parent=53310"}],"wp:term":[{"taxonomy":"category","embeddable":true,"href":"https:\/\/www.ucaldas.edu.co\/portal\/wp-json\/wp\/v2\/categories?post=53310"},{"taxonomy":"post_tag","embeddable":true,"href":"https:\/\/www.ucaldas.edu.co\/portal\/wp-json\/wp\/v2\/tags?post=53310"}],"curies":[{"name":"wp","href":"https:\/\/api.w.org\/{rel}","templated":true}]}}