{"id":53299,"date":"2019-11-26T22:31:07","date_gmt":"2019-11-26T22:31:07","guid":{"rendered":"https:\/\/www.ucaldas.edu.co\/portal\/?p=53299"},"modified":"2019-11-26T22:31:11","modified_gmt":"2019-11-26T22:31:11","slug":"hasta-el-2-de-diciembre-es-el-plazo-de-compra-de-pines-para-postularse-a-las-becas-bicentenario","status":"publish","type":"post","link":"https:\/\/www.ucaldas.edu.co\/portal\/hasta-el-2-de-diciembre-es-el-plazo-de-compra-de-pines-para-postularse-a-las-becas-bicentenario\/","title":{"rendered":"Hasta el 2 de diciembre es el plazo de compra de pines para postularse a las Becas Bicentenario"},"content":{"rendered":"<p style=\"text-align: center;\">VENTA DE PINES EN LAS DIFERENTES SUCURSALES DEL\u00a0 BANCO POPULAR<\/p>\n<p style=\"text-align: center;\"><strong>Hasta el 2 de diciembre es el plazo de compra de pines para postularse a las Becas Bicentenario<\/strong><\/p>\n<p style=\"text-align: right;\">26\/11\/2019<\/p>\n<p><img loading=\"lazy\" decoding=\"async\" class=\"aligncenter wp-image-53300 size-full\" src=\"https:\/\/www.ucaldas.edu.co\/portal\/wp-content\/uploads\/2019\/11\/BICENTENARIO2-compressor.png\" alt=\"\" width=\"700\" height=\"400\" srcset=\"https:\/\/www.ucaldas.edu.co\/portal\/wp-content\/uploads\/2019\/11\/BICENTENARIO2-compressor.png 700w, https:\/\/www.ucaldas.edu.co\/portal\/wp-content\/uploads\/2019\/11\/BICENTENARIO2-compressor-300x171.png 300w\" sizes=\"auto, (max-width: 700px) 100vw, 700px\" \/><\/p>\n<p>El pr\u00f3ximo lunes 2 de diciembre termina el plazo de compra de pines para postularse a las Becas Bicentenario, con el fin de realizar doctorados en las Instituciones de Educaci\u00f3n Superior en todo el pa\u00eds. Adem\u00e1s, hasta el 3 de diciembre hay plazo para formalizar la inscripci\u00f3n a la convocatoria y presentar la propuesta de tesis.<!--more--><\/p>\n<p>El objetivo del Programa Becas de Excelencia Doctoral del Bicentenario es fomentar la investigaci\u00f3n con calidad e impacto. Colciencias, el Ministerio de Educaci\u00f3n Nacional con el apoyo de la Federaci\u00f3n Nacional de Departamentos y el Congreso de la Rep\u00fablica estructuraron esta iniciativa.<\/p>\n<p>Los aspirantes de los diferentes Departamentos de la Universidad de Caldas pueden optar por las becas doctorales para realizar estudios en la instituci\u00f3n, siempre y cuando se cumpla con los requisitos de admisi\u00f3n a los programas.<\/p>\n<p>Es necesario que la propuesta de investigaci\u00f3n de tesis doctoral se alinee con los focos estrat\u00e9gicos del Plan y Acuerdo Estrat\u00e9gico Departamental de Ciencia, Tecnolog\u00eda e Innovaci\u00f3n 1 del Departamento por el cual se presenta.<\/p>\n<p>Estos beneficios se financian mediante el Presupuesto del Sistema General de Regal\u00edas (Ley 1942 de 2018) con un monto que asciende a $250.000 millones de pesos del Fondo de Ciencia, Tecnolog\u00eda e Innovaci\u00f3n.<\/p>\n<p>En total se asignan hasta 237 millones 500 mil pesos por estudiante, en un periodo de hasta 4 a\u00f1os.<\/p>\n<p><strong>\u00a0<\/strong><\/p>\n<p><strong>Contenido exigido en la propuesta tesis doctoral <\/strong><\/p>\n<ul>\n<li>T\u00edtulo<\/li>\n<li>C\u00e9dula del candidato<\/li>\n<li>Departamento en el cual se enmarca (el mismo de la vinculaci\u00f3n)<\/li>\n<li>Problem\u00e1tica u oportunidad espec\u00edfica del departamento que aborda<\/li>\n<li>Planteamiento de la pregunta de investigaci\u00f3n<\/li>\n<li>Justificaci\u00f3n<\/li>\n<li>Marco conceptual<\/li>\n<li>Objetivo general<\/li>\n<li>Objetivos espec\u00edficos<\/li>\n<li>Metodolog\u00eda de investigaci\u00f3n<\/li>\n<li>Productos de CTeI esperados<\/li>\n<li>Bibliograf\u00eda<\/li>\n<\/ul>\n<p>La propuesta deber\u00e1 ser presentada en formato de letra Arial 11 puntos, a doble espacio y con\u00a0 extensi\u00f3n m\u00e1xima de 5.000 palabras o de 10 p\u00e1ginas (las referencias bibliogr\u00e1ficas no se incluyen en dicha extensi\u00f3n y se recomienda usar el sistema de citaci\u00f3n APA, 6\u00aa Ed)<\/p>\n<p><strong>Datos b\u00e1sicos del programa<\/strong><\/p>\n<ul>\n<li>El programa Becas de Excelencia Doctoral del Bicentenario otorga 1.000 cr\u00e9ditos educativos condonables para estudiar doctorado en Instituciones de Educaci\u00f3n Superior de Colombia.<\/li>\n<li>Las becas cubren matr\u00edcula, sostenimiento mensual y pasant\u00eda en el exterior.<\/li>\n<li>M\u00ednimo el 70% de las becas se asignar\u00e1n en instituciones p\u00fablicas.<\/li>\n<\/ul>\n<p><strong>Cronograma de la convocatoria<\/strong><\/p>\n<ul>\n<li>Compra de pines de inscripci\u00f3n a los programas: hasta el 2 de diciembre de 2019.<\/li>\n<li>Formalizaci\u00f3n de la inscripci\u00f3n en la p\u00e1gina web de posgrados: Hasta el 3 de diciembre de 2019.<\/li>\n<li>Entrega de propuesta de investigaci\u00f3n del interesado al programa seleccionado: hasta el 3 de diciembre de 2019.<\/li>\n<li>Revisi\u00f3n y actualizaci\u00f3n del CVLAC: hasta el 3 de diciembre de 2019.<\/li>\n<li>Revisi\u00f3n y evaluaci\u00f3n de la propuesta de investigaci\u00f3n por parte del programa y selecci\u00f3n de admitidos: hasta el 13 de diciembre de 2019.<\/li>\n<li>Expedici\u00f3n de la certificaci\u00f3n de admisi\u00f3n por parte del Director del Programa: 20 de diciembre de 2019.<\/li>\n<\/ul>\n<p>&nbsp;<\/p>\n<p><strong>Informes:<\/strong> Oficina de Comunicaciones y Prensa Universidad de Caldas. Tel\u00e9fono: 8781500 Extensi\u00f3n: 12167<\/p>\n<p><strong>Redacci\u00f3n:<\/strong> Adriana Osorio Garc\u00eda<\/p>\n","protected":false},"excerpt":{"rendered":"<p>VENTA DE PINES EN LAS DIFERENTES SUCURSALES DEL\u00a0 BANCO POPULAR Hasta el 2 de diciembre es el plazo de compra de pines para postularse a las Becas Bicentenario 26\/11\/2019 El pr\u00f3ximo lunes 2 de diciembre termina el plazo de compra de pines para postularse a las Becas Bicentenario, con el fin de realizar doctorados en [&hellip;]<\/p>\n","protected":false},"author":2,"featured_media":53300,"comment_status":"closed","ping_status":"open","sticky":false,"template":"","format":"standard","meta":{"footnotes":""},"categories":[48,53,624],"tags":[297,534,1037,2258],"class_list":["post-53299","post","type-post","status-publish","format-standard","has-post-thumbnail","hentry","category-actualidad","category-universidad-al-dia","category-ucaldas-activa","tag-inscripciones","tag-becas","tag-posgrado","tag-doctorados"],"yoast_head":"<!-- This site is optimized with the Yoast SEO plugin v27.5 - https:\/\/yoast.com\/product\/yoast-seo-wordpress\/ -->\n<title>Hasta el 2 de diciembre es el plazo de compra de pines para postularse a las Becas Bicentenario .<\/title>\n<meta name=\"robots\" content=\"index, follow, max-snippet:-1, max-image-preview:large, max-video-preview:-1\" \/>\n<link rel=\"canonical\" href=\"https:\/\/www.ucaldas.edu.co\/portal\/hasta-el-2-de-diciembre-es-el-plazo-de-compra-de-pines-para-postularse-a-las-becas-bicentenario\/\" \/>\n<script type=\"application\/ld+json\" class=\"yoast-schema-graph\">{\"@context\":\"https:\\\/\\\/schema.org\",\"@graph\":[{\"@type\":\"Article\",\"@id\":\"https:\\\/\\\/www.ucaldas.edu.co\\\/portal\\\/hasta-el-2-de-diciembre-es-el-plazo-de-compra-de-pines-para-postularse-a-las-becas-bicentenario\\\/#article\",\"isPartOf\":{\"@id\":\"https:\\\/\\\/www.ucaldas.edu.co\\\/portal\\\/hasta-el-2-de-diciembre-es-el-plazo-de-compra-de-pines-para-postularse-a-las-becas-bicentenario\\\/\"},\"author\":{\"name\":\"ofiprensa\",\"@id\":\"https:\\\/\\\/www.ucaldas.edu.co\\\/portal\\\/#\\\/schema\\\/person\\\/a1b482e23449158b4bc319926c074fdf\"},\"headline\":\"Hasta el 2 de diciembre es el plazo de compra de pines para postularse a las Becas Bicentenario\",\"datePublished\":\"2019-11-26T22:31:07+00:00\",\"dateModified\":\"2019-11-26T22:31:11+00:00\",\"mainEntityOfPage\":{\"@id\":\"https:\\\/\\\/www.ucaldas.edu.co\\\/portal\\\/hasta-el-2-de-diciembre-es-el-plazo-de-compra-de-pines-para-postularse-a-las-becas-bicentenario\\\/\"},\"wordCount\":568,\"publisher\":{\"@id\":\"https:\\\/\\\/www.ucaldas.edu.co\\\/portal\\\/#organization\"},\"image\":{\"@id\":\"https:\\\/\\\/www.ucaldas.edu.co\\\/portal\\\/hasta-el-2-de-diciembre-es-el-plazo-de-compra-de-pines-para-postularse-a-las-becas-bicentenario\\\/#primaryimage\"},\"thumbnailUrl\":\"https:\\\/\\\/www.ucaldas.edu.co\\\/portal\\\/wp-content\\\/uploads\\\/2019\\\/11\\\/BICENTENARIO2-compressor.png\",\"keywords\":[\"Inscripciones\",\"Becas\",\"posgrado\",\"Doctorados\"],\"articleSection\":[\"Actualidad\",\"Universidad al D\u00eda\",\"UCaldas Activa\"],\"inLanguage\":\"es\"},{\"@type\":\"WebPage\",\"@id\":\"https:\\\/\\\/www.ucaldas.edu.co\\\/portal\\\/hasta-el-2-de-diciembre-es-el-plazo-de-compra-de-pines-para-postularse-a-las-becas-bicentenario\\\/\",\"url\":\"https:\\\/\\\/www.ucaldas.edu.co\\\/portal\\\/hasta-el-2-de-diciembre-es-el-plazo-de-compra-de-pines-para-postularse-a-las-becas-bicentenario\\\/\",\"name\":\"Hasta el 2 de diciembre es el plazo de compra de pines para postularse a las Becas Bicentenario .\",\"isPartOf\":{\"@id\":\"https:\\\/\\\/www.ucaldas.edu.co\\\/portal\\\/#website\"},\"primaryImageOfPage\":{\"@id\":\"https:\\\/\\\/www.ucaldas.edu.co\\\/portal\\\/hasta-el-2-de-diciembre-es-el-plazo-de-compra-de-pines-para-postularse-a-las-becas-bicentenario\\\/#primaryimage\"},\"image\":{\"@id\":\"https:\\\/\\\/www.ucaldas.edu.co\\\/portal\\\/hasta-el-2-de-diciembre-es-el-plazo-de-compra-de-pines-para-postularse-a-las-becas-bicentenario\\\/#primaryimage\"},\"thumbnailUrl\":\"https:\\\/\\\/www.ucaldas.edu.co\\\/portal\\\/wp-content\\\/uploads\\\/2019\\\/11\\\/BICENTENARIO2-compressor.png\",\"datePublished\":\"2019-11-26T22:31:07+00:00\",\"dateModified\":\"2019-11-26T22:31:11+00:00\",\"breadcrumb\":{\"@id\":\"https:\\\/\\\/www.ucaldas.edu.co\\\/portal\\\/hasta-el-2-de-diciembre-es-el-plazo-de-compra-de-pines-para-postularse-a-las-becas-bicentenario\\\/#breadcrumb\"},\"inLanguage\":\"es\",\"potentialAction\":[{\"@type\":\"ReadAction\",\"target\":[\"https:\\\/\\\/www.ucaldas.edu.co\\\/portal\\\/hasta-el-2-de-diciembre-es-el-plazo-de-compra-de-pines-para-postularse-a-las-becas-bicentenario\\\/\"]}]},{\"@type\":\"ImageObject\",\"inLanguage\":\"es\",\"@id\":\"https:\\\/\\\/www.ucaldas.edu.co\\\/portal\\\/hasta-el-2-de-diciembre-es-el-plazo-de-compra-de-pines-para-postularse-a-las-becas-bicentenario\\\/#primaryimage\",\"url\":\"https:\\\/\\\/www.ucaldas.edu.co\\\/portal\\\/wp-content\\\/uploads\\\/2019\\\/11\\\/BICENTENARIO2-compressor.png\",\"contentUrl\":\"https:\\\/\\\/www.ucaldas.edu.co\\\/portal\\\/wp-content\\\/uploads\\\/2019\\\/11\\\/BICENTENARIO2-compressor.png\",\"width\":700,\"height\":400},{\"@type\":\"BreadcrumbList\",\"@id\":\"https:\\\/\\\/www.ucaldas.edu.co\\\/portal\\\/hasta-el-2-de-diciembre-es-el-plazo-de-compra-de-pines-para-postularse-a-las-becas-bicentenario\\\/#breadcrumb\",\"itemListElement\":[{\"@type\":\"ListItem\",\"position\":1,\"name\":\"Portada\",\"item\":\"https:\\\/\\\/www.ucaldas.edu.co\\\/portal\\\/\"},{\"@type\":\"ListItem\",\"position\":2,\"name\":\"Hasta el 2 de diciembre es el plazo de compra de pines para postularse a las Becas Bicentenario\"}]},{\"@type\":\"WebSite\",\"@id\":\"https:\\\/\\\/www.ucaldas.edu.co\\\/portal\\\/#website\",\"url\":\"https:\\\/\\\/www.ucaldas.edu.co\\\/portal\\\/\",\"name\":\"Universidad de Caldas\",\"description\":\"\",\"publisher\":{\"@id\":\"https:\\\/\\\/www.ucaldas.edu.co\\\/portal\\\/#organization\"},\"alternateName\":\"U. de Caldas\",\"potentialAction\":[{\"@type\":\"SearchAction\",\"target\":{\"@type\":\"EntryPoint\",\"urlTemplate\":\"https:\\\/\\\/www.ucaldas.edu.co\\\/portal\\\/?s={search_term_string}\"},\"query-input\":{\"@type\":\"PropertyValueSpecification\",\"valueRequired\":true,\"valueName\":\"search_term_string\"}}],\"inLanguage\":\"es\"},{\"@type\":\"Organization\",\"@id\":\"https:\\\/\\\/www.ucaldas.edu.co\\\/portal\\\/#organization\",\"name\":\"Universidad de Caldas\",\"alternateName\":\"U. de Caldas\",\"url\":\"https:\\\/\\\/www.ucaldas.edu.co\\\/portal\\\/\",\"logo\":{\"@type\":\"ImageObject\",\"inLanguage\":\"es\",\"@id\":\"https:\\\/\\\/www.ucaldas.edu.co\\\/portal\\\/#\\\/schema\\\/logo\\\/image\\\/\",\"url\":\"https:\\\/\\\/www.ucaldas.edu.co\\\/portal\\\/wp-content\\\/uploads\\\/2023\\\/11\\\/Logo_horizontal_oscuroU-2023.png\",\"contentUrl\":\"https:\\\/\\\/www.ucaldas.edu.co\\\/portal\\\/wp-content\\\/uploads\\\/2023\\\/11\\\/Logo_horizontal_oscuroU-2023.png\",\"width\":263,\"height\":101,\"caption\":\"Universidad de Caldas\"},\"image\":{\"@id\":\"https:\\\/\\\/www.ucaldas.edu.co\\\/portal\\\/#\\\/schema\\\/logo\\\/image\\\/\"},\"sameAs\":[\"https:\\\/\\\/www.facebook.com\\\/udecaldas\",\"https:\\\/\\\/x.com\\\/udecaldas\",\"https:\\\/\\\/www.youtube.com\\\/universidadcaldas\",\"https:\\\/\\\/www.instagram.com\\\/udecaldas\\\/\"]},{\"@type\":\"Person\",\"@id\":\"https:\\\/\\\/www.ucaldas.edu.co\\\/portal\\\/#\\\/schema\\\/person\\\/a1b482e23449158b4bc319926c074fdf\",\"name\":\"ofiprensa\",\"image\":{\"@type\":\"ImageObject\",\"inLanguage\":\"es\",\"@id\":\"https:\\\/\\\/www.ucaldas.edu.co\\\/portal\\\/wp-content\\\/litespeed\\\/avatar\\\/09ea5085e600095a7a811142c6944527.jpg?ver=1777497608\",\"url\":\"https:\\\/\\\/www.ucaldas.edu.co\\\/portal\\\/wp-content\\\/litespeed\\\/avatar\\\/09ea5085e600095a7a811142c6944527.jpg?ver=1777497608\",\"contentUrl\":\"https:\\\/\\\/www.ucaldas.edu.co\\\/portal\\\/wp-content\\\/litespeed\\\/avatar\\\/09ea5085e600095a7a811142c6944527.jpg?ver=1777497608\",\"caption\":\"ofiprensa\"},\"url\":\"https:\\\/\\\/www.ucaldas.edu.co\\\/portal\\\/author\\\/ofiprensa\\\/\"}]}<\/script>\n<!-- \/ Yoast SEO plugin. -->","yoast_head_json":{"title":"Hasta el 2 de diciembre es el plazo de compra de pines para postularse a las Becas Bicentenario .","robots":{"index":"index","follow":"follow","max-snippet":"max-snippet:-1","max-image-preview":"max-image-preview:large","max-video-preview":"max-video-preview:-1"},"canonical":"https:\/\/www.ucaldas.edu.co\/portal\/hasta-el-2-de-diciembre-es-el-plazo-de-compra-de-pines-para-postularse-a-las-becas-bicentenario\/","schema":{"@context":"https:\/\/schema.org","@graph":[{"@type":"Article","@id":"https:\/\/www.ucaldas.edu.co\/portal\/hasta-el-2-de-diciembre-es-el-plazo-de-compra-de-pines-para-postularse-a-las-becas-bicentenario\/#article","isPartOf":{"@id":"https:\/\/www.ucaldas.edu.co\/portal\/hasta-el-2-de-diciembre-es-el-plazo-de-compra-de-pines-para-postularse-a-las-becas-bicentenario\/"},"author":{"name":"ofiprensa","@id":"https:\/\/www.ucaldas.edu.co\/portal\/#\/schema\/person\/a1b482e23449158b4bc319926c074fdf"},"headline":"Hasta el 2 de diciembre es el plazo de compra de pines para postularse a las Becas Bicentenario","datePublished":"2019-11-26T22:31:07+00:00","dateModified":"2019-11-26T22:31:11+00:00","mainEntityOfPage":{"@id":"https:\/\/www.ucaldas.edu.co\/portal\/hasta-el-2-de-diciembre-es-el-plazo-de-compra-de-pines-para-postularse-a-las-becas-bicentenario\/"},"wordCount":568,"publisher":{"@id":"https:\/\/www.ucaldas.edu.co\/portal\/#organization"},"image":{"@id":"https:\/\/www.ucaldas.edu.co\/portal\/hasta-el-2-de-diciembre-es-el-plazo-de-compra-de-pines-para-postularse-a-las-becas-bicentenario\/#primaryimage"},"thumbnailUrl":"https:\/\/www.ucaldas.edu.co\/portal\/wp-content\/uploads\/2019\/11\/BICENTENARIO2-compressor.png","keywords":["Inscripciones","Becas","posgrado","Doctorados"],"articleSection":["Actualidad","Universidad al D\u00eda","UCaldas Activa"],"inLanguage":"es"},{"@type":"WebPage","@id":"https:\/\/www.ucaldas.edu.co\/portal\/hasta-el-2-de-diciembre-es-el-plazo-de-compra-de-pines-para-postularse-a-las-becas-bicentenario\/","url":"https:\/\/www.ucaldas.edu.co\/portal\/hasta-el-2-de-diciembre-es-el-plazo-de-compra-de-pines-para-postularse-a-las-becas-bicentenario\/","name":"Hasta el 2 de diciembre es el plazo de compra de pines para postularse a las Becas Bicentenario .","isPartOf":{"@id":"https:\/\/www.ucaldas.edu.co\/portal\/#website"},"primaryImageOfPage":{"@id":"https:\/\/www.ucaldas.edu.co\/portal\/hasta-el-2-de-diciembre-es-el-plazo-de-compra-de-pines-para-postularse-a-las-becas-bicentenario\/#primaryimage"},"image":{"@id":"https:\/\/www.ucaldas.edu.co\/portal\/hasta-el-2-de-diciembre-es-el-plazo-de-compra-de-pines-para-postularse-a-las-becas-bicentenario\/#primaryimage"},"thumbnailUrl":"https:\/\/www.ucaldas.edu.co\/portal\/wp-content\/uploads\/2019\/11\/BICENTENARIO2-compressor.png","datePublished":"2019-11-26T22:31:07+00:00","dateModified":"2019-11-26T22:31:11+00:00","breadcrumb":{"@id":"https:\/\/www.ucaldas.edu.co\/portal\/hasta-el-2-de-diciembre-es-el-plazo-de-compra-de-pines-para-postularse-a-las-becas-bicentenario\/#breadcrumb"},"inLanguage":"es","potentialAction":[{"@type":"ReadAction","target":["https:\/\/www.ucaldas.edu.co\/portal\/hasta-el-2-de-diciembre-es-el-plazo-de-compra-de-pines-para-postularse-a-las-becas-bicentenario\/"]}]},{"@type":"ImageObject","inLanguage":"es","@id":"https:\/\/www.ucaldas.edu.co\/portal\/hasta-el-2-de-diciembre-es-el-plazo-de-compra-de-pines-para-postularse-a-las-becas-bicentenario\/#primaryimage","url":"https:\/\/www.ucaldas.edu.co\/portal\/wp-content\/uploads\/2019\/11\/BICENTENARIO2-compressor.png","contentUrl":"https:\/\/www.ucaldas.edu.co\/portal\/wp-content\/uploads\/2019\/11\/BICENTENARIO2-compressor.png","width":700,"height":400},{"@type":"BreadcrumbList","@id":"https:\/\/www.ucaldas.edu.co\/portal\/hasta-el-2-de-diciembre-es-el-plazo-de-compra-de-pines-para-postularse-a-las-becas-bicentenario\/#breadcrumb","itemListElement":[{"@type":"ListItem","position":1,"name":"Portada","item":"https:\/\/www.ucaldas.edu.co\/portal\/"},{"@type":"ListItem","position":2,"name":"Hasta el 2 de diciembre es el plazo de compra de pines para postularse a las Becas Bicentenario"}]},{"@type":"WebSite","@id":"https:\/\/www.ucaldas.edu.co\/portal\/#website","url":"https:\/\/www.ucaldas.edu.co\/portal\/","name":"Universidad de Caldas","description":"","publisher":{"@id":"https:\/\/www.ucaldas.edu.co\/portal\/#organization"},"alternateName":"U. de Caldas","potentialAction":[{"@type":"SearchAction","target":{"@type":"EntryPoint","urlTemplate":"https:\/\/www.ucaldas.edu.co\/portal\/?s={search_term_string}"},"query-input":{"@type":"PropertyValueSpecification","valueRequired":true,"valueName":"search_term_string"}}],"inLanguage":"es"},{"@type":"Organization","@id":"https:\/\/www.ucaldas.edu.co\/portal\/#organization","name":"Universidad de Caldas","alternateName":"U. de Caldas","url":"https:\/\/www.ucaldas.edu.co\/portal\/","logo":{"@type":"ImageObject","inLanguage":"es","@id":"https:\/\/www.ucaldas.edu.co\/portal\/#\/schema\/logo\/image\/","url":"https:\/\/www.ucaldas.edu.co\/portal\/wp-content\/uploads\/2023\/11\/Logo_horizontal_oscuroU-2023.png","contentUrl":"https:\/\/www.ucaldas.edu.co\/portal\/wp-content\/uploads\/2023\/11\/Logo_horizontal_oscuroU-2023.png","width":263,"height":101,"caption":"Universidad de Caldas"},"image":{"@id":"https:\/\/www.ucaldas.edu.co\/portal\/#\/schema\/logo\/image\/"},"sameAs":["https:\/\/www.facebook.com\/udecaldas","https:\/\/x.com\/udecaldas","https:\/\/www.youtube.com\/universidadcaldas","https:\/\/www.instagram.com\/udecaldas\/"]},{"@type":"Person","@id":"https:\/\/www.ucaldas.edu.co\/portal\/#\/schema\/person\/a1b482e23449158b4bc319926c074fdf","name":"ofiprensa","image":{"@type":"ImageObject","inLanguage":"es","@id":"https:\/\/www.ucaldas.edu.co\/portal\/wp-content\/litespeed\/avatar\/09ea5085e600095a7a811142c6944527.jpg?ver=1777497608","url":"https:\/\/www.ucaldas.edu.co\/portal\/wp-content\/litespeed\/avatar\/09ea5085e600095a7a811142c6944527.jpg?ver=1777497608","contentUrl":"https:\/\/www.ucaldas.edu.co\/portal\/wp-content\/litespeed\/avatar\/09ea5085e600095a7a811142c6944527.jpg?ver=1777497608","caption":"ofiprensa"},"url":"https:\/\/www.ucaldas.edu.co\/portal\/author\/ofiprensa\/"}]}},"_links":{"self":[{"href":"https:\/\/www.ucaldas.edu.co\/portal\/wp-json\/wp\/v2\/posts\/53299","targetHints":{"allow":["GET"]}}],"collection":[{"href":"https:\/\/www.ucaldas.edu.co\/portal\/wp-json\/wp\/v2\/posts"}],"about":[{"href":"https:\/\/www.ucaldas.edu.co\/portal\/wp-json\/wp\/v2\/types\/post"}],"author":[{"embeddable":true,"href":"https:\/\/www.ucaldas.edu.co\/portal\/wp-json\/wp\/v2\/users\/2"}],"replies":[{"embeddable":true,"href":"https:\/\/www.ucaldas.edu.co\/portal\/wp-json\/wp\/v2\/comments?post=53299"}],"version-history":[{"count":0,"href":"https:\/\/www.ucaldas.edu.co\/portal\/wp-json\/wp\/v2\/posts\/53299\/revisions"}],"wp:featuredmedia":[{"embeddable":true,"href":"https:\/\/www.ucaldas.edu.co\/portal\/wp-json\/wp\/v2\/media\/53300"}],"wp:attachment":[{"href":"https:\/\/www.ucaldas.edu.co\/portal\/wp-json\/wp\/v2\/media?parent=53299"}],"wp:term":[{"taxonomy":"category","embeddable":true,"href":"https:\/\/www.ucaldas.edu.co\/portal\/wp-json\/wp\/v2\/categories?post=53299"},{"taxonomy":"post_tag","embeddable":true,"href":"https:\/\/www.ucaldas.edu.co\/portal\/wp-json\/wp\/v2\/tags?post=53299"}],"curies":[{"name":"wp","href":"https:\/\/api.w.org\/{rel}","templated":true}]}}