{"id":53293,"date":"2019-11-26T22:28:51","date_gmt":"2019-11-26T22:28:51","guid":{"rendered":"https:\/\/www.ucaldas.edu.co\/portal\/?p=53293"},"modified":"2019-11-26T22:28:56","modified_gmt":"2019-11-26T22:28:56","slug":"icetex-tiene-abierta-convocatoria-de-creditos-para-el-periodo-2020-1","status":"publish","type":"post","link":"https:\/\/www.ucaldas.edu.co\/portal\/icetex-tiene-abierta-convocatoria-de-creditos-para-el-periodo-2020-1\/","title":{"rendered":"Icetex tiene abierta convocatoria de cr\u00e9ditos para el periodo 2020-1"},"content":{"rendered":"<p style=\"text-align: center;\">PARA PREGRADO Y POSGRADO<\/p>\n<p style=\"text-align: center;\"><strong>Icetex tiene abierta convocatoria de cr\u00e9ditos para el periodo 2020-1<\/strong><\/p>\n<p style=\"text-align: right;\">26\/11\/2019<\/p>\n<p><img loading=\"lazy\" decoding=\"async\" class=\"aligncenter wp-image-53294 size-full\" src=\"https:\/\/www.ucaldas.edu.co\/portal\/wp-content\/uploads\/2019\/11\/CREDITOS-ICETEX-compressor.png\" alt=\"\" width=\"700\" height=\"400\" srcset=\"https:\/\/www.ucaldas.edu.co\/portal\/wp-content\/uploads\/2019\/11\/CREDITOS-ICETEX-compressor.png 700w, https:\/\/www.ucaldas.edu.co\/portal\/wp-content\/uploads\/2019\/11\/CREDITOS-ICETEX-compressor-300x171.png 300w\" sizes=\"auto, (max-width: 700px) 100vw, 700px\" \/><\/p>\n<p>Desde el 8 de noviembre el Icetex tiene abierta la convocatoria para otorgar cr\u00e9ditos para pregrado y posgrado.<\/p>\n<p>Seg\u00fan informaci\u00f3n de la oficina que tiene la entidad en la Universidad de Caldas, el cr\u00e9dito educativo reembolsable es un instrumento social de car\u00e1cter econ\u00f3mico que brinda beneficios a los j\u00f3venes que necesitan financiar sus estudios de educaci\u00f3n superior. La elecci\u00f3n parte de un ejercicio de corresponsabilidad, en el que el estudiante revisa las mejores opciones de financiaci\u00f3n, de acuerdo con su perfil acad\u00e9mico expectativas y proyectos de vida.<!--more--><\/p>\n<p>Se cuenta con l\u00edneas de largo, mediano y corto plazo, l\u00edneas especiales que le permiten a quien es estudiante por primera vez o al que ya est\u00e1 matriculado en un programa de educaci\u00f3n superior elegir el plazo y el porcentaje del cr\u00e9dito que desea pagar durante su \u00e9poca de estudios y al finalizarlos. Para esto hay disponibles cr\u00e9ditos del 0%, 25%, 30%, 40%, 60% y 100%.<\/p>\n<p>Los requisitos de cada modalidad de cr\u00e9dito puede consultarlos <u><a href=\"https:\/\/portal.icetex.gov.co\/Portal\/Home\/HomeEstudiante\/creditos-tu-eliges\">aqu\u00ed<\/a><\/u><\/p>\n<p><strong>Calendario<\/strong><\/p>\n<table>\n<tbody>\n<tr>\n<td width=\"196\">L\u00ednea \u2013 Modalidad de cr\u00e9dito<\/td>\n<td width=\"196\">Apertura solicitudes<\/td>\n<td width=\"196\">Cierre solicitudes<\/td>\n<\/tr>\n<tr>\n<td width=\"196\">Cr\u00e9dito pregrado pa\u00eds 2020-1<\/td>\n<td width=\"196\">8 de noviembre de 2019<\/td>\n<td width=\"196\">28 de febrero de 2020<\/td>\n<\/tr>\n<tr>\n<td width=\"196\">Cr\u00e9dito posgrado pa\u00eds 2020-2<\/td>\n<td width=\"196\">8 de noviembre de 2019<\/td>\n<td width=\"196\">27 de marzo de 2020<\/td>\n<\/tr>\n<\/tbody>\n<\/table>\n<p>&nbsp;<\/p>\n<p><strong>Informes:<\/strong> Oficina de Comunicaciones y Prensa Universidad de Caldas. Tel\u00e9fono: 8781500 Extensi\u00f3n: 12167<\/p>\n<p><strong>Redacci\u00f3n:<\/strong> Adriana Osorio Garc\u00eda<\/p>\n","protected":false},"excerpt":{"rendered":"<p>PARA PREGRADO Y POSGRADO Icetex tiene abierta convocatoria de cr\u00e9ditos para el periodo 2020-1 26\/11\/2019 Desde el 8 de noviembre el Icetex tiene abierta la convocatoria para otorgar cr\u00e9ditos para pregrado y posgrado. Seg\u00fan informaci\u00f3n de la oficina que tiene la entidad en la Universidad de Caldas, el cr\u00e9dito educativo reembolsable es un instrumento social [&hellip;]<\/p>\n","protected":false},"author":2,"featured_media":53294,"comment_status":"closed","ping_status":"open","sticky":false,"template":"","format":"standard","meta":{"footnotes":""},"categories":[48,53,617],"tags":[351,1037,1165,4527],"class_list":["post-53293","post","type-post","status-publish","format-standard","has-post-thumbnail","hentry","category-actualidad","category-universidad-al-dia","category-ucaldas-colaborativa","tag-icetex","tag-posgrado","tag-pregrado","tag-creditos"],"yoast_head":"<!-- This site is optimized with the Yoast SEO plugin v27.5 - https:\/\/yoast.com\/product\/yoast-seo-wordpress\/ -->\n<title>Icetex tiene abierta convocatoria de cr\u00e9ditos para el periodo 2020-1 .<\/title>\n<meta name=\"robots\" content=\"index, follow, max-snippet:-1, max-image-preview:large, max-video-preview:-1\" \/>\n<link rel=\"canonical\" href=\"https:\/\/www.ucaldas.edu.co\/portal\/icetex-tiene-abierta-convocatoria-de-creditos-para-el-periodo-2020-1\/\" \/>\n<script type=\"application\/ld+json\" class=\"yoast-schema-graph\">{\"@context\":\"https:\\\/\\\/schema.org\",\"@graph\":[{\"@type\":\"Article\",\"@id\":\"https:\\\/\\\/www.ucaldas.edu.co\\\/portal\\\/icetex-tiene-abierta-convocatoria-de-creditos-para-el-periodo-2020-1\\\/#article\",\"isPartOf\":{\"@id\":\"https:\\\/\\\/www.ucaldas.edu.co\\\/portal\\\/icetex-tiene-abierta-convocatoria-de-creditos-para-el-periodo-2020-1\\\/\"},\"author\":{\"name\":\"ofiprensa\",\"@id\":\"https:\\\/\\\/www.ucaldas.edu.co\\\/portal\\\/#\\\/schema\\\/person\\\/a1b482e23449158b4bc319926c074fdf\"},\"headline\":\"Icetex tiene abierta convocatoria de cr\u00e9ditos para el periodo 2020-1\",\"datePublished\":\"2019-11-26T22:28:51+00:00\",\"dateModified\":\"2019-11-26T22:28:56+00:00\",\"mainEntityOfPage\":{\"@id\":\"https:\\\/\\\/www.ucaldas.edu.co\\\/portal\\\/icetex-tiene-abierta-convocatoria-de-creditos-para-el-periodo-2020-1\\\/\"},\"wordCount\":254,\"publisher\":{\"@id\":\"https:\\\/\\\/www.ucaldas.edu.co\\\/portal\\\/#organization\"},\"image\":{\"@id\":\"https:\\\/\\\/www.ucaldas.edu.co\\\/portal\\\/icetex-tiene-abierta-convocatoria-de-creditos-para-el-periodo-2020-1\\\/#primaryimage\"},\"thumbnailUrl\":\"https:\\\/\\\/www.ucaldas.edu.co\\\/portal\\\/wp-content\\\/uploads\\\/2019\\\/11\\\/CREDITOS-ICETEX-compressor.png\",\"keywords\":[\"Icetex\",\"posgrado\",\"pregrado\",\"cr\u00e9ditos\"],\"articleSection\":[\"Actualidad\",\"Universidad al D\u00eda\",\"UCaldas Colaborativa\"],\"inLanguage\":\"es\"},{\"@type\":\"WebPage\",\"@id\":\"https:\\\/\\\/www.ucaldas.edu.co\\\/portal\\\/icetex-tiene-abierta-convocatoria-de-creditos-para-el-periodo-2020-1\\\/\",\"url\":\"https:\\\/\\\/www.ucaldas.edu.co\\\/portal\\\/icetex-tiene-abierta-convocatoria-de-creditos-para-el-periodo-2020-1\\\/\",\"name\":\"Icetex tiene abierta convocatoria de cr\u00e9ditos para el periodo 2020-1 .\",\"isPartOf\":{\"@id\":\"https:\\\/\\\/www.ucaldas.edu.co\\\/portal\\\/#website\"},\"primaryImageOfPage\":{\"@id\":\"https:\\\/\\\/www.ucaldas.edu.co\\\/portal\\\/icetex-tiene-abierta-convocatoria-de-creditos-para-el-periodo-2020-1\\\/#primaryimage\"},\"image\":{\"@id\":\"https:\\\/\\\/www.ucaldas.edu.co\\\/portal\\\/icetex-tiene-abierta-convocatoria-de-creditos-para-el-periodo-2020-1\\\/#primaryimage\"},\"thumbnailUrl\":\"https:\\\/\\\/www.ucaldas.edu.co\\\/portal\\\/wp-content\\\/uploads\\\/2019\\\/11\\\/CREDITOS-ICETEX-compressor.png\",\"datePublished\":\"2019-11-26T22:28:51+00:00\",\"dateModified\":\"2019-11-26T22:28:56+00:00\",\"breadcrumb\":{\"@id\":\"https:\\\/\\\/www.ucaldas.edu.co\\\/portal\\\/icetex-tiene-abierta-convocatoria-de-creditos-para-el-periodo-2020-1\\\/#breadcrumb\"},\"inLanguage\":\"es\",\"potentialAction\":[{\"@type\":\"ReadAction\",\"target\":[\"https:\\\/\\\/www.ucaldas.edu.co\\\/portal\\\/icetex-tiene-abierta-convocatoria-de-creditos-para-el-periodo-2020-1\\\/\"]}]},{\"@type\":\"ImageObject\",\"inLanguage\":\"es\",\"@id\":\"https:\\\/\\\/www.ucaldas.edu.co\\\/portal\\\/icetex-tiene-abierta-convocatoria-de-creditos-para-el-periodo-2020-1\\\/#primaryimage\",\"url\":\"https:\\\/\\\/www.ucaldas.edu.co\\\/portal\\\/wp-content\\\/uploads\\\/2019\\\/11\\\/CREDITOS-ICETEX-compressor.png\",\"contentUrl\":\"https:\\\/\\\/www.ucaldas.edu.co\\\/portal\\\/wp-content\\\/uploads\\\/2019\\\/11\\\/CREDITOS-ICETEX-compressor.png\",\"width\":700,\"height\":400},{\"@type\":\"BreadcrumbList\",\"@id\":\"https:\\\/\\\/www.ucaldas.edu.co\\\/portal\\\/icetex-tiene-abierta-convocatoria-de-creditos-para-el-periodo-2020-1\\\/#breadcrumb\",\"itemListElement\":[{\"@type\":\"ListItem\",\"position\":1,\"name\":\"Portada\",\"item\":\"https:\\\/\\\/www.ucaldas.edu.co\\\/portal\\\/\"},{\"@type\":\"ListItem\",\"position\":2,\"name\":\"Icetex tiene abierta convocatoria de cr\u00e9ditos para el periodo 2020-1\"}]},{\"@type\":\"WebSite\",\"@id\":\"https:\\\/\\\/www.ucaldas.edu.co\\\/portal\\\/#website\",\"url\":\"https:\\\/\\\/www.ucaldas.edu.co\\\/portal\\\/\",\"name\":\"Universidad de Caldas\",\"description\":\"\",\"publisher\":{\"@id\":\"https:\\\/\\\/www.ucaldas.edu.co\\\/portal\\\/#organization\"},\"alternateName\":\"U. de Caldas\",\"potentialAction\":[{\"@type\":\"SearchAction\",\"target\":{\"@type\":\"EntryPoint\",\"urlTemplate\":\"https:\\\/\\\/www.ucaldas.edu.co\\\/portal\\\/?s={search_term_string}\"},\"query-input\":{\"@type\":\"PropertyValueSpecification\",\"valueRequired\":true,\"valueName\":\"search_term_string\"}}],\"inLanguage\":\"es\"},{\"@type\":\"Organization\",\"@id\":\"https:\\\/\\\/www.ucaldas.edu.co\\\/portal\\\/#organization\",\"name\":\"Universidad de Caldas\",\"alternateName\":\"U. de Caldas\",\"url\":\"https:\\\/\\\/www.ucaldas.edu.co\\\/portal\\\/\",\"logo\":{\"@type\":\"ImageObject\",\"inLanguage\":\"es\",\"@id\":\"https:\\\/\\\/www.ucaldas.edu.co\\\/portal\\\/#\\\/schema\\\/logo\\\/image\\\/\",\"url\":\"https:\\\/\\\/www.ucaldas.edu.co\\\/portal\\\/wp-content\\\/uploads\\\/2023\\\/11\\\/Logo_horizontal_oscuroU-2023.png\",\"contentUrl\":\"https:\\\/\\\/www.ucaldas.edu.co\\\/portal\\\/wp-content\\\/uploads\\\/2023\\\/11\\\/Logo_horizontal_oscuroU-2023.png\",\"width\":263,\"height\":101,\"caption\":\"Universidad de Caldas\"},\"image\":{\"@id\":\"https:\\\/\\\/www.ucaldas.edu.co\\\/portal\\\/#\\\/schema\\\/logo\\\/image\\\/\"},\"sameAs\":[\"https:\\\/\\\/www.facebook.com\\\/udecaldas\",\"https:\\\/\\\/x.com\\\/udecaldas\",\"https:\\\/\\\/www.youtube.com\\\/universidadcaldas\",\"https:\\\/\\\/www.instagram.com\\\/udecaldas\\\/\"]},{\"@type\":\"Person\",\"@id\":\"https:\\\/\\\/www.ucaldas.edu.co\\\/portal\\\/#\\\/schema\\\/person\\\/a1b482e23449158b4bc319926c074fdf\",\"name\":\"ofiprensa\",\"image\":{\"@type\":\"ImageObject\",\"inLanguage\":\"es\",\"@id\":\"https:\\\/\\\/www.ucaldas.edu.co\\\/portal\\\/wp-content\\\/litespeed\\\/avatar\\\/09ea5085e600095a7a811142c6944527.jpg?ver=1777497608\",\"url\":\"https:\\\/\\\/www.ucaldas.edu.co\\\/portal\\\/wp-content\\\/litespeed\\\/avatar\\\/09ea5085e600095a7a811142c6944527.jpg?ver=1777497608\",\"contentUrl\":\"https:\\\/\\\/www.ucaldas.edu.co\\\/portal\\\/wp-content\\\/litespeed\\\/avatar\\\/09ea5085e600095a7a811142c6944527.jpg?ver=1777497608\",\"caption\":\"ofiprensa\"},\"url\":\"https:\\\/\\\/www.ucaldas.edu.co\\\/portal\\\/author\\\/ofiprensa\\\/\"}]}<\/script>\n<!-- \/ Yoast SEO plugin. -->","yoast_head_json":{"title":"Icetex tiene abierta convocatoria de cr\u00e9ditos para el periodo 2020-1 .","robots":{"index":"index","follow":"follow","max-snippet":"max-snippet:-1","max-image-preview":"max-image-preview:large","max-video-preview":"max-video-preview:-1"},"canonical":"https:\/\/www.ucaldas.edu.co\/portal\/icetex-tiene-abierta-convocatoria-de-creditos-para-el-periodo-2020-1\/","schema":{"@context":"https:\/\/schema.org","@graph":[{"@type":"Article","@id":"https:\/\/www.ucaldas.edu.co\/portal\/icetex-tiene-abierta-convocatoria-de-creditos-para-el-periodo-2020-1\/#article","isPartOf":{"@id":"https:\/\/www.ucaldas.edu.co\/portal\/icetex-tiene-abierta-convocatoria-de-creditos-para-el-periodo-2020-1\/"},"author":{"name":"ofiprensa","@id":"https:\/\/www.ucaldas.edu.co\/portal\/#\/schema\/person\/a1b482e23449158b4bc319926c074fdf"},"headline":"Icetex tiene abierta convocatoria de cr\u00e9ditos para el periodo 2020-1","datePublished":"2019-11-26T22:28:51+00:00","dateModified":"2019-11-26T22:28:56+00:00","mainEntityOfPage":{"@id":"https:\/\/www.ucaldas.edu.co\/portal\/icetex-tiene-abierta-convocatoria-de-creditos-para-el-periodo-2020-1\/"},"wordCount":254,"publisher":{"@id":"https:\/\/www.ucaldas.edu.co\/portal\/#organization"},"image":{"@id":"https:\/\/www.ucaldas.edu.co\/portal\/icetex-tiene-abierta-convocatoria-de-creditos-para-el-periodo-2020-1\/#primaryimage"},"thumbnailUrl":"https:\/\/www.ucaldas.edu.co\/portal\/wp-content\/uploads\/2019\/11\/CREDITOS-ICETEX-compressor.png","keywords":["Icetex","posgrado","pregrado","cr\u00e9ditos"],"articleSection":["Actualidad","Universidad al D\u00eda","UCaldas Colaborativa"],"inLanguage":"es"},{"@type":"WebPage","@id":"https:\/\/www.ucaldas.edu.co\/portal\/icetex-tiene-abierta-convocatoria-de-creditos-para-el-periodo-2020-1\/","url":"https:\/\/www.ucaldas.edu.co\/portal\/icetex-tiene-abierta-convocatoria-de-creditos-para-el-periodo-2020-1\/","name":"Icetex tiene abierta convocatoria de cr\u00e9ditos para el periodo 2020-1 .","isPartOf":{"@id":"https:\/\/www.ucaldas.edu.co\/portal\/#website"},"primaryImageOfPage":{"@id":"https:\/\/www.ucaldas.edu.co\/portal\/icetex-tiene-abierta-convocatoria-de-creditos-para-el-periodo-2020-1\/#primaryimage"},"image":{"@id":"https:\/\/www.ucaldas.edu.co\/portal\/icetex-tiene-abierta-convocatoria-de-creditos-para-el-periodo-2020-1\/#primaryimage"},"thumbnailUrl":"https:\/\/www.ucaldas.edu.co\/portal\/wp-content\/uploads\/2019\/11\/CREDITOS-ICETEX-compressor.png","datePublished":"2019-11-26T22:28:51+00:00","dateModified":"2019-11-26T22:28:56+00:00","breadcrumb":{"@id":"https:\/\/www.ucaldas.edu.co\/portal\/icetex-tiene-abierta-convocatoria-de-creditos-para-el-periodo-2020-1\/#breadcrumb"},"inLanguage":"es","potentialAction":[{"@type":"ReadAction","target":["https:\/\/www.ucaldas.edu.co\/portal\/icetex-tiene-abierta-convocatoria-de-creditos-para-el-periodo-2020-1\/"]}]},{"@type":"ImageObject","inLanguage":"es","@id":"https:\/\/www.ucaldas.edu.co\/portal\/icetex-tiene-abierta-convocatoria-de-creditos-para-el-periodo-2020-1\/#primaryimage","url":"https:\/\/www.ucaldas.edu.co\/portal\/wp-content\/uploads\/2019\/11\/CREDITOS-ICETEX-compressor.png","contentUrl":"https:\/\/www.ucaldas.edu.co\/portal\/wp-content\/uploads\/2019\/11\/CREDITOS-ICETEX-compressor.png","width":700,"height":400},{"@type":"BreadcrumbList","@id":"https:\/\/www.ucaldas.edu.co\/portal\/icetex-tiene-abierta-convocatoria-de-creditos-para-el-periodo-2020-1\/#breadcrumb","itemListElement":[{"@type":"ListItem","position":1,"name":"Portada","item":"https:\/\/www.ucaldas.edu.co\/portal\/"},{"@type":"ListItem","position":2,"name":"Icetex tiene abierta convocatoria de cr\u00e9ditos para el periodo 2020-1"}]},{"@type":"WebSite","@id":"https:\/\/www.ucaldas.edu.co\/portal\/#website","url":"https:\/\/www.ucaldas.edu.co\/portal\/","name":"Universidad de Caldas","description":"","publisher":{"@id":"https:\/\/www.ucaldas.edu.co\/portal\/#organization"},"alternateName":"U. de Caldas","potentialAction":[{"@type":"SearchAction","target":{"@type":"EntryPoint","urlTemplate":"https:\/\/www.ucaldas.edu.co\/portal\/?s={search_term_string}"},"query-input":{"@type":"PropertyValueSpecification","valueRequired":true,"valueName":"search_term_string"}}],"inLanguage":"es"},{"@type":"Organization","@id":"https:\/\/www.ucaldas.edu.co\/portal\/#organization","name":"Universidad de Caldas","alternateName":"U. de Caldas","url":"https:\/\/www.ucaldas.edu.co\/portal\/","logo":{"@type":"ImageObject","inLanguage":"es","@id":"https:\/\/www.ucaldas.edu.co\/portal\/#\/schema\/logo\/image\/","url":"https:\/\/www.ucaldas.edu.co\/portal\/wp-content\/uploads\/2023\/11\/Logo_horizontal_oscuroU-2023.png","contentUrl":"https:\/\/www.ucaldas.edu.co\/portal\/wp-content\/uploads\/2023\/11\/Logo_horizontal_oscuroU-2023.png","width":263,"height":101,"caption":"Universidad de Caldas"},"image":{"@id":"https:\/\/www.ucaldas.edu.co\/portal\/#\/schema\/logo\/image\/"},"sameAs":["https:\/\/www.facebook.com\/udecaldas","https:\/\/x.com\/udecaldas","https:\/\/www.youtube.com\/universidadcaldas","https:\/\/www.instagram.com\/udecaldas\/"]},{"@type":"Person","@id":"https:\/\/www.ucaldas.edu.co\/portal\/#\/schema\/person\/a1b482e23449158b4bc319926c074fdf","name":"ofiprensa","image":{"@type":"ImageObject","inLanguage":"es","@id":"https:\/\/www.ucaldas.edu.co\/portal\/wp-content\/litespeed\/avatar\/09ea5085e600095a7a811142c6944527.jpg?ver=1777497608","url":"https:\/\/www.ucaldas.edu.co\/portal\/wp-content\/litespeed\/avatar\/09ea5085e600095a7a811142c6944527.jpg?ver=1777497608","contentUrl":"https:\/\/www.ucaldas.edu.co\/portal\/wp-content\/litespeed\/avatar\/09ea5085e600095a7a811142c6944527.jpg?ver=1777497608","caption":"ofiprensa"},"url":"https:\/\/www.ucaldas.edu.co\/portal\/author\/ofiprensa\/"}]}},"_links":{"self":[{"href":"https:\/\/www.ucaldas.edu.co\/portal\/wp-json\/wp\/v2\/posts\/53293","targetHints":{"allow":["GET"]}}],"collection":[{"href":"https:\/\/www.ucaldas.edu.co\/portal\/wp-json\/wp\/v2\/posts"}],"about":[{"href":"https:\/\/www.ucaldas.edu.co\/portal\/wp-json\/wp\/v2\/types\/post"}],"author":[{"embeddable":true,"href":"https:\/\/www.ucaldas.edu.co\/portal\/wp-json\/wp\/v2\/users\/2"}],"replies":[{"embeddable":true,"href":"https:\/\/www.ucaldas.edu.co\/portal\/wp-json\/wp\/v2\/comments?post=53293"}],"version-history":[{"count":0,"href":"https:\/\/www.ucaldas.edu.co\/portal\/wp-json\/wp\/v2\/posts\/53293\/revisions"}],"wp:featuredmedia":[{"embeddable":true,"href":"https:\/\/www.ucaldas.edu.co\/portal\/wp-json\/wp\/v2\/media\/53294"}],"wp:attachment":[{"href":"https:\/\/www.ucaldas.edu.co\/portal\/wp-json\/wp\/v2\/media?parent=53293"}],"wp:term":[{"taxonomy":"category","embeddable":true,"href":"https:\/\/www.ucaldas.edu.co\/portal\/wp-json\/wp\/v2\/categories?post=53293"},{"taxonomy":"post_tag","embeddable":true,"href":"https:\/\/www.ucaldas.edu.co\/portal\/wp-json\/wp\/v2\/tags?post=53293"}],"curies":[{"name":"wp","href":"https:\/\/api.w.org\/{rel}","templated":true}]}}