{"id":53262,"date":"2019-11-25T21:34:15","date_gmt":"2019-11-25T21:34:15","guid":{"rendered":"https:\/\/www.ucaldas.edu.co\/portal\/?p=53262"},"modified":"2019-11-25T21:52:16","modified_gmt":"2019-11-25T21:52:16","slug":"hasta-este-martes-hay-descuento-para-inscribirse-al-simposio-y-al-seminario-en-ciencias-biomedicas","status":"publish","type":"post","link":"https:\/\/www.ucaldas.edu.co\/portal\/hasta-este-martes-hay-descuento-para-inscribirse-al-simposio-y-al-seminario-en-ciencias-biomedicas\/","title":{"rendered":"Hasta este martes hay descuento para inscribirse al Simposio y al Seminario en Ciencias Biom\u00e9dicas"},"content":{"rendered":"<p style=\"text-align: center;\">AMBOS EVENTOS SER\u00c1N ESTE MI\u00c9RCOLES 27 DE NOVIEMBRE<\/p>\n<p style=\"text-align: center;\"><strong>Hasta este martes hay descuento para inscribirse al Simposio y al Seminario en Ciencias Biom\u00e9dicas<\/strong><\/p>\n<p style=\"text-align: right;\">25\/11\/2019<\/p>\n<p><img loading=\"lazy\" decoding=\"async\" class=\"aligncenter wp-image-53263 size-full\" src=\"https:\/\/www.ucaldas.edu.co\/portal\/wp-content\/uploads\/2019\/11\/CIENCIAS-BIOMEDICAS-compressor.png\" alt=\"\" width=\"700\" height=\"400\" srcset=\"https:\/\/www.ucaldas.edu.co\/portal\/wp-content\/uploads\/2019\/11\/CIENCIAS-BIOMEDICAS-compressor.png 700w, https:\/\/www.ucaldas.edu.co\/portal\/wp-content\/uploads\/2019\/11\/CIENCIAS-BIOMEDICAS-compressor-300x171.png 300w\" sizes=\"auto, (max-width: 700px) 100vw, 700px\" \/><\/p>\n<p>Congregar a la comunidad cient\u00edfica regional que realiza o est\u00e1 interesada en realizar trabajos de investigaci\u00f3n en el \u00e1rea de Ciencias B\u00e1sicas Biom\u00e9dicas es el objetivo del D\u00e9cimo Cuarto Simposio Regional de Investigaci\u00f3n en Ciencias B\u00e1sicas y el D\u00e9cimo Cuarto Seminario Regional de Investigaci\u00f3n en Ciencias Biom\u00e9dicas, que realizar\u00e1 el Doctorado en Ciencias Biom\u00e9dicas de la Universidad de Caldas.<!--more--><\/p>\n<p>Este espacio acad\u00e9mico est\u00e1 dirigido a quienes quieren difundir resultados de trabajos en curso y tambi\u00e9n busca motivar a j\u00f3venes con vocaci\u00f3n de investigaci\u00f3n cient\u00edfica.<\/p>\n<p>En esta ocasi\u00f3n se tratar\u00e1n aspectos \u00e9ticos relacionados con la investigaci\u00f3n y se celebrar\u00e1n los 25 a\u00f1os del Grupo de Investigaci\u00f3n en Bioimpedancia El\u00e9ctrica (GruBIE), 15 de su semillero (SemBIE) y 10 del programa de Doctorado en Ciencias Biom\u00e9dicas de la instituci\u00f3n. Este programa se ofrece en red con las universidades del Quind\u00edo, Tecnol\u00f3gica de Pereira y del Tolima.<\/p>\n<p>Ambos eventos se realizar\u00e1n este mi\u00e9rcoles 27 de noviembre en el auditorio Ernesto Guti\u00e9rrez de la Facultad de Ciencias para la Salud, campus Versalles de la Universidad de Caldas.<\/p>\n<p>&nbsp;<\/p>\n<p><strong>Valor\u00a0 de la inscripci\u00f3n:<\/strong><\/p>\n<p>Estudiantes: $50.000 hasta el 26 de noviembre y $60.000 el d\u00eda del evento.<\/p>\n<p>Profesionales: $60.000 hasta el 26 de noviembre y $70.000 el d\u00eda del evento.<\/p>\n<p>Consignaci\u00f3n: Cuenta Davivienda: 084500007517, C\u00f3digo del Proyecto: G9HD003<\/p>\n<p>&nbsp;<\/p>\n<table style=\"width: 602px;\">\n<tbody>\n<tr>\n<td style=\"width: 596px;\"><strong>PARA DESTACAR<\/strong><\/p>\n<p>Para m\u00e1s informaci\u00f3n se pueden comunicar al correo doctorado.biomedicas@ucaldas.edu.co o al tel\u00e9fono 8781500 extensi\u00f3n 14160.<\/td>\n<\/tr>\n<\/tbody>\n<\/table>\n<p><strong>\u00a0<\/strong><\/p>\n<p><strong>Informes:<\/strong> Oficina de Comunicaciones y Prensa Universidad de Caldas. Tel\u00e9fono: 8781500 Extensi\u00f3n: 12167<\/p>\n<p><strong>Redacci\u00f3n:<\/strong> Adriana Osorio Garc\u00eda<\/p>\n","protected":false},"excerpt":{"rendered":"<p>AMBOS EVENTOS SER\u00c1N ESTE MI\u00c9RCOLES 27 DE NOVIEMBRE Hasta este martes hay descuento para inscribirse al Simposio y al Seminario en Ciencias Biom\u00e9dicas 25\/11\/2019 Congregar a la comunidad cient\u00edfica regional que realiza o est\u00e1 interesada en realizar trabajos de investigaci\u00f3n en el \u00e1rea de Ciencias B\u00e1sicas Biom\u00e9dicas es el objetivo del D\u00e9cimo Cuarto Simposio Regional [&hellip;]<\/p>\n","protected":false},"author":2,"featured_media":53263,"comment_status":"closed","ping_status":"open","sticky":false,"template":"","format":"standard","meta":{"footnotes":"","_members_access_role":[],"_members_access_error":""},"categories":[624,48,53],"tags":[191,4523,57,61],"class_list":["post-53262","post","type-post","status-publish","format-standard","has-post-thumbnail","hentry","category-ucaldas-activa","category-actualidad","category-universidad-al-dia","tag-investigacion","tag-ciencias-biomedicas","tag-seminario","tag-simposio"],"yoast_head":"<!-- This site is optimized with the Yoast SEO plugin v28.4 - https:\/\/yoast.com\/product\/yoast-seo-wordpress\/ -->\n<title>Hasta este martes hay descuento para inscribirse al Simposio y al Seminario en Ciencias Biom\u00e9dicas .<\/title>\n<meta name=\"robots\" content=\"index, follow, max-snippet:-1, max-image-preview:large, max-video-preview:-1\" \/>\n<link rel=\"canonical\" href=\"https:\/\/www.ucaldas.edu.co\/portal\/hasta-este-martes-hay-descuento-para-inscribirse-al-simposio-y-al-seminario-en-ciencias-biomedicas\/\" \/>\n<script type=\"application\/ld+json\" class=\"yoast-schema-graph\">{\"@context\":\"https:\\\/\\\/schema.org\",\"@graph\":[{\"@type\":\"Article\",\"@id\":\"https:\\\/\\\/www.ucaldas.edu.co\\\/portal\\\/hasta-este-martes-hay-descuento-para-inscribirse-al-simposio-y-al-seminario-en-ciencias-biomedicas\\\/#article\",\"isPartOf\":{\"@id\":\"https:\\\/\\\/www.ucaldas.edu.co\\\/portal\\\/hasta-este-martes-hay-descuento-para-inscribirse-al-simposio-y-al-seminario-en-ciencias-biomedicas\\\/\"},\"author\":{\"name\":\"ofiprensa\",\"@id\":\"https:\\\/\\\/www.ucaldas.edu.co\\\/portal\\\/#\\\/schema\\\/person\\\/a1b482e23449158b4bc319926c074fdf\"},\"headline\":\"Hasta este martes hay descuento para inscribirse al Simposio y al Seminario en Ciencias Biom\u00e9dicas\",\"datePublished\":\"2019-11-25T21:34:15+00:00\",\"dateModified\":\"2019-11-25T21:52:16+00:00\",\"mainEntityOfPage\":{\"@id\":\"https:\\\/\\\/www.ucaldas.edu.co\\\/portal\\\/hasta-este-martes-hay-descuento-para-inscribirse-al-simposio-y-al-seminario-en-ciencias-biomedicas\\\/\"},\"wordCount\":321,\"publisher\":{\"@id\":\"https:\\\/\\\/www.ucaldas.edu.co\\\/portal\\\/#organization\"},\"image\":{\"@id\":\"https:\\\/\\\/www.ucaldas.edu.co\\\/portal\\\/hasta-este-martes-hay-descuento-para-inscribirse-al-simposio-y-al-seminario-en-ciencias-biomedicas\\\/#primaryimage\"},\"thumbnailUrl\":\"https:\\\/\\\/www.ucaldas.edu.co\\\/portal\\\/wp-content\\\/uploads\\\/2019\\\/11\\\/CIENCIAS-BIOMEDICAS-compressor.png\",\"keywords\":[\"investigaci\u00f3n\",\"ciencias biom\u00e9dicas\",\"seminario\",\"simposio\"],\"articleSection\":[\"UCaldas Activa\",\"Actualidad\",\"Universidad al D\u00eda\"],\"inLanguage\":\"es\"},{\"@type\":\"WebPage\",\"@id\":\"https:\\\/\\\/www.ucaldas.edu.co\\\/portal\\\/hasta-este-martes-hay-descuento-para-inscribirse-al-simposio-y-al-seminario-en-ciencias-biomedicas\\\/\",\"url\":\"https:\\\/\\\/www.ucaldas.edu.co\\\/portal\\\/hasta-este-martes-hay-descuento-para-inscribirse-al-simposio-y-al-seminario-en-ciencias-biomedicas\\\/\",\"name\":\"Hasta este martes hay descuento para inscribirse al Simposio y al Seminario en Ciencias Biom\u00e9dicas .\",\"isPartOf\":{\"@id\":\"https:\\\/\\\/www.ucaldas.edu.co\\\/portal\\\/#website\"},\"primaryImageOfPage\":{\"@id\":\"https:\\\/\\\/www.ucaldas.edu.co\\\/portal\\\/hasta-este-martes-hay-descuento-para-inscribirse-al-simposio-y-al-seminario-en-ciencias-biomedicas\\\/#primaryimage\"},\"image\":{\"@id\":\"https:\\\/\\\/www.ucaldas.edu.co\\\/portal\\\/hasta-este-martes-hay-descuento-para-inscribirse-al-simposio-y-al-seminario-en-ciencias-biomedicas\\\/#primaryimage\"},\"thumbnailUrl\":\"https:\\\/\\\/www.ucaldas.edu.co\\\/portal\\\/wp-content\\\/uploads\\\/2019\\\/11\\\/CIENCIAS-BIOMEDICAS-compressor.png\",\"datePublished\":\"2019-11-25T21:34:15+00:00\",\"dateModified\":\"2019-11-25T21:52:16+00:00\",\"breadcrumb\":{\"@id\":\"https:\\\/\\\/www.ucaldas.edu.co\\\/portal\\\/hasta-este-martes-hay-descuento-para-inscribirse-al-simposio-y-al-seminario-en-ciencias-biomedicas\\\/#breadcrumb\"},\"inLanguage\":\"es\",\"potentialAction\":[{\"@type\":\"ReadAction\",\"target\":[\"https:\\\/\\\/www.ucaldas.edu.co\\\/portal\\\/hasta-este-martes-hay-descuento-para-inscribirse-al-simposio-y-al-seminario-en-ciencias-biomedicas\\\/\"]}]},{\"@type\":\"ImageObject\",\"inLanguage\":\"es\",\"@id\":\"https:\\\/\\\/www.ucaldas.edu.co\\\/portal\\\/hasta-este-martes-hay-descuento-para-inscribirse-al-simposio-y-al-seminario-en-ciencias-biomedicas\\\/#primaryimage\",\"url\":\"https:\\\/\\\/www.ucaldas.edu.co\\\/portal\\\/wp-content\\\/uploads\\\/2019\\\/11\\\/CIENCIAS-BIOMEDICAS-compressor.png\",\"contentUrl\":\"https:\\\/\\\/www.ucaldas.edu.co\\\/portal\\\/wp-content\\\/uploads\\\/2019\\\/11\\\/CIENCIAS-BIOMEDICAS-compressor.png\",\"width\":700,\"height\":400},{\"@type\":\"BreadcrumbList\",\"@id\":\"https:\\\/\\\/www.ucaldas.edu.co\\\/portal\\\/hasta-este-martes-hay-descuento-para-inscribirse-al-simposio-y-al-seminario-en-ciencias-biomedicas\\\/#breadcrumb\",\"itemListElement\":[{\"@type\":\"ListItem\",\"position\":1,\"name\":\"Portada\",\"item\":\"https:\\\/\\\/www.ucaldas.edu.co\\\/portal\\\/\"},{\"@type\":\"ListItem\",\"position\":2,\"name\":\"Hasta este martes hay descuento para inscribirse al Simposio y al Seminario en Ciencias Biom\u00e9dicas\"}]},{\"@type\":\"WebSite\",\"@id\":\"https:\\\/\\\/www.ucaldas.edu.co\\\/portal\\\/#website\",\"url\":\"https:\\\/\\\/www.ucaldas.edu.co\\\/portal\\\/\",\"name\":\"Universidad de Caldas\",\"description\":\"\",\"publisher\":{\"@id\":\"https:\\\/\\\/www.ucaldas.edu.co\\\/portal\\\/#organization\"},\"alternateName\":\"U. de Caldas\",\"potentialAction\":[{\"@type\":\"SearchAction\",\"target\":{\"@type\":\"EntryPoint\",\"urlTemplate\":\"https:\\\/\\\/www.ucaldas.edu.co\\\/portal\\\/?s={search_term_string}\"},\"query-input\":{\"@type\":\"PropertyValueSpecification\",\"valueRequired\":true,\"valueName\":\"search_term_string\"}}],\"inLanguage\":\"es\"},{\"@type\":\"Organization\",\"@id\":\"https:\\\/\\\/www.ucaldas.edu.co\\\/portal\\\/#organization\",\"name\":\"Universidad de Caldas\",\"alternateName\":\"U. de Caldas\",\"url\":\"https:\\\/\\\/www.ucaldas.edu.co\\\/portal\\\/\",\"logo\":{\"@type\":\"ImageObject\",\"inLanguage\":\"es\",\"@id\":\"https:\\\/\\\/www.ucaldas.edu.co\\\/portal\\\/#\\\/schema\\\/logo\\\/image\\\/\",\"url\":\"https:\\\/\\\/www.ucaldas.edu.co\\\/portal\\\/wp-content\\\/uploads\\\/2023\\\/11\\\/Logo_horizontal_oscuroU-2023.png\",\"contentUrl\":\"https:\\\/\\\/www.ucaldas.edu.co\\\/portal\\\/wp-content\\\/uploads\\\/2023\\\/11\\\/Logo_horizontal_oscuroU-2023.png\",\"width\":263,\"height\":101,\"caption\":\"Universidad de Caldas\"},\"image\":{\"@id\":\"https:\\\/\\\/www.ucaldas.edu.co\\\/portal\\\/#\\\/schema\\\/logo\\\/image\\\/\"},\"sameAs\":[\"https:\\\/\\\/www.facebook.com\\\/udecaldas\",\"https:\\\/\\\/x.com\\\/udecaldas\",\"https:\\\/\\\/www.youtube.com\\\/universidadcaldas\",\"https:\\\/\\\/www.instagram.com\\\/udecaldas\\\/\"]},{\"@type\":\"Person\",\"@id\":\"https:\\\/\\\/www.ucaldas.edu.co\\\/portal\\\/#\\\/schema\\\/person\\\/a1b482e23449158b4bc319926c074fdf\",\"name\":\"ofiprensa\",\"image\":{\"@type\":\"ImageObject\",\"inLanguage\":\"es\",\"@id\":\"https:\\\/\\\/www.ucaldas.edu.co\\\/portal\\\/wp-content\\\/litespeed\\\/avatar\\\/09ea5085e600095a7a811142c6944527.jpg?ver=1788384175\",\"url\":\"https:\\\/\\\/www.ucaldas.edu.co\\\/portal\\\/wp-content\\\/litespeed\\\/avatar\\\/09ea5085e600095a7a811142c6944527.jpg?ver=1788384175\",\"contentUrl\":\"https:\\\/\\\/www.ucaldas.edu.co\\\/portal\\\/wp-content\\\/litespeed\\\/avatar\\\/09ea5085e600095a7a811142c6944527.jpg?ver=1788384175\",\"caption\":\"ofiprensa\"},\"url\":\"https:\\\/\\\/www.ucaldas.edu.co\\\/portal\\\/author\\\/ofiprensa\\\/\"}]}<\/script>\n<!-- \/ Yoast SEO plugin. -->","yoast_head_json":{"title":"Hasta este martes hay descuento para inscribirse al Simposio y al Seminario en Ciencias Biom\u00e9dicas .","robots":{"index":"index","follow":"follow","max-snippet":"max-snippet:-1","max-image-preview":"max-image-preview:large","max-video-preview":"max-video-preview:-1"},"canonical":"https:\/\/www.ucaldas.edu.co\/portal\/hasta-este-martes-hay-descuento-para-inscribirse-al-simposio-y-al-seminario-en-ciencias-biomedicas\/","schema":{"@context":"https:\/\/schema.org","@graph":[{"@type":"Article","@id":"https:\/\/www.ucaldas.edu.co\/portal\/hasta-este-martes-hay-descuento-para-inscribirse-al-simposio-y-al-seminario-en-ciencias-biomedicas\/#article","isPartOf":{"@id":"https:\/\/www.ucaldas.edu.co\/portal\/hasta-este-martes-hay-descuento-para-inscribirse-al-simposio-y-al-seminario-en-ciencias-biomedicas\/"},"author":{"name":"ofiprensa","@id":"https:\/\/www.ucaldas.edu.co\/portal\/#\/schema\/person\/a1b482e23449158b4bc319926c074fdf"},"headline":"Hasta este martes hay descuento para inscribirse al Simposio y al Seminario en Ciencias Biom\u00e9dicas","datePublished":"2019-11-25T21:34:15+00:00","dateModified":"2019-11-25T21:52:16+00:00","mainEntityOfPage":{"@id":"https:\/\/www.ucaldas.edu.co\/portal\/hasta-este-martes-hay-descuento-para-inscribirse-al-simposio-y-al-seminario-en-ciencias-biomedicas\/"},"wordCount":321,"publisher":{"@id":"https:\/\/www.ucaldas.edu.co\/portal\/#organization"},"image":{"@id":"https:\/\/www.ucaldas.edu.co\/portal\/hasta-este-martes-hay-descuento-para-inscribirse-al-simposio-y-al-seminario-en-ciencias-biomedicas\/#primaryimage"},"thumbnailUrl":"https:\/\/www.ucaldas.edu.co\/portal\/wp-content\/uploads\/2019\/11\/CIENCIAS-BIOMEDICAS-compressor.png","keywords":["investigaci\u00f3n","ciencias biom\u00e9dicas","seminario","simposio"],"articleSection":["UCaldas Activa","Actualidad","Universidad al D\u00eda"],"inLanguage":"es"},{"@type":"WebPage","@id":"https:\/\/www.ucaldas.edu.co\/portal\/hasta-este-martes-hay-descuento-para-inscribirse-al-simposio-y-al-seminario-en-ciencias-biomedicas\/","url":"https:\/\/www.ucaldas.edu.co\/portal\/hasta-este-martes-hay-descuento-para-inscribirse-al-simposio-y-al-seminario-en-ciencias-biomedicas\/","name":"Hasta este martes hay descuento para inscribirse al Simposio y al Seminario en Ciencias Biom\u00e9dicas .","isPartOf":{"@id":"https:\/\/www.ucaldas.edu.co\/portal\/#website"},"primaryImageOfPage":{"@id":"https:\/\/www.ucaldas.edu.co\/portal\/hasta-este-martes-hay-descuento-para-inscribirse-al-simposio-y-al-seminario-en-ciencias-biomedicas\/#primaryimage"},"image":{"@id":"https:\/\/www.ucaldas.edu.co\/portal\/hasta-este-martes-hay-descuento-para-inscribirse-al-simposio-y-al-seminario-en-ciencias-biomedicas\/#primaryimage"},"thumbnailUrl":"https:\/\/www.ucaldas.edu.co\/portal\/wp-content\/uploads\/2019\/11\/CIENCIAS-BIOMEDICAS-compressor.png","datePublished":"2019-11-25T21:34:15+00:00","dateModified":"2019-11-25T21:52:16+00:00","breadcrumb":{"@id":"https:\/\/www.ucaldas.edu.co\/portal\/hasta-este-martes-hay-descuento-para-inscribirse-al-simposio-y-al-seminario-en-ciencias-biomedicas\/#breadcrumb"},"inLanguage":"es","potentialAction":[{"@type":"ReadAction","target":["https:\/\/www.ucaldas.edu.co\/portal\/hasta-este-martes-hay-descuento-para-inscribirse-al-simposio-y-al-seminario-en-ciencias-biomedicas\/"]}]},{"@type":"ImageObject","inLanguage":"es","@id":"https:\/\/www.ucaldas.edu.co\/portal\/hasta-este-martes-hay-descuento-para-inscribirse-al-simposio-y-al-seminario-en-ciencias-biomedicas\/#primaryimage","url":"https:\/\/www.ucaldas.edu.co\/portal\/wp-content\/uploads\/2019\/11\/CIENCIAS-BIOMEDICAS-compressor.png","contentUrl":"https:\/\/www.ucaldas.edu.co\/portal\/wp-content\/uploads\/2019\/11\/CIENCIAS-BIOMEDICAS-compressor.png","width":700,"height":400},{"@type":"BreadcrumbList","@id":"https:\/\/www.ucaldas.edu.co\/portal\/hasta-este-martes-hay-descuento-para-inscribirse-al-simposio-y-al-seminario-en-ciencias-biomedicas\/#breadcrumb","itemListElement":[{"@type":"ListItem","position":1,"name":"Portada","item":"https:\/\/www.ucaldas.edu.co\/portal\/"},{"@type":"ListItem","position":2,"name":"Hasta este martes hay descuento para inscribirse al Simposio y al Seminario en Ciencias Biom\u00e9dicas"}]},{"@type":"WebSite","@id":"https:\/\/www.ucaldas.edu.co\/portal\/#website","url":"https:\/\/www.ucaldas.edu.co\/portal\/","name":"Universidad de Caldas","description":"","publisher":{"@id":"https:\/\/www.ucaldas.edu.co\/portal\/#organization"},"alternateName":"U. de Caldas","potentialAction":[{"@type":"SearchAction","target":{"@type":"EntryPoint","urlTemplate":"https:\/\/www.ucaldas.edu.co\/portal\/?s={search_term_string}"},"query-input":{"@type":"PropertyValueSpecification","valueRequired":true,"valueName":"search_term_string"}}],"inLanguage":"es"},{"@type":"Organization","@id":"https:\/\/www.ucaldas.edu.co\/portal\/#organization","name":"Universidad de Caldas","alternateName":"U. de Caldas","url":"https:\/\/www.ucaldas.edu.co\/portal\/","logo":{"@type":"ImageObject","inLanguage":"es","@id":"https:\/\/www.ucaldas.edu.co\/portal\/#\/schema\/logo\/image\/","url":"https:\/\/www.ucaldas.edu.co\/portal\/wp-content\/uploads\/2023\/11\/Logo_horizontal_oscuroU-2023.png","contentUrl":"https:\/\/www.ucaldas.edu.co\/portal\/wp-content\/uploads\/2023\/11\/Logo_horizontal_oscuroU-2023.png","width":263,"height":101,"caption":"Universidad de Caldas"},"image":{"@id":"https:\/\/www.ucaldas.edu.co\/portal\/#\/schema\/logo\/image\/"},"sameAs":["https:\/\/www.facebook.com\/udecaldas","https:\/\/x.com\/udecaldas","https:\/\/www.youtube.com\/universidadcaldas","https:\/\/www.instagram.com\/udecaldas\/"]},{"@type":"Person","@id":"https:\/\/www.ucaldas.edu.co\/portal\/#\/schema\/person\/a1b482e23449158b4bc319926c074fdf","name":"ofiprensa","image":{"@type":"ImageObject","inLanguage":"es","@id":"https:\/\/www.ucaldas.edu.co\/portal\/wp-content\/litespeed\/avatar\/09ea5085e600095a7a811142c6944527.jpg?ver=1788384175","url":"https:\/\/www.ucaldas.edu.co\/portal\/wp-content\/litespeed\/avatar\/09ea5085e600095a7a811142c6944527.jpg?ver=1788384175","contentUrl":"https:\/\/www.ucaldas.edu.co\/portal\/wp-content\/litespeed\/avatar\/09ea5085e600095a7a811142c6944527.jpg?ver=1788384175","caption":"ofiprensa"},"url":"https:\/\/www.ucaldas.edu.co\/portal\/author\/ofiprensa\/"}]}},"_links":{"self":[{"href":"https:\/\/www.ucaldas.edu.co\/portal\/wp-json\/wp\/v2\/posts\/53262","targetHints":{"allow":["GET"]}}],"collection":[{"href":"https:\/\/www.ucaldas.edu.co\/portal\/wp-json\/wp\/v2\/posts"}],"about":[{"href":"https:\/\/www.ucaldas.edu.co\/portal\/wp-json\/wp\/v2\/types\/post"}],"author":[{"embeddable":true,"href":"https:\/\/www.ucaldas.edu.co\/portal\/wp-json\/wp\/v2\/users\/2"}],"replies":[{"embeddable":true,"href":"https:\/\/www.ucaldas.edu.co\/portal\/wp-json\/wp\/v2\/comments?post=53262"}],"version-history":[{"count":0,"href":"https:\/\/www.ucaldas.edu.co\/portal\/wp-json\/wp\/v2\/posts\/53262\/revisions"}],"wp:featuredmedia":[{"embeddable":true,"href":"https:\/\/www.ucaldas.edu.co\/portal\/wp-json\/wp\/v2\/media\/53263"}],"wp:attachment":[{"href":"https:\/\/www.ucaldas.edu.co\/portal\/wp-json\/wp\/v2\/media?parent=53262"}],"wp:term":[{"taxonomy":"category","embeddable":true,"href":"https:\/\/www.ucaldas.edu.co\/portal\/wp-json\/wp\/v2\/categories?post=53262"},{"taxonomy":"post_tag","embeddable":true,"href":"https:\/\/www.ucaldas.edu.co\/portal\/wp-json\/wp\/v2\/tags?post=53262"}],"curies":[{"name":"wp","href":"https:\/\/api.w.org\/{rel}","templated":true}]}}