{"id":53038,"date":"2019-11-12T22:45:22","date_gmt":"2019-11-12T22:45:22","guid":{"rendered":"https:\/\/www.ucaldas.edu.co\/portal\/?p=53038"},"modified":"2019-11-12T22:45:37","modified_gmt":"2019-11-12T22:45:37","slug":"en-manizales-se-hablara-del-balance-retos-y-perspectivas-de-la-justicia-transicional-en-colombia","status":"publish","type":"post","link":"https:\/\/www.ucaldas.edu.co\/portal\/en-manizales-se-hablara-del-balance-retos-y-perspectivas-de-la-justicia-transicional-en-colombia\/","title":{"rendered":"En Manizales se hablar\u00e1 del balance, retos y perspectivas de la justicia transicional en Colombia"},"content":{"rendered":"<p style=\"text-align: center;\">UNIVERSIDAD DE CALDAS PARTICIPA MEDIANTE LA DOCENTE CAROLINA L\u00d3PEZ, DEL CEDAT<\/p>\n<p style=\"text-align: center;\"><strong>En Manizales se hablar\u00e1 del balance, retos y perspectivas de la justicia transicional en Colombia<\/strong><\/p>\n<p style=\"text-align: right;\">12\/11\/2019<\/p>\n<p><img loading=\"lazy\" decoding=\"async\" class=\"aligncenter wp-image-53039 size-full\" src=\"https:\/\/www.ucaldas.edu.co\/portal\/wp-content\/uploads\/2019\/11\/JEP-compressor.png\" alt=\"\" width=\"700\" height=\"400\" srcset=\"https:\/\/www.ucaldas.edu.co\/portal\/wp-content\/uploads\/2019\/11\/JEP-compressor.png 700w, https:\/\/www.ucaldas.edu.co\/portal\/wp-content\/uploads\/2019\/11\/JEP-compressor-300x171.png 300w\" sizes=\"auto, (max-width: 700px) 100vw, 700px\" \/><\/p>\n<p>Hacer un balance de retos y perspectivas del proceso de justicia transicional en Colombia y revisar cu\u00e1les han sido las implicaciones de la Justicia Especial para la Paz (JEP) en el Eje Cafetero y en Caldas es el objetivo de la segunda jornada del seminario itinerante \u201cHacia la consolidaci\u00f3n de la paz: Balance y perspectivas de la justicia transicional en Colombia\u201d.<!--more--><\/p>\n<p>El encuentro se realizar\u00e1 este jueves 14 de noviembre en la Universidad Nacional de Colombia, Sede Manizales, de 9:00 a.m. a 1:00 p.m. en el Auditorio principal Bloque K. del Campus Palogrande. El evento hace parte de una serie de siete jornadas que se realizar\u00e1n en diferentes ciudades del pa\u00eds: Bogot\u00e1, Manizales, Ibagu\u00e9, Valledupar, Tumaco, Medell\u00edn y Popay\u00e1n.<\/p>\n<p>La Universidad de Caldas se vincula con la participaci\u00f3n de la docente Carolina L\u00f3pez Giraldo, directora del CEDAT de la instituci\u00f3n, pues este centro aporta en la construcci\u00f3n de paz en el territorio mediante varios proyectos, tanto para la JEP como para la Comisi\u00f3n de esclarecimiento de la verdad y la Unidad de B\u00fasqueda de Personas Desaparecidas, que hacen parte del sistema integral de Verdad, Justicia, Reparaci\u00f3n y No Repetici\u00f3n.<\/p>\n<p>El encuentro de Manizales lo convocan la JEP, el Instituto de Estudios Pol\u00edticos y Relaciones Internacionales (IEPRI) de la Universidad Nacional de Colombia, sede Bogot\u00e1 y la Universidad Nacional de Colombia, sede Manizales.<\/p>\n<p>El Seminario se desarrollar\u00e1 a partir de dos paneles: Justicia para la construcci\u00f3n de una sociedad en paz y Retos de la justicia especial para la paz en Colombia, con la moderaci\u00f3n del profesor Carlos Alberto Pati\u00f1o Villa, director del Instituto de Estudios Urbanos (IEU) de la Universidad Nacional de Colombia, Sede Bogot\u00e1.<\/p>\n<p><strong>Inscripciones<\/strong><\/p>\n<p>La entrada al evento es libre. Las personas interesadas en participar en este Seminario podr\u00e1n inscribirse enviando un correo electr\u00f3nico a comunieu_bog@unal.edu.co, asunto \u201cSeminario Hacia la consolidaci\u00f3n de la paz\u201d, con los siguientes datos: nombre, entidad, tel\u00e9fono, correo.<\/p>\n<p>&nbsp;<\/p>\n<p><strong>Informes:<\/strong> Oficina de Comunicaciones y Prensa Universidad de Caldas. Tel\u00e9fono: 8781500 Extensi\u00f3n: 12167<\/p>\n<p><strong>Redacci\u00f3n:<\/strong> Adriana Osorio Garc\u00eda<\/p>\n","protected":false},"excerpt":{"rendered":"<p>UNIVERSIDAD DE CALDAS PARTICIPA MEDIANTE LA DOCENTE CAROLINA L\u00d3PEZ, DEL CEDAT En Manizales se hablar\u00e1 del balance, retos y perspectivas de la justicia transicional en Colombia 12\/11\/2019 Hacer un balance de retos y perspectivas del proceso de justicia transicional en Colombia y revisar cu\u00e1les han sido las implicaciones de la Justicia Especial para la Paz [&hellip;]<\/p>\n","protected":false},"author":2,"featured_media":53039,"comment_status":"closed","ping_status":"open","sticky":false,"template":"","format":"standard","meta":{"footnotes":""},"categories":[48,53,617],"tags":[168,169,4495],"class_list":["post-53038","post","type-post","status-publish","format-standard","has-post-thumbnail","hentry","category-actualidad","category-universidad-al-dia","category-ucaldas-colaborativa","tag-paz","tag-posconflicto","tag-jep"],"yoast_head":"<!-- This site is optimized with the Yoast SEO plugin v27.5 - https:\/\/yoast.com\/product\/yoast-seo-wordpress\/ -->\n<title>En Manizales se hablar\u00e1 del balance, retos y perspectivas de la justicia transicional en Colombia .<\/title>\n<meta name=\"robots\" content=\"index, follow, max-snippet:-1, max-image-preview:large, max-video-preview:-1\" \/>\n<link rel=\"canonical\" href=\"https:\/\/www.ucaldas.edu.co\/portal\/en-manizales-se-hablara-del-balance-retos-y-perspectivas-de-la-justicia-transicional-en-colombia\/\" \/>\n<script type=\"application\/ld+json\" class=\"yoast-schema-graph\">{\"@context\":\"https:\\\/\\\/schema.org\",\"@graph\":[{\"@type\":\"Article\",\"@id\":\"https:\\\/\\\/www.ucaldas.edu.co\\\/portal\\\/en-manizales-se-hablara-del-balance-retos-y-perspectivas-de-la-justicia-transicional-en-colombia\\\/#article\",\"isPartOf\":{\"@id\":\"https:\\\/\\\/www.ucaldas.edu.co\\\/portal\\\/en-manizales-se-hablara-del-balance-retos-y-perspectivas-de-la-justicia-transicional-en-colombia\\\/\"},\"author\":{\"name\":\"ofiprensa\",\"@id\":\"https:\\\/\\\/www.ucaldas.edu.co\\\/portal\\\/#\\\/schema\\\/person\\\/a1b482e23449158b4bc319926c074fdf\"},\"headline\":\"En Manizales se hablar\u00e1 del balance, retos y perspectivas de la justicia transicional en Colombia\",\"datePublished\":\"2019-11-12T22:45:22+00:00\",\"dateModified\":\"2019-11-12T22:45:37+00:00\",\"mainEntityOfPage\":{\"@id\":\"https:\\\/\\\/www.ucaldas.edu.co\\\/portal\\\/en-manizales-se-hablara-del-balance-retos-y-perspectivas-de-la-justicia-transicional-en-colombia\\\/\"},\"wordCount\":401,\"publisher\":{\"@id\":\"https:\\\/\\\/www.ucaldas.edu.co\\\/portal\\\/#organization\"},\"image\":{\"@id\":\"https:\\\/\\\/www.ucaldas.edu.co\\\/portal\\\/en-manizales-se-hablara-del-balance-retos-y-perspectivas-de-la-justicia-transicional-en-colombia\\\/#primaryimage\"},\"thumbnailUrl\":\"https:\\\/\\\/www.ucaldas.edu.co\\\/portal\\\/wp-content\\\/uploads\\\/2019\\\/11\\\/JEP-compressor.png\",\"keywords\":[\"paz\",\"posconflicto\",\"JEP\"],\"articleSection\":[\"Actualidad\",\"Universidad al D\u00eda\",\"UCaldas Colaborativa\"],\"inLanguage\":\"es\"},{\"@type\":\"WebPage\",\"@id\":\"https:\\\/\\\/www.ucaldas.edu.co\\\/portal\\\/en-manizales-se-hablara-del-balance-retos-y-perspectivas-de-la-justicia-transicional-en-colombia\\\/\",\"url\":\"https:\\\/\\\/www.ucaldas.edu.co\\\/portal\\\/en-manizales-se-hablara-del-balance-retos-y-perspectivas-de-la-justicia-transicional-en-colombia\\\/\",\"name\":\"En Manizales se hablar\u00e1 del balance, retos y perspectivas de la justicia transicional en Colombia .\",\"isPartOf\":{\"@id\":\"https:\\\/\\\/www.ucaldas.edu.co\\\/portal\\\/#website\"},\"primaryImageOfPage\":{\"@id\":\"https:\\\/\\\/www.ucaldas.edu.co\\\/portal\\\/en-manizales-se-hablara-del-balance-retos-y-perspectivas-de-la-justicia-transicional-en-colombia\\\/#primaryimage\"},\"image\":{\"@id\":\"https:\\\/\\\/www.ucaldas.edu.co\\\/portal\\\/en-manizales-se-hablara-del-balance-retos-y-perspectivas-de-la-justicia-transicional-en-colombia\\\/#primaryimage\"},\"thumbnailUrl\":\"https:\\\/\\\/www.ucaldas.edu.co\\\/portal\\\/wp-content\\\/uploads\\\/2019\\\/11\\\/JEP-compressor.png\",\"datePublished\":\"2019-11-12T22:45:22+00:00\",\"dateModified\":\"2019-11-12T22:45:37+00:00\",\"breadcrumb\":{\"@id\":\"https:\\\/\\\/www.ucaldas.edu.co\\\/portal\\\/en-manizales-se-hablara-del-balance-retos-y-perspectivas-de-la-justicia-transicional-en-colombia\\\/#breadcrumb\"},\"inLanguage\":\"es\",\"potentialAction\":[{\"@type\":\"ReadAction\",\"target\":[\"https:\\\/\\\/www.ucaldas.edu.co\\\/portal\\\/en-manizales-se-hablara-del-balance-retos-y-perspectivas-de-la-justicia-transicional-en-colombia\\\/\"]}]},{\"@type\":\"ImageObject\",\"inLanguage\":\"es\",\"@id\":\"https:\\\/\\\/www.ucaldas.edu.co\\\/portal\\\/en-manizales-se-hablara-del-balance-retos-y-perspectivas-de-la-justicia-transicional-en-colombia\\\/#primaryimage\",\"url\":\"https:\\\/\\\/www.ucaldas.edu.co\\\/portal\\\/wp-content\\\/uploads\\\/2019\\\/11\\\/JEP-compressor.png\",\"contentUrl\":\"https:\\\/\\\/www.ucaldas.edu.co\\\/portal\\\/wp-content\\\/uploads\\\/2019\\\/11\\\/JEP-compressor.png\",\"width\":700,\"height\":400},{\"@type\":\"BreadcrumbList\",\"@id\":\"https:\\\/\\\/www.ucaldas.edu.co\\\/portal\\\/en-manizales-se-hablara-del-balance-retos-y-perspectivas-de-la-justicia-transicional-en-colombia\\\/#breadcrumb\",\"itemListElement\":[{\"@type\":\"ListItem\",\"position\":1,\"name\":\"Portada\",\"item\":\"https:\\\/\\\/www.ucaldas.edu.co\\\/portal\\\/\"},{\"@type\":\"ListItem\",\"position\":2,\"name\":\"En Manizales se hablar\u00e1 del balance, retos y perspectivas de la justicia transicional en Colombia\"}]},{\"@type\":\"WebSite\",\"@id\":\"https:\\\/\\\/www.ucaldas.edu.co\\\/portal\\\/#website\",\"url\":\"https:\\\/\\\/www.ucaldas.edu.co\\\/portal\\\/\",\"name\":\"Universidad de Caldas\",\"description\":\"\",\"publisher\":{\"@id\":\"https:\\\/\\\/www.ucaldas.edu.co\\\/portal\\\/#organization\"},\"alternateName\":\"U. de Caldas\",\"potentialAction\":[{\"@type\":\"SearchAction\",\"target\":{\"@type\":\"EntryPoint\",\"urlTemplate\":\"https:\\\/\\\/www.ucaldas.edu.co\\\/portal\\\/?s={search_term_string}\"},\"query-input\":{\"@type\":\"PropertyValueSpecification\",\"valueRequired\":true,\"valueName\":\"search_term_string\"}}],\"inLanguage\":\"es\"},{\"@type\":\"Organization\",\"@id\":\"https:\\\/\\\/www.ucaldas.edu.co\\\/portal\\\/#organization\",\"name\":\"Universidad de Caldas\",\"alternateName\":\"U. de Caldas\",\"url\":\"https:\\\/\\\/www.ucaldas.edu.co\\\/portal\\\/\",\"logo\":{\"@type\":\"ImageObject\",\"inLanguage\":\"es\",\"@id\":\"https:\\\/\\\/www.ucaldas.edu.co\\\/portal\\\/#\\\/schema\\\/logo\\\/image\\\/\",\"url\":\"https:\\\/\\\/www.ucaldas.edu.co\\\/portal\\\/wp-content\\\/uploads\\\/2023\\\/11\\\/Logo_horizontal_oscuroU-2023.png\",\"contentUrl\":\"https:\\\/\\\/www.ucaldas.edu.co\\\/portal\\\/wp-content\\\/uploads\\\/2023\\\/11\\\/Logo_horizontal_oscuroU-2023.png\",\"width\":263,\"height\":101,\"caption\":\"Universidad de Caldas\"},\"image\":{\"@id\":\"https:\\\/\\\/www.ucaldas.edu.co\\\/portal\\\/#\\\/schema\\\/logo\\\/image\\\/\"},\"sameAs\":[\"https:\\\/\\\/www.facebook.com\\\/udecaldas\",\"https:\\\/\\\/x.com\\\/udecaldas\",\"https:\\\/\\\/www.youtube.com\\\/universidadcaldas\",\"https:\\\/\\\/www.instagram.com\\\/udecaldas\\\/\"]},{\"@type\":\"Person\",\"@id\":\"https:\\\/\\\/www.ucaldas.edu.co\\\/portal\\\/#\\\/schema\\\/person\\\/a1b482e23449158b4bc319926c074fdf\",\"name\":\"ofiprensa\",\"image\":{\"@type\":\"ImageObject\",\"inLanguage\":\"es\",\"@id\":\"https:\\\/\\\/www.ucaldas.edu.co\\\/portal\\\/wp-content\\\/litespeed\\\/avatar\\\/09ea5085e600095a7a811142c6944527.jpg?ver=1777497608\",\"url\":\"https:\\\/\\\/www.ucaldas.edu.co\\\/portal\\\/wp-content\\\/litespeed\\\/avatar\\\/09ea5085e600095a7a811142c6944527.jpg?ver=1777497608\",\"contentUrl\":\"https:\\\/\\\/www.ucaldas.edu.co\\\/portal\\\/wp-content\\\/litespeed\\\/avatar\\\/09ea5085e600095a7a811142c6944527.jpg?ver=1777497608\",\"caption\":\"ofiprensa\"},\"url\":\"https:\\\/\\\/www.ucaldas.edu.co\\\/portal\\\/author\\\/ofiprensa\\\/\"}]}<\/script>\n<!-- \/ Yoast SEO plugin. -->","yoast_head_json":{"title":"En Manizales se hablar\u00e1 del balance, retos y perspectivas de la justicia transicional en Colombia .","robots":{"index":"index","follow":"follow","max-snippet":"max-snippet:-1","max-image-preview":"max-image-preview:large","max-video-preview":"max-video-preview:-1"},"canonical":"https:\/\/www.ucaldas.edu.co\/portal\/en-manizales-se-hablara-del-balance-retos-y-perspectivas-de-la-justicia-transicional-en-colombia\/","schema":{"@context":"https:\/\/schema.org","@graph":[{"@type":"Article","@id":"https:\/\/www.ucaldas.edu.co\/portal\/en-manizales-se-hablara-del-balance-retos-y-perspectivas-de-la-justicia-transicional-en-colombia\/#article","isPartOf":{"@id":"https:\/\/www.ucaldas.edu.co\/portal\/en-manizales-se-hablara-del-balance-retos-y-perspectivas-de-la-justicia-transicional-en-colombia\/"},"author":{"name":"ofiprensa","@id":"https:\/\/www.ucaldas.edu.co\/portal\/#\/schema\/person\/a1b482e23449158b4bc319926c074fdf"},"headline":"En Manizales se hablar\u00e1 del balance, retos y perspectivas de la justicia transicional en Colombia","datePublished":"2019-11-12T22:45:22+00:00","dateModified":"2019-11-12T22:45:37+00:00","mainEntityOfPage":{"@id":"https:\/\/www.ucaldas.edu.co\/portal\/en-manizales-se-hablara-del-balance-retos-y-perspectivas-de-la-justicia-transicional-en-colombia\/"},"wordCount":401,"publisher":{"@id":"https:\/\/www.ucaldas.edu.co\/portal\/#organization"},"image":{"@id":"https:\/\/www.ucaldas.edu.co\/portal\/en-manizales-se-hablara-del-balance-retos-y-perspectivas-de-la-justicia-transicional-en-colombia\/#primaryimage"},"thumbnailUrl":"https:\/\/www.ucaldas.edu.co\/portal\/wp-content\/uploads\/2019\/11\/JEP-compressor.png","keywords":["paz","posconflicto","JEP"],"articleSection":["Actualidad","Universidad al D\u00eda","UCaldas Colaborativa"],"inLanguage":"es"},{"@type":"WebPage","@id":"https:\/\/www.ucaldas.edu.co\/portal\/en-manizales-se-hablara-del-balance-retos-y-perspectivas-de-la-justicia-transicional-en-colombia\/","url":"https:\/\/www.ucaldas.edu.co\/portal\/en-manizales-se-hablara-del-balance-retos-y-perspectivas-de-la-justicia-transicional-en-colombia\/","name":"En Manizales se hablar\u00e1 del balance, retos y perspectivas de la justicia transicional en Colombia .","isPartOf":{"@id":"https:\/\/www.ucaldas.edu.co\/portal\/#website"},"primaryImageOfPage":{"@id":"https:\/\/www.ucaldas.edu.co\/portal\/en-manizales-se-hablara-del-balance-retos-y-perspectivas-de-la-justicia-transicional-en-colombia\/#primaryimage"},"image":{"@id":"https:\/\/www.ucaldas.edu.co\/portal\/en-manizales-se-hablara-del-balance-retos-y-perspectivas-de-la-justicia-transicional-en-colombia\/#primaryimage"},"thumbnailUrl":"https:\/\/www.ucaldas.edu.co\/portal\/wp-content\/uploads\/2019\/11\/JEP-compressor.png","datePublished":"2019-11-12T22:45:22+00:00","dateModified":"2019-11-12T22:45:37+00:00","breadcrumb":{"@id":"https:\/\/www.ucaldas.edu.co\/portal\/en-manizales-se-hablara-del-balance-retos-y-perspectivas-de-la-justicia-transicional-en-colombia\/#breadcrumb"},"inLanguage":"es","potentialAction":[{"@type":"ReadAction","target":["https:\/\/www.ucaldas.edu.co\/portal\/en-manizales-se-hablara-del-balance-retos-y-perspectivas-de-la-justicia-transicional-en-colombia\/"]}]},{"@type":"ImageObject","inLanguage":"es","@id":"https:\/\/www.ucaldas.edu.co\/portal\/en-manizales-se-hablara-del-balance-retos-y-perspectivas-de-la-justicia-transicional-en-colombia\/#primaryimage","url":"https:\/\/www.ucaldas.edu.co\/portal\/wp-content\/uploads\/2019\/11\/JEP-compressor.png","contentUrl":"https:\/\/www.ucaldas.edu.co\/portal\/wp-content\/uploads\/2019\/11\/JEP-compressor.png","width":700,"height":400},{"@type":"BreadcrumbList","@id":"https:\/\/www.ucaldas.edu.co\/portal\/en-manizales-se-hablara-del-balance-retos-y-perspectivas-de-la-justicia-transicional-en-colombia\/#breadcrumb","itemListElement":[{"@type":"ListItem","position":1,"name":"Portada","item":"https:\/\/www.ucaldas.edu.co\/portal\/"},{"@type":"ListItem","position":2,"name":"En Manizales se hablar\u00e1 del balance, retos y perspectivas de la justicia transicional en Colombia"}]},{"@type":"WebSite","@id":"https:\/\/www.ucaldas.edu.co\/portal\/#website","url":"https:\/\/www.ucaldas.edu.co\/portal\/","name":"Universidad de Caldas","description":"","publisher":{"@id":"https:\/\/www.ucaldas.edu.co\/portal\/#organization"},"alternateName":"U. de Caldas","potentialAction":[{"@type":"SearchAction","target":{"@type":"EntryPoint","urlTemplate":"https:\/\/www.ucaldas.edu.co\/portal\/?s={search_term_string}"},"query-input":{"@type":"PropertyValueSpecification","valueRequired":true,"valueName":"search_term_string"}}],"inLanguage":"es"},{"@type":"Organization","@id":"https:\/\/www.ucaldas.edu.co\/portal\/#organization","name":"Universidad de Caldas","alternateName":"U. de Caldas","url":"https:\/\/www.ucaldas.edu.co\/portal\/","logo":{"@type":"ImageObject","inLanguage":"es","@id":"https:\/\/www.ucaldas.edu.co\/portal\/#\/schema\/logo\/image\/","url":"https:\/\/www.ucaldas.edu.co\/portal\/wp-content\/uploads\/2023\/11\/Logo_horizontal_oscuroU-2023.png","contentUrl":"https:\/\/www.ucaldas.edu.co\/portal\/wp-content\/uploads\/2023\/11\/Logo_horizontal_oscuroU-2023.png","width":263,"height":101,"caption":"Universidad de Caldas"},"image":{"@id":"https:\/\/www.ucaldas.edu.co\/portal\/#\/schema\/logo\/image\/"},"sameAs":["https:\/\/www.facebook.com\/udecaldas","https:\/\/x.com\/udecaldas","https:\/\/www.youtube.com\/universidadcaldas","https:\/\/www.instagram.com\/udecaldas\/"]},{"@type":"Person","@id":"https:\/\/www.ucaldas.edu.co\/portal\/#\/schema\/person\/a1b482e23449158b4bc319926c074fdf","name":"ofiprensa","image":{"@type":"ImageObject","inLanguage":"es","@id":"https:\/\/www.ucaldas.edu.co\/portal\/wp-content\/litespeed\/avatar\/09ea5085e600095a7a811142c6944527.jpg?ver=1777497608","url":"https:\/\/www.ucaldas.edu.co\/portal\/wp-content\/litespeed\/avatar\/09ea5085e600095a7a811142c6944527.jpg?ver=1777497608","contentUrl":"https:\/\/www.ucaldas.edu.co\/portal\/wp-content\/litespeed\/avatar\/09ea5085e600095a7a811142c6944527.jpg?ver=1777497608","caption":"ofiprensa"},"url":"https:\/\/www.ucaldas.edu.co\/portal\/author\/ofiprensa\/"}]}},"_links":{"self":[{"href":"https:\/\/www.ucaldas.edu.co\/portal\/wp-json\/wp\/v2\/posts\/53038","targetHints":{"allow":["GET"]}}],"collection":[{"href":"https:\/\/www.ucaldas.edu.co\/portal\/wp-json\/wp\/v2\/posts"}],"about":[{"href":"https:\/\/www.ucaldas.edu.co\/portal\/wp-json\/wp\/v2\/types\/post"}],"author":[{"embeddable":true,"href":"https:\/\/www.ucaldas.edu.co\/portal\/wp-json\/wp\/v2\/users\/2"}],"replies":[{"embeddable":true,"href":"https:\/\/www.ucaldas.edu.co\/portal\/wp-json\/wp\/v2\/comments?post=53038"}],"version-history":[{"count":0,"href":"https:\/\/www.ucaldas.edu.co\/portal\/wp-json\/wp\/v2\/posts\/53038\/revisions"}],"wp:featuredmedia":[{"embeddable":true,"href":"https:\/\/www.ucaldas.edu.co\/portal\/wp-json\/wp\/v2\/media\/53039"}],"wp:attachment":[{"href":"https:\/\/www.ucaldas.edu.co\/portal\/wp-json\/wp\/v2\/media?parent=53038"}],"wp:term":[{"taxonomy":"category","embeddable":true,"href":"https:\/\/www.ucaldas.edu.co\/portal\/wp-json\/wp\/v2\/categories?post=53038"},{"taxonomy":"post_tag","embeddable":true,"href":"https:\/\/www.ucaldas.edu.co\/portal\/wp-json\/wp\/v2\/tags?post=53038"}],"curies":[{"name":"wp","href":"https:\/\/api.w.org\/{rel}","templated":true}]}}